{"id":32524,"date":"2026-03-18T12:31:56","date_gmt":"2026-03-18T11:31:56","guid":{"rendered":"https:\/\/www.lafabbrica.it\/la-fabbrica-ava-a-coverings-2026-design-innovation-et-vision-globale-stand-1263\/"},"modified":"2026-03-26T11:53:34","modified_gmt":"2026-03-26T10:53:34","slug":"la-fabbrica-ava-a-coverings-2026","status":"publish","type":"post","link":"https:\/\/www.lafabbrica.it\/fr\/la-fabbrica-ava-a-coverings-2026\/","title":{"rendered":"LA FABBRICA AVA \u00e0 Coverings 2026 : <br>design, innovation et vision globale \u2013 Stand 1263"},"content":{"rendered":"\n<p><\/p>\n\n\n\n<p><\/p>\n\n\n\n<p><\/p>\n","protected":false},"excerpt":{"rendered":"","protected":false},"author":2,"featured_media":32516,"comment_status":"closed","ping_status":"closed","sticky":false,"template":"","format":"standard","meta":{"_acf_changed":false,"site-sidebar-layout":"default","site-content-layout":"","ast-site-content-layout":"default","site-content-style":"default","site-sidebar-style":"default","ast-global-header-display":"","ast-banner-title-visibility":"","ast-main-header-display":"","ast-hfb-above-header-display":"","ast-hfb-below-header-display":"","ast-hfb-mobile-header-display":"","site-post-title":"","ast-breadcrumbs-content":"","ast-featured-img":"","footer-sml-layout":"","theme-transparent-header-meta":"","adv-header-id-meta":"","stick-header-meta":"","header-above-stick-meta":"","header-main-stick-meta":"","header-below-stick-meta":"","astra-migrate-meta-layouts":"default","ast-page-background-enabled":"default","ast-page-background-meta":{"desktop":{"background-color":"var(--ast-global-color-4)","background-image":"","background-repeat":"repeat","background-position":"center center","background-size":"auto","background-attachment":"scroll","background-type":"","background-media":"","overlay-type":"","overlay-color":"","overlay-gradient":""},"tablet":{"background-color":"","background-image":"","background-repeat":"repeat","background-position":"center center","background-size":"auto","background-attachment":"scroll","background-type":"","background-media":"","overlay-type":"","overlay-color":"","overlay-gradient":""},"mobile":{"background-color":"","background-image":"","background-repeat":"repeat","background-position":"center center","background-size":"auto","background-attachment":"scroll","background-type":"","background-media":"","overlay-type":"","overlay-color":"","overlay-gradient":""}},"ast-content-background-meta":{"desktop":{"background-color":"var(--ast-global-color-5)","background-image":"","background-repeat":"repeat","background-position":"center center","background-size":"auto","background-attachment":"scroll","background-type":"","background-media":"","overlay-type":"","overlay-color":"","overlay-gradient":""},"tablet":{"background-color":"var(--ast-global-color-5)","background-image":"","background-repeat":"repeat","background-position":"center center","background-size":"auto","background-attachment":"scroll","background-type":"","background-media":"","overlay-type":"","overlay-color":"","overlay-gradient":""},"mobile":{"background-color":"var(--ast-global-color-5)","background-image":"","background-repeat":"repeat","background-position":"center center","background-size":"auto","background-attachment":"scroll","background-type":"","background-media":"","overlay-type":"","overlay-color":"","overlay-gradient":""}},"footnotes":""},"categories":[1205],"tags":[1441,1459,1369,1370,1442,1464,1461,1460],"class_list":["post-32524","post","type-post","status-publish","format-standard","has-post-thumbnail","hentry","category-ultime-notizie-fr","tag-coverings-2026-fr","tag-design-ceramico-fr","tag-fabrique-en-italie","tag-la-fabbrica-ava-fr","tag-las-vegas-fr","tag-salon-de-la-ceramique","tag-superfici-ceramiche-fr","tag-usa-market-fr"],"acf":[],"yoast_head":"<!-- This site is optimized with the Yoast SEO plugin v22.0 - https:\/\/yoast.com\/wordpress\/plugins\/seo\/ -->\n<title>LA FABBRICA AVA \u00e0 Coverings 2026 : design, innovation et vision globale \u2013 Stand 1263 - La Fabbrica AVA<\/title>\n<meta name=\"description\" content=\"LA FABBRICA AVA \u00e0 Coverings 2026 \u00e0 Las Vegas : d\u00e9couvrez les nouvelles collections et l\u2019innovation du design c\u00e9ramique italien au stand 1263.\" \/>\n<meta name=\"robots\" content=\"index, follow, max-snippet:-1, max-image-preview:large, max-video-preview:-1\" \/>\n<link rel=\"canonical\" href=\"https:\/\/www.lafabbrica.it\/fr\/la-fabbrica-ava-a-coverings-2026\/\" \/>\n<meta property=\"og:locale\" content=\"fr_FR\" \/>\n<meta property=\"og:type\" content=\"article\" \/>\n<meta property=\"og:title\" content=\"LA FABBRICA AVA \u00e0 Coverings 2026 : design, innovation et vision globale \u2013 Stand 1263 - La Fabbrica AVA\" \/>\n<meta property=\"og:description\" content=\"LA FABBRICA AVA \u00e0 Coverings 2026 \u00e0 Las Vegas : d\u00e9couvrez les nouvelles collections et l\u2019innovation du design c\u00e9ramique italien au stand 1263.\" \/>\n<meta property=\"og:url\" content=\"https:\/\/www.lafabbrica.it\/fr\/la-fabbrica-ava-a-coverings-2026\/\" \/>\n<meta property=\"og:site_name\" content=\"La Fabbrica AVA\" \/>\n<meta property=\"article:published_time\" content=\"2026-03-18T11:31:56+00:00\" \/>\n<meta property=\"article:modified_time\" content=\"2026-03-26T10:53:34+00:00\" \/>\n<meta property=\"og:image\" content=\"https:\/\/www.lafabbrica.it\/wp-content\/uploads\/2026\/03\/LF-AVA_Coverings_banner-news_thumb.jpg\" \/>\n\t<meta property=\"og:image:width\" content=\"701\" \/>\n\t<meta property=\"og:image:height\" content=\"631\" \/>\n\t<meta property=\"og:image:type\" content=\"image\/jpeg\" \/>\n<meta name=\"author\" content=\"Carlo Mosca\" \/>\n<meta name=\"twitter:card\" content=\"summary_large_image\" \/>\n<meta name=\"twitter:label1\" content=\"\u00c9crit par\" \/>\n\t<meta name=\"twitter:data1\" content=\"Carlo Mosca\" \/>\n<script type=\"application\/ld+json\" class=\"yoast-schema-graph\">{\"@context\":\"https:\/\/schema.org\",\"@graph\":[{\"@type\":\"Article\",\"@id\":\"https:\/\/www.lafabbrica.it\/fr\/la-fabbrica-ava-a-coverings-2026\/#article\",\"isPartOf\":{\"@id\":\"https:\/\/www.lafabbrica.it\/fr\/la-fabbrica-ava-a-coverings-2026\/\"},\"author\":{\"name\":\"Carlo Mosca\",\"@id\":\"https:\/\/www.lafabbrica.it\/fr\/#\/schema\/person\/d7042f48cfbefec56acf74d3d9742142\"},\"headline\":\"LA FABBRICA AVA \u00e0 Coverings 2026 : design, innovation et vision globale \u2013 Stand 1263\",\"datePublished\":\"2026-03-18T11:31:56+00:00\",\"dateModified\":\"2026-03-26T10:53:34+00:00\",\"mainEntityOfPage\":{\"@id\":\"https:\/\/www.lafabbrica.it\/fr\/la-fabbrica-ava-a-coverings-2026\/\"},\"wordCount\":10,\"publisher\":{\"@id\":\"https:\/\/www.lafabbrica.it\/fr\/#organization\"},\"keywords\":[\"Coverings 2026\",\"Design ceramico\",\"Fabriqu\u00e9 en Italie\",\"La Fabbrica AVA\",\"Las Vegas\",\"Salon de la c\u00e9ramique\",\"Superfici ceramiche\",\"USA market\"],\"articleSection\":[\"Ultime notizie\"],\"inLanguage\":\"fr-FR\"},{\"@type\":\"WebPage\",\"@id\":\"https:\/\/www.lafabbrica.it\/fr\/la-fabbrica-ava-a-coverings-2026\/\",\"url\":\"https:\/\/www.lafabbrica.it\/fr\/la-fabbrica-ava-a-coverings-2026\/\",\"name\":\"LA FABBRICA AVA \u00e0 Coverings 2026 : design, innovation et vision globale \u2013 Stand 1263 - La Fabbrica AVA\",\"isPartOf\":{\"@id\":\"https:\/\/www.lafabbrica.it\/fr\/#website\"},\"datePublished\":\"2026-03-18T11:31:56+00:00\",\"dateModified\":\"2026-03-26T10:53:34+00:00\",\"description\":\"LA FABBRICA AVA \u00e0 Coverings 2026 \u00e0 Las Vegas : d\u00e9couvrez les nouvelles collections et l\u2019innovation du design c\u00e9ramique italien au stand 1263.\",\"breadcrumb\":{\"@id\":\"https:\/\/www.lafabbrica.it\/fr\/la-fabbrica-ava-a-coverings-2026\/#breadcrumb\"},\"inLanguage\":\"fr-FR\",\"potentialAction\":[{\"@type\":\"ReadAction\",\"target\":[\"https:\/\/www.lafabbrica.it\/fr\/la-fabbrica-ava-a-coverings-2026\/\"]}]},{\"@type\":\"BreadcrumbList\",\"@id\":\"https:\/\/www.lafabbrica.it\/fr\/la-fabbrica-ava-a-coverings-2026\/#breadcrumb\",\"itemListElement\":[{\"@type\":\"ListItem\",\"position\":1,\"name\":\"Home\",\"item\":\"https:\/\/www.lafabbrica.it\/fr\/\"},{\"@type\":\"ListItem\",\"position\":2,\"name\":\"LA FABBRICA AVA \u00e0 Coverings 2026 : design, innovation et vision globale \u2013 Stand 1263\"}]},{\"@type\":\"WebSite\",\"@id\":\"https:\/\/www.lafabbrica.it\/fr\/#website\",\"url\":\"https:\/\/www.lafabbrica.it\/fr\/\",\"name\":\"La Fabbrica AVA\",\"description\":\"\",\"publisher\":{\"@id\":\"https:\/\/www.lafabbrica.it\/fr\/#organization\"},\"potentialAction\":[{\"@type\":\"SearchAction\",\"target\":{\"@type\":\"EntryPoint\",\"urlTemplate\":\"https:\/\/www.lafabbrica.it\/fr\/?s={search_term_string}\"},\"query-input\":\"required name=search_term_string\"}],\"inLanguage\":\"fr-FR\"},{\"@type\":\"Organization\",\"@id\":\"https:\/\/www.lafabbrica.it\/fr\/#organization\",\"name\":\"La Fabbrica AVA\",\"url\":\"https:\/\/www.lafabbrica.it\/fr\/\",\"logo\":{\"@type\":\"ImageObject\",\"inLanguage\":\"fr-FR\",\"@id\":\"https:\/\/www.lafabbrica.it\/fr\/#\/schema\/logo\/image\/\",\"url\":\"https:\/\/www.lafabbrica.it\/wp-content\/uploads\/2023\/08\/Senza-titolo-1.png\",\"contentUrl\":\"https:\/\/www.lafabbrica.it\/wp-content\/uploads\/2023\/08\/Senza-titolo-1.png\",\"width\":567,\"height\":240,\"caption\":\"La Fabbrica AVA\"},\"image\":{\"@id\":\"https:\/\/www.lafabbrica.it\/fr\/#\/schema\/logo\/image\/\"}},{\"@type\":\"Person\",\"@id\":\"https:\/\/www.lafabbrica.it\/fr\/#\/schema\/person\/d7042f48cfbefec56acf74d3d9742142\",\"name\":\"Carlo Mosca\",\"url\":\"https:\/\/www.lafabbrica.it\/fr\/author\/carlomoscalafabbrica-it\/\"}]}<\/script>\n<!-- \/ Yoast SEO plugin. -->","yoast_head_json":{"title":"LA FABBRICA AVA \u00e0 Coverings 2026 : design, innovation et vision globale \u2013 Stand 1263 - La Fabbrica AVA","description":"LA FABBRICA AVA \u00e0 Coverings 2026 \u00e0 Las Vegas : d\u00e9couvrez les nouvelles collections et l\u2019innovation du design c\u00e9ramique italien au stand 1263.","robots":{"index":"index","follow":"follow","max-snippet":"max-snippet:-1","max-image-preview":"max-image-preview:large","max-video-preview":"max-video-preview:-1"},"canonical":"https:\/\/www.lafabbrica.it\/fr\/la-fabbrica-ava-a-coverings-2026\/","og_locale":"fr_FR","og_type":"article","og_title":"LA FABBRICA AVA \u00e0 Coverings 2026 : design, innovation et vision globale \u2013 Stand 1263 - La Fabbrica AVA","og_description":"LA FABBRICA AVA \u00e0 Coverings 2026 \u00e0 Las Vegas : d\u00e9couvrez les nouvelles collections et l\u2019innovation du design c\u00e9ramique italien au stand 1263.","og_url":"https:\/\/www.lafabbrica.it\/fr\/la-fabbrica-ava-a-coverings-2026\/","og_site_name":"La Fabbrica AVA","article_published_time":"2026-03-18T11:31:56+00:00","article_modified_time":"2026-03-26T10:53:34+00:00","og_image":[{"width":701,"height":631,"url":"https:\/\/www.lafabbrica.it\/wp-content\/uploads\/2026\/03\/LF-AVA_Coverings_banner-news_thumb.jpg","type":"image\/jpeg"}],"author":"Carlo Mosca","twitter_card":"summary_large_image","twitter_misc":{"\u00c9crit par":"Carlo Mosca"},"schema":{"@context":"https:\/\/schema.org","@graph":[{"@type":"Article","@id":"https:\/\/www.lafabbrica.it\/fr\/la-fabbrica-ava-a-coverings-2026\/#article","isPartOf":{"@id":"https:\/\/www.lafabbrica.it\/fr\/la-fabbrica-ava-a-coverings-2026\/"},"author":{"name":"Carlo Mosca","@id":"https:\/\/www.lafabbrica.it\/fr\/#\/schema\/person\/d7042f48cfbefec56acf74d3d9742142"},"headline":"LA FABBRICA AVA \u00e0 Coverings 2026 : design, innovation et vision globale \u2013 Stand 1263","datePublished":"2026-03-18T11:31:56+00:00","dateModified":"2026-03-26T10:53:34+00:00","mainEntityOfPage":{"@id":"https:\/\/www.lafabbrica.it\/fr\/la-fabbrica-ava-a-coverings-2026\/"},"wordCount":10,"publisher":{"@id":"https:\/\/www.lafabbrica.it\/fr\/#organization"},"keywords":["Coverings 2026","Design ceramico","Fabriqu\u00e9 en Italie","La Fabbrica AVA","Las Vegas","Salon de la c\u00e9ramique","Superfici ceramiche","USA market"],"articleSection":["Ultime notizie"],"inLanguage":"fr-FR"},{"@type":"WebPage","@id":"https:\/\/www.lafabbrica.it\/fr\/la-fabbrica-ava-a-coverings-2026\/","url":"https:\/\/www.lafabbrica.it\/fr\/la-fabbrica-ava-a-coverings-2026\/","name":"LA FABBRICA AVA \u00e0 Coverings 2026 : design, innovation et vision globale \u2013 Stand 1263 - La Fabbrica AVA","isPartOf":{"@id":"https:\/\/www.lafabbrica.it\/fr\/#website"},"datePublished":"2026-03-18T11:31:56+00:00","dateModified":"2026-03-26T10:53:34+00:00","description":"LA FABBRICA AVA \u00e0 Coverings 2026 \u00e0 Las Vegas : d\u00e9couvrez les nouvelles collections et l\u2019innovation du design c\u00e9ramique italien au stand 1263.","breadcrumb":{"@id":"https:\/\/www.lafabbrica.it\/fr\/la-fabbrica-ava-a-coverings-2026\/#breadcrumb"},"inLanguage":"fr-FR","potentialAction":[{"@type":"ReadAction","target":["https:\/\/www.lafabbrica.it\/fr\/la-fabbrica-ava-a-coverings-2026\/"]}]},{"@type":"BreadcrumbList","@id":"https:\/\/www.lafabbrica.it\/fr\/la-fabbrica-ava-a-coverings-2026\/#breadcrumb","itemListElement":[{"@type":"ListItem","position":1,"name":"Home","item":"https:\/\/www.lafabbrica.it\/fr\/"},{"@type":"ListItem","position":2,"name":"LA FABBRICA AVA \u00e0 Coverings 2026 : design, innovation et vision globale \u2013 Stand 1263"}]},{"@type":"WebSite","@id":"https:\/\/www.lafabbrica.it\/fr\/#website","url":"https:\/\/www.lafabbrica.it\/fr\/","name":"La Fabbrica AVA","description":"","publisher":{"@id":"https:\/\/www.lafabbrica.it\/fr\/#organization"},"potentialAction":[{"@type":"SearchAction","target":{"@type":"EntryPoint","urlTemplate":"https:\/\/www.lafabbrica.it\/fr\/?s={search_term_string}"},"query-input":"required name=search_term_string"}],"inLanguage":"fr-FR"},{"@type":"Organization","@id":"https:\/\/www.lafabbrica.it\/fr\/#organization","name":"La Fabbrica AVA","url":"https:\/\/www.lafabbrica.it\/fr\/","logo":{"@type":"ImageObject","inLanguage":"fr-FR","@id":"https:\/\/www.lafabbrica.it\/fr\/#\/schema\/logo\/image\/","url":"https:\/\/www.lafabbrica.it\/wp-content\/uploads\/2023\/08\/Senza-titolo-1.png","contentUrl":"https:\/\/www.lafabbrica.it\/wp-content\/uploads\/2023\/08\/Senza-titolo-1.png","width":567,"height":240,"caption":"La Fabbrica AVA"},"image":{"@id":"https:\/\/www.lafabbrica.it\/fr\/#\/schema\/logo\/image\/"}},{"@type":"Person","@id":"https:\/\/www.lafabbrica.it\/fr\/#\/schema\/person\/d7042f48cfbefec56acf74d3d9742142","name":"Carlo Mosca","url":"https:\/\/www.lafabbrica.it\/fr\/author\/carlomoscalafabbrica-it\/"}]}},"_links":{"self":[{"href":"https:\/\/www.lafabbrica.it\/fr\/wp-json\/wp\/v2\/posts\/32524","targetHints":{"allow":["GET"]}}],"collection":[{"href":"https:\/\/www.lafabbrica.it\/fr\/wp-json\/wp\/v2\/posts"}],"about":[{"href":"https:\/\/www.lafabbrica.it\/fr\/wp-json\/wp\/v2\/types\/post"}],"author":[{"embeddable":true,"href":"https:\/\/www.lafabbrica.it\/fr\/wp-json\/wp\/v2\/users\/2"}],"replies":[{"embeddable":true,"href":"https:\/\/www.lafabbrica.it\/fr\/wp-json\/wp\/v2\/comments?post=32524"}],"version-history":[{"count":3,"href":"https:\/\/www.lafabbrica.it\/fr\/wp-json\/wp\/v2\/posts\/32524\/revisions"}],"predecessor-version":[{"id":32581,"href":"https:\/\/www.lafabbrica.it\/fr\/wp-json\/wp\/v2\/posts\/32524\/revisions\/32581"}],"wp:featuredmedia":[{"embeddable":true,"href":"https:\/\/www.lafabbrica.it\/fr\/wp-json\/wp\/v2\/media\/32516"}],"wp:attachment":[{"href":"https:\/\/www.lafabbrica.it\/fr\/wp-json\/wp\/v2\/media?parent=32524"}],"wp:term":[{"taxonomy":"category","embeddable":true,"href":"https:\/\/www.lafabbrica.it\/fr\/wp-json\/wp\/v2\/categories?post=32524"},{"taxonomy":"post_tag","embeddable":true,"href":"https:\/\/www.lafabbrica.it\/fr\/wp-json\/wp\/v2\/tags?post=32524"}],"curies":[{"name":"wp","href":"https:\/\/api.w.org\/{rel}","templated":true}]}}