{"id":32051,"date":"2026-01-23T11:33:12","date_gmt":"2026-01-23T10:33:12","guid":{"rendered":"https:\/\/www.lafabbrica.it\/?p=32051"},"modified":"2026-02-06T10:10:27","modified_gmt":"2026-02-06T09:10:27","slug":"tables-a-manger-modernes-la-valeur-materielle-des-surfaces-3d","status":"publish","type":"post","link":"https:\/\/www.lafabbrica.it\/fr\/tables-a-manger-modernes-la-valeur-materielle-des-surfaces-3d\/","title":{"rendered":"Tables \u00e0 manger modernes : la valeur mat\u00e9rielle des surfaces 3D"},"content":{"rendered":"\t\t<div data-elementor-type=\"wp-post\" data-elementor-id=\"32051\" class=\"elementor elementor-32051 elementor-32048\" data-elementor-post-type=\"post\">\n\t\t\t\t<div data-dce-background-color=\"#FFFFFF\" class=\"elementor-element elementor-element-99db600 e-con-full e-flex e-con e-parent\" data-id=\"99db600\" data-element_type=\"container\" data-settings=\"{&quot;content_width&quot;:&quot;full&quot;,&quot;background_background&quot;:&quot;classic&quot;}\" data-core-v316-plus=\"true\">\n\t\t\t\t<div class=\"elementor-element elementor-element-af233c5 elementor-widget elementor-widget-heading\" data-id=\"af233c5\" data-element_type=\"widget\" data-widget_type=\"heading.default\">\n\t\t\t\t<div class=\"elementor-widget-container\">\n\t\t\t<h1 class=\"elementor-heading-title elementor-size-default\">Tables \u00e0 manger modernes :  <br>la valeur mat\u00e9rielle des surfaces 3D<\/h1>\t\t<\/div>\n\t\t\t\t<\/div>\n\t\t\t\t<div class=\"elementor-element elementor-element-2399bc4 elementor-widget elementor-widget-text-editor\" data-id=\"2399bc4\" data-element_type=\"widget\" data-widget_type=\"text-editor.default\">\n\t\t\t\t<div class=\"elementor-widget-container\">\n\t\t\t\t\t\t\t<p><strong>Dans<\/strong><strong>\u00a0<\/strong><strong>le design<\/strong><strong> d\u2019<\/strong><strong>int\u00e9rieur<\/strong><strong>\u00a0<\/strong><strong>contemporain<\/strong><strong>, <\/strong><strong>les<\/strong><strong>\u00a0<\/strong><strong>tables<\/strong><strong> \u00e0 <\/strong><strong>manger<\/strong><strong>\u00a0<\/strong><strong>modernes<\/strong><strong>\u00a0<\/strong><strong>deviennent<\/strong><strong> de <\/strong><strong>v\u00e9ritables<\/strong><strong>\u00a0<\/strong><strong>surfaces<\/strong><strong>\u00a0<\/strong><strong>architecturales<\/strong><strong>.<\/strong> Le plateau devient le protagoniste : une dalle mat\u00e9rielle qui dialogue\u00a0avec la lumi\u00e8re, l\u2019espace et les\u00a0mat\u00e9riaux\u00a0environnants.<\/p>\n<p>Dans ce contexte, <strong>le gr\u00e8s<\/strong><strong>\u00a0<\/strong><strong>c\u00e9rame<\/strong>\u00a0\u00e9volue d\u2019un simple\u00a0rev\u00eatement \u00e0 un \u00e9l\u00e9ment de mobilier, gr\u00e2ce\u00a0aux\u00a0traitements\u00a0tridimensionnels et aux\u00a0technologies\u00a0avanc\u00e9es.<\/p>\n\t\t\t\t\t\t<\/div>\n\t\t\t\t<\/div>\n\t\t\t\t<div class=\"elementor-element elementor-element-746b0db elementor-widget elementor-widget-heading\" data-id=\"746b0db\" data-element_type=\"widget\" data-widget_type=\"heading.default\">\n\t\t\t\t<div class=\"elementor-widget-container\">\n\t\t\t<h2 class=\"elementor-heading-title elementor-size-default\">Table \u00e0 manger moderne : <br>la dalle comme surface architecturale<\/h2>\t\t<\/div>\n\t\t\t\t<\/div>\n\t\t\t\t<div class=\"elementor-element elementor-element-6e7f467 elementor-widget elementor-widget-text-editor\" data-id=\"6e7f467\" data-element_type=\"widget\" data-widget_type=\"text-editor.default\">\n\t\t\t\t<div class=\"elementor-widget-container\">\n\t\t\t\t\t\t\t<p><strong>Aujourd\u2019hui<\/strong><strong>, la <\/strong><strong>table<\/strong><strong> \u00e0 <\/strong><strong>manger<\/strong><strong> moderne se <\/strong><strong>construit<\/strong><strong>\u00a0<\/strong><strong>autour<\/strong><strong> de la <\/strong><strong>dalle centrale<\/strong><strong>.<\/strong> Ce n\u2019est plus un simple plan de support, mais une surface\u00a0structurante, con\u00e7ue pour durer\u00a0dans le temps et accompagner\u00a0diff\u00e9rents moments de la vie\u00a0quotidienne.<\/p>\n<p><strong>Dans<\/strong><strong> ELEMENTA TABLES, le <\/strong><strong>projet<\/strong><strong>\u00a0<\/strong><strong>commence<\/strong><strong>\u00a0<\/strong><strong>pr\u00e9cis\u00e9ment<\/strong><strong>\u00a0<\/strong><strong>avec<\/strong><strong> la dalle en <\/strong><strong>gr\u00e8s :<\/strong> grand format, \u00e9paisseurs\u00a0calibr\u00e9es, bords finis et continuit\u00e9\u00a0esth\u00e9tique\u00a0entre le dessus et le c\u00f4t\u00e9. Les\u00a0mod\u00e8les standards, personnalisables par le choix de la surface, sont\u00a0\u00e9galement\u00a0con\u00e7us en versions\u00a0<strong>grandes<\/strong><strong> et <\/strong><strong>extensibles<\/strong>, id\u00e9ales pour accueillir\u00a0des\u00a0occasions\u00a0conviviales et festives tout en conservant\u00a0coh\u00e9rence formelle et clart\u00e9\u00a0visuelle.<\/p>\n\t\t\t\t\t\t<\/div>\n\t\t\t\t<\/div>\n\t\t\t\t<div class=\"elementor-element elementor-element-ce33142 elementor-widget elementor-widget-image-carousel\" data-id=\"ce33142\" data-element_type=\"widget\" data-settings=\"{&quot;slides_to_show&quot;:&quot;1&quot;,&quot;navigation&quot;:&quot;none&quot;,&quot;autoplay_speed&quot;:1000,&quot;autoplay&quot;:&quot;yes&quot;,&quot;pause_on_hover&quot;:&quot;yes&quot;,&quot;pause_on_interaction&quot;:&quot;yes&quot;,&quot;infinite&quot;:&quot;yes&quot;,&quot;effect&quot;:&quot;slide&quot;,&quot;speed&quot;:500}\" data-widget_type=\"image-carousel.default\">\n\t\t\t\t<div class=\"elementor-widget-container\">\n\t\t\t\t\t<div class=\"elementor-image-carousel-wrapper swiper-container\" dir=\"ltr\">\n\t\t\t<div class=\"elementor-image-carousel swiper-wrapper\" aria-live=\"off\">\n\t\t\t\t\t\t\t\t<div class=\"swiper-slide\" role=\"group\" aria-roledescription=\"slide\" aria-label=\"1 sur 3\"><figure class=\"swiper-slide-inner\"><img decoding=\"async\" class=\"swiper-slide-image\" src=\"https:\/\/www.lafabbrica.it\/wp-content\/uploads\/2026\/01\/t-3.jpg\" alt=\"t-3\" \/><\/figure><\/div><div class=\"swiper-slide\" role=\"group\" aria-roledescription=\"slide\" aria-label=\"2 sur 3\"><figure class=\"swiper-slide-inner\"><img decoding=\"async\" class=\"swiper-slide-image\" src=\"https:\/\/www.lafabbrica.it\/wp-content\/uploads\/2026\/01\/t-2.jpg\" alt=\"t-2\" \/><\/figure><\/div><div class=\"swiper-slide\" role=\"group\" aria-roledescription=\"slide\" aria-label=\"3 sur 3\"><figure class=\"swiper-slide-inner\"><img decoding=\"async\" class=\"swiper-slide-image\" src=\"https:\/\/www.lafabbrica.it\/wp-content\/uploads\/2026\/01\/t-3.jpg\" alt=\"t-3\" \/><\/figure><\/div>\t\t\t<\/div>\n\t\t\t\t\t\t\t\n\t\t\t\t\t\t\t\t\t<\/div>\n\t\t\t\t<\/div>\n\t\t\t\t<\/div>\n\t\t\t\t<\/div>\n\t\t<div data-dce-background-color=\"#F7F7F8\" class=\"elementor-element elementor-element-d3c0ce1 e-con-full e-flex e-con e-parent\" data-id=\"d3c0ce1\" data-element_type=\"container\" data-settings=\"{&quot;content_width&quot;:&quot;full&quot;,&quot;background_background&quot;:&quot;classic&quot;}\" data-core-v316-plus=\"true\">\n\t\t<div class=\"elementor-element elementor-element-1636cdb e-flex e-con-boxed e-con e-child\" data-id=\"1636cdb\" data-element_type=\"container\" data-settings=\"{&quot;content_width&quot;:&quot;boxed&quot;}\">\n\t\t\t\t\t<div class=\"e-con-inner\">\n\t\t<div class=\"elementor-element elementor-element-ad3018d e-con-full e-flex e-con e-child\" data-id=\"ad3018d\" data-element_type=\"container\" data-settings=\"{&quot;content_width&quot;:&quot;full&quot;}\">\n\t\t\t\t<div class=\"elementor-element elementor-element-8f1e566 elementor-widget elementor-widget-image\" data-id=\"8f1e566\" data-element_type=\"widget\" data-widget_type=\"image.default\">\n\t\t\t\t<div class=\"elementor-widget-container\">\n\t\t\t\t\t\t\t\t\t\t\t\t\t\t<a href=\"https:\/\/www.lafabbrica.it\/fr\/elementa-tables\/\">\n\t\t\t\t\t\t\t<img fetchpriority=\"high\" decoding=\"async\" width=\"680\" height=\"962\" src=\"https:\/\/www.lafabbrica.it\/wp-content\/uploads\/2026\/01\/top.jpg\" class=\"attachment-full size-full wp-image-32085\" alt=\"\" srcset=\"https:\/\/www.lafabbrica.it\/wp-content\/uploads\/2026\/01\/top.jpg 680w, https:\/\/www.lafabbrica.it\/wp-content\/uploads\/2026\/01\/top-212x300.jpg 212w\" sizes=\"(max-width: 680px) 100vw, 680px\" \/>\t\t\t\t\t\t\t\t<\/a>\n\t\t\t\t\t\t\t\t\t\t\t\t\t<\/div>\n\t\t\t\t<\/div>\n\t\t\t\t<\/div>\n\t\t<div class=\"elementor-element elementor-element-bce2513 e-con-full e-flex e-con e-child\" data-id=\"bce2513\" data-element_type=\"container\" data-settings=\"{&quot;content_width&quot;:&quot;full&quot;}\">\n\t\t\t\t<div class=\"elementor-element elementor-element-f7b6417 elementor-widget elementor-widget-heading\" data-id=\"f7b6417\" data-element_type=\"widget\" data-widget_type=\"heading.default\">\n\t\t\t\t<div class=\"elementor-widget-container\">\n\t\t\t<h3 class=\"elementor-heading-title elementor-size-default\">Surfaces 3D et Materic Touch : tridimensionnalit\u00e9 qui r\u00e9chauffe l\u2019espace<\/h3>\t\t<\/div>\n\t\t\t\t<\/div>\n\t\t\t\t<div class=\"elementor-element elementor-element-612c92d elementor-widget elementor-widget-text-editor\" data-id=\"612c92d\" data-element_type=\"widget\" data-widget_type=\"text-editor.default\">\n\t\t\t\t<div class=\"elementor-widget-container\">\n\t\t\t\t\t\t\t<p><strong>La <\/strong><strong>technologie<\/strong><strong>\u00a0<\/strong><strong>Materic<\/strong><strong> Touch <\/strong><strong>allie<\/strong><strong>\u00a0<\/strong><strong>pr\u00e9cision<\/strong><strong> technique et <\/strong><strong>sensibilit\u00e9<\/strong><strong>\u00a0<\/strong><strong>mat\u00e9rielle<\/strong><strong> :<\/strong> une application\u00a0structurante imprime veines et d\u00e9tails\u00a0directement sur la surface, cr\u00e9ant un effet en bas-relief\u00a0parfaitement\u00a0align\u00e9\u00a0au\u00a0motif de la texture. La dalle acquiert\u00a0ainsi une <strong>tridimensionnalit\u00e9<\/strong><strong>\u00a0<\/strong><strong>r\u00e9elle<\/strong>, perceptible \u00e0 la vue et au\u00a0toucher, avec\u00a0des nuances allant\u00a0du\u00a0mati\u00e8re\u00a0au\u00a0velout\u00e9.<\/p>\n<p><strong>Le <\/strong><strong>r\u00e9sultat<\/strong><strong> est une <\/strong><strong>surface<\/strong><strong>\u00a0<\/strong><strong>capable<\/strong><strong> d\u2019<\/strong><strong>\u00e9voquer<\/strong><strong>\u00a0<\/strong><strong>avec<\/strong><strong>\u00a0<\/strong><strong>r\u00e9alisme<\/strong><strong>\u00a0<\/strong><strong>les<\/strong><strong>\u00a0<\/strong><strong>pierres<\/strong><strong> et <\/strong><strong>marbres<\/strong><strong>\u00a0<\/strong><strong>naturels<\/strong><strong>,<\/strong> tout en apportant une chaleur\u00a0visuelle\u00a0inattendue pour un mat\u00e9riau technique comme\u00a0le gr\u00e8s\u00a0c\u00e9rame.<\/p>\n\t\t\t\t\t\t<\/div>\n\t\t\t\t<\/div>\n\t\t\t\t<\/div>\n\t\t\t\t\t<\/div>\n\t\t\t\t<\/div>\n\t\t<div class=\"elementor-element elementor-element-e3faaaf e-flex e-con-boxed e-con e-child\" data-id=\"e3faaaf\" data-element_type=\"container\" data-settings=\"{&quot;content_width&quot;:&quot;boxed&quot;}\">\n\t\t\t\t\t<div class=\"e-con-inner\">\n\t\t<div class=\"elementor-element elementor-element-492f299 e-con-full e-flex e-con e-child\" data-id=\"492f299\" data-element_type=\"container\" data-settings=\"{&quot;content_width&quot;:&quot;full&quot;}\">\n\t\t\t\t<div class=\"elementor-element elementor-element-f6ac6c1 elementor-widget elementor-widget-heading\" data-id=\"f6ac6c1\" data-element_type=\"widget\" data-widget_type=\"heading.default\">\n\t\t\t\t<div class=\"elementor-widget-container\">\n\t\t\t<h3 class=\"elementor-heading-title elementor-size-default\">Technologie ALL-OVER et continuit\u00e9 graphique du plateau<\/h3>\t\t<\/div>\n\t\t\t\t<\/div>\n\t\t\t\t<div class=\"elementor-element elementor-element-1c1b1aa elementor-widget elementor-widget-text-editor\" data-id=\"1c1b1aa\" data-element_type=\"widget\" data-widget_type=\"text-editor.default\">\n\t\t\t\t<div class=\"elementor-widget-container\">\n\t\t\t\t\t\t\t<p><strong>Outre<\/strong><strong> la <\/strong><strong>tridimensionnalit\u00e9<\/strong><strong>\u00a0<\/strong><strong>tactile<\/strong><strong>, la <\/strong><strong>continuit\u00e9<\/strong><strong>\u00a0<\/strong><strong>visuelle<\/strong><strong> est un <\/strong><strong>\u00e9l\u00e9ment<\/strong><strong>\u00a0<\/strong><strong>central<\/strong><strong>\u00a0<\/strong><strong>du<\/strong><strong>\u00a0<\/strong><strong>projet<\/strong><strong>.<\/strong>\u00a0Dans\u00a0<strong>ELEMENTA<\/strong>, cette\u00a0logique de continuit\u00e9 se d\u00e9cline en deux\u00a0configurations.<\/p>\n<p><strong>La <\/strong><strong>technologie<\/strong><strong> ALL-OVER, <\/strong><strong>applicable<\/strong><strong>\u00a0<\/strong><strong>aux<\/strong><strong>\u00a0<\/strong><strong>dalles<\/strong><strong> de 20 mm, <\/strong><strong>permet<\/strong><strong>\u00a0<\/strong><strong>au<\/strong><strong>\u00a0<\/strong><strong>motif<\/strong><strong> de se <\/strong><strong>prolonger<\/strong><strong>\u00a0<\/strong><strong>du<\/strong><strong> plateau <\/strong><strong>jusqu\u2019au<\/strong><strong>\u00a0<\/strong><strong>bord<\/strong><strong> sans <\/strong><strong>interruption<\/strong><strong>,<\/strong>\u00a0\u00e9liminant\u00a0les\u00a0ruptures\u00a0visuelles et renfor\u00e7ant la perception d\u2019un bloc unique et coh\u00e9rent : le motif\u00a0enveloppe plateau et bord en conservant une parfaite\u00a0coh\u00e9rence\u00a0visuelle.<\/p>\n<p>Pour les\u00a0<strong>dalles<\/strong><strong> de 6 mm<\/strong>, la continuit\u00e9 est assur\u00e9e par l\u2019association\u00a0avec le verre : un <strong>verre de 8 mm<\/strong>, disponible en blanc\u00a0ou noir, d\u00e9coup\u00e9 \u00e0 <strong>45\u00b0<\/strong> et coll\u00e9 sous vide \u00e0 la dalle. Dans cette solution, l\u2019effet de finesse et de pr\u00e9cision repose uniquement sur le verre, tandis que les dalles conservent des bords droit.<\/p>\n<p><strong>Le plateau <\/strong><strong>appara\u00eet<\/strong><strong> mince, <\/strong><strong>pr\u00e9cis<\/strong><strong> et <\/strong><strong>extr\u00eamement<\/strong><strong> soign\u00e9<\/strong>, laissant\u00a0parler la mati\u00e8re sans alourdir la structure globale.<\/p>\n\t\t\t\t\t\t<\/div>\n\t\t\t\t<\/div>\n\t\t\t\t<\/div>\n\t\t<div class=\"elementor-element elementor-element-1b8be73 e-con-full e-flex e-con e-child\" data-id=\"1b8be73\" data-element_type=\"container\" data-settings=\"{&quot;content_width&quot;:&quot;full&quot;}\">\n\t\t\t\t<div class=\"elementor-element elementor-element-95afbfe elementor-widget elementor-widget-image\" data-id=\"95afbfe\" data-element_type=\"widget\" data-widget_type=\"image.default\">\n\t\t\t\t<div class=\"elementor-widget-container\">\n\t\t\t\t\t\t\t\t\t\t\t\t\t\t<a href=\"https:\/\/www.lafabbrica.it\/fr\/elementa-tables\/\">\n\t\t\t\t\t\t\t<img decoding=\"async\" width=\"680\" height=\"962\" src=\"https:\/\/www.lafabbrica.it\/wp-content\/uploads\/2026\/01\/all-over.jpg\" class=\"attachment-full size-full wp-image-32164\" alt=\"\" srcset=\"https:\/\/www.lafabbrica.it\/wp-content\/uploads\/2026\/01\/all-over.jpg 680w, https:\/\/www.lafabbrica.it\/wp-content\/uploads\/2026\/01\/all-over-212x300.jpg 212w\" sizes=\"(max-width: 680px) 100vw, 680px\" \/>\t\t\t\t\t\t\t\t<\/a>\n\t\t\t\t\t\t\t\t\t\t\t\t\t<\/div>\n\t\t\t\t<\/div>\n\t\t\t\t<\/div>\n\t\t\t\t\t<\/div>\n\t\t\t\t<\/div>\n\t\t\t\t<\/div>\n\t\t<div class=\"elementor-element elementor-element-e34f0bb e-con-full e-flex e-con e-parent\" data-id=\"e34f0bb\" data-element_type=\"container\" data-settings=\"{&quot;content_width&quot;:&quot;full&quot;}\" data-core-v316-plus=\"true\">\n\t\t\t\t<div class=\"elementor-element elementor-element-6774888 elementor-widget elementor-widget-heading\" data-id=\"6774888\" data-element_type=\"widget\" data-widget_type=\"heading.default\">\n\t\t\t\t<div class=\"elementor-widget-container\">\n\t\t\t<h2 class=\"elementor-heading-title elementor-size-default\">Grandes tables et \u00e9l\u00e9ments coordonn\u00e9s : <br>la table comme centre convivial<\/h2>\t\t<\/div>\n\t\t\t\t<\/div>\n\t\t\t\t<div class=\"elementor-element elementor-element-2971401 elementor-widget elementor-widget-text-editor\" data-id=\"2971401\" data-element_type=\"widget\" data-widget_type=\"text-editor.default\">\n\t\t\t\t<div class=\"elementor-widget-container\">\n\t\t\t\t\t\t\t<p>La taille\u00a0compte, surtout\u00a0lorsque la table est con\u00e7ue\u00a0comme le centre de la vie\u00a0domestique :\u00a0<strong>les<\/strong><strong>\u00a0<\/strong><strong>mod\u00e8les<\/strong><strong> ELEMENTA <\/strong><strong>incluent<\/strong><strong> de <\/strong><strong>grandes<\/strong><strong>\u00a0<\/strong><strong>tables<\/strong><strong> et un <\/strong><strong>mod\u00e8le<\/strong><strong>\u00a0<\/strong><strong>extensible<\/strong>, con\u00e7us pour les\u00a0contextes\u00a0conviviaux, les\u00a0d\u00eeners\u00a0nombreux et les\u00a0occasions\u00a0sp\u00e9ciales.<\/p>\n<p>La possibilit\u00e9 de<strong>\u00a0<\/strong><strong>coordonner<\/strong><strong> la <\/strong><strong>table<\/strong><strong>\u00a0<\/strong><strong>avec<\/strong><strong>\u00a0<\/strong><strong>les<\/strong><strong>\u00a0<\/strong><strong>sols<\/strong><strong>, <\/strong><strong>rev\u00eatements<\/strong><strong>\u00a0<\/strong><strong>muraux<\/strong><strong> et <\/strong><strong>autres<\/strong><strong>\u00a0<\/strong><strong>\u00e9l\u00e9ments<\/strong><strong> de mobilier <\/strong><strong>r\u00e9alis\u00e9s<\/strong><strong>\u00a0<\/strong><strong>avec<\/strong><strong>\u00a0<\/strong><strong>les<\/strong><strong>\u00a0<\/strong><strong>m\u00eames<\/strong><strong>\u00a0<\/strong><strong>dalles<\/strong><strong> en gr\u00e8s <\/strong><strong>c\u00e9rame<\/strong><strong>\u00a0<\/strong><strong>cr\u00e9e<\/strong><strong>\u00a0<\/strong><strong>des<\/strong><strong>\u00a0<\/strong><strong>environnements<\/strong><strong>\u00a0<\/strong><strong>coh\u00e9rents<\/strong><strong>.<\/strong>\u00a0Ainsi, la table\u00a0devient \u00e0 la fois le point focal\u00a0visuel et fonctionnel de l\u2019espace, sans sembler\u00a0isol\u00e9e\u00a0ou\u00a0d\u00e9connect\u00e9e\u00a0du reste du\u00a0projet.<\/p>\n\t\t\t\t\t\t<\/div>\n\t\t\t\t<\/div>\n\t\t\t\t<div class=\"elementor-element elementor-element-d9beb32 elementor-widget elementor-widget-image\" data-id=\"d9beb32\" data-element_type=\"widget\" data-widget_type=\"image.default\">\n\t\t\t\t<div class=\"elementor-widget-container\">\n\t\t\t\t\t\t\t\t\t\t\t\t\t<img decoding=\"async\" width=\"1440\" height=\"811\" src=\"https:\/\/www.lafabbrica.it\/wp-content\/uploads\/2026\/01\/tavolo1.jpg\" class=\"attachment-full size-full wp-image-32066\" alt=\"\" srcset=\"https:\/\/www.lafabbrica.it\/wp-content\/uploads\/2026\/01\/tavolo1.jpg 1440w, https:\/\/www.lafabbrica.it\/wp-content\/uploads\/2026\/01\/tavolo1-300x169.jpg 300w, https:\/\/www.lafabbrica.it\/wp-content\/uploads\/2026\/01\/tavolo1-1024x577.jpg 1024w, https:\/\/www.lafabbrica.it\/wp-content\/uploads\/2026\/01\/tavolo1-768x433.jpg 768w\" sizes=\"(max-width: 1440px) 100vw, 1440px\" \/>\t\t\t\t\t\t\t\t\t\t\t\t\t<\/div>\n\t\t\t\t<\/div>\n\t\t\t\t<div class=\"elementor-element elementor-element-28a84dd elementor-widget elementor-widget-heading\" data-id=\"28a84dd\" data-element_type=\"widget\" data-widget_type=\"heading.default\">\n\t\t\t\t<div class=\"elementor-widget-container\">\n\t\t\t<h2 class=\"elementor-heading-title elementor-size-default\">Tables ELEMENTA : <br>nouveaux mod\u00e8les et configurations pr\u00e9sent\u00e9s au Cersaie 2025<\/h2>\t\t<\/div>\n\t\t\t\t<\/div>\n\t\t\t\t<div class=\"elementor-element elementor-element-0425906 elementor-widget elementor-widget-text-editor\" data-id=\"0425906\" data-element_type=\"widget\" data-widget_type=\"text-editor.default\">\n\t\t\t\t<div class=\"elementor-widget-container\">\n\t\t\t\t\t\t\t<p><strong>ELEMENTA TABLES se <\/strong><strong>caract\u00e9rise<\/strong><strong> par l\u2019<\/strong><strong>int\u00e9gration<\/strong><strong> de <\/strong><strong>technologies<\/strong><strong>\u00a0<\/strong><strong>c\u00e9ramiques<\/strong><strong>\u00a0<\/strong><strong>avanc\u00e9es<\/strong><strong>\u00a0<\/strong><strong>appliqu\u00e9es<\/strong><strong>\u00a0<\/strong><strong>aux<\/strong><strong>\u00a0<\/strong><strong>dalles<\/strong><strong> en <\/strong><strong>gr\u00e8s :<\/strong>\u00a0Materic Touch pour une tridimensionnalit\u00e9\u00a0r\u00e9elle et une perception\u00a0tactile\u00a0naturelle, ALL-OVER pour la continuit\u00e9\u00a0graphique\u00a0entre plateau et bord, accouplement gr\u00e8s\/verre pour des plateaux fins, pr\u00e9cis et performants\u00a0structurellement.<\/p>\n<p>Ces\u00a0solutions, d\u00e9j\u00e0\u00a0introduites\u00a0dans\u00a0les\u00a0mod\u00e8les\u00a0lanc\u00e9s\u00a0l\u2019an dernier, trouvent\u00a0aujourd\u2019hui\u00a0pleine\u00a0continuit\u00e9 et \u00e9volution\u00a0dans\u00a0les nouveaux mod\u00e8les\u00a0<strong>Rectangular<\/strong><strong>\u00a0<\/strong><strong>Extending<\/strong><strong> 250<\/strong> et <strong>Oval<\/strong><strong> 260<\/strong>, \u00e9largissant la collection en termes de polyvalence, proportions et possibilit\u00e9s de conception.<\/p>\n<ul>\n<li><strong>RECTANGULAR EXTENDING <\/strong><strong>250 :<\/strong>tablerectangulaire\u00a0extensible grand format (250 \u00d7 100 cm), con\u00e7ue pour des\u00a0environnements\u00a0conviviaux et des\u00a0occasions\u00a0festives, disponible\u00a0avec plateau en gr\u00e8s accoupl\u00e9\u00a0au verre.<\/li>\n<li><strong>OVAL <\/strong><strong>260 :<\/strong>table ovale de grande taille (260 \u00d7 115 cm), avecsurface continue et douce, disponible\u00a0avec\u00a0technologie ALL-OVER et plateau en gr\u00e8s accoupl\u00e9\u00a0au verre.<\/li>\n<li><strong>PLATEAUX EN GR\u00c8S <\/strong><strong>ELEMENTA :<\/strong> large s\u00e9lection de surfacesc\u00e9ramiquesinspir\u00e9es de marbres, pierres et ciments, disponibles en finition\u00a0naturelle, brillante ou\u00a0polie. La gamme de dalles a \u00e9t\u00e9\u00a0\u00e9largie\u00a0avec de nouvelles surfaces\u00a0dot\u00e9es de la technologie\u00a0Materic Touch, offrant\u00a0tridimensionnalit\u00e9\u00a0r\u00e9aliste et perception\u00a0tactile\u00a0naturelle.<\/li>\n<\/ul>\n\t\t\t\t\t\t<\/div>\n\t\t\t\t<\/div>\n\t\t\t\t<div class=\"elementor-element elementor-element-58b0bd1 elementor-widget elementor-widget-image\" data-id=\"58b0bd1\" data-element_type=\"widget\" data-widget_type=\"image.default\">\n\t\t\t\t<div class=\"elementor-widget-container\">\n\t\t\t\t\t\t\t\t\t\t\t\t\t<img loading=\"lazy\" decoding=\"async\" width=\"1440\" height=\"811\" src=\"https:\/\/www.lafabbrica.it\/wp-content\/uploads\/2026\/01\/main-o.jpg\" class=\"attachment-full size-full wp-image-32074\" alt=\"\" srcset=\"https:\/\/www.lafabbrica.it\/wp-content\/uploads\/2026\/01\/main-o.jpg 1440w, https:\/\/www.lafabbrica.it\/wp-content\/uploads\/2026\/01\/main-o-300x169.jpg 300w, https:\/\/www.lafabbrica.it\/wp-content\/uploads\/2026\/01\/main-o-1024x577.jpg 1024w, https:\/\/www.lafabbrica.it\/wp-content\/uploads\/2026\/01\/main-o-768x433.jpg 768w\" sizes=\"(max-width: 1440px) 100vw, 1440px\" \/>\t\t\t\t\t\t\t\t\t\t\t\t\t<\/div>\n\t\t\t\t<\/div>\n\t\t\t\t<div class=\"elementor-element elementor-element-ed90ff5 elementor-align-center elementor-widget elementor-widget-button\" data-id=\"ed90ff5\" data-element_type=\"widget\" data-widget_type=\"button.default\">\n\t\t\t\t<div class=\"elementor-widget-container\">\n\t\t\t\t\t<div class=\"elementor-button-wrapper\">\n\t\t\t<a class=\"elementor-button elementor-button-link elementor-size-md\" href=\"https:\/\/www.lafabbrica.it\/fr\/elementa-tables\/\">\n\t\t\t\t\t\t<span class=\"elementor-button-content-wrapper\">\n\t\t\t\t\t\t<span class=\"elementor-button-text\">En savoir plus sur ELEMENTA TABLES<\/span>\n\t\t<\/span>\n\t\t\t\t\t<\/a>\n\t\t<\/div>\n\t\t\t\t<\/div>\n\t\t\t\t<\/div>\n\t\t\t\t<\/div>\n\t\t\t\t<\/div>\n\t\t","protected":false},"excerpt":{"rendered":"<p>Dans le design d\u2019int\u00e9rieur contemporain, les tables \u00e0 manger modernes deviennent de v\u00e9ritables surfaces architecturales.<\/p>\n","protected":false},"author":1,"featured_media":32175,"comment_status":"closed","ping_status":"closed","sticky":false,"template":"","format":"standard","meta":{"_acf_changed":false,"site-sidebar-layout":"default","site-content-layout":"","ast-site-content-layout":"default","site-content-style":"default","site-sidebar-style":"default","ast-global-header-display":"","ast-banner-title-visibility":"","ast-main-header-display":"","ast-hfb-above-header-display":"","ast-hfb-below-header-display":"","ast-hfb-mobile-header-display":"","site-post-title":"","ast-breadcrumbs-content":"","ast-featured-img":"","footer-sml-layout":"","theme-transparent-header-meta":"","adv-header-id-meta":"","stick-header-meta":"","header-above-stick-meta":"","header-main-stick-meta":"","header-below-stick-meta":"","astra-migrate-meta-layouts":"default","ast-page-background-enabled":"default","ast-page-background-meta":{"desktop":{"background-color":"var(--ast-global-color-4)","background-image":"","background-repeat":"repeat","background-position":"center center","background-size":"auto","background-attachment":"scroll","background-type":"","background-media":"","overlay-type":"","overlay-color":"","overlay-gradient":""},"tablet":{"background-color":"","background-image":"","background-repeat":"repeat","background-position":"center center","background-size":"auto","background-attachment":"scroll","background-type":"","background-media":"","overlay-type":"","overlay-color":"","overlay-gradient":""},"mobile":{"background-color":"","background-image":"","background-repeat":"repeat","background-position":"center center","background-size":"auto","background-attachment":"scroll","background-type":"","background-media":"","overlay-type":"","overlay-color":"","overlay-gradient":""}},"ast-content-background-meta":{"desktop":{"background-color":"var(--ast-global-color-5)","background-image":"","background-repeat":"repeat","background-position":"center center","background-size":"auto","background-attachment":"scroll","background-type":"","background-media":"","overlay-type":"","overlay-color":"","overlay-gradient":""},"tablet":{"background-color":"var(--ast-global-color-5)","background-image":"","background-repeat":"repeat","background-position":"center center","background-size":"auto","background-attachment":"scroll","background-type":"","background-media":"","overlay-type":"","overlay-color":"","overlay-gradient":""},"mobile":{"background-color":"var(--ast-global-color-5)","background-image":"","background-repeat":"repeat","background-position":"center center","background-size":"auto","background-attachment":"scroll","background-type":"","background-media":"","overlay-type":"","overlay-color":"","overlay-gradient":""}},"footnotes":""},"categories":[1241],"tags":[],"class_list":["post-32051","post","type-post","status-publish","format-standard","has-post-thumbnail","hentry","category-blog-fr"],"acf":[],"yoast_head":"<!-- This site is optimized with the Yoast SEO plugin v22.0 - https:\/\/yoast.com\/wordpress\/plugins\/seo\/ -->\n<title>Tables \u00e0 manger modernes : la valeur mat\u00e9rielle des surfaces 3D - La Fabbrica AVA<\/title>\n<meta name=\"description\" content=\"Dans le design d\u2019int\u00e9rieur contemporain, les tables \u00e0 manger modernes deviennent de v\u00e9ritables surfaces architecturales.\" \/>\n<meta name=\"robots\" content=\"index, follow, max-snippet:-1, max-image-preview:large, max-video-preview:-1\" \/>\n<link rel=\"canonical\" href=\"https:\/\/www.lafabbrica.it\/fr\/tables-a-manger-modernes-la-valeur-materielle-des-surfaces-3d\/\" \/>\n<meta property=\"og:locale\" content=\"fr_FR\" \/>\n<meta property=\"og:type\" content=\"article\" \/>\n<meta property=\"og:title\" content=\"Tables \u00e0 manger modernes : la valeur mat\u00e9rielle des surfaces 3D - La Fabbrica AVA\" \/>\n<meta property=\"og:description\" content=\"Dans le design d\u2019int\u00e9rieur contemporain, les tables \u00e0 manger modernes deviennent de v\u00e9ritables surfaces architecturales.\" \/>\n<meta property=\"og:url\" content=\"https:\/\/www.lafabbrica.it\/fr\/tables-a-manger-modernes-la-valeur-materielle-des-surfaces-3d\/\" \/>\n<meta property=\"og:site_name\" content=\"La Fabbrica AVA\" \/>\n<meta property=\"article:published_time\" content=\"2026-01-23T10:33:12+00:00\" \/>\n<meta property=\"article:modified_time\" content=\"2026-02-06T09:10:27+00:00\" \/>\n<meta property=\"og:image\" content=\"https:\/\/www.lafabbrica.it\/wp-content\/uploads\/2026\/01\/listt.jpg\" \/>\n\t<meta property=\"og:image:width\" content=\"880\" \/>\n\t<meta property=\"og:image:height\" content=\"860\" \/>\n\t<meta property=\"og:image:type\" content=\"image\/jpeg\" \/>\n<meta name=\"author\" content=\"admin\" \/>\n<meta name=\"twitter:card\" content=\"summary_large_image\" \/>\n<meta name=\"twitter:label1\" content=\"\u00c9crit par\" \/>\n\t<meta name=\"twitter:data1\" content=\"admin\" \/>\n\t<meta name=\"twitter:label2\" content=\"Dur\u00e9e de lecture estim\u00e9e\" \/>\n\t<meta name=\"twitter:data2\" content=\"6 minutes\" \/>\n<script type=\"application\/ld+json\" class=\"yoast-schema-graph\">{\"@context\":\"https:\/\/schema.org\",\"@graph\":[{\"@type\":\"Article\",\"@id\":\"https:\/\/www.lafabbrica.it\/fr\/tables-a-manger-modernes-la-valeur-materielle-des-surfaces-3d\/#article\",\"isPartOf\":{\"@id\":\"https:\/\/www.lafabbrica.it\/fr\/tables-a-manger-modernes-la-valeur-materielle-des-surfaces-3d\/\"},\"author\":{\"name\":\"admin\",\"@id\":\"https:\/\/www.lafabbrica.it\/fr\/#\/schema\/person\/9854f3650eab7e4334e66d22de09296a\"},\"headline\":\"Tables \u00e0 manger modernes : la valeur mat\u00e9rielle des surfaces 3D\",\"datePublished\":\"2026-01-23T10:33:12+00:00\",\"dateModified\":\"2026-02-06T09:10:27+00:00\",\"mainEntityOfPage\":{\"@id\":\"https:\/\/www.lafabbrica.it\/fr\/tables-a-manger-modernes-la-valeur-materielle-des-surfaces-3d\/\"},\"wordCount\":813,\"publisher\":{\"@id\":\"https:\/\/www.lafabbrica.it\/fr\/#organization\"},\"articleSection\":[\"Blog\"],\"inLanguage\":\"fr-FR\"},{\"@type\":\"WebPage\",\"@id\":\"https:\/\/www.lafabbrica.it\/fr\/tables-a-manger-modernes-la-valeur-materielle-des-surfaces-3d\/\",\"url\":\"https:\/\/www.lafabbrica.it\/fr\/tables-a-manger-modernes-la-valeur-materielle-des-surfaces-3d\/\",\"name\":\"Tables \u00e0 manger modernes : la valeur mat\u00e9rielle des surfaces 3D - La Fabbrica AVA\",\"isPartOf\":{\"@id\":\"https:\/\/www.lafabbrica.it\/fr\/#website\"},\"datePublished\":\"2026-01-23T10:33:12+00:00\",\"dateModified\":\"2026-02-06T09:10:27+00:00\",\"description\":\"Dans le design d\u2019int\u00e9rieur contemporain, les tables \u00e0 manger modernes deviennent de v\u00e9ritables surfaces architecturales.\",\"breadcrumb\":{\"@id\":\"https:\/\/www.lafabbrica.it\/fr\/tables-a-manger-modernes-la-valeur-materielle-des-surfaces-3d\/#breadcrumb\"},\"inLanguage\":\"fr-FR\",\"potentialAction\":[{\"@type\":\"ReadAction\",\"target\":[\"https:\/\/www.lafabbrica.it\/fr\/tables-a-manger-modernes-la-valeur-materielle-des-surfaces-3d\/\"]}]},{\"@type\":\"BreadcrumbList\",\"@id\":\"https:\/\/www.lafabbrica.it\/fr\/tables-a-manger-modernes-la-valeur-materielle-des-surfaces-3d\/#breadcrumb\",\"itemListElement\":[{\"@type\":\"ListItem\",\"position\":1,\"name\":\"Home\",\"item\":\"https:\/\/www.lafabbrica.it\/fr\/\"},{\"@type\":\"ListItem\",\"position\":2,\"name\":\"Tables \u00e0 manger modernes : la valeur mat\u00e9rielle des surfaces 3D\"}]},{\"@type\":\"WebSite\",\"@id\":\"https:\/\/www.lafabbrica.it\/fr\/#website\",\"url\":\"https:\/\/www.lafabbrica.it\/fr\/\",\"name\":\"La Fabbrica AVA\",\"description\":\"\",\"publisher\":{\"@id\":\"https:\/\/www.lafabbrica.it\/fr\/#organization\"},\"potentialAction\":[{\"@type\":\"SearchAction\",\"target\":{\"@type\":\"EntryPoint\",\"urlTemplate\":\"https:\/\/www.lafabbrica.it\/fr\/?s={search_term_string}\"},\"query-input\":\"required name=search_term_string\"}],\"inLanguage\":\"fr-FR\"},{\"@type\":\"Organization\",\"@id\":\"https:\/\/www.lafabbrica.it\/fr\/#organization\",\"name\":\"La Fabbrica AVA\",\"url\":\"https:\/\/www.lafabbrica.it\/fr\/\",\"logo\":{\"@type\":\"ImageObject\",\"inLanguage\":\"fr-FR\",\"@id\":\"https:\/\/www.lafabbrica.it\/fr\/#\/schema\/logo\/image\/\",\"url\":\"https:\/\/www.lafabbrica.it\/wp-content\/uploads\/2023\/08\/Senza-titolo-1.png\",\"contentUrl\":\"https:\/\/www.lafabbrica.it\/wp-content\/uploads\/2023\/08\/Senza-titolo-1.png\",\"width\":567,\"height\":240,\"caption\":\"La Fabbrica AVA\"},\"image\":{\"@id\":\"https:\/\/www.lafabbrica.it\/fr\/#\/schema\/logo\/image\/\"}},{\"@type\":\"Person\",\"@id\":\"https:\/\/www.lafabbrica.it\/fr\/#\/schema\/person\/9854f3650eab7e4334e66d22de09296a\",\"name\":\"admin\",\"sameAs\":[\"http:\/\/www.lafabbrica.it\"],\"url\":\"https:\/\/www.lafabbrica.it\/fr\/author\/admin\/\"}]}<\/script>\n<!-- \/ Yoast SEO plugin. -->","yoast_head_json":{"title":"Tables \u00e0 manger modernes : la valeur mat\u00e9rielle des surfaces 3D - La Fabbrica AVA","description":"Dans le design d\u2019int\u00e9rieur contemporain, les tables \u00e0 manger modernes deviennent de v\u00e9ritables surfaces architecturales.","robots":{"index":"index","follow":"follow","max-snippet":"max-snippet:-1","max-image-preview":"max-image-preview:large","max-video-preview":"max-video-preview:-1"},"canonical":"https:\/\/www.lafabbrica.it\/fr\/tables-a-manger-modernes-la-valeur-materielle-des-surfaces-3d\/","og_locale":"fr_FR","og_type":"article","og_title":"Tables \u00e0 manger modernes : la valeur mat\u00e9rielle des surfaces 3D - La Fabbrica AVA","og_description":"Dans le design d\u2019int\u00e9rieur contemporain, les tables \u00e0 manger modernes deviennent de v\u00e9ritables surfaces architecturales.","og_url":"https:\/\/www.lafabbrica.it\/fr\/tables-a-manger-modernes-la-valeur-materielle-des-surfaces-3d\/","og_site_name":"La Fabbrica AVA","article_published_time":"2026-01-23T10:33:12+00:00","article_modified_time":"2026-02-06T09:10:27+00:00","og_image":[{"width":880,"height":860,"url":"https:\/\/www.lafabbrica.it\/wp-content\/uploads\/2026\/01\/listt.jpg","type":"image\/jpeg"}],"author":"admin","twitter_card":"summary_large_image","twitter_misc":{"\u00c9crit par":"admin","Dur\u00e9e de lecture estim\u00e9e":"6 minutes"},"schema":{"@context":"https:\/\/schema.org","@graph":[{"@type":"Article","@id":"https:\/\/www.lafabbrica.it\/fr\/tables-a-manger-modernes-la-valeur-materielle-des-surfaces-3d\/#article","isPartOf":{"@id":"https:\/\/www.lafabbrica.it\/fr\/tables-a-manger-modernes-la-valeur-materielle-des-surfaces-3d\/"},"author":{"name":"admin","@id":"https:\/\/www.lafabbrica.it\/fr\/#\/schema\/person\/9854f3650eab7e4334e66d22de09296a"},"headline":"Tables \u00e0 manger modernes : la valeur mat\u00e9rielle des surfaces 3D","datePublished":"2026-01-23T10:33:12+00:00","dateModified":"2026-02-06T09:10:27+00:00","mainEntityOfPage":{"@id":"https:\/\/www.lafabbrica.it\/fr\/tables-a-manger-modernes-la-valeur-materielle-des-surfaces-3d\/"},"wordCount":813,"publisher":{"@id":"https:\/\/www.lafabbrica.it\/fr\/#organization"},"articleSection":["Blog"],"inLanguage":"fr-FR"},{"@type":"WebPage","@id":"https:\/\/www.lafabbrica.it\/fr\/tables-a-manger-modernes-la-valeur-materielle-des-surfaces-3d\/","url":"https:\/\/www.lafabbrica.it\/fr\/tables-a-manger-modernes-la-valeur-materielle-des-surfaces-3d\/","name":"Tables \u00e0 manger modernes : la valeur mat\u00e9rielle des surfaces 3D - La Fabbrica AVA","isPartOf":{"@id":"https:\/\/www.lafabbrica.it\/fr\/#website"},"datePublished":"2026-01-23T10:33:12+00:00","dateModified":"2026-02-06T09:10:27+00:00","description":"Dans le design d\u2019int\u00e9rieur contemporain, les tables \u00e0 manger modernes deviennent de v\u00e9ritables surfaces architecturales.","breadcrumb":{"@id":"https:\/\/www.lafabbrica.it\/fr\/tables-a-manger-modernes-la-valeur-materielle-des-surfaces-3d\/#breadcrumb"},"inLanguage":"fr-FR","potentialAction":[{"@type":"ReadAction","target":["https:\/\/www.lafabbrica.it\/fr\/tables-a-manger-modernes-la-valeur-materielle-des-surfaces-3d\/"]}]},{"@type":"BreadcrumbList","@id":"https:\/\/www.lafabbrica.it\/fr\/tables-a-manger-modernes-la-valeur-materielle-des-surfaces-3d\/#breadcrumb","itemListElement":[{"@type":"ListItem","position":1,"name":"Home","item":"https:\/\/www.lafabbrica.it\/fr\/"},{"@type":"ListItem","position":2,"name":"Tables \u00e0 manger modernes : la valeur mat\u00e9rielle des surfaces 3D"}]},{"@type":"WebSite","@id":"https:\/\/www.lafabbrica.it\/fr\/#website","url":"https:\/\/www.lafabbrica.it\/fr\/","name":"La Fabbrica AVA","description":"","publisher":{"@id":"https:\/\/www.lafabbrica.it\/fr\/#organization"},"potentialAction":[{"@type":"SearchAction","target":{"@type":"EntryPoint","urlTemplate":"https:\/\/www.lafabbrica.it\/fr\/?s={search_term_string}"},"query-input":"required name=search_term_string"}],"inLanguage":"fr-FR"},{"@type":"Organization","@id":"https:\/\/www.lafabbrica.it\/fr\/#organization","name":"La Fabbrica AVA","url":"https:\/\/www.lafabbrica.it\/fr\/","logo":{"@type":"ImageObject","inLanguage":"fr-FR","@id":"https:\/\/www.lafabbrica.it\/fr\/#\/schema\/logo\/image\/","url":"https:\/\/www.lafabbrica.it\/wp-content\/uploads\/2023\/08\/Senza-titolo-1.png","contentUrl":"https:\/\/www.lafabbrica.it\/wp-content\/uploads\/2023\/08\/Senza-titolo-1.png","width":567,"height":240,"caption":"La Fabbrica AVA"},"image":{"@id":"https:\/\/www.lafabbrica.it\/fr\/#\/schema\/logo\/image\/"}},{"@type":"Person","@id":"https:\/\/www.lafabbrica.it\/fr\/#\/schema\/person\/9854f3650eab7e4334e66d22de09296a","name":"admin","sameAs":["http:\/\/www.lafabbrica.it"],"url":"https:\/\/www.lafabbrica.it\/fr\/author\/admin\/"}]}},"_links":{"self":[{"href":"https:\/\/www.lafabbrica.it\/fr\/wp-json\/wp\/v2\/posts\/32051","targetHints":{"allow":["GET"]}}],"collection":[{"href":"https:\/\/www.lafabbrica.it\/fr\/wp-json\/wp\/v2\/posts"}],"about":[{"href":"https:\/\/www.lafabbrica.it\/fr\/wp-json\/wp\/v2\/types\/post"}],"author":[{"embeddable":true,"href":"https:\/\/www.lafabbrica.it\/fr\/wp-json\/wp\/v2\/users\/1"}],"replies":[{"embeddable":true,"href":"https:\/\/www.lafabbrica.it\/fr\/wp-json\/wp\/v2\/comments?post=32051"}],"version-history":[{"count":0,"href":"https:\/\/www.lafabbrica.it\/fr\/wp-json\/wp\/v2\/posts\/32051\/revisions"}],"wp:featuredmedia":[{"embeddable":true,"href":"https:\/\/www.lafabbrica.it\/fr\/wp-json\/wp\/v2\/media\/32175"}],"wp:attachment":[{"href":"https:\/\/www.lafabbrica.it\/fr\/wp-json\/wp\/v2\/media?parent=32051"}],"wp:term":[{"taxonomy":"category","embeddable":true,"href":"https:\/\/www.lafabbrica.it\/fr\/wp-json\/wp\/v2\/categories?post=32051"},{"taxonomy":"post_tag","embeddable":true,"href":"https:\/\/www.lafabbrica.it\/fr\/wp-json\/wp\/v2\/tags?post=32051"}],"curies":[{"name":"wp","href":"https:\/\/api.w.org\/{rel}","templated":true}]}}