{"id":28862,"date":"2025-08-25T08:00:16","date_gmt":"2025-08-25T07:00:16","guid":{"rendered":"https:\/\/www.lafabbrica.it\/?p=28862"},"modified":"2025-08-25T08:37:04","modified_gmt":"2025-08-25T07:37:04","slug":"cuisine-industrielle-et-open-space-un-duo-parfait","status":"publish","type":"post","link":"https:\/\/www.lafabbrica.it\/fr\/cuisine-industrielle-et-open-space-un-duo-parfait\/","title":{"rendered":"Cuisine industrielle et open space : un duo parfait"},"content":{"rendered":"\t\t<div data-elementor-type=\"wp-post\" data-elementor-id=\"28862\" class=\"elementor elementor-28862 elementor-28859\" data-elementor-post-type=\"post\">\n\t\t\t\t<div data-dce-background-color=\"#FFFFFF\" class=\"elementor-element elementor-element-99db600 e-con-full e-flex e-con e-parent\" data-id=\"99db600\" data-element_type=\"container\" data-settings=\"{&quot;content_width&quot;:&quot;full&quot;,&quot;background_background&quot;:&quot;classic&quot;}\" data-core-v316-plus=\"true\">\n\t\t\t\t<div class=\"elementor-element elementor-element-af233c5 elementor-widget elementor-widget-heading\" data-id=\"af233c5\" data-element_type=\"widget\" data-widget_type=\"heading.default\">\n\t\t\t\t<div class=\"elementor-widget-container\">\n\t\t\t<h1 class=\"elementor-heading-title elementor-size-default\">Cuisine industrielle et open space : un duo parfait<\/h1>\t\t<\/div>\n\t\t\t\t<\/div>\n\t\t\t\t<div class=\"elementor-element elementor-element-2399bc4 elementor-widget elementor-widget-text-editor\" data-id=\"2399bc4\" data-element_type=\"widget\" data-widget_type=\"text-editor.default\">\n\t\t\t\t<div class=\"elementor-widget-container\">\n\t\t\t\t\t\t\t<strong>Les<\/strong><strong> cuisines <\/strong><strong>industrielles<\/strong><strong>\u00a0<\/strong><strong>s\u00e9duisent<\/strong><strong> de plus en plus <\/strong><strong>les<\/strong><strong>\u00a0<\/strong><strong>passionn\u00e9s<\/strong><strong> de design d\u2019<\/strong><strong>int\u00e9rieur<\/strong><strong> \u2013 et ce n\u2019est <\/strong><strong>pas<\/strong><strong> un <\/strong><strong>hasard<\/strong><strong>.<\/strong>\u00a0N\u00e9 de la reconversion de vieux lofts et d\u2019anciennes\u00a0usines\u00a0urbaines, ce courant\u00a0exprime une ambiance\u00a0urbaine \u00e0 la fois brute et captivante.\r\n\r\nEn particulier, lorsque\u00a0<strong>la cuisine de style <\/strong><strong>industriel<\/strong> s\u2019int\u00e8gre\u00a0dans un grand espace\u00a0ouvert, le r\u00e9sultat est harmonieux :\u00a0mat\u00e9riaux\u00a0bruts, volumes\u00a0g\u00e9n\u00e9reux et lignes\u00a0\u00e9pur\u00e9es se combinent pour cr\u00e9er un environnement convivial \u00e0 fort impact visuel.\t\t\t\t\t\t<\/div>\n\t\t\t\t<\/div>\n\t\t\t\t<div class=\"elementor-element elementor-element-3a85176 elementor-widget elementor-widget-image\" data-id=\"3a85176\" data-element_type=\"widget\" data-widget_type=\"image.default\">\n\t\t\t\t<div class=\"elementor-widget-container\">\n\t\t\t\t\t\t\t\t\t\t\t\t\t<img fetchpriority=\"high\" decoding=\"async\" width=\"1440\" height=\"811\" src=\"https:\/\/www.lafabbrica.it\/wp-content\/uploads\/2025\/07\/cucina-banner-r.jpg\" class=\"attachment-full size-full wp-image-28874\" alt=\"\" srcset=\"https:\/\/www.lafabbrica.it\/wp-content\/uploads\/2025\/07\/cucina-banner-r.jpg 1440w, https:\/\/www.lafabbrica.it\/wp-content\/uploads\/2025\/07\/cucina-banner-r-300x169.jpg 300w, https:\/\/www.lafabbrica.it\/wp-content\/uploads\/2025\/07\/cucina-banner-r-1024x577.jpg 1024w, https:\/\/www.lafabbrica.it\/wp-content\/uploads\/2025\/07\/cucina-banner-r-768x433.jpg 768w\" sizes=\"(max-width: 1440px) 100vw, 1440px\" \/>\t\t\t\t\t\t\t\t\t\t\t\t\t<\/div>\n\t\t\t\t<\/div>\n\t\t\t\t<div class=\"elementor-element elementor-element-746b0db elementor-widget elementor-widget-heading\" data-id=\"746b0db\" data-element_type=\"widget\" data-widget_type=\"heading.default\">\n\t\t\t\t<div class=\"elementor-widget-container\">\n\t\t\t<h2 class=\"elementor-heading-title elementor-size-default\">Pourquoi le style industriel aime les espaces ouverts<\/h2>\t\t<\/div>\n\t\t\t\t<\/div>\n\t\t\t\t<div class=\"elementor-element elementor-element-6e7f467 elementor-widget elementor-widget-text-editor\" data-id=\"6e7f467\" data-element_type=\"widget\" data-widget_type=\"text-editor.default\">\n\t\t\t\t<div class=\"elementor-widget-container\">\n\t\t\t\t\t\t\t<strong style=\"font-size: 16px;\">Les<\/strong><strong style=\"font-size: 16px;\">\u00a0<\/strong><strong style=\"font-size: 16px;\">espaces<\/strong><strong style=\"font-size: 16px;\">\u00a0<\/strong><strong style=\"font-size: 16px;\">ouverts<\/strong><strong style=\"font-size: 16px;\">\u00a0<\/strong><strong style=\"font-size: 16px;\">mettent<\/strong><strong style=\"font-size: 16px;\">\u00a0<\/strong><strong style=\"font-size: 16px;\">pleinement<\/strong><strong style=\"font-size: 16px;\"> en <\/strong><strong style=\"font-size: 16px;\">valeur<\/strong><strong style=\"font-size: 16px;\"> le style <\/strong><strong style=\"font-size: 16px;\">industriel<\/strong><strong style=\"font-size: 16px;\">, car <\/strong><strong style=\"font-size: 16px;\">ils<\/strong><strong style=\"font-size: 16px;\">\u00a0<\/strong><strong style=\"font-size: 16px;\">permettent<\/strong><strong style=\"font-size: 16px;\"> \u00e0 la lumi\u00e8re de <\/strong><strong style=\"font-size: 16px;\">circuler<\/strong><strong style=\"font-size: 16px;\">\u00a0<\/strong><strong style=\"font-size: 16px;\">librement<\/strong><span style=\"font-size: 16px;\"> et de mettre en relief\u00a0les\u00a0surfaces\u00a0textur\u00e9es\u00a0ainsi\u00a0que\u00a0les\u00a0d\u00e9tails\u00a0structurels.\u00a0Sans cloisons pour interrompre la continuit\u00e9\u00a0visuelle, chaque\u00a0mat\u00e9riau \u2013 du\u00a0b\u00e9ton brut au\u00a0m\u00e9tal\u00a0oxyd\u00e9 \u2013 peut\u00a0dialoguer\u00a0harmonieusement\u00a0avec le mobilier.<\/span>\r\n\r\nLa couleur\u00a0joue un r\u00f4le essentiel :\u00a0les palettes industrielles\u00a0privil\u00e9gient\u00a0<strong>les<\/strong><strong> tons <\/strong><strong>froids<\/strong><strong>, <\/strong><strong>sombres<\/strong><strong> et <\/strong><strong>naturels<\/strong>, avec le <strong>gris<\/strong> et le <strong>noir<\/strong> en vedette. Ces\u00a0teintes, souvent\u00a0utilis\u00e9es\u00a0comme base, permettent de cr\u00e9er\u00a0des nuances sophistiqu\u00e9es et des\u00a0contrastes\u00a0marqu\u00e9s, ajoutant\u00a0profondeur et caract\u00e8re \u00e0 l\u2019ensemble de l\u2019espace.\t\t\t\t\t\t<\/div>\n\t\t\t\t<\/div>\n\t\t\t\t<div class=\"elementor-element elementor-element-80ac150 elementor-widget elementor-widget-heading\" data-id=\"80ac150\" data-element_type=\"widget\" data-widget_type=\"heading.default\">\n\t\t\t\t<div class=\"elementor-widget-container\">\n\t\t\t<h3 class=\"elementor-heading-title elementor-size-default\">Mat\u00e9riaux bruts \u00e0 l\u2019honneur<\/h3>\t\t<\/div>\n\t\t\t\t<\/div>\n\t\t\t\t<div class=\"elementor-element elementor-element-12be81f elementor-widget elementor-widget-text-editor\" data-id=\"12be81f\" data-element_type=\"widget\" data-widget_type=\"text-editor.default\">\n\t\t\t\t<div class=\"elementor-widget-container\">\n\t\t\t\t\t\t\t<p><strong>Briques<\/strong><strong>, <\/strong><strong>b\u00e9ton<\/strong><strong> et <\/strong><strong>m\u00e9tal<\/strong><strong>\u00a0<\/strong><strong>sont<\/strong><strong>\u00a0<\/strong><strong>les<\/strong><strong>\u00a0<\/strong><strong>v\u00e9ritables<\/strong><strong>\u00a0<\/strong><strong>protagonistes<\/strong><strong> :<\/strong> un mur en briques\u00a0apparentes\u00a0ou un sol en gr\u00e8s c\u00e9rame\u00a0effet\u00a0b\u00e9ton\u00a0suffit \u00e0 d\u00e9finir l\u2019atmosph\u00e8re, sans besoin de cloisons. Les\u00a0surfaces\u00a0brutes et imparfaites\u00a0apportent\u00a0du\u00a0caract\u00e8re et une esth\u00e9tique\u00a0urbaine\u00a0authentique.<\/p>\n\t\t\t\t\t\t<\/div>\n\t\t\t\t<\/div>\n\t\t\t\t<div class=\"elementor-element elementor-element-c30e70e elementor-widget elementor-widget-heading\" data-id=\"c30e70e\" data-element_type=\"widget\" data-widget_type=\"heading.default\">\n\t\t\t\t<div class=\"elementor-widget-container\">\n\t\t\t<h3 class=\"elementor-heading-title elementor-size-default\">Palette neutre et tons fonc\u00e9s<\/h3>\t\t<\/div>\n\t\t\t\t<\/div>\n\t\t\t\t<div class=\"elementor-element elementor-element-b3fb2ad elementor-widget elementor-widget-text-editor\" data-id=\"b3fb2ad\" data-element_type=\"widget\" data-widget_type=\"text-editor.default\">\n\t\t\t\t<div class=\"elementor-widget-container\">\n\t\t\t\t\t\t\t<p>Le style industriel\u00a0adopte\u00a0des tons neutres et terreux\u00a0comme le <strong>gris<\/strong><strong>\u00a0<\/strong><strong>ciment<\/strong><strong>, le <\/strong><strong>brun<\/strong><strong>\u00a0<\/strong><strong>rouille<\/strong><strong>\u00a0<\/strong><strong>ou<\/strong><strong> le noir <\/strong><strong>fer<\/strong>, souvent\u00a0associ\u00e9s \u00e0 un blanc\u00a0cass\u00e9. Unifier la cuisine et le salon avec\u00a0des\u00a0couleurs\u00a0continues \u2013 comme un sol en carrelage\u00a0gris, par exemple \u2013 cr\u00e9e une coh\u00e9sion\u00a0visuelle et agrandit\u00a0l\u2019espace, dans une ambiance\u00a0sobre et contemporaine.<\/p>\n\t\t\t\t\t\t<\/div>\n\t\t\t\t<\/div>\n\t\t\t\t<div class=\"elementor-element elementor-element-ed1f0b1 elementor-widget elementor-widget-heading\" data-id=\"ed1f0b1\" data-element_type=\"widget\" data-widget_type=\"heading.default\">\n\t\t\t\t<div class=\"elementor-widget-container\">\n\t\t\t<h3 class=\"elementor-heading-title elementor-size-default\">Mobilier industriel et touches vintage<\/h3>\t\t<\/div>\n\t\t\t\t<\/div>\n\t\t\t\t<div class=\"elementor-element elementor-element-15f5678 elementor-widget elementor-widget-text-editor\" data-id=\"15f5678\" data-element_type=\"widget\" data-widget_type=\"text-editor.default\">\n\t\t\t\t<div class=\"elementor-widget-container\">\n\t\t\t\t\t\t\t<p>Mobilier en bois brut ou en m\u00e9tal, \u00e9tag\u00e8res\u00a0ouvertes et objets vintage apportent de la personnalit\u00e9. Une <strong>table<\/strong><strong> en <\/strong><strong>bois<\/strong><strong>\u00a0<\/strong><strong>aux<\/strong>\u00a0<strong>pieds<\/strong><strong> en <\/strong><strong>fer<\/strong> et un <strong>meuble<\/strong><strong>\u00a0<\/strong><strong>m\u00e9tallique<\/strong>\u00a0peuvent\u00a0ainsi\u00a0d\u00e9limiter\u00a0les\u00a0diff\u00e9rentes zones sans rompre\u00a0la continuit\u00e9 de l\u2019espace.<\/p>\n\t\t\t\t\t\t<\/div>\n\t\t\t\t<\/div>\n\t\t\t\t<div class=\"elementor-element elementor-element-3ec7cb8 elementor-widget elementor-widget-heading\" data-id=\"3ec7cb8\" data-element_type=\"widget\" data-widget_type=\"heading.default\">\n\t\t\t\t<div class=\"elementor-widget-container\">\n\t\t\t<h3 class=\"elementor-heading-title elementor-size-default\">\u00c9clairage suspendu cibl\u00e9<\/h3>\t\t<\/div>\n\t\t\t\t<\/div>\n\t\t\t\t<div class=\"elementor-element elementor-element-b37fbe0 elementor-widget elementor-widget-text-editor\" data-id=\"b37fbe0\" data-element_type=\"widget\" data-widget_type=\"text-editor.default\">\n\t\t\t\t<div class=\"elementor-widget-container\">\n\t\t\t\t\t\t\t<p><strong>L\u2019<\/strong><strong>\u00e9clairage<\/strong><strong>\u00a0<\/strong><strong>suspendu<\/strong><strong>\u00a0<\/strong><strong>devient<\/strong><strong> un <\/strong><strong>\u00e9l\u00e9ment<\/strong><strong>\u00a0<\/strong><strong>phare<\/strong><strong>.<\/strong> De grandes suspensions m\u00e9talliques avec ampoules \u00e0 filament apparent rappellent l\u2019\u00e9clairage des anciennes usines et d\u00e9limitent visuellement l\u2019espace cuisine avec un effet \u00e0 la fois th\u00e9\u00e2tral et fonctionnel.<\/p>\n\t\t\t\t\t\t<\/div>\n\t\t\t\t<\/div>\n\t\t\t\t<div class=\"elementor-element elementor-element-362ae55 elementor-widget elementor-widget-image\" data-id=\"362ae55\" data-element_type=\"widget\" data-widget_type=\"image.default\">\n\t\t\t\t<div class=\"elementor-widget-container\">\n\t\t\t\t\t\t\t\t\t\t\t\t\t<img decoding=\"async\" width=\"1440\" height=\"811\" src=\"https:\/\/www.lafabbrica.it\/wp-content\/uploads\/2025\/07\/kist-v2.jpg\" class=\"attachment-full size-full wp-image-28882\" alt=\"\" srcset=\"https:\/\/www.lafabbrica.it\/wp-content\/uploads\/2025\/07\/kist-v2.jpg 1440w, https:\/\/www.lafabbrica.it\/wp-content\/uploads\/2025\/07\/kist-v2-300x169.jpg 300w, https:\/\/www.lafabbrica.it\/wp-content\/uploads\/2025\/07\/kist-v2-1024x577.jpg 1024w, https:\/\/www.lafabbrica.it\/wp-content\/uploads\/2025\/07\/kist-v2-768x433.jpg 768w\" sizes=\"(max-width: 1440px) 100vw, 1440px\" \/>\t\t\t\t\t\t\t\t\t\t\t\t\t<\/div>\n\t\t\t\t<\/div>\n\t\t\t\t<div class=\"elementor-element elementor-element-3fb9c9a elementor-widget elementor-widget-heading\" data-id=\"3fb9c9a\" data-element_type=\"widget\" data-widget_type=\"heading.default\">\n\t\t\t\t<div class=\"elementor-widget-container\">\n\t\t\t<h2 class=\"elementor-heading-title elementor-size-default\">Le charme intemporel de la brique apparente<\/h2>\t\t<\/div>\n\t\t\t\t<\/div>\n\t\t\t\t<div class=\"elementor-element elementor-element-0cfb974 elementor-widget elementor-widget-text-editor\" data-id=\"0cfb974\" data-element_type=\"widget\" data-widget_type=\"text-editor.default\">\n\t\t\t\t<div class=\"elementor-widget-container\">\n\t\t\t\t\t\t\tN\u00e9e\u00a0comme\u00a0<strong>\u00e9l\u00e9ment<\/strong><strong>\u00a0<\/strong><strong>structurel<\/strong>\u00a0dans\u00a0les\u00a0usines et entrep\u00f4ts de la fin du\u00a0XIXe si\u00e8cle, la <strong>brique<\/strong><strong> apparente<\/strong> est devenue, au fil du\u00a0temps, une v\u00e9ritable\u00a0ic\u00f4ne de l\u2019<strong>architecture<\/strong><strong>\u00a0<\/strong><strong>industrielle<\/strong>. Depuis\u00a0les lofts new-yorkais\u00a0des\u00a0ann\u00e9es 1970, cette\u00a0<strong>texture <\/strong><strong>mati\u00e8re<\/strong> continue d\u2019exercer son pouvoir de s\u00e9duction : elle raconte une histoire d\u2019authenticit\u00e9, de travail et de transformation.\r\n<br><br>\r\nAujourd\u2019hui, la brique est une pr\u00e9sence constante m\u00eame\u00a0dans\u00a0les cuisines modernes, en particulier\u00a0celles qui adoptent le <strong>style <\/strong><strong>industriel<\/strong>. Sa force visuelle suffit \u00e0 d\u00e9finir un mur entier, en ajoutant profondeur et caract\u00e8re sans n\u00e9cessiter de d\u00e9corations suppl\u00e9mentaires.\r\n<br><br>\r\nBien\u00a0entendu, il n\u2019est pas\u00a0toujours\u00a0possible (ni pratique) de conserver la brique d\u2019origine. C\u2019est l\u00e0 qu\u2019intervient\u00a0le <strong>gr\u00e8s<\/strong><strong>\u00a0<\/strong><strong>c\u00e9rame<\/strong><strong>\u00a0<\/strong><strong>effet<\/strong><strong> brick<\/strong>, qui reproduit fid\u00e8lement l\u2019esth\u00e9tique de la brique apparente tout en offrant de nombreux avantages : il est plus facile \u00e0 poser, ne n\u00e9cessite aucun traitement protecteur, se nettoie ais\u00e9ment et garantit une durabilit\u00e9 sup\u00e9rieure dans le temps.\t\t\t\t\t\t<\/div>\n\t\t\t\t<\/div>\n\t\t\t\t<\/div>\n\t\t<div data-dce-background-color=\"#F7F7F8\" class=\"elementor-element elementor-element-d3c0ce1 e-con-full e-flex e-con e-parent\" data-id=\"d3c0ce1\" data-element_type=\"container\" data-settings=\"{&quot;content_width&quot;:&quot;full&quot;,&quot;background_background&quot;:&quot;classic&quot;}\" data-core-v316-plus=\"true\">\n\t\t<div class=\"elementor-element elementor-element-1636cdb e-flex e-con-boxed e-con e-child\" data-id=\"1636cdb\" data-element_type=\"container\" data-settings=\"{&quot;content_width&quot;:&quot;boxed&quot;}\">\n\t\t\t\t\t<div class=\"e-con-inner\">\n\t\t<div class=\"elementor-element elementor-element-ad3018d e-con-full e-flex e-con e-child\" data-id=\"ad3018d\" data-element_type=\"container\" data-settings=\"{&quot;content_width&quot;:&quot;full&quot;}\">\n\t\t\t\t<div class=\"elementor-element elementor-element-8f1e566 elementor-widget elementor-widget-image\" data-id=\"8f1e566\" data-element_type=\"widget\" data-widget_type=\"image.default\">\n\t\t\t\t<div class=\"elementor-widget-container\">\n\t\t\t\t\t\t\t\t\t\t\t\t\t\t<a href=\"https:\/\/www.lafabbrica.it\/fr\/collections\/kist\/\">\n\t\t\t\t\t\t\t<img decoding=\"async\" width=\"820\" height=\"1200\" src=\"https:\/\/www.lafabbrica.it\/wp-content\/uploads\/2025\/07\/kist-v1.jpg\" class=\"attachment-full size-full wp-image-28870\" alt=\"\" srcset=\"https:\/\/www.lafabbrica.it\/wp-content\/uploads\/2025\/07\/kist-v1.jpg 820w, https:\/\/www.lafabbrica.it\/wp-content\/uploads\/2025\/07\/kist-v1-205x300.jpg 205w, https:\/\/www.lafabbrica.it\/wp-content\/uploads\/2025\/07\/kist-v1-700x1024.jpg 700w, https:\/\/www.lafabbrica.it\/wp-content\/uploads\/2025\/07\/kist-v1-768x1124.jpg 768w\" sizes=\"(max-width: 820px) 100vw, 820px\" \/>\t\t\t\t\t\t\t\t<\/a>\n\t\t\t\t\t\t\t\t\t\t\t\t\t<\/div>\n\t\t\t\t<\/div>\n\t\t\t\t<\/div>\n\t\t<div class=\"elementor-element elementor-element-bce2513 e-con-full e-flex e-con e-child\" data-id=\"bce2513\" data-element_type=\"container\" data-settings=\"{&quot;content_width&quot;:&quot;full&quot;}\">\n\t\t\t\t<div class=\"elementor-element elementor-element-ff24a59 elementor-widget elementor-widget-heading\" data-id=\"ff24a59\" data-element_type=\"widget\" data-widget_type=\"heading.default\">\n\t\t\t\t<div class=\"elementor-widget-container\">\n\t\t\t<h3 class=\"elementor-heading-title elementor-size-default\">KIST : le c\u0153ur brut du style industriel<\/h3>\t\t<\/div>\n\t\t\t\t<\/div>\n\t\t\t\t<div class=\"elementor-element elementor-element-61b66a4 elementor-widget elementor-widget-text-editor\" data-id=\"61b66a4\" data-element_type=\"widget\" data-widget_type=\"text-editor.default\">\n\t\t\t\t<div class=\"elementor-widget-container\">\n\t\t\t\t\t\t\tPour ceux qui appr\u00e9cient l\u2019aspect\u00a0v\u00e9cu et authentique\u00a0des\u00a0espaces post-industriels, une surface\u00a0effet\u00a0brique n\u2019a pas\u00a0besoin d\u2019\u00eatre\u00a0parfaite. La collection KIST s\u2019inspire\u00a0pr\u00e9cis\u00e9ment de cette\u00a0id\u00e9e :\u00a0<strong>palettes <\/strong><strong>poudr\u00e9es<\/strong><strong>, textures <\/strong><strong>brutes<\/strong><strong>, formats <\/strong><strong>volontairement<\/strong><strong>\u00a0<\/strong><strong>irr\u00e9guliers<\/strong>\u00a0imitent\u00a0avec\u00a0soin le charme brut d\u2019un mur de briques\u00a0r\u00e9cup\u00e9r\u00e9\u00a0dans un loft de Soho.\r\n<br><br>\r\n<strong>Id\u00e9al<\/strong><strong>e<\/strong><strong>\u00a0<\/strong><strong>dans<\/strong><strong>\u00a0<\/strong><strong>des<\/strong><strong> cuisines \u00e0 l\u2019<\/strong><strong>\u00e2me<\/strong><strong>\u00a0<\/strong><strong>authentique<\/strong><strong>, <\/strong><strong>o\u00f9<\/strong><strong> le <\/strong><strong>bois<\/strong><strong> brut, le <\/strong><strong>m\u00e9tal<\/strong><strong> bruni et le <\/strong><strong>b\u00e9ton<\/strong><strong>\u00a0<\/strong><strong>apparent<\/strong><strong>\u00a0<\/strong><strong>dialoguent<\/strong><strong>\u00a0<\/strong><strong>sans <\/strong><strong>effort<\/strong><strong>\u00a0<\/strong><strong>entre<\/strong><strong>\u00a0<\/strong><strong>eux<\/strong><strong>.<\/strong>\r\nKIST trouve\u00a0parfaitement sa place derri\u00e8re une cuisine avec\u00a0des\u00a0meubles\u00a0hauts en fer\u00a0peint, \u00e0 c\u00f4t\u00e9 d\u2019un plan de travail en b\u00e9ton\u00a0ou en pierre. Chaque\u00a0brique\u00a0devient une pi\u00e8ce d\u2019un r\u00e9cit\u00a0urbain, fait de mat\u00e9riaux\u00a0sinc\u00e8res et d\u2019ambiances\u00a0m\u00e9tropolitaines.\t\t\t\t\t\t<\/div>\n\t\t\t\t<\/div>\n\t\t\t\t<\/div>\n\t\t\t\t\t<\/div>\n\t\t\t\t<\/div>\n\t\t<div class=\"elementor-element elementor-element-e3faaaf e-flex e-con-boxed e-con e-child\" data-id=\"e3faaaf\" data-element_type=\"container\" data-settings=\"{&quot;content_width&quot;:&quot;boxed&quot;}\">\n\t\t\t\t\t<div class=\"e-con-inner\">\n\t\t<div class=\"elementor-element elementor-element-492f299 e-con-full e-flex e-con e-child\" data-id=\"492f299\" data-element_type=\"container\" data-settings=\"{&quot;content_width&quot;:&quot;full&quot;}\">\n\t\t\t\t<div class=\"elementor-element elementor-element-451370d elementor-widget elementor-widget-heading\" data-id=\"451370d\" data-element_type=\"widget\" data-widget_type=\"heading.default\">\n\t\t\t\t<div class=\"elementor-widget-container\">\n\t\t\t<h3 class=\"elementor-heading-title elementor-size-default\">KIST LUX : le c\u00f4t\u00e9 sophistiqu\u00e9 de la brique<\/h3>\t\t<\/div>\n\t\t\t\t<\/div>\n\t\t\t\t<div class=\"elementor-element elementor-element-c1667bb elementor-widget elementor-widget-text-editor\" data-id=\"c1667bb\" data-element_type=\"widget\" data-widget_type=\"text-editor.default\">\n\t\t\t\t<div class=\"elementor-widget-container\">\n\t\t\t\t\t\t\t<strong>Si le style <\/strong><strong>industriel<\/strong><strong> t\u2019<\/strong><strong>attire<\/strong><strong> mais <\/strong><strong>que<\/strong><strong> tu <\/strong><strong>recherches<\/strong><strong> une touche plus glamour<\/strong>, KIST LUX r\u00e9interpr\u00e8te le concept de la brique en y ajoutant une <strong>surface<\/strong><strong>\u00a0<\/strong><strong>\u00e9maill\u00e9e<\/strong> qui refl\u00e8te la lumi\u00e8re avec\u00a0\u00e9l\u00e9gance. Le r\u00e9sultat : un mur\u00a0lumineux, presque\u00a0vitrifi\u00e9, qui \u00e9voque\u00a0les\u00a0<strong>briques<\/strong><strong>\u00a0<\/strong><strong>\u00e9maill\u00e9es<\/strong>\u00a0typiques\u00a0des lofts artistiques.\r\n<br><br>\r\nParfaite pour les\u00a0espaces\u00a0ouverts\u00a0o\u00f9 la lumi\u00e8re naturelle\u00a0joue un r\u00f4le central, KIST LUX se marie \u00e0 des\u00a0mat\u00e9riaux plus raffin\u00e9s : plans de travail en marbre, suspensions\u00a0dor\u00e9es, assises en cuir vintage ou en velours. <strong>Le <\/strong><strong>r\u00e9sultat<\/strong><strong> est un <\/strong><strong>\u00e9quilibre<\/strong><strong>\u00a0<\/strong><strong>entre<\/strong><strong> la <\/strong><strong>rigueur<\/strong><strong>\u00a0<\/strong><strong>industrielle<\/strong><strong> et le <\/strong><strong>raffinement<\/strong><strong>\u00a0<\/strong><strong>urbain<\/strong>, avec une palette chromatique qui accentue\u00a0les jeux de lumi\u00e8re et rend\u00a0l\u2019espace encore plus accueillant.\t\t\t\t\t\t<\/div>\n\t\t\t\t<\/div>\n\t\t\t\t<\/div>\n\t\t<div class=\"elementor-element elementor-element-1b8be73 e-con-full e-flex e-con e-child\" data-id=\"1b8be73\" data-element_type=\"container\" data-settings=\"{&quot;content_width&quot;:&quot;full&quot;}\">\n\t\t\t\t<div class=\"elementor-element elementor-element-073cdbb elementor-widget elementor-widget-image\" data-id=\"073cdbb\" data-element_type=\"widget\" data-widget_type=\"image.default\">\n\t\t\t\t<div class=\"elementor-widget-container\">\n\t\t\t\t\t\t\t\t\t\t\t\t\t\t<a href=\"https:\/\/www.lafabbrica.it\/fr\/collections\/kist-lux\/\">\n\t\t\t\t\t\t\t<img loading=\"lazy\" decoding=\"async\" width=\"820\" height=\"1200\" src=\"https:\/\/www.lafabbrica.it\/wp-content\/uploads\/2025\/07\/kist-v6.jpg\" class=\"attachment-full size-full wp-image-28898\" alt=\"\" srcset=\"https:\/\/www.lafabbrica.it\/wp-content\/uploads\/2025\/07\/kist-v6.jpg 820w, https:\/\/www.lafabbrica.it\/wp-content\/uploads\/2025\/07\/kist-v6-205x300.jpg 205w, https:\/\/www.lafabbrica.it\/wp-content\/uploads\/2025\/07\/kist-v6-700x1024.jpg 700w, https:\/\/www.lafabbrica.it\/wp-content\/uploads\/2025\/07\/kist-v6-768x1124.jpg 768w\" sizes=\"(max-width: 820px) 100vw, 820px\" \/>\t\t\t\t\t\t\t\t<\/a>\n\t\t\t\t\t\t\t\t\t\t\t\t\t<\/div>\n\t\t\t\t<\/div>\n\t\t\t\t<\/div>\n\t\t\t\t\t<\/div>\n\t\t\t\t<\/div>\n\t\t<div class=\"elementor-element elementor-element-507d74e e-flex e-con-boxed e-con e-child\" data-id=\"507d74e\" data-element_type=\"container\" data-settings=\"{&quot;content_width&quot;:&quot;boxed&quot;}\">\n\t\t\t\t\t<div class=\"e-con-inner\">\n\t\t<div class=\"elementor-element elementor-element-e0c320c e-con-full e-flex e-con e-child\" data-id=\"e0c320c\" data-element_type=\"container\" data-settings=\"{&quot;content_width&quot;:&quot;full&quot;}\">\n\t\t\t\t<div class=\"elementor-element elementor-element-024ac76 elementor-widget elementor-widget-image\" data-id=\"024ac76\" data-element_type=\"widget\" data-widget_type=\"image.default\">\n\t\t\t\t<div class=\"elementor-widget-container\">\n\t\t\t\t\t\t\t\t\t\t\t\t\t<img loading=\"lazy\" decoding=\"async\" width=\"820\" height=\"1200\" src=\"https:\/\/www.lafabbrica.it\/wp-content\/uploads\/2025\/07\/fab_ok.jpg\" class=\"attachment-full size-full wp-image-28932\" alt=\"\" srcset=\"https:\/\/www.lafabbrica.it\/wp-content\/uploads\/2025\/07\/fab_ok.jpg 820w, https:\/\/www.lafabbrica.it\/wp-content\/uploads\/2025\/07\/fab_ok-205x300.jpg 205w, https:\/\/www.lafabbrica.it\/wp-content\/uploads\/2025\/07\/fab_ok-700x1024.jpg 700w, https:\/\/www.lafabbrica.it\/wp-content\/uploads\/2025\/07\/fab_ok-768x1124.jpg 768w\" sizes=\"(max-width: 820px) 100vw, 820px\" \/>\t\t\t\t\t\t\t\t\t\t\t\t\t<\/div>\n\t\t\t\t<\/div>\n\t\t\t\t<\/div>\n\t\t<div class=\"elementor-element elementor-element-b4eb40a e-con-full e-flex e-con e-child\" data-id=\"b4eb40a\" data-element_type=\"container\" data-settings=\"{&quot;content_width&quot;:&quot;full&quot;}\">\n\t\t\t\t<div class=\"elementor-element elementor-element-cd5684f elementor-widget elementor-widget-heading\" data-id=\"cd5684f\" data-element_type=\"widget\" data-widget_type=\"heading.default\">\n\t\t\t\t<div class=\"elementor-widget-container\">\n\t\t\t<h3 class=\"elementor-heading-title elementor-size-default\">Conseils de pose : du calepinage aux joints<\/h3>\t\t<\/div>\n\t\t\t\t<\/div>\n\t\t\t\t<div class=\"elementor-element elementor-element-ba1acb8 elementor-widget elementor-widget-text-editor\" data-id=\"ba1acb8\" data-element_type=\"widget\" data-widget_type=\"text-editor.default\">\n\t\t\t\t<div class=\"elementor-widget-container\">\n\t\t\t\t\t\t\t<p>Pour obtenir un r\u00e9sultat v\u00e9ritablement saisissant avec les carreaux effet brique, il est essentiel de soigner la <strong>pose et <\/strong><strong>les<\/strong><strong>\u00a0<\/strong><strong>d\u00e9tails<\/strong>. Les\u00a0sch\u00e9mas en <strong>pose <\/strong><strong>d\u00e9cal\u00e9e <\/strong>(type\u00a0brickwork) sont\u00a0les plus adapt\u00e9s pour \u00e9voquer la pose traditionnelle\u00a0des\u00a0briques.<\/p>\n<p>Les\u00a0<strong>joints<\/strong>\u00a0m\u00e9ritent une attention\u00a0particuli\u00e8re : pour <strong>KIST LUX<\/strong>, un <strong>joint<\/strong><strong> fin<\/strong> (2-3 mm) et une couleur ton sur ton avec\u00a0le\u00a0carreau\u00a0sont\u00a0recommand\u00e9s, pour un effet plus harmonieux et sophistiqu\u00e9. <strong>KIST<\/strong>, en revanche, requiert\u00a0des\u00a0<strong>joints plus <\/strong><strong>marqu\u00e9s<\/strong> (5 mm), id\u00e9aux pour valoriser la g\u00e9om\u00e9trie\u00a0irr\u00e9guli\u00e8re\u00a0du\u00a0motif et obtenir un contraste plus fort\u00a0ainsi\u00a0qu\u2019un design authentique.<\/p>\n<p>Que\u00a0vous\u00a0choisissiez la mati\u00e8re brute de KIST ou la touche lumineuse de KIST LUX, la <strong>brique<\/strong><strong> apparente <\/strong><strong>r\u00e9interpr\u00e9t\u00e9e<\/strong><strong> en gr\u00e8s <\/strong><strong>c\u00e9rame<\/strong> reste l\u2019une des\u00a0solutions\u00a0les plus \u00e9vocatrices pour personnaliser une cuisine industrielle. Un \u00e9l\u00e9ment\u00a0intemporel qui continue de faire\u00a0parler de lui.<\/p>\n\t\t\t\t\t\t<\/div>\n\t\t\t\t<\/div>\n\t\t\t\t<\/div>\n\t\t\t\t\t<\/div>\n\t\t\t\t<\/div>\n\t\t\t\t<\/div>\n\t\t<div class=\"elementor-element elementor-element-e34f0bb e-con-full e-flex e-con e-parent\" data-id=\"e34f0bb\" data-element_type=\"container\" data-settings=\"{&quot;content_width&quot;:&quot;full&quot;}\" data-core-v316-plus=\"true\">\n\t\t\t\t<div class=\"elementor-element elementor-element-ed90ff5 elementor-align-center elementor-widget elementor-widget-button\" data-id=\"ed90ff5\" data-element_type=\"widget\" data-widget_type=\"button.default\">\n\t\t\t\t<div class=\"elementor-widget-container\">\n\t\t\t\t\t<div class=\"elementor-button-wrapper\">\n\t\t\t<a class=\"elementor-button elementor-button-link elementor-size-md\" href=\"https:\/\/www.lafabbrica.it\/fr\/blog-2024\/\">\n\t\t\t\t\t\t<span class=\"elementor-button-content-wrapper\">\n\t\t\t\t\t\t<span class=\"elementor-button-text\">Continuez \u00e0 lire sur LA FABBRICA AVA<\/span>\n\t\t<\/span>\n\t\t\t\t\t<\/a>\n\t\t<\/div>\n\t\t\t\t<\/div>\n\t\t\t\t<\/div>\n\t\t\t\t<\/div>\n\t\t\t\t<\/div>\n\t\t","protected":false},"excerpt":{"rendered":"<p>Les cuisines industrielles s\u00e9duisent de plus en plus les passionn\u00e9s de design d\u2019int\u00e9rieur \u2013 et ce n\u2019est pas un hasard.<\/p>\n","protected":false},"author":1,"featured_media":28945,"comment_status":"closed","ping_status":"closed","sticky":false,"template":"","format":"standard","meta":{"_acf_changed":false,"site-sidebar-layout":"default","site-content-layout":"","ast-site-content-layout":"default","site-content-style":"default","site-sidebar-style":"default","ast-global-header-display":"","ast-banner-title-visibility":"","ast-main-header-display":"","ast-hfb-above-header-display":"","ast-hfb-below-header-display":"","ast-hfb-mobile-header-display":"","site-post-title":"","ast-breadcrumbs-content":"","ast-featured-img":"","footer-sml-layout":"","theme-transparent-header-meta":"","adv-header-id-meta":"","stick-header-meta":"","header-above-stick-meta":"","header-main-stick-meta":"","header-below-stick-meta":"","astra-migrate-meta-layouts":"default","ast-page-background-enabled":"default","ast-page-background-meta":{"desktop":{"background-color":"var(--ast-global-color-4)","background-image":"","background-repeat":"repeat","background-position":"center center","background-size":"auto","background-attachment":"scroll","background-type":"","background-media":"","overlay-type":"","overlay-color":"","overlay-gradient":""},"tablet":{"background-color":"","background-image":"","background-repeat":"repeat","background-position":"center center","background-size":"auto","background-attachment":"scroll","background-type":"","background-media":"","overlay-type":"","overlay-color":"","overlay-gradient":""},"mobile":{"background-color":"","background-image":"","background-repeat":"repeat","background-position":"center center","background-size":"auto","background-attachment":"scroll","background-type":"","background-media":"","overlay-type":"","overlay-color":"","overlay-gradient":""}},"ast-content-background-meta":{"desktop":{"background-color":"var(--ast-global-color-5)","background-image":"","background-repeat":"repeat","background-position":"center center","background-size":"auto","background-attachment":"scroll","background-type":"","background-media":"","overlay-type":"","overlay-color":"","overlay-gradient":""},"tablet":{"background-color":"var(--ast-global-color-5)","background-image":"","background-repeat":"repeat","background-position":"center center","background-size":"auto","background-attachment":"scroll","background-type":"","background-media":"","overlay-type":"","overlay-color":"","overlay-gradient":""},"mobile":{"background-color":"var(--ast-global-color-5)","background-image":"","background-repeat":"repeat","background-position":"center center","background-size":"auto","background-attachment":"scroll","background-type":"","background-media":"","overlay-type":"","overlay-color":"","overlay-gradient":""}},"footnotes":""},"categories":[1241],"tags":[],"class_list":["post-28862","post","type-post","status-publish","format-standard","has-post-thumbnail","hentry","category-blog-fr"],"acf":[],"yoast_head":"<!-- This site is optimized with the Yoast SEO plugin v22.0 - https:\/\/yoast.com\/wordpress\/plugins\/seo\/ -->\n<title>Cuisine industrielle et open space : un duo parfait - La Fabbrica AVA<\/title>\n<meta name=\"description\" content=\"Les cuisines industrielles s\u00e9duisent de plus en plus les passionn\u00e9s de design d\u2019int\u00e9rieur \u2013 et ce n\u2019est pas un hasard.\" \/>\n<meta name=\"robots\" content=\"index, follow, max-snippet:-1, max-image-preview:large, max-video-preview:-1\" \/>\n<link rel=\"canonical\" href=\"https:\/\/www.lafabbrica.it\/fr\/cuisine-industrielle-et-open-space-un-duo-parfait\/\" \/>\n<meta property=\"og:locale\" content=\"fr_FR\" \/>\n<meta property=\"og:type\" content=\"article\" \/>\n<meta property=\"og:title\" content=\"Cuisine industrielle et open space : un duo parfait - La Fabbrica AVA\" \/>\n<meta property=\"og:description\" content=\"Les cuisines industrielles s\u00e9duisent de plus en plus les passionn\u00e9s de design d\u2019int\u00e9rieur \u2013 et ce n\u2019est pas un hasard.\" \/>\n<meta property=\"og:url\" content=\"https:\/\/www.lafabbrica.it\/fr\/cuisine-industrielle-et-open-space-un-duo-parfait\/\" \/>\n<meta property=\"og:site_name\" content=\"La Fabbrica AVA\" \/>\n<meta property=\"article:published_time\" content=\"2025-08-25T07:00:16+00:00\" \/>\n<meta property=\"article:modified_time\" content=\"2025-08-25T07:37:04+00:00\" \/>\n<meta property=\"og:image\" content=\"https:\/\/www.lafabbrica.it\/wp-content\/uploads\/2025\/07\/cucina-lista.jpg\" \/>\n\t<meta property=\"og:image:width\" content=\"880\" \/>\n\t<meta property=\"og:image:height\" content=\"860\" \/>\n\t<meta property=\"og:image:type\" content=\"image\/jpeg\" \/>\n<meta name=\"author\" content=\"admin\" \/>\n<meta name=\"twitter:card\" content=\"summary_large_image\" \/>\n<meta name=\"twitter:label1\" content=\"\u00c9crit par\" \/>\n\t<meta name=\"twitter:data1\" content=\"admin\" \/>\n\t<meta name=\"twitter:label2\" content=\"Dur\u00e9e de lecture estim\u00e9e\" \/>\n\t<meta name=\"twitter:data2\" content=\"6 minutes\" \/>\n<script type=\"application\/ld+json\" class=\"yoast-schema-graph\">{\"@context\":\"https:\/\/schema.org\",\"@graph\":[{\"@type\":\"Article\",\"@id\":\"https:\/\/www.lafabbrica.it\/fr\/cuisine-industrielle-et-open-space-un-duo-parfait\/#article\",\"isPartOf\":{\"@id\":\"https:\/\/www.lafabbrica.it\/fr\/cuisine-industrielle-et-open-space-un-duo-parfait\/\"},\"author\":{\"name\":\"admin\",\"@id\":\"https:\/\/www.lafabbrica.it\/fr\/#\/schema\/person\/9854f3650eab7e4334e66d22de09296a\"},\"headline\":\"Cuisine industrielle et open space : un duo parfait\",\"datePublished\":\"2025-08-25T07:00:16+00:00\",\"dateModified\":\"2025-08-25T07:37:04+00:00\",\"mainEntityOfPage\":{\"@id\":\"https:\/\/www.lafabbrica.it\/fr\/cuisine-industrielle-et-open-space-un-duo-parfait\/\"},\"wordCount\":1103,\"publisher\":{\"@id\":\"https:\/\/www.lafabbrica.it\/fr\/#organization\"},\"articleSection\":[\"Blog\"],\"inLanguage\":\"fr-FR\"},{\"@type\":\"WebPage\",\"@id\":\"https:\/\/www.lafabbrica.it\/fr\/cuisine-industrielle-et-open-space-un-duo-parfait\/\",\"url\":\"https:\/\/www.lafabbrica.it\/fr\/cuisine-industrielle-et-open-space-un-duo-parfait\/\",\"name\":\"Cuisine industrielle et open space : un duo parfait - La Fabbrica AVA\",\"isPartOf\":{\"@id\":\"https:\/\/www.lafabbrica.it\/fr\/#website\"},\"datePublished\":\"2025-08-25T07:00:16+00:00\",\"dateModified\":\"2025-08-25T07:37:04+00:00\",\"description\":\"Les cuisines industrielles s\u00e9duisent de plus en plus les passionn\u00e9s de design d\u2019int\u00e9rieur \u2013 et ce n\u2019est pas un hasard.\",\"breadcrumb\":{\"@id\":\"https:\/\/www.lafabbrica.it\/fr\/cuisine-industrielle-et-open-space-un-duo-parfait\/#breadcrumb\"},\"inLanguage\":\"fr-FR\",\"potentialAction\":[{\"@type\":\"ReadAction\",\"target\":[\"https:\/\/www.lafabbrica.it\/fr\/cuisine-industrielle-et-open-space-un-duo-parfait\/\"]}]},{\"@type\":\"BreadcrumbList\",\"@id\":\"https:\/\/www.lafabbrica.it\/fr\/cuisine-industrielle-et-open-space-un-duo-parfait\/#breadcrumb\",\"itemListElement\":[{\"@type\":\"ListItem\",\"position\":1,\"name\":\"Home\",\"item\":\"https:\/\/www.lafabbrica.it\/fr\/\"},{\"@type\":\"ListItem\",\"position\":2,\"name\":\"Cuisine industrielle et open space : un duo parfait\"}]},{\"@type\":\"WebSite\",\"@id\":\"https:\/\/www.lafabbrica.it\/fr\/#website\",\"url\":\"https:\/\/www.lafabbrica.it\/fr\/\",\"name\":\"La Fabbrica AVA\",\"description\":\"\",\"publisher\":{\"@id\":\"https:\/\/www.lafabbrica.it\/fr\/#organization\"},\"potentialAction\":[{\"@type\":\"SearchAction\",\"target\":{\"@type\":\"EntryPoint\",\"urlTemplate\":\"https:\/\/www.lafabbrica.it\/fr\/?s={search_term_string}\"},\"query-input\":\"required name=search_term_string\"}],\"inLanguage\":\"fr-FR\"},{\"@type\":\"Organization\",\"@id\":\"https:\/\/www.lafabbrica.it\/fr\/#organization\",\"name\":\"La Fabbrica AVA\",\"url\":\"https:\/\/www.lafabbrica.it\/fr\/\",\"logo\":{\"@type\":\"ImageObject\",\"inLanguage\":\"fr-FR\",\"@id\":\"https:\/\/www.lafabbrica.it\/fr\/#\/schema\/logo\/image\/\",\"url\":\"https:\/\/www.lafabbrica.it\/wp-content\/uploads\/2023\/08\/Senza-titolo-1.png\",\"contentUrl\":\"https:\/\/www.lafabbrica.it\/wp-content\/uploads\/2023\/08\/Senza-titolo-1.png\",\"width\":567,\"height\":240,\"caption\":\"La Fabbrica AVA\"},\"image\":{\"@id\":\"https:\/\/www.lafabbrica.it\/fr\/#\/schema\/logo\/image\/\"}},{\"@type\":\"Person\",\"@id\":\"https:\/\/www.lafabbrica.it\/fr\/#\/schema\/person\/9854f3650eab7e4334e66d22de09296a\",\"name\":\"admin\",\"sameAs\":[\"http:\/\/www.lafabbrica.it\"],\"url\":\"https:\/\/www.lafabbrica.it\/fr\/author\/admin\/\"}]}<\/script>\n<!-- \/ Yoast SEO plugin. -->","yoast_head_json":{"title":"Cuisine industrielle et open space : un duo parfait - La Fabbrica AVA","description":"Les cuisines industrielles s\u00e9duisent de plus en plus les passionn\u00e9s de design d\u2019int\u00e9rieur \u2013 et ce n\u2019est pas un hasard.","robots":{"index":"index","follow":"follow","max-snippet":"max-snippet:-1","max-image-preview":"max-image-preview:large","max-video-preview":"max-video-preview:-1"},"canonical":"https:\/\/www.lafabbrica.it\/fr\/cuisine-industrielle-et-open-space-un-duo-parfait\/","og_locale":"fr_FR","og_type":"article","og_title":"Cuisine industrielle et open space : un duo parfait - La Fabbrica AVA","og_description":"Les cuisines industrielles s\u00e9duisent de plus en plus les passionn\u00e9s de design d\u2019int\u00e9rieur \u2013 et ce n\u2019est pas un hasard.","og_url":"https:\/\/www.lafabbrica.it\/fr\/cuisine-industrielle-et-open-space-un-duo-parfait\/","og_site_name":"La Fabbrica AVA","article_published_time":"2025-08-25T07:00:16+00:00","article_modified_time":"2025-08-25T07:37:04+00:00","og_image":[{"width":880,"height":860,"url":"https:\/\/www.lafabbrica.it\/wp-content\/uploads\/2025\/07\/cucina-lista.jpg","type":"image\/jpeg"}],"author":"admin","twitter_card":"summary_large_image","twitter_misc":{"\u00c9crit par":"admin","Dur\u00e9e de lecture estim\u00e9e":"6 minutes"},"schema":{"@context":"https:\/\/schema.org","@graph":[{"@type":"Article","@id":"https:\/\/www.lafabbrica.it\/fr\/cuisine-industrielle-et-open-space-un-duo-parfait\/#article","isPartOf":{"@id":"https:\/\/www.lafabbrica.it\/fr\/cuisine-industrielle-et-open-space-un-duo-parfait\/"},"author":{"name":"admin","@id":"https:\/\/www.lafabbrica.it\/fr\/#\/schema\/person\/9854f3650eab7e4334e66d22de09296a"},"headline":"Cuisine industrielle et open space : un duo parfait","datePublished":"2025-08-25T07:00:16+00:00","dateModified":"2025-08-25T07:37:04+00:00","mainEntityOfPage":{"@id":"https:\/\/www.lafabbrica.it\/fr\/cuisine-industrielle-et-open-space-un-duo-parfait\/"},"wordCount":1103,"publisher":{"@id":"https:\/\/www.lafabbrica.it\/fr\/#organization"},"articleSection":["Blog"],"inLanguage":"fr-FR"},{"@type":"WebPage","@id":"https:\/\/www.lafabbrica.it\/fr\/cuisine-industrielle-et-open-space-un-duo-parfait\/","url":"https:\/\/www.lafabbrica.it\/fr\/cuisine-industrielle-et-open-space-un-duo-parfait\/","name":"Cuisine industrielle et open space : un duo parfait - La Fabbrica AVA","isPartOf":{"@id":"https:\/\/www.lafabbrica.it\/fr\/#website"},"datePublished":"2025-08-25T07:00:16+00:00","dateModified":"2025-08-25T07:37:04+00:00","description":"Les cuisines industrielles s\u00e9duisent de plus en plus les passionn\u00e9s de design d\u2019int\u00e9rieur \u2013 et ce n\u2019est pas un hasard.","breadcrumb":{"@id":"https:\/\/www.lafabbrica.it\/fr\/cuisine-industrielle-et-open-space-un-duo-parfait\/#breadcrumb"},"inLanguage":"fr-FR","potentialAction":[{"@type":"ReadAction","target":["https:\/\/www.lafabbrica.it\/fr\/cuisine-industrielle-et-open-space-un-duo-parfait\/"]}]},{"@type":"BreadcrumbList","@id":"https:\/\/www.lafabbrica.it\/fr\/cuisine-industrielle-et-open-space-un-duo-parfait\/#breadcrumb","itemListElement":[{"@type":"ListItem","position":1,"name":"Home","item":"https:\/\/www.lafabbrica.it\/fr\/"},{"@type":"ListItem","position":2,"name":"Cuisine industrielle et open space : un duo parfait"}]},{"@type":"WebSite","@id":"https:\/\/www.lafabbrica.it\/fr\/#website","url":"https:\/\/www.lafabbrica.it\/fr\/","name":"La Fabbrica AVA","description":"","publisher":{"@id":"https:\/\/www.lafabbrica.it\/fr\/#organization"},"potentialAction":[{"@type":"SearchAction","target":{"@type":"EntryPoint","urlTemplate":"https:\/\/www.lafabbrica.it\/fr\/?s={search_term_string}"},"query-input":"required name=search_term_string"}],"inLanguage":"fr-FR"},{"@type":"Organization","@id":"https:\/\/www.lafabbrica.it\/fr\/#organization","name":"La Fabbrica AVA","url":"https:\/\/www.lafabbrica.it\/fr\/","logo":{"@type":"ImageObject","inLanguage":"fr-FR","@id":"https:\/\/www.lafabbrica.it\/fr\/#\/schema\/logo\/image\/","url":"https:\/\/www.lafabbrica.it\/wp-content\/uploads\/2023\/08\/Senza-titolo-1.png","contentUrl":"https:\/\/www.lafabbrica.it\/wp-content\/uploads\/2023\/08\/Senza-titolo-1.png","width":567,"height":240,"caption":"La Fabbrica AVA"},"image":{"@id":"https:\/\/www.lafabbrica.it\/fr\/#\/schema\/logo\/image\/"}},{"@type":"Person","@id":"https:\/\/www.lafabbrica.it\/fr\/#\/schema\/person\/9854f3650eab7e4334e66d22de09296a","name":"admin","sameAs":["http:\/\/www.lafabbrica.it"],"url":"https:\/\/www.lafabbrica.it\/fr\/author\/admin\/"}]}},"_links":{"self":[{"href":"https:\/\/www.lafabbrica.it\/fr\/wp-json\/wp\/v2\/posts\/28862","targetHints":{"allow":["GET"]}}],"collection":[{"href":"https:\/\/www.lafabbrica.it\/fr\/wp-json\/wp\/v2\/posts"}],"about":[{"href":"https:\/\/www.lafabbrica.it\/fr\/wp-json\/wp\/v2\/types\/post"}],"author":[{"embeddable":true,"href":"https:\/\/www.lafabbrica.it\/fr\/wp-json\/wp\/v2\/users\/1"}],"replies":[{"embeddable":true,"href":"https:\/\/www.lafabbrica.it\/fr\/wp-json\/wp\/v2\/comments?post=28862"}],"version-history":[{"count":0,"href":"https:\/\/www.lafabbrica.it\/fr\/wp-json\/wp\/v2\/posts\/28862\/revisions"}],"wp:featuredmedia":[{"embeddable":true,"href":"https:\/\/www.lafabbrica.it\/fr\/wp-json\/wp\/v2\/media\/28945"}],"wp:attachment":[{"href":"https:\/\/www.lafabbrica.it\/fr\/wp-json\/wp\/v2\/media?parent=28862"}],"wp:term":[{"taxonomy":"category","embeddable":true,"href":"https:\/\/www.lafabbrica.it\/fr\/wp-json\/wp\/v2\/categories?post=28862"},{"taxonomy":"post_tag","embeddable":true,"href":"https:\/\/www.lafabbrica.it\/fr\/wp-json\/wp\/v2\/tags?post=28862"}],"curies":[{"name":"wp","href":"https:\/\/api.w.org\/{rel}","templated":true}]}}