{"id":27808,"date":"2025-07-23T08:28:15","date_gmt":"2025-07-23T07:28:15","guid":{"rendered":"https:\/\/www.lafabbrica.it\/?p=27808"},"modified":"2025-07-23T08:05:22","modified_gmt":"2025-07-23T07:05:22","slug":"couleur-beige-comment-lassocier-sans-tomber-dans-la-monotonie","status":"publish","type":"post","link":"https:\/\/www.lafabbrica.it\/fr\/couleur-beige-comment-lassocier-sans-tomber-dans-la-monotonie\/","title":{"rendered":"Couleur beige : comment l\u2019associer sans tomber dans la monotonie"},"content":{"rendered":"\t\t<div data-elementor-type=\"wp-post\" data-elementor-id=\"27808\" class=\"elementor elementor-27808 elementor-27805\" data-elementor-post-type=\"post\">\n\t\t\t\t<div data-dce-background-color=\"#FFFFFF\" class=\"elementor-element elementor-element-99db600 e-con-full e-flex e-con e-parent\" data-id=\"99db600\" data-element_type=\"container\" data-settings=\"{&quot;content_width&quot;:&quot;full&quot;,&quot;background_background&quot;:&quot;classic&quot;}\" data-core-v316-plus=\"true\">\n\t\t\t\t<div class=\"elementor-element elementor-element-af233c5 elementor-widget elementor-widget-heading\" data-id=\"af233c5\" data-element_type=\"widget\" data-widget_type=\"heading.default\">\n\t\t\t\t<div class=\"elementor-widget-container\">\n\t\t\t<h1 class=\"elementor-heading-title elementor-size-default\">Couleur beige : comment l\u2019associer sans tomber dans la monotonie<\/h1>\t\t<\/div>\n\t\t\t\t<\/div>\n\t\t\t\t<div class=\"elementor-element elementor-element-746b0db elementor-widget elementor-widget-heading\" data-id=\"746b0db\" data-element_type=\"widget\" data-widget_type=\"heading.default\">\n\t\t\t\t<div class=\"elementor-widget-container\">\n\t\t\t<h2 class=\"elementor-heading-title elementor-size-default\">Couleur beige : origine, nuances, significations<\/h2>\t\t<\/div>\n\t\t\t\t<\/div>\n\t\t\t\t<div class=\"elementor-element elementor-element-2399bc4 elementor-widget elementor-widget-text-editor\" data-id=\"2399bc4\" data-element_type=\"widget\" data-widget_type=\"text-editor.default\">\n\t\t\t\t<div class=\"elementor-widget-container\">\n\t\t\t\t\t\t\t<p><strong>Souvent<\/strong><strong>\u00a0<\/strong><strong>sous-estim\u00e9<\/strong><strong>\u00a0<\/strong><strong>comme<\/strong><strong> un neutre <\/strong><strong>banal<\/strong><strong>, le beige cache en <\/strong><strong>r\u00e9alit\u00e9<\/strong><strong> une <\/strong><strong>richesse<\/strong><strong>\u00a0<\/strong><strong>chromatique<\/strong><strong> et <\/strong><strong>des<\/strong><strong>\u00a0<\/strong><strong>significations<\/strong><strong>\u00a0<\/strong><strong>profondes<\/strong><strong>.<\/strong>\u00a0Le mot\u00a0<em>beige<\/em>\u00a0vient\u00a0du\u00a0fran\u00e7ais et d\u00e9signait \u00e0 l\u2019origine la couleur\u00a0naturelle de la laine : en m\u00e9langeant le blanc et le brun, on obtient en effet\u00a0<strong>une <\/strong><strong>teinte<\/strong><strong>\u00a0<\/strong><strong>claire<\/strong><strong> et <\/strong><strong>douce<\/strong><strong>, qui <\/strong><strong>\u00e9voque<\/strong><strong>\u00a0<\/strong><strong>imm\u00e9diatement<\/strong><strong> calme, d\u00e9tente et <\/strong><strong>\u00e9l\u00e9gance<\/strong>, tout en apportant de la luminosit\u00e9\u00a0et en rendant\u00a0les\u00a0espaces\u00a0visuellement plus vastes et accueillants.<\/p>\n<p><strong>Les<\/strong><strong> nuances de beige <\/strong><strong>sont<\/strong><strong>\u00a0<\/strong><strong>pratiquement<\/strong><strong>\u00a0<\/strong><strong>infinies<\/strong><strong> : <\/strong><strong>du<\/strong><strong> beige <\/strong><strong>sable<\/strong><strong>\u00a0<\/strong><strong>clair<\/strong><strong> \u00e0 l\u2019\u00e9cru, en passant par <\/strong><strong>des<\/strong><strong>\u00a0<\/strong><strong>tonalit\u00e9s<\/strong><strong> plus <\/strong><strong>chaudes<\/strong><strong>\u00a0<\/strong><strong>comme<\/strong><strong> le <\/strong><strong>taupe<\/strong><strong>\u00a0<\/strong><strong>ou<\/strong><strong> le rose <\/strong><strong>taupe<\/strong>, jusqu\u2019\u00e0\u00a0des\u00a0variantes plus fonc\u00e9es\u00a0comme le kaki. Cette\u00a0diversit\u00e9\u00a0permet de moduler l\u2019ambiance : un beige ros\u00e9 cr\u00e9e une atmosph\u00e8re intime et enveloppante, tandis\u00a0qu\u2019un ton tirant sur le gris offre un effet moderne et apaisant.<br \/>\n<strong>Dans<\/strong><strong>\u00a0<\/strong><strong>tous<\/strong><strong>\u00a0<\/strong><strong>les<\/strong><strong>\u00a0<\/strong><strong>cas<\/strong><strong>, le beige reste la <\/strong><strong>couleur<\/strong><strong> neutre par <\/strong><strong>excellence<\/strong><strong>,<\/strong>\u00a0id\u00e9ale \u00e0 la fois comme base de projet et pour ceux qui recherchent une harmonie tonale.<\/p>\n\t\t\t\t\t\t<\/div>\n\t\t\t\t<\/div>\n\t\t\t\t<div class=\"elementor-element elementor-element-3a85176 elementor-widget elementor-widget-image\" data-id=\"3a85176\" data-element_type=\"widget\" data-widget_type=\"image.default\">\n\t\t\t\t<div class=\"elementor-widget-container\">\n\t\t\t\t\t\t\t\t\t\t\t\t\t<img fetchpriority=\"high\" decoding=\"async\" width=\"1440\" height=\"811\" src=\"https:\/\/www.lafabbrica.it\/wp-content\/uploads\/2025\/07\/divani.jpg\" class=\"attachment-full size-full wp-image-27826\" alt=\"\" srcset=\"https:\/\/www.lafabbrica.it\/wp-content\/uploads\/2025\/07\/divani.jpg 1440w, https:\/\/www.lafabbrica.it\/wp-content\/uploads\/2025\/07\/divani-300x169.jpg 300w, https:\/\/www.lafabbrica.it\/wp-content\/uploads\/2025\/07\/divani-1024x577.jpg 1024w, https:\/\/www.lafabbrica.it\/wp-content\/uploads\/2025\/07\/divani-768x433.jpg 768w\" sizes=\"(max-width: 1440px) 100vw, 1440px\" \/>\t\t\t\t\t\t\t\t\t\t\t\t\t<\/div>\n\t\t\t\t<\/div>\n\t\t\t\t<div class=\"elementor-element elementor-element-ace6ad3 elementor-widget elementor-widget-heading\" data-id=\"ace6ad3\" data-element_type=\"widget\" data-widget_type=\"heading.default\">\n\t\t\t\t<div class=\"elementor-widget-container\">\n\t\t\t<h2 class=\"elementor-heading-title elementor-size-default\">L\u2019ambivalence du beige : <br>est-ce une couleur chaude ou froide ?<\/h2>\t\t<\/div>\n\t\t\t\t<\/div>\n\t\t\t\t<div class=\"elementor-element elementor-element-863b58f elementor-widget elementor-widget-text-editor\" data-id=\"863b58f\" data-element_type=\"widget\" data-widget_type=\"text-editor.default\">\n\t\t\t\t<div class=\"elementor-widget-container\">\n\t\t\t\t\t\t\t<p><strong>L\u2019une <\/strong><strong>des<\/strong><strong>\u00a0<\/strong><strong>caract\u00e9ristiques<\/strong><strong>\u00a0<\/strong><strong>les<\/strong><strong> plus <\/strong><strong>int\u00e9ressantes<\/strong><strong>\u00a0<\/strong><strong>du<\/strong><strong> beige est son <\/strong><strong>ambivalence<\/strong><strong> : <\/strong><strong>comme<\/strong><strong>\u00a0<\/strong><strong>mentionn\u00e9<\/strong><strong>, il <\/strong><strong>peut<\/strong><strong>\u00a0<\/strong><strong>appara\u00eetre<\/strong><strong>\u00a0<\/strong><strong>chaud<\/strong><strong>\u00a0<\/strong><strong>ou<\/strong><strong>\u00a0<\/strong><strong>froid<\/strong><strong>\u00a0<\/strong><strong>selon<\/strong><strong> la nuance.<\/strong><br \/>\nLorsqu\u2019il est plus chaud (dans\u00a0des tons proches\u00a0du\u00a0camel), il se marie\u00a0mieux\u00a0avec\u00a0des\u00a0couleurs\u00a0froides ; \u00e0 l\u2019inverse, dans\u00a0ses\u00a0d\u00e9clinaisons plus froides (comme le sable), il cr\u00e9e\u00a0de beaux\u00a0contrastes\u00a0avec\u00a0des tons chauds.<br \/>\n<strong>Cette<\/strong><strong> double nature se <\/strong><strong>retrouve<\/strong><strong>\u00a0<\/strong><strong>aussi<\/strong><strong>\u00a0<\/strong><strong>dans<\/strong><strong>\u00a0<\/strong><strong>ses<\/strong><strong>\u00a0<\/strong><strong>diff\u00e9rentes<\/strong><strong> nuances :<\/strong>\u00a0par exemple, les\u00a0tonalit\u00e9s\u00a0chaudes\u00a0du beige (rose taupe, taupe\u00a0classique) contrastent\u00a0avec\u00a0les plus froides (tirant sur le gris). En choisissant la bonne teinte, on peut\u00a0d\u00e9cider de rendre un espace plus enveloppant\u00a0ou plus lumineux.<br \/>\n<strong>En somme, il n\u2019<\/strong><strong>existe<\/strong><strong>\u00a0<\/strong><strong>pas<\/strong><strong> un beige <\/strong><strong>unique<\/strong><strong> :<\/strong>\u00a0c\u2019est le contexte qui d\u00e9termine\u00a0s\u2019il sera per\u00e7u\u00a0comme une couleur\u00a0chaude\u00a0ou\u00a0froide.<\/p>\n\t\t\t\t\t\t<\/div>\n\t\t\t\t<\/div>\n\t\t\t\t<div class=\"elementor-element elementor-element-8f7786c elementor-widget elementor-widget-image\" data-id=\"8f7786c\" data-element_type=\"widget\" data-widget_type=\"image.default\">\n\t\t\t\t<div class=\"elementor-widget-container\">\n\t\t\t\t\t\t\t\t\t\t\t\t\t<img decoding=\"async\" width=\"1440\" height=\"811\" src=\"https:\/\/www.lafabbrica.it\/wp-content\/uploads\/2025\/07\/travertino.jpg\" class=\"attachment-full size-full wp-image-27834\" alt=\"\" srcset=\"https:\/\/www.lafabbrica.it\/wp-content\/uploads\/2025\/07\/travertino.jpg 1440w, https:\/\/www.lafabbrica.it\/wp-content\/uploads\/2025\/07\/travertino-300x169.jpg 300w, https:\/\/www.lafabbrica.it\/wp-content\/uploads\/2025\/07\/travertino-1024x577.jpg 1024w, https:\/\/www.lafabbrica.it\/wp-content\/uploads\/2025\/07\/travertino-768x433.jpg 768w\" sizes=\"(max-width: 1440px) 100vw, 1440px\" \/>\t\t\t\t\t\t\t\t\t\t\t\t\t<\/div>\n\t\t\t\t<\/div>\n\t\t\t\t<\/div>\n\t\t<div data-dce-background-color=\"#F7F7F8\" class=\"elementor-element elementor-element-68412b1 e-con-full e-flex e-con e-child\" data-id=\"68412b1\" data-element_type=\"container\" data-settings=\"{&quot;content_width&quot;:&quot;full&quot;,&quot;background_background&quot;:&quot;classic&quot;}\">\n\t\t<div class=\"elementor-element elementor-element-9003085 e-flex e-con-boxed e-con e-child\" data-id=\"9003085\" data-element_type=\"container\" data-settings=\"{&quot;content_width&quot;:&quot;boxed&quot;}\">\n\t\t\t\t\t<div class=\"e-con-inner\">\n\t\t<div class=\"elementor-element elementor-element-09f111e e-con-full e-flex e-con e-child\" data-id=\"09f111e\" data-element_type=\"container\" data-settings=\"{&quot;content_width&quot;:&quot;full&quot;}\">\n\t\t\t\t<div class=\"elementor-element elementor-element-418b4bb elementor-widget elementor-widget-image\" data-id=\"418b4bb\" data-element_type=\"widget\" data-widget_type=\"image.default\">\n\t\t\t\t<div class=\"elementor-widget-container\">\n\t\t\t\t\t\t\t\t\t\t\t\t\t\t<a href=\"https:\/\/www.lafabbrica.it\/collections\/le-malte\/\">\n\t\t\t\t\t\t\t<img decoding=\"async\" width=\"700\" height=\"1024\" src=\"https:\/\/www.lafabbrica.it\/wp-content\/uploads\/2025\/07\/VERT2-700x1024.jpg\" class=\"attachment-large size-large wp-image-27868\" alt=\"\" srcset=\"https:\/\/www.lafabbrica.it\/wp-content\/uploads\/2025\/07\/VERT2-700x1024.jpg 700w, https:\/\/www.lafabbrica.it\/wp-content\/uploads\/2025\/07\/VERT2-205x300.jpg 205w, https:\/\/www.lafabbrica.it\/wp-content\/uploads\/2025\/07\/VERT2-768x1124.jpg 768w, https:\/\/www.lafabbrica.it\/wp-content\/uploads\/2025\/07\/VERT2.jpg 820w\" sizes=\"(max-width: 700px) 100vw, 700px\" \/>\t\t\t\t\t\t\t\t<\/a>\n\t\t\t\t\t\t\t\t\t\t\t\t\t<\/div>\n\t\t\t\t<\/div>\n\t\t\t\t<\/div>\n\t\t<div class=\"elementor-element elementor-element-3ecc98e e-con-full e-flex e-con e-child\" data-id=\"3ecc98e\" data-element_type=\"container\" data-settings=\"{&quot;content_width&quot;:&quot;full&quot;}\">\n\t\t\t\t<div class=\"elementor-element elementor-element-80abfbf elementor-widget elementor-widget-heading\" data-id=\"80abfbf\" data-element_type=\"widget\" data-widget_type=\"heading.default\">\n\t\t\t\t<div class=\"elementor-widget-container\">\n\t\t\t<h2 class=\"elementor-heading-title elementor-size-default\">Comment associer le beige : couleurs, mat\u00e9riaux, lumi\u00e8res<\/h2>\t\t<\/div>\n\t\t\t\t<\/div>\n\t\t\t\t<div class=\"elementor-element elementor-element-efeab2a elementor-widget elementor-widget-text-editor\" data-id=\"efeab2a\" data-element_type=\"widget\" data-widget_type=\"text-editor.default\">\n\t\t\t\t<div class=\"elementor-widget-container\">\n\t\t\t\t\t\t\t<p><strong>Le beige <\/strong><strong>agit<\/strong><strong>\u00a0<\/strong><strong>comme<\/strong><strong> une <\/strong><strong>toile<\/strong><strong> neutre sur <\/strong><strong>laquelle<\/strong><strong>\u00a0<\/strong><strong>construire<\/strong><strong> n\u2019<\/strong><strong>importe<\/strong><strong> quel <\/strong><strong>projet<\/strong><strong>\u00a0<\/strong><strong>chromatique<\/strong><strong>.<\/strong><br \/>Les\u00a0combinaisons\u00a0possibles\u00a0sont\u00a0nombreuses. On peut, par exemple, oser\u00a0avec :<\/p><ul><li><strong>Blanc :<\/strong>associ\u00e9 au beige, il augmente la luminosit\u00e9 de l\u2019espace et lui conf\u00e8re un aspect tr\u00e8s contemporain.<\/li><li><strong>Marron, noir et <\/strong><strong>gris<\/strong><strong> fonc\u00e9 :<\/strong> les tons sombres\u00a0apportent une grande \u00e9l\u00e9gance\u00a0au mobilier.<\/li><li><strong>Couleurs<\/strong><strong>\u00a0<\/strong><strong>pastel<\/strong><strong> :<\/strong> des nuances comme le rose poudr\u00e9, le bleu ciel ou le vert\u00a0sauge\u00a0cr\u00e9ent une ambiance\u00a0douce et apaisante.<\/li><li><strong>Tons <\/strong><strong>chauds<\/strong> (rouge, orange, terre cuite) : ils\u00a0rompent la neutralit\u00e9\u00a0du beige en y ajoutant\u00a0chaleur et vitalit\u00e9.<\/li><li><strong>Tons <\/strong><strong>froids<\/strong> (bleu, vert) : ils\u00a0apportent une touche de fra\u00eecheur et \u00e9voquent la nature.<\/li><li><strong>Jaune<\/strong><strong>\u00a0<\/strong><strong>moutarde<\/strong><strong> :<\/strong>\u00a0une touche de moutarde\u00a0ou d\u2019ocre insuffle\u00a0\u00e9nergie et personnalit\u00e9.<\/li><\/ul>\t\t\t\t\t\t<\/div>\n\t\t\t\t<\/div>\n\t\t\t\t<\/div>\n\t\t\t\t\t<\/div>\n\t\t\t\t<\/div>\n\t\t<div class=\"elementor-element elementor-element-006040d e-flex e-con-boxed e-con e-child\" data-id=\"006040d\" data-element_type=\"container\" data-settings=\"{&quot;content_width&quot;:&quot;boxed&quot;}\">\n\t\t\t\t\t<div class=\"e-con-inner\">\n\t\t<div class=\"elementor-element elementor-element-63f5931 e-con-full e-flex e-con e-child\" data-id=\"63f5931\" data-element_type=\"container\" data-settings=\"{&quot;content_width&quot;:&quot;full&quot;}\">\n\t\t\t\t<div class=\"elementor-element elementor-element-92d97de elementor-widget elementor-widget-heading\" data-id=\"92d97de\" data-element_type=\"widget\" data-widget_type=\"heading.default\">\n\t\t\t\t<div class=\"elementor-widget-container\">\n\t\t\t<h3 class=\"elementor-heading-title elementor-size-default\">Lumi\u00e8re et mat\u00e9riaux : comment sublimer le beige<\/h3>\t\t<\/div>\n\t\t\t\t<\/div>\n\t\t\t\t<div class=\"elementor-element elementor-element-b36f628 elementor-widget elementor-widget-text-editor\" data-id=\"b36f628\" data-element_type=\"widget\" data-widget_type=\"text-editor.default\">\n\t\t\t\t<div class=\"elementor-widget-container\">\n\t\t\t\t\t\t\t<p><strong>Ce ne <\/strong><strong>sont<\/strong><strong>\u00a0<\/strong><strong>pas<\/strong><strong>\u00a0<\/strong><strong>seulement<\/strong><strong>\u00a0<\/strong><strong>les<\/strong><strong>\u00a0<\/strong><strong>couleurs<\/strong><strong> : <\/strong><strong>les<\/strong><strong>\u00a0<\/strong><strong>mat\u00e9riaux<\/strong><strong> et <\/strong><strong>les<\/strong><strong> textures <\/strong><strong>jouent<\/strong><strong>\u00a0<\/strong><strong>aussi<\/strong><strong> un r\u00f4le <\/strong><strong>essentiel<\/strong><strong>. Le beige s\u2019<\/strong><strong>harmonise<\/strong><strong>\u00a0<\/strong><strong>parfaitement<\/strong><strong>\u00a0<\/strong><strong>avec<\/strong><strong>\u00a0<\/strong><strong>les<\/strong><strong> tons <\/strong><strong>du<\/strong><strong>\u00a0<\/strong><strong>bois<\/strong><strong>\u00a0<\/strong><strong>naturel<\/strong>\u00a0(gr\u00e8s c\u00e9rame\u00a0clair, meubles en ch\u00eane\u00a0ou en teck) et les\u00a0textiles\u00a0bruts (lin, jute, coton), qui renforcent sa chaleur. Par exemple, dans\u00a0<strong>une <\/strong><strong>chambre<\/strong><strong> \u00e0 <\/strong><strong>coucher<\/strong>, on privil\u00e9gie\u00a0les\u00a0finitions\u00a0bois et les\u00a0teintes\u00a0terreuses, en laissant\u00a0au beige le soin d\u2019\u00e9clairer la pi\u00e8ce.<br \/>\nDans un style\u00a0<strong>boho<\/strong><strong>\u00a0<\/strong><strong>ou<\/strong><strong> country chic<\/strong>, les\u00a0meubles en rotin et les tapis en fibres\u00a0naturelles\u00a0ajoutent de la profondeur sans assombrir\u00a0l\u2019espace.<\/p>\n<p><strong>La lumi\u00e8re est une <\/strong><strong>autre<\/strong><strong>\u00a0<\/strong><strong>alli\u00e9e<\/strong><strong>\u00a0<\/strong><strong>du<\/strong><strong> beige : <\/strong><strong>les<\/strong><strong> tons <\/strong><strong>clairs<\/strong><strong>\u00a0<\/strong><strong>r\u00e9fl\u00e9chissent<\/strong><strong>\u00a0<\/strong><strong>les<\/strong><strong> rayons et <\/strong><strong>les<\/strong><strong>\u00a0<\/strong><strong>diffusent<\/strong><strong> en <\/strong><strong>douceur<\/strong><strong>.<\/strong><br \/>\nUn espace peint en beige et blanc appara\u00eetra particuli\u00e8rement lumineux et a\u00e9r\u00e9. Les couleurs claires transforment les pi\u00e8ces en lieux accueillants et dynamiques, contribuant \u00e0\u00a0<strong>amplifier<\/strong><strong> la <\/strong><strong>perception<\/strong><strong> de <\/strong><strong>l\u2019espace<\/strong><strong>.<\/strong><br \/>\nC\u2019est pourquoi il est recommand\u00e9 de tirer parti au maximum de la lumi\u00e8re naturelle et d\u2019un \u00e9clairage\u00a0chaud : cela \u00e9vite\u00a0que le beige ne rende l\u2019espace\u00a0plat \u2014 au\u00a0contraire, cela en r\u00e9v\u00e8le\u00a0toutes\u00a0les nuances.<\/p>\n\t\t\t\t\t\t<\/div>\n\t\t\t\t<\/div>\n\t\t\t\t<\/div>\n\t\t<div class=\"elementor-element elementor-element-645dac8 e-con-full e-flex e-con e-child\" data-id=\"645dac8\" data-element_type=\"container\" data-settings=\"{&quot;content_width&quot;:&quot;full&quot;}\">\n\t\t\t\t<div class=\"elementor-element elementor-element-d1a1240 elementor-widget elementor-widget-image\" data-id=\"d1a1240\" data-element_type=\"widget\" data-widget_type=\"image.default\">\n\t\t\t\t<div class=\"elementor-widget-container\">\n\t\t\t\t\t\t\t\t\t\t\t\t\t\t<a href=\"https:\/\/www.lafabbrica.it\/collections\/up\/\">\n\t\t\t\t\t\t\t<img loading=\"lazy\" decoding=\"async\" width=\"700\" height=\"1024\" src=\"https:\/\/www.lafabbrica.it\/wp-content\/uploads\/2025\/07\/VERT1-700x1024.jpg\" class=\"attachment-large size-large wp-image-27864\" alt=\"\" srcset=\"https:\/\/www.lafabbrica.it\/wp-content\/uploads\/2025\/07\/VERT1-700x1024.jpg 700w, https:\/\/www.lafabbrica.it\/wp-content\/uploads\/2025\/07\/VERT1-205x300.jpg 205w, https:\/\/www.lafabbrica.it\/wp-content\/uploads\/2025\/07\/VERT1-768x1124.jpg 768w, https:\/\/www.lafabbrica.it\/wp-content\/uploads\/2025\/07\/VERT1.jpg 820w\" sizes=\"(max-width: 700px) 100vw, 700px\" \/>\t\t\t\t\t\t\t\t<\/a>\n\t\t\t\t\t\t\t\t\t\t\t\t\t<\/div>\n\t\t\t\t<\/div>\n\t\t\t\t<\/div>\n\t\t\t\t\t<\/div>\n\t\t\t\t<\/div>\n\t\t\t\t<\/div>\n\t\t<div data-dce-background-color=\"#FFFFFF\" class=\"elementor-element elementor-element-481313b e-con-full e-flex e-con e-parent\" data-id=\"481313b\" data-element_type=\"container\" data-settings=\"{&quot;content_width&quot;:&quot;full&quot;,&quot;background_background&quot;:&quot;classic&quot;}\" data-core-v316-plus=\"true\">\n\t\t\t\t<div class=\"elementor-element elementor-element-58d9e5f elementor-widget elementor-widget-image\" data-id=\"58d9e5f\" data-element_type=\"widget\" data-widget_type=\"image.default\">\n\t\t\t\t<div class=\"elementor-widget-container\">\n\t\t\t\t\t\t\t\t\t\t\t\t\t<img loading=\"lazy\" decoding=\"async\" width=\"1440\" height=\"811\" src=\"https:\/\/www.lafabbrica.it\/wp-content\/uploads\/2025\/07\/noble.jpg\" class=\"attachment-full size-full wp-image-27846\" alt=\"\" srcset=\"https:\/\/www.lafabbrica.it\/wp-content\/uploads\/2025\/07\/noble.jpg 1440w, https:\/\/www.lafabbrica.it\/wp-content\/uploads\/2025\/07\/noble-300x169.jpg 300w, https:\/\/www.lafabbrica.it\/wp-content\/uploads\/2025\/07\/noble-1024x577.jpg 1024w, https:\/\/www.lafabbrica.it\/wp-content\/uploads\/2025\/07\/noble-768x433.jpg 768w\" sizes=\"(max-width: 1440px) 100vw, 1440px\" \/>\t\t\t\t\t\t\t\t\t\t\t\t\t<\/div>\n\t\t\t\t<\/div>\n\t\t\t\t<div class=\"elementor-element elementor-element-d39faca elementor-widget elementor-widget-heading\" data-id=\"d39faca\" data-element_type=\"widget\" data-widget_type=\"heading.default\">\n\t\t\t\t<div class=\"elementor-widget-container\">\n\t\t\t<h2 class=\"elementor-heading-title elementor-size-default\">Les styles d\u2019am\u00e9nagement qui subliment le beige<\/h2>\t\t<\/div>\n\t\t\t\t<\/div>\n\t\t\t\t<div class=\"elementor-element elementor-element-44726cb elementor-widget elementor-widget-text-editor\" data-id=\"44726cb\" data-element_type=\"widget\" data-widget_type=\"text-editor.default\">\n\t\t\t\t<div class=\"elementor-widget-container\">\n\t\t\t\t\t\t\t<p>&nbsp;<\/p>\n<p><strong>Le beige est une <\/strong><strong>couleur<\/strong><strong>\u00a0<\/strong><strong>polyvalente<\/strong><strong> qui <\/strong><strong>met<\/strong><strong> en <\/strong><strong>valeur<\/strong><strong> de <\/strong><strong>nombreux<\/strong><strong> styles d\u2019<\/strong><strong>am\u00e9nagement<\/strong><strong>.<\/strong><br \/>\nIl est consid\u00e9r\u00e9\u00a0comme\u00a0l\u2019alternative la plus chaleureuse\u00a0au\u00a0gris et s\u2019adapte \u00e0 une grande vari\u00e9t\u00e9 de styles : de l\u2019industriel chic au\u00a0minimalisme, du\u00a0classique\u00a0contemporain\u00a0au style nordique.<br \/>\nPar exemple, dans le\u00a0<strong>design scandinave<\/strong>, les tons beiges associ\u00e9s au bois clair cr\u00e9ent une atmosph\u00e8re <em>hygge<\/em>\u00a0empreinte de convivialit\u00e9\u00a0chaleureuse, tandis\u00a0que\u00a0dans le\u00a0<strong>style minimaliste<\/strong>, les\u00a0espaces\u00a0\u00e9pur\u00e9s\u00a0sont mis en valeur par une palette de tons clairs.<\/p>\n<p><strong>Le salon beige est un grand <\/strong><strong>classique<\/strong><strong>, <\/strong><strong>capable<\/strong><strong> de s\u2019<\/strong><strong>adapter<\/strong><strong> \u00e0 <\/strong><strong>tous<\/strong><strong>\u00a0<\/strong><strong>les<\/strong><strong> styles : minimaliste, scandinave, <\/strong><strong>ethnique<\/strong><strong> et <\/strong><strong>boho<\/strong><strong>\u2026 <\/strong><strong>shabby<\/strong><strong> chic <\/strong><strong>ou<\/strong><strong>\u00a0<\/strong><strong>avec<\/strong><strong>\u00a0<\/strong><strong>des<\/strong><strong> touches glamour.<\/strong><br \/>\nEn somme, le beige constitue une toile de fond\u00a0id\u00e9ale, m\u00eame pour les styles les plus d\u00e9coratifs.<strong><br \/>\n<\/strong>Un coussin\u00a0fuchsia\u00a0dans un int\u00e9rieur beige insuffle\u00a0instantan\u00e9ment de la vitalit\u00e9, tout comme\u00a0des\u00a0imprim\u00e9s\u00a0floraux\u00a0viennent\u00a0r\u00e9veiller une base neutre.<br \/>\nDans un\u00a0<strong>espace<\/strong><strong>\u00a0<\/strong><strong>industriel<\/strong>, un canap\u00e9 beige adoucit la rigueur\u00a0du\u00a0b\u00e9ton et du\u00a0m\u00e9tal, tandis\u00a0que\u00a0dans un\u00a0<strong>salon country chic<\/strong>, il met en valeur\u00a0les\u00a0mat\u00e9riaux\u00a0naturels et les tons pastel.<\/p>\n\t\t\t\t\t\t<\/div>\n\t\t\t\t<\/div>\n\t\t\t\t<div class=\"elementor-element elementor-element-e11084e elementor-widget elementor-widget-heading\" data-id=\"e11084e\" data-element_type=\"widget\" data-widget_type=\"heading.default\">\n\t\t\t\t<div class=\"elementor-widget-container\">\n\t\t\t<h2 class=\"elementor-heading-title elementor-size-default\">Murs et sols beiges : comment les exploiter avec cr\u00e9ativit\u00e9<\/h2>\t\t<\/div>\n\t\t\t\t<\/div>\n\t\t\t\t<div class=\"elementor-element elementor-element-443769c elementor-widget elementor-widget-text-editor\" data-id=\"443769c\" data-element_type=\"widget\" data-widget_type=\"text-editor.default\">\n\t\t\t\t<div class=\"elementor-widget-container\">\n\t\t\t\t\t\t\t<p><strong>Peindre<\/strong><strong>\u00a0<\/strong><strong>les<\/strong><strong>\u00a0<\/strong><strong>murs<\/strong><strong> en beige <\/strong><strong>ou<\/strong><strong>\u00a0<\/strong><strong>choisir<\/strong><strong> un sol beige <\/strong><strong>peut<\/strong><strong>\u00a0<\/strong><strong>apporter<\/strong><strong> une touche d\u2019<\/strong><strong>\u00e9l\u00e9gance<\/strong><strong>, \u00e0 <\/strong><strong>condition<\/strong><strong> de <\/strong><strong>faire<\/strong><strong>\u00a0<\/strong><strong>preuve<\/strong><strong> d\u2019un <\/strong><strong>peu<\/strong><strong> de <\/strong><strong>cr\u00e9ativit\u00e9<\/strong><strong>.<\/strong><br \/>Par exemple, on peut\u00a0alterner\u00a0les\u00a0finitions : un mur lisse couleur cr\u00e8me \u00e0 c\u00f4t\u00e9 d\u2019un papier peint beige aux\u00a0motifs\u00a0g\u00e9om\u00e9triques\u00a0d\u00e9licats.<br \/>Ou encore jouer\u00a0avec\u00a0les textures : un enduit\u00a0clair \u00e0 la spatule\u00a0combin\u00e9 \u00e0 des\u00a0panneaux en bois\u00a0peints en beige.<br \/>Le <span style=\"text-decoration: underline;\"><a href=\"https:\/\/www.lafabbrica.it\/fr\/toutes-les-collections\/colore-beige\/\">gr\u00e8s c\u00e9rame beige<\/a><\/span> est particuli\u00e8rement\u00a0appr\u00e9ci\u00e9 : cette\u00a0teinte\u00a0intemporelle, \u00e0 la fois moderne et raffin\u00e9e, illumine\u00a0aussi\u00a0bien\u00a0les\u00a0grands\u00a0espaces\u00a0ouverts\u00a0que\u00a0les\u00a0pi\u00e8ces plus intimes\u00a0comme la salle de bains\u00a0ou la cuisine.<\/p>\t\t\t\t\t\t<\/div>\n\t\t\t\t<\/div>\n\t\t\t\t<div class=\"elementor-element elementor-element-e791386 elementor-widget elementor-widget-image\" data-id=\"e791386\" data-element_type=\"widget\" data-widget_type=\"image.default\">\n\t\t\t\t<div class=\"elementor-widget-container\">\n\t\t\t\t\t\t\t\t\t\t\t\t\t<img loading=\"lazy\" decoding=\"async\" width=\"1440\" height=\"811\" src=\"https:\/\/www.lafabbrica.it\/wp-content\/uploads\/2025\/07\/letto.jpg\" class=\"attachment-full size-full wp-image-27830\" alt=\"\" srcset=\"https:\/\/www.lafabbrica.it\/wp-content\/uploads\/2025\/07\/letto.jpg 1440w, https:\/\/www.lafabbrica.it\/wp-content\/uploads\/2025\/07\/letto-300x169.jpg 300w, https:\/\/www.lafabbrica.it\/wp-content\/uploads\/2025\/07\/letto-1024x577.jpg 1024w, https:\/\/www.lafabbrica.it\/wp-content\/uploads\/2025\/07\/letto-768x433.jpg 768w\" sizes=\"(max-width: 1440px) 100vw, 1440px\" \/>\t\t\t\t\t\t\t\t\t\t\t\t\t<\/div>\n\t\t\t\t<\/div>\n\t\t\t\t<div class=\"elementor-element elementor-element-cf6aa1a elementor-widget elementor-widget-heading\" data-id=\"cf6aa1a\" data-element_type=\"widget\" data-widget_type=\"heading.default\">\n\t\t\t\t<div class=\"elementor-widget-container\">\n\t\t\t<h3 class=\"elementor-heading-title elementor-size-default\">Maisons contemporaines modernes : <br>le beige est un incontournable<\/h3>\t\t<\/div>\n\t\t\t\t<\/div>\n\t\t\t\t<div class=\"elementor-element elementor-element-570ccf8 elementor-widget elementor-widget-text-editor\" data-id=\"570ccf8\" data-element_type=\"widget\" data-widget_type=\"text-editor.default\">\n\t\t\t\t<div class=\"elementor-widget-container\">\n\t\t\t\t\t\t\t<p><strong>Dans<\/strong><strong>\u00a0<\/strong><strong>les<\/strong><span style=\"text-decoration: underline;\"><a href=\"https:\/\/www.lafabbrica.it\/fr\/conception-harmonieuse-pour-les-maisons-modernes-allier-les-espaces-exterieurs-et-interieurs\/\"><strong>\u00a0<\/strong><strong>maisons<\/strong><strong>\u00a0<\/strong><strong>contemporaines<\/strong><strong>\u00a0<\/strong><strong>modernes<\/strong><\/a><\/span><strong>, il est <\/strong><strong>courant<\/strong><strong> d\u2019<\/strong><strong>unifier<\/strong><strong>\u00a0<\/strong><strong>int\u00e9rieur<\/strong><strong> et <\/strong><strong>ext\u00e9rieur<\/strong><strong>\u00a0<\/strong><strong>gr\u00e2ce<\/strong><strong> \u00e0 une <\/strong><strong>m\u00eame<\/strong><strong> palette :<\/strong>\u00a0une fa\u00e7ade\u00a0couleur\u00a0sable\u00a0fait\u00a0\u00e9cho\u00a0aux\u00a0murs\u00a0int\u00e9rieurs\u00a0beiges, cr\u00e9ant\u00a0ainsi une continuit\u00e9\u00a0stylistique.<br \/>Cette\u00a0approche\u00a0renforce la coh\u00e9rence\u00a0architecturale et enveloppe\u00a0l\u2019espace d\u2019une atmosph\u00e8re\u00a0harmonieuse.<\/p><p><strong>Le sol <\/strong><strong>aussi<\/strong><strong>\u00a0<\/strong><strong>peut<\/strong><strong> devenir un <\/strong><strong>\u00e9l\u00e9ment<\/strong><strong>\u00a0<\/strong><strong>cr\u00e9atif<\/strong><strong> :<\/strong> un rev\u00eatement en gr\u00e8s clair agrandit visuellement l\u2019espace, tandis que des\u00a0<strong>dalles<\/strong><strong>\u00a0<\/strong><strong>effet<\/strong><strong>\u00a0<\/strong><strong>b\u00e9ton<\/strong>\u00a0ou\u00a0travertin\u00a0clair\u00a0structurent la zone avec\u00a0caract\u00e8re.<br \/>Gr\u00e2ce aux diff\u00e9rentes textures offertes par le gr\u00e8s beige, chaque espace \u2014 des r\u00e9sidences priv\u00e9es aux projets commerciaux \u2014 peut se transformer en un lieu \u00e9l\u00e9gant et accueillant.<\/p><p><strong>En <\/strong><strong>d\u00e9finitive<\/strong><strong>, le beige est tout <\/strong><strong>sauf<\/strong><strong>\u00a0<\/strong><strong>ennuyeux<\/strong><strong>\u00a0<\/strong><strong>lorsqu\u2019il<\/strong><strong> est <\/strong><strong>utilis\u00e9<\/strong><strong>\u00a0<\/strong><strong>avec<\/strong><strong>\u00a0<\/strong><strong>justesse<\/strong><strong> :<\/strong> jeux de mati\u00e8res, contrastes chromatiques, effets de lumi\u00e8re et accessoires permettent de transformer cette teinte neutre en un \u00e9l\u00e9ment riche de caract\u00e8re et de charme.<\/p>\t\t\t\t\t\t<\/div>\n\t\t\t\t<\/div>\n\t\t\t\t<\/div>\n\t\t<div class=\"elementor-element elementor-element-e34f0bb e-con-full e-flex e-con e-parent\" data-id=\"e34f0bb\" data-element_type=\"container\" data-settings=\"{&quot;content_width&quot;:&quot;full&quot;}\" data-core-v316-plus=\"true\">\n\t\t\t\t<div class=\"elementor-element elementor-element-ed90ff5 elementor-align-center elementor-widget elementor-widget-button\" data-id=\"ed90ff5\" data-element_type=\"widget\" data-widget_type=\"button.default\">\n\t\t\t\t<div class=\"elementor-widget-container\">\n\t\t\t\t\t<div class=\"elementor-button-wrapper\">\n\t\t\t<a class=\"elementor-button elementor-button-link elementor-size-md\" href=\"https:\/\/www.lafabbrica.it\/fr\/blog-2024\/\">\n\t\t\t\t\t\t<span class=\"elementor-button-content-wrapper\">\n\t\t\t\t\t\t<span class=\"elementor-button-text\">Lire la suite sur La Fabbrica Ava<\/span>\n\t\t<\/span>\n\t\t\t\t\t<\/a>\n\t\t<\/div>\n\t\t\t\t<\/div>\n\t\t\t\t<\/div>\n\t\t\t\t<\/div>\n\t\t\t\t<\/div>\n\t\t","protected":false},"excerpt":{"rendered":"<p>Souvent sous-estim\u00e9 comme un neutre banal, le beige cache en r\u00e9alit\u00e9 une richesse chromatique et des significations profondes.<\/p>\n","protected":false},"author":1,"featured_media":27814,"comment_status":"closed","ping_status":"closed","sticky":false,"template":"","format":"standard","meta":{"_acf_changed":false,"site-sidebar-layout":"default","site-content-layout":"","ast-site-content-layout":"default","site-content-style":"default","site-sidebar-style":"default","ast-global-header-display":"","ast-banner-title-visibility":"","ast-main-header-display":"","ast-hfb-above-header-display":"","ast-hfb-below-header-display":"","ast-hfb-mobile-header-display":"","site-post-title":"","ast-breadcrumbs-content":"","ast-featured-img":"","footer-sml-layout":"","theme-transparent-header-meta":"","adv-header-id-meta":"","stick-header-meta":"","header-above-stick-meta":"","header-main-stick-meta":"","header-below-stick-meta":"","astra-migrate-meta-layouts":"default","ast-page-background-enabled":"default","ast-page-background-meta":{"desktop":{"background-color":"var(--ast-global-color-4)","background-image":"","background-repeat":"repeat","background-position":"center center","background-size":"auto","background-attachment":"scroll","background-type":"","background-media":"","overlay-type":"","overlay-color":"","overlay-gradient":""},"tablet":{"background-color":"","background-image":"","background-repeat":"repeat","background-position":"center center","background-size":"auto","background-attachment":"scroll","background-type":"","background-media":"","overlay-type":"","overlay-color":"","overlay-gradient":""},"mobile":{"background-color":"","background-image":"","background-repeat":"repeat","background-position":"center center","background-size":"auto","background-attachment":"scroll","background-type":"","background-media":"","overlay-type":"","overlay-color":"","overlay-gradient":""}},"ast-content-background-meta":{"desktop":{"background-color":"var(--ast-global-color-5)","background-image":"","background-repeat":"repeat","background-position":"center center","background-size":"auto","background-attachment":"scroll","background-type":"","background-media":"","overlay-type":"","overlay-color":"","overlay-gradient":""},"tablet":{"background-color":"var(--ast-global-color-5)","background-image":"","background-repeat":"repeat","background-position":"center center","background-size":"auto","background-attachment":"scroll","background-type":"","background-media":"","overlay-type":"","overlay-color":"","overlay-gradient":""},"mobile":{"background-color":"var(--ast-global-color-5)","background-image":"","background-repeat":"repeat","background-position":"center center","background-size":"auto","background-attachment":"scroll","background-type":"","background-media":"","overlay-type":"","overlay-color":"","overlay-gradient":""}},"footnotes":""},"categories":[1241],"tags":[],"class_list":["post-27808","post","type-post","status-publish","format-standard","has-post-thumbnail","hentry","category-blog-fr"],"acf":[],"yoast_head":"<!-- This site is optimized with the Yoast SEO plugin v22.0 - https:\/\/yoast.com\/wordpress\/plugins\/seo\/ -->\n<title>Couleur beige : comment l\u2019associer sans tomber dans la monotonie - La Fabbrica AVA<\/title>\n<meta name=\"description\" content=\"Souvent sous-estim\u00e9 comme un neutre banal, le beige cache en r\u00e9alit\u00e9 une richesse chromatique et des significations profondes.\" \/>\n<meta name=\"robots\" content=\"index, follow, max-snippet:-1, max-image-preview:large, max-video-preview:-1\" \/>\n<link rel=\"canonical\" href=\"https:\/\/www.lafabbrica.it\/fr\/couleur-beige-comment-lassocier-sans-tomber-dans-la-monotonie\/\" \/>\n<meta property=\"og:locale\" content=\"fr_FR\" \/>\n<meta property=\"og:type\" content=\"article\" \/>\n<meta property=\"og:title\" content=\"Couleur beige : comment l\u2019associer sans tomber dans la monotonie - La Fabbrica AVA\" \/>\n<meta property=\"og:description\" content=\"Souvent sous-estim\u00e9 comme un neutre banal, le beige cache en r\u00e9alit\u00e9 une richesse chromatique et des significations profondes.\" \/>\n<meta property=\"og:url\" content=\"https:\/\/www.lafabbrica.it\/fr\/couleur-beige-comment-lassocier-sans-tomber-dans-la-monotonie\/\" \/>\n<meta property=\"og:site_name\" content=\"La Fabbrica AVA\" \/>\n<meta property=\"article:published_time\" content=\"2025-07-23T07:28:15+00:00\" \/>\n<meta property=\"article:modified_time\" content=\"2025-07-23T07:05:22+00:00\" \/>\n<meta property=\"og:image\" content=\"https:\/\/www.lafabbrica.it\/wp-content\/uploads\/2025\/07\/beige-list.jpg\" \/>\n\t<meta property=\"og:image:width\" content=\"880\" \/>\n\t<meta property=\"og:image:height\" content=\"860\" \/>\n\t<meta property=\"og:image:type\" content=\"image\/jpeg\" \/>\n<meta name=\"author\" content=\"admin\" \/>\n<meta name=\"twitter:card\" content=\"summary_large_image\" \/>\n<meta name=\"twitter:label1\" content=\"\u00c9crit par\" \/>\n\t<meta name=\"twitter:data1\" content=\"admin\" \/>\n\t<meta name=\"twitter:label2\" content=\"Dur\u00e9e de lecture estim\u00e9e\" \/>\n\t<meta name=\"twitter:data2\" content=\"7 minutes\" \/>\n<script type=\"application\/ld+json\" class=\"yoast-schema-graph\">{\"@context\":\"https:\/\/schema.org\",\"@graph\":[{\"@type\":\"Article\",\"@id\":\"https:\/\/www.lafabbrica.it\/fr\/couleur-beige-comment-lassocier-sans-tomber-dans-la-monotonie\/#article\",\"isPartOf\":{\"@id\":\"https:\/\/www.lafabbrica.it\/fr\/couleur-beige-comment-lassocier-sans-tomber-dans-la-monotonie\/\"},\"author\":{\"name\":\"admin\",\"@id\":\"https:\/\/www.lafabbrica.it\/fr\/#\/schema\/person\/9854f3650eab7e4334e66d22de09296a\"},\"headline\":\"Couleur beige : comment l\u2019associer sans tomber dans la monotonie\",\"datePublished\":\"2025-07-23T07:28:15+00:00\",\"dateModified\":\"2025-07-23T07:05:22+00:00\",\"mainEntityOfPage\":{\"@id\":\"https:\/\/www.lafabbrica.it\/fr\/couleur-beige-comment-lassocier-sans-tomber-dans-la-monotonie\/\"},\"wordCount\":1223,\"publisher\":{\"@id\":\"https:\/\/www.lafabbrica.it\/fr\/#organization\"},\"articleSection\":[\"Blog\"],\"inLanguage\":\"fr-FR\"},{\"@type\":\"WebPage\",\"@id\":\"https:\/\/www.lafabbrica.it\/fr\/couleur-beige-comment-lassocier-sans-tomber-dans-la-monotonie\/\",\"url\":\"https:\/\/www.lafabbrica.it\/fr\/couleur-beige-comment-lassocier-sans-tomber-dans-la-monotonie\/\",\"name\":\"Couleur beige : comment l\u2019associer sans tomber dans la monotonie - La Fabbrica AVA\",\"isPartOf\":{\"@id\":\"https:\/\/www.lafabbrica.it\/fr\/#website\"},\"datePublished\":\"2025-07-23T07:28:15+00:00\",\"dateModified\":\"2025-07-23T07:05:22+00:00\",\"description\":\"Souvent sous-estim\u00e9 comme un neutre banal, le beige cache en r\u00e9alit\u00e9 une richesse chromatique et des significations profondes.\",\"breadcrumb\":{\"@id\":\"https:\/\/www.lafabbrica.it\/fr\/couleur-beige-comment-lassocier-sans-tomber-dans-la-monotonie\/#breadcrumb\"},\"inLanguage\":\"fr-FR\",\"potentialAction\":[{\"@type\":\"ReadAction\",\"target\":[\"https:\/\/www.lafabbrica.it\/fr\/couleur-beige-comment-lassocier-sans-tomber-dans-la-monotonie\/\"]}]},{\"@type\":\"BreadcrumbList\",\"@id\":\"https:\/\/www.lafabbrica.it\/fr\/couleur-beige-comment-lassocier-sans-tomber-dans-la-monotonie\/#breadcrumb\",\"itemListElement\":[{\"@type\":\"ListItem\",\"position\":1,\"name\":\"Home\",\"item\":\"https:\/\/www.lafabbrica.it\/fr\/\"},{\"@type\":\"ListItem\",\"position\":2,\"name\":\"Couleur beige : comment l\u2019associer sans tomber dans la monotonie\"}]},{\"@type\":\"WebSite\",\"@id\":\"https:\/\/www.lafabbrica.it\/fr\/#website\",\"url\":\"https:\/\/www.lafabbrica.it\/fr\/\",\"name\":\"La Fabbrica AVA\",\"description\":\"\",\"publisher\":{\"@id\":\"https:\/\/www.lafabbrica.it\/fr\/#organization\"},\"potentialAction\":[{\"@type\":\"SearchAction\",\"target\":{\"@type\":\"EntryPoint\",\"urlTemplate\":\"https:\/\/www.lafabbrica.it\/fr\/?s={search_term_string}\"},\"query-input\":\"required name=search_term_string\"}],\"inLanguage\":\"fr-FR\"},{\"@type\":\"Organization\",\"@id\":\"https:\/\/www.lafabbrica.it\/fr\/#organization\",\"name\":\"La Fabbrica AVA\",\"url\":\"https:\/\/www.lafabbrica.it\/fr\/\",\"logo\":{\"@type\":\"ImageObject\",\"inLanguage\":\"fr-FR\",\"@id\":\"https:\/\/www.lafabbrica.it\/fr\/#\/schema\/logo\/image\/\",\"url\":\"https:\/\/www.lafabbrica.it\/wp-content\/uploads\/2023\/08\/Senza-titolo-1.png\",\"contentUrl\":\"https:\/\/www.lafabbrica.it\/wp-content\/uploads\/2023\/08\/Senza-titolo-1.png\",\"width\":567,\"height\":240,\"caption\":\"La Fabbrica AVA\"},\"image\":{\"@id\":\"https:\/\/www.lafabbrica.it\/fr\/#\/schema\/logo\/image\/\"}},{\"@type\":\"Person\",\"@id\":\"https:\/\/www.lafabbrica.it\/fr\/#\/schema\/person\/9854f3650eab7e4334e66d22de09296a\",\"name\":\"admin\",\"sameAs\":[\"http:\/\/www.lafabbrica.it\"],\"url\":\"https:\/\/www.lafabbrica.it\/fr\/author\/admin\/\"}]}<\/script>\n<!-- \/ Yoast SEO plugin. -->","yoast_head_json":{"title":"Couleur beige : comment l\u2019associer sans tomber dans la monotonie - La Fabbrica AVA","description":"Souvent sous-estim\u00e9 comme un neutre banal, le beige cache en r\u00e9alit\u00e9 une richesse chromatique et des significations profondes.","robots":{"index":"index","follow":"follow","max-snippet":"max-snippet:-1","max-image-preview":"max-image-preview:large","max-video-preview":"max-video-preview:-1"},"canonical":"https:\/\/www.lafabbrica.it\/fr\/couleur-beige-comment-lassocier-sans-tomber-dans-la-monotonie\/","og_locale":"fr_FR","og_type":"article","og_title":"Couleur beige : comment l\u2019associer sans tomber dans la monotonie - La Fabbrica AVA","og_description":"Souvent sous-estim\u00e9 comme un neutre banal, le beige cache en r\u00e9alit\u00e9 une richesse chromatique et des significations profondes.","og_url":"https:\/\/www.lafabbrica.it\/fr\/couleur-beige-comment-lassocier-sans-tomber-dans-la-monotonie\/","og_site_name":"La Fabbrica AVA","article_published_time":"2025-07-23T07:28:15+00:00","article_modified_time":"2025-07-23T07:05:22+00:00","og_image":[{"width":880,"height":860,"url":"https:\/\/www.lafabbrica.it\/wp-content\/uploads\/2025\/07\/beige-list.jpg","type":"image\/jpeg"}],"author":"admin","twitter_card":"summary_large_image","twitter_misc":{"\u00c9crit par":"admin","Dur\u00e9e de lecture estim\u00e9e":"7 minutes"},"schema":{"@context":"https:\/\/schema.org","@graph":[{"@type":"Article","@id":"https:\/\/www.lafabbrica.it\/fr\/couleur-beige-comment-lassocier-sans-tomber-dans-la-monotonie\/#article","isPartOf":{"@id":"https:\/\/www.lafabbrica.it\/fr\/couleur-beige-comment-lassocier-sans-tomber-dans-la-monotonie\/"},"author":{"name":"admin","@id":"https:\/\/www.lafabbrica.it\/fr\/#\/schema\/person\/9854f3650eab7e4334e66d22de09296a"},"headline":"Couleur beige : comment l\u2019associer sans tomber dans la monotonie","datePublished":"2025-07-23T07:28:15+00:00","dateModified":"2025-07-23T07:05:22+00:00","mainEntityOfPage":{"@id":"https:\/\/www.lafabbrica.it\/fr\/couleur-beige-comment-lassocier-sans-tomber-dans-la-monotonie\/"},"wordCount":1223,"publisher":{"@id":"https:\/\/www.lafabbrica.it\/fr\/#organization"},"articleSection":["Blog"],"inLanguage":"fr-FR"},{"@type":"WebPage","@id":"https:\/\/www.lafabbrica.it\/fr\/couleur-beige-comment-lassocier-sans-tomber-dans-la-monotonie\/","url":"https:\/\/www.lafabbrica.it\/fr\/couleur-beige-comment-lassocier-sans-tomber-dans-la-monotonie\/","name":"Couleur beige : comment l\u2019associer sans tomber dans la monotonie - La Fabbrica AVA","isPartOf":{"@id":"https:\/\/www.lafabbrica.it\/fr\/#website"},"datePublished":"2025-07-23T07:28:15+00:00","dateModified":"2025-07-23T07:05:22+00:00","description":"Souvent sous-estim\u00e9 comme un neutre banal, le beige cache en r\u00e9alit\u00e9 une richesse chromatique et des significations profondes.","breadcrumb":{"@id":"https:\/\/www.lafabbrica.it\/fr\/couleur-beige-comment-lassocier-sans-tomber-dans-la-monotonie\/#breadcrumb"},"inLanguage":"fr-FR","potentialAction":[{"@type":"ReadAction","target":["https:\/\/www.lafabbrica.it\/fr\/couleur-beige-comment-lassocier-sans-tomber-dans-la-monotonie\/"]}]},{"@type":"BreadcrumbList","@id":"https:\/\/www.lafabbrica.it\/fr\/couleur-beige-comment-lassocier-sans-tomber-dans-la-monotonie\/#breadcrumb","itemListElement":[{"@type":"ListItem","position":1,"name":"Home","item":"https:\/\/www.lafabbrica.it\/fr\/"},{"@type":"ListItem","position":2,"name":"Couleur beige : comment l\u2019associer sans tomber dans la monotonie"}]},{"@type":"WebSite","@id":"https:\/\/www.lafabbrica.it\/fr\/#website","url":"https:\/\/www.lafabbrica.it\/fr\/","name":"La Fabbrica AVA","description":"","publisher":{"@id":"https:\/\/www.lafabbrica.it\/fr\/#organization"},"potentialAction":[{"@type":"SearchAction","target":{"@type":"EntryPoint","urlTemplate":"https:\/\/www.lafabbrica.it\/fr\/?s={search_term_string}"},"query-input":"required name=search_term_string"}],"inLanguage":"fr-FR"},{"@type":"Organization","@id":"https:\/\/www.lafabbrica.it\/fr\/#organization","name":"La Fabbrica AVA","url":"https:\/\/www.lafabbrica.it\/fr\/","logo":{"@type":"ImageObject","inLanguage":"fr-FR","@id":"https:\/\/www.lafabbrica.it\/fr\/#\/schema\/logo\/image\/","url":"https:\/\/www.lafabbrica.it\/wp-content\/uploads\/2023\/08\/Senza-titolo-1.png","contentUrl":"https:\/\/www.lafabbrica.it\/wp-content\/uploads\/2023\/08\/Senza-titolo-1.png","width":567,"height":240,"caption":"La Fabbrica AVA"},"image":{"@id":"https:\/\/www.lafabbrica.it\/fr\/#\/schema\/logo\/image\/"}},{"@type":"Person","@id":"https:\/\/www.lafabbrica.it\/fr\/#\/schema\/person\/9854f3650eab7e4334e66d22de09296a","name":"admin","sameAs":["http:\/\/www.lafabbrica.it"],"url":"https:\/\/www.lafabbrica.it\/fr\/author\/admin\/"}]}},"_links":{"self":[{"href":"https:\/\/www.lafabbrica.it\/fr\/wp-json\/wp\/v2\/posts\/27808","targetHints":{"allow":["GET"]}}],"collection":[{"href":"https:\/\/www.lafabbrica.it\/fr\/wp-json\/wp\/v2\/posts"}],"about":[{"href":"https:\/\/www.lafabbrica.it\/fr\/wp-json\/wp\/v2\/types\/post"}],"author":[{"embeddable":true,"href":"https:\/\/www.lafabbrica.it\/fr\/wp-json\/wp\/v2\/users\/1"}],"replies":[{"embeddable":true,"href":"https:\/\/www.lafabbrica.it\/fr\/wp-json\/wp\/v2\/comments?post=27808"}],"version-history":[{"count":0,"href":"https:\/\/www.lafabbrica.it\/fr\/wp-json\/wp\/v2\/posts\/27808\/revisions"}],"wp:featuredmedia":[{"embeddable":true,"href":"https:\/\/www.lafabbrica.it\/fr\/wp-json\/wp\/v2\/media\/27814"}],"wp:attachment":[{"href":"https:\/\/www.lafabbrica.it\/fr\/wp-json\/wp\/v2\/media?parent=27808"}],"wp:term":[{"taxonomy":"category","embeddable":true,"href":"https:\/\/www.lafabbrica.it\/fr\/wp-json\/wp\/v2\/categories?post=27808"},{"taxonomy":"post_tag","embeddable":true,"href":"https:\/\/www.lafabbrica.it\/fr\/wp-json\/wp\/v2\/tags?post=27808"}],"curies":[{"name":"wp","href":"https:\/\/api.w.org\/{rel}","templated":true}]}}