{"id":27175,"date":"2025-06-05T11:23:29","date_gmt":"2025-06-05T10:23:29","guid":{"rendered":"https:\/\/www.lafabbrica.it\/?p=27175"},"modified":"2025-06-06T08:52:10","modified_gmt":"2025-06-06T07:52:10","slug":"lesthetique-du-style-industriel-entre-pop-art-et-series-tele-americaines","status":"publish","type":"post","link":"https:\/\/www.lafabbrica.it\/fr\/lesthetique-du-style-industriel-entre-pop-art-et-series-tele-americaines\/","title":{"rendered":"L\u2019esth\u00e9tique du style industriel : entre pop art et s\u00e9ries t\u00e9l\u00e9 am\u00e9ricaines"},"content":{"rendered":"\t\t<div data-elementor-type=\"wp-post\" data-elementor-id=\"27175\" class=\"elementor elementor-27175 elementor-27172\" data-elementor-post-type=\"post\">\n\t\t\t\t<div data-dce-background-color=\"#FFFFFF\" class=\"elementor-element elementor-element-99db600 e-con-full e-flex e-con e-parent\" data-id=\"99db600\" data-element_type=\"container\" data-settings=\"{&quot;content_width&quot;:&quot;full&quot;,&quot;background_background&quot;:&quot;classic&quot;}\" data-core-v316-plus=\"true\">\n\t\t\t\t<div class=\"elementor-element elementor-element-af233c5 elementor-widget elementor-widget-heading\" data-id=\"af233c5\" data-element_type=\"widget\" data-widget_type=\"heading.default\">\n\t\t\t\t<div class=\"elementor-widget-container\">\n\t\t\t<h1 class=\"elementor-heading-title elementor-size-default\">L\u2019esth\u00e9tique du style industriel : entre pop art et s\u00e9ries t\u00e9l\u00e9 am\u00e9ricaines<\/h1>\t\t<\/div>\n\t\t\t\t<\/div>\n\t\t\t\t<div class=\"elementor-element elementor-element-ace6ad3 elementor-widget elementor-widget-heading\" data-id=\"ace6ad3\" data-element_type=\"widget\" data-widget_type=\"heading.default\">\n\t\t\t\t<div class=\"elementor-widget-container\">\n\t\t\t<h2 class=\"elementor-heading-title elementor-size-default\">Pop Art et Style Industriel : une alliance gagnante<\/h2>\t\t<\/div>\n\t\t\t\t<\/div>\n\t\t\t\t<div class=\"elementor-element elementor-element-2399bc4 elementor-widget elementor-widget-text-editor\" data-id=\"2399bc4\" data-element_type=\"widget\" data-widget_type=\"text-editor.default\">\n\t\t\t\t<div class=\"elementor-widget-container\">\n\t\t\t\t\t\t\t&nbsp;\r\n\r\n<strong>&lt;h2&gt;<\/strong><strong>Pop Art et Style <\/strong><strong>Industriel<\/strong><strong> : une <\/strong><strong>alliance<\/strong><strong>\u00a0<\/strong><strong>gagnante<\/strong><strong>&lt;\/h2&gt;<\/strong>\r\n\r\n<strong>Le Pop Art et le style <\/strong><strong>industriel<\/strong><strong>\u00a0<\/strong><strong>peuvent<\/strong><strong>\u00a0<\/strong><strong>sembler<\/strong><strong>, \u00e0 premi\u00e8re <\/strong><strong>vue<\/strong><strong>, <\/strong><strong>deux<\/strong><strong>\u00a0<\/strong><strong>mondes<\/strong><strong>\u00a0<\/strong><strong>\u00e9loign\u00e9s<\/strong><strong>. En <\/strong><strong>r\u00e9alit\u00e9<\/strong><strong>, <\/strong><strong>ils<\/strong><strong>\u00a0<\/strong><strong>forment<\/strong><strong> une <\/strong><strong>alliance<\/strong><strong>\u00a0<\/strong><strong>gagnante<\/strong><strong>\u00a0<\/strong><strong>dans<\/strong><strong> le design d\u2019<\/strong><strong>int\u00e9rieur<\/strong><strong>,<\/strong> une rencontre\u00a0entre l\u2019art et l\u2019architecture\u00a0urbaine qui a donn\u00e9\u00a0naissance \u00e0 des\u00a0espaces\u00a0originaux et pleins de personnalit\u00e9.\r\n\r\n<strong>Le <\/strong><strong>Pop Art<\/strong><strong>, n\u00e9 <\/strong><strong>dans<\/strong><strong>\u00a0<\/strong><strong>les<\/strong><strong>\u00a0<\/strong><strong>ann\u00e9es<\/strong><strong> 60, <\/strong><strong>c\u00e9l\u00e8bre<\/strong><strong> l\u2019<\/strong><strong>ordinaire<\/strong><strong> et le <\/strong><strong>quotidien<\/strong><strong>\u00a0<\/strong><strong>avec<\/strong><strong>\u00a0<\/strong><strong>des<\/strong><strong>\u00a0<\/strong><strong>couleurs<\/strong><strong>\u00a0<\/strong><strong>vives<\/strong><strong> et <\/strong><strong>des<\/strong><strong> images <\/strong><strong>issues<\/strong><strong> de la culture de masse.<\/strong>\u00a0Les\u00a0\u0153uvres d\u2019Andy Warhol, Roy Lichtenstein et Keith Haring \u2013 figures\u00a0embl\u00e9matiques\u00a0du pop art aux\u00a0\u00c9tats-Unis \u2013 transforment\u00a0produits\u00a0commerciaux, bandes\u00a0dessin\u00e9es et graffitis en art iconique.\r\n\r\nDe l\u2019autre\u00a0c\u00f4t\u00e9, le <strong>style <\/strong><strong>industriel<\/strong>\u00a0dans l\u2019ameublement s\u2019inspire\u00a0des lofts new-yorkais et des\u00a0entrep\u00f4ts\u00a0r\u00e9habilit\u00e9s : des\u00a0<strong>espaces<\/strong><strong>\u00a0<\/strong><strong>vastes<\/strong><strong> et <\/strong><strong>ouverts<\/strong>, caract\u00e9ris\u00e9s par des\u00a0mat\u00e9riaux\u00a0bruts et des\u00a0atmosph\u00e8res\u00a0m\u00e9tropolitaines.\r\n\r\n<strong>Le <\/strong><strong>gr\u00e8s <\/strong><strong>c\u00e9rame<\/strong><strong>\u00a0<\/strong><strong>effet<\/strong><strong>\u00a0<\/strong><strong>b\u00e9ton<\/strong><strong>\u00a0<\/strong><strong>ou<\/strong><strong>\u00a0<\/strong><strong>m\u00e9tal<\/strong><strong> est parfait pour <\/strong><strong>valoriser<\/strong><strong> ce style :<\/strong>\u00a0r\u00e9sistant, textur\u00e9 et visuellement\u00a0percutant, il rappelle\u00a0les\u00a0surfaces\u00a0v\u00e9cues\u00a0typiques\u00a0des\u00a0espaces\u00a0industriels. Les\u00a0grandes\u00a0dalles, avec\u00a0des\u00a0finitions\u00a0mates\u00a0ou\u00a0l\u00e9g\u00e8rement\u00a0irr\u00e9guli\u00e8res, renforcent l\u2019esth\u00e9tique\u00a0urbaine et contemporaine, cr\u00e9ant une base neutre qui met en valeur le mobilier et les\u00a0\u0153uvres d\u2019art.\t\t\t\t\t\t<\/div>\n\t\t\t\t<\/div>\n\t\t\t\t<div class=\"elementor-element elementor-element-3a85176 elementor-widget elementor-widget-image\" data-id=\"3a85176\" data-element_type=\"widget\" data-widget_type=\"image.default\">\n\t\t\t\t<div class=\"elementor-widget-container\">\n\t\t\t\t\t\t\t\t\t\t\t\t\t<img fetchpriority=\"high\" decoding=\"async\" width=\"1440\" height=\"811\" src=\"https:\/\/www.lafabbrica.it\/wp-content\/uploads\/2025\/06\/loft-1.jpg\" class=\"attachment-full size-full wp-image-27193\" alt=\"\" srcset=\"https:\/\/www.lafabbrica.it\/wp-content\/uploads\/2025\/06\/loft-1.jpg 1440w, https:\/\/www.lafabbrica.it\/wp-content\/uploads\/2025\/06\/loft-1-300x169.jpg 300w, https:\/\/www.lafabbrica.it\/wp-content\/uploads\/2025\/06\/loft-1-1024x577.jpg 1024w, https:\/\/www.lafabbrica.it\/wp-content\/uploads\/2025\/06\/loft-1-768x433.jpg 768w\" sizes=\"(max-width: 1440px) 100vw, 1440px\" \/>\t\t\t\t\t\t\t\t\t\t\t\t\t<\/div>\n\t\t\t\t<\/div>\n\t\t\t\t<div class=\"elementor-element elementor-element-746b0db elementor-widget elementor-widget-heading\" data-id=\"746b0db\" data-element_type=\"widget\" data-widget_type=\"heading.default\">\n\t\t\t\t<div class=\"elementor-widget-container\">\n\t\t\t<h2 class=\"elementor-heading-title elementor-size-default\">La Factory d\u2019Andy Warhol et son influence visuelle<\/h2>\t\t<\/div>\n\t\t\t\t<\/div>\n\t\t\t\t<div class=\"elementor-element elementor-element-6e7f467 elementor-widget elementor-widget-text-editor\" data-id=\"6e7f467\" data-element_type=\"widget\" data-widget_type=\"text-editor.default\">\n\t\t\t\t<div class=\"elementor-widget-container\">\n\t\t\t\t\t\t\t<strong>L\u2019un <\/strong><strong>des<\/strong><strong>\u00a0<\/strong><strong>exemples<\/strong><strong>\u00a0<\/strong><strong>les<\/strong><strong> plus <\/strong><strong>embl\u00e9matiques<\/strong><strong> de la <\/strong><strong>rencontre<\/strong><strong>\u00a0<\/strong><strong>entre<\/strong><strong> pop art et environnement <\/strong><strong>industriel<\/strong><strong> est la <\/strong><strong>Factory<\/strong><strong> d\u2019Andy Warhol.<\/strong>\u00a0Au milieu des\u00a0ann\u00e9es 60, Warhol transforma une ancienne\u00a0usine new-yorkaise en son studio cr\u00e9atif, rebaptis\u00e9 \u00ab The Factory \u00bb.\r\n\r\nCe lieu\u00a0l\u00e9gendaire, aux\u00a0murs\u00a0recouverts de feuilles\u00a0d\u2019argent et aux\u00a0tuyaux\u00a0apparents, \u00e9tait\u00a0bien plus qu\u2019un\u00a0simple atelier : c\u2019\u00e9tait un carrefour d\u2019artistes, de musiciens et de stars du\u00a0cin\u00e9ma, repr\u00e9sentant\u00a0visuellement l\u2019id\u00e9e de l\u2019<strong>art <\/strong><strong>comme<\/strong><strong>\u00a0<\/strong><strong>produit<\/strong><strong>\u00a0<\/strong><strong>industriel<\/strong>.\r\n\r\n\u00c0 la Factory\u00a0r\u00e9gnait une cr\u00e9ativit\u00e9\u00a0fr\u00e9n\u00e9tique et anticonformiste, o\u00f9\u00a0des\u00a0<strong>ic\u00f4nes<\/strong><strong> pop<\/strong>\u00a0comme\u00a0les\u00a0bo\u00eetes Campbell ou le visage de Marilyn Monroe prenaient vie dans\u00a0des\u00a0s\u00e9rigraphies\u00a0produites en s\u00e9rie, presque\u00a0comme si elles\u00a0sortaient d\u2019une cha\u00eene de montage\u00a0artistique.\r\n\r\nL\u2019environnement lui-m\u00eame \u2013 un loft brut avec\u00a0des\u00a0sols en b\u00e9ton et des\u00a0murs en briques \u2013 constituait\u00a0<strong>un <\/strong><strong>d\u00e9cor<\/strong><strong>\u00a0<\/strong><strong>industriel<\/strong> parfait pour les\u00a0cr\u00e9ations pop de Warhol. Sa Factory a eu une \u00e9norme\u00a0<strong>influence<\/strong><strong>\u00a0<\/strong><strong>visuelle<\/strong> : elle a d\u00e9montr\u00e9\u00a0comment un espace\u00a0industriel\u00a0pouvait devenir un foyer d\u2019art d\u2019avant-garde, alliant\u00a0cr\u00e9ativit\u00e9 et atmosph\u00e8re \u00ab brute \u00bb.\t\t\t\t\t\t<\/div>\n\t\t\t\t<\/div>\n\t\t\t\t<div class=\"elementor-element elementor-element-80ac150 elementor-widget elementor-widget-heading\" data-id=\"80ac150\" data-element_type=\"widget\" data-widget_type=\"heading.default\">\n\t\t\t\t<div class=\"elementor-widget-container\">\n\t\t\t<h3 class=\"elementor-heading-title elementor-size-default\">La diffusion du pop art \u00e0 travers Lichtenstein et Haring<\/h3>\t\t<\/div>\n\t\t\t\t<\/div>\n\t\t\t\t<div class=\"elementor-element elementor-element-12be81f elementor-widget elementor-widget-text-editor\" data-id=\"12be81f\" data-element_type=\"widget\" data-widget_type=\"text-editor.default\">\n\t\t\t\t<div class=\"elementor-widget-container\">\n\t\t\t\t\t\t\t<strong>Parall\u00e8lement<\/strong><strong>, <\/strong><strong>des<\/strong><strong>\u00a0<\/strong><strong>artistes<\/strong><strong>\u00a0<\/strong><strong>comme<\/strong><strong>\u00a0<\/strong><strong>Roy<\/strong><strong> Lichtenstein et Keith Haring <\/strong><strong>puisaient<\/strong><strong>\u00a0<\/strong><strong>leur<\/strong><strong>\u00a0<\/strong><strong>inspiration<\/strong><strong>\u00a0<\/strong><strong>dans<\/strong><strong> la ville et <\/strong><strong>ses<\/strong><strong>\u00a0<\/strong><strong>\u00e9l\u00e9ments<\/strong><strong>\u00a0<\/strong><strong>visuels<\/strong><strong>.<\/strong> Lichtenstein transposait\u00a0les\u00a0bandes\u00a0dessin\u00e9es sur toile\u00a0avec\u00a0ses\u00a0peintures\u00a0aux\u00a0couleurs\u00a0plates et pointill\u00e9es, tandis\u00a0que Haring peignait\u00a0ses petits personnages\u00a0dynamiques sur les\u00a0murs\u00a0du m\u00e9tro.\r\n\r\nCes\u00a0\u0153uvres \u2013 color\u00e9es, graphiques, imm\u00e9diatement\u00a0reconnaissables \u2013 \u00e9voquaient\u00a0les\u00a0<strong>caract\u00e9ristiques<\/strong><strong>\u00a0<\/strong><strong>du<\/strong><strong> pop art<\/strong> (utilisation de couleurs\u00a0vives, lignes\u00a0nettes, ic\u00f4nes de la culture populaire) et apparaissaient\u00a0souvent\u00a0dans\u00a0des\u00a0contextes\u00a0urbains\u00a0d\u00e9grad\u00e9s, des\u00a0<strong>espaces<\/strong><strong>\u00a0<\/strong><strong>industriels<\/strong>\u00a0ou\u00a0des rues de la ville.\t\t\t\t\t\t<\/div>\n\t\t\t\t<\/div>\n\t\t\t\t<div class=\"elementor-element elementor-element-dde4849 elementor-widget elementor-widget-image\" data-id=\"dde4849\" data-element_type=\"widget\" data-widget_type=\"image.default\">\n\t\t\t\t<div class=\"elementor-widget-container\">\n\t\t\t\t\t\t\t\t\t\t\t\t\t<img decoding=\"async\" width=\"1440\" height=\"811\" src=\"https:\/\/www.lafabbrica.it\/wp-content\/uploads\/2025\/06\/BATH.jpg\" class=\"attachment-full size-full wp-image-27242\" alt=\"\" srcset=\"https:\/\/www.lafabbrica.it\/wp-content\/uploads\/2025\/06\/BATH.jpg 1440w, https:\/\/www.lafabbrica.it\/wp-content\/uploads\/2025\/06\/BATH-300x169.jpg 300w, https:\/\/www.lafabbrica.it\/wp-content\/uploads\/2025\/06\/BATH-1024x577.jpg 1024w, https:\/\/www.lafabbrica.it\/wp-content\/uploads\/2025\/06\/BATH-768x433.jpg 768w\" sizes=\"(max-width: 1440px) 100vw, 1440px\" \/>\t\t\t\t\t\t\t\t\t\t\t\t\t<\/div>\n\t\t\t\t<\/div>\n\t\t\t\t<div class=\"elementor-element elementor-element-c30e70e elementor-widget elementor-widget-heading\" data-id=\"c30e70e\" data-element_type=\"widget\" data-widget_type=\"heading.default\">\n\t\t\t\t<div class=\"elementor-widget-container\">\n\t\t\t<h3 class=\"elementor-heading-title elementor-size-default\">Mobilier industriel : les caract\u00e9ristiques du style<\/h3>\t\t<\/div>\n\t\t\t\t<\/div>\n\t\t\t\t<div class=\"elementor-element elementor-element-b3fb2ad elementor-widget elementor-widget-text-editor\" data-id=\"b3fb2ad\" data-element_type=\"widget\" data-widget_type=\"text-editor.default\">\n\t\t\t\t<div class=\"elementor-widget-container\">\n\t\t\t\t\t\t\tLe <strong>mobilier <\/strong><strong>industriel<\/strong>\u00a0na\u00eet de la fascination pour les\u00a0anciens\u00a0b\u00e2timents\u00a0urbains\u00a0transform\u00e9s en habitations : usines\u00a0d\u00e9saffect\u00e9es, entrep\u00f4ts, ateliers devenant lofts et ateliers d\u2019artistes.\r\n\r\nMais quelles\u00a0sont\u00a0les\u00a0caract\u00e9ristiques\u00a0du style industriel ? En g\u00e9n\u00e9ral, ce style privil\u00e9gie\u00a0les\u00a0\u00e9l\u00e9ments\u00a0bruts et fonctionnels, les\u00a0espaces\u00a0ouverts et les\u00a0meubles de r\u00e9cup\u00e9ration.\r\n\r\nVoici\u00a0quelques traits distinctifs :\r\n<ul>\r\n \t<li><strong>Espaces<\/strong><strong>\u00a0<\/strong><strong>ouverts<\/strong> : les\u00a0appartements de style industriel\u00a0sont\u00a0souvent de grands open spaces\u00a0a\u00e9r\u00e9s, avec\u00a0peu de cloisons. Les\u00a0espaces de vie, la cuisine et parfois la chambre\u00a0coexistent\u00a0dans une seule pi\u00e8ce.<\/li>\r\n \t<li><strong>Mat\u00e9riaux<\/strong><strong>\u00a0<\/strong><strong>bruts<\/strong><strong>\u00a0<\/strong><strong>apparents<\/strong> : briques, b\u00e9ton et m\u00e9tal\u00a0sont \u00e0 l\u2019honneur. Murs en briques\u00a0apparentes\u00a0ou\u00a0b\u00e9ton brut, sols en b\u00e9ton\u00a0ou\u00a0bois\u00a0us\u00e9, tuyaux et poutres\u00a0m\u00e9talliques\u00a0laiss\u00e9s\u00a0visibles\u00a0donnent ce caract\u00e8re \u00ab inachev\u00e9 \u00bb typique\u00a0du style.<\/li>\r\n \t<li><strong>Palette neutre et tons <\/strong><strong>fonc\u00e9s<\/strong> : les\u00a0couleurs\u00a0dominantes\u00a0dans l\u2019ameublement\u00a0industriel\u00a0sont\u00a0neutres et terreuses. Gris b\u00e9ton, brun\u00a0rouille, noir fer et blanc\u00a0cass\u00e9\u00a0dominent\u00a0l\u2019espace.<\/li>\r\n \t<li><strong>Meubles<\/strong><strong>\u00a0<\/strong><strong>fonctionnels<\/strong><strong> et vintage<\/strong> : le style industriel\u00a0aime\u00a0les\u00a0objets vintage et de r\u00e9cup\u00e9ration. Meubles en m\u00e9tal\u00a0au look r\u00e9tro, casiers\u00a0semblant sortir d\u2019un vieil atelier, tables en bois\u00a0massif\u00a0avec\u00a0roues en fonte, tabourets de laboratoire, anciennes\u00a0plaques\u00a0publicitaires en t\u00f4le, suspensions\u00a0industrielles \u00e0 grosses\u00a0ampoules \u00e0 filament.<\/li>\r\n \t<li><strong>\u00c9clairage<\/strong><strong> d\u2019atelier<\/strong> : essentiel pour recr\u00e9er l\u2019ambiance. Grandes suspensions en m\u00e9tal, projecteurs de th\u00e9\u00e2tre\u00a0r\u00e9utilis\u00e9s, appliques en tuyau\u00a0hydraulique font partie de l\u2019esth\u00e9tique. La lumi\u00e8re est chaude mais directe, mettant en valeur\u00a0les textures brutes\u00a0des\u00a0surfaces.<\/li>\r\n<\/ul>\t\t\t\t\t\t<\/div>\n\t\t\t\t<\/div>\n\t\t\t\t<div class=\"elementor-element elementor-element-048cb19 elementor-widget elementor-widget-heading\" data-id=\"048cb19\" data-element_type=\"widget\" data-widget_type=\"heading.default\">\n\t\t\t\t<div class=\"elementor-widget-container\">\n\t\t\t<h2 class=\"elementor-heading-title elementor-size-default\">Le r\u00f4le des couleurs et des ic\u00f4nes pop dans les espaces industriels<\/h2>\t\t<\/div>\n\t\t\t\t<\/div>\n\t\t\t\t<div class=\"elementor-element elementor-element-15f5678 elementor-widget elementor-widget-text-editor\" data-id=\"15f5678\" data-element_type=\"widget\" data-widget_type=\"text-editor.default\">\n\t\t\t\t<div class=\"elementor-widget-container\">\n\t\t\t\t\t\t\t<strong>Dans<\/strong><strong> un loft <\/strong><strong>industriel<\/strong><strong>\u00a0<\/strong><strong>aux<\/strong><strong> tons <\/strong><strong>neutres<\/strong><strong>, l\u2019<\/strong><strong>ajout<\/strong><strong> de <\/strong><strong>couleurs<\/strong><strong>\u00a0<\/strong><strong>vives<\/strong><strong> et de <\/strong><strong>r\u00e9f\u00e9rences<\/strong><strong> pop <\/strong><strong>peut<\/strong><strong> transformer <\/strong><strong>l\u2019espace<\/strong><strong> et lui <\/strong><strong>donner<\/strong><strong>\u00a0<\/strong><strong>du<\/strong><strong>\u00a0<\/strong><strong>caract\u00e8re<\/strong><strong>.<\/strong> Le r\u00f4le des\u00a0couleurs et des\u00a0ic\u00f4nes pop dans ce type d\u2019environnement est fondamental pour cr\u00e9er\u00a0des\u00a0contrastes\u00a0captivants.\r\n\r\nPensons \u00e0 un grand <strong>open <\/strong><strong>space<\/strong>\u00a0avec\u00a0des\u00a0murs en b\u00e9ton et des\u00a0tuyaux\u00a0m\u00e9talliques\u00a0apparents : un tableau de Pop Art avec\u00a0les\u00a0bandes\u00a0dessin\u00e9es\u00a0typiques de Lichtenstein ou une affiche de Marilyn Monroe sign\u00e9e Warhol, accroch\u00e9e \u00e0 l\u2019un de ces\u00a0murs\u00a0bruts, devient\u00a0imm\u00e9diatement le point focal de la pi\u00e8ce.\t\t\t\t\t\t<\/div>\n\t\t\t\t<\/div>\n\t\t\t\t<div class=\"elementor-element elementor-element-3ec7cb8 elementor-widget elementor-widget-heading\" data-id=\"3ec7cb8\" data-element_type=\"widget\" data-widget_type=\"heading.default\">\n\t\t\t\t<div class=\"elementor-widget-container\">\n\t\t\t<h3 class=\"elementor-heading-title elementor-size-default\">Comment am\u00e9nager un salon industriel avec des touches de pop art<\/h3>\t\t<\/div>\n\t\t\t\t<\/div>\n\t\t\t\t<div class=\"elementor-element elementor-element-b37fbe0 elementor-widget elementor-widget-text-editor\" data-id=\"b37fbe0\" data-element_type=\"widget\" data-widget_type=\"text-editor.default\">\n\t\t\t\t<div class=\"elementor-widget-container\">\n\t\t\t\t\t\t\t<strong style=\"font-size: 16px;\">Dans<\/strong><strong style=\"font-size: 16px;\"> un salon <\/strong><strong style=\"font-size: 16px;\">industriel<\/strong><strong style=\"font-size: 16px;\">, un <\/strong><strong style=\"font-size: 16px;\">canap\u00e9<\/strong><strong style=\"font-size: 16px;\"> en <\/strong><strong style=\"font-size: 16px;\">cuir<\/strong><strong style=\"font-size: 16px;\"> noir <\/strong><strong style=\"font-size: 16px;\">peut<\/strong><strong style=\"font-size: 16px;\">\u00a0<\/strong><strong style=\"font-size: 16px;\">\u00eatre<\/strong><strong style=\"font-size: 16px;\">\u00a0<\/strong><strong style=\"font-size: 16px;\">\u00e9gay\u00e9<\/strong><strong style=\"font-size: 16px;\"> par <\/strong><strong style=\"font-size: 16px;\">des<\/strong><strong style=\"font-size: 16px;\">\u00a0<\/strong><strong style=\"font-size: 16px;\">coussins<\/strong><strong style=\"font-size: 16px;\">\u00a0<\/strong><strong style=\"font-size: 16px;\">aux<\/strong><strong style=\"font-size: 16px;\">\u00a0<\/strong><strong style=\"font-size: 16px;\">couleurs<\/strong><strong style=\"font-size: 16px;\"> fluo <\/strong><strong style=\"font-size: 16px;\">ou<\/strong><strong style=\"font-size: 16px;\">\u00a0<\/strong><strong style=\"font-size: 16px;\">des<\/strong><strong style=\"font-size: 16px;\">\u00a0<\/strong><strong style=\"font-size: 16px;\">imprim\u00e9s<\/strong><strong style=\"font-size: 16px;\">\u00a0<\/strong><strong style=\"font-size: 16px;\">inspir\u00e9s<\/strong><strong style=\"font-size: 16px;\">\u00a0<\/strong><strong style=\"font-size: 16px;\">du<\/strong><strong style=\"font-size: 16px;\"> pop art.<\/strong><span style=\"font-size: 16px;\">\u00a0M\u00eame de petits objets vintage de la culture populaire\u00a0peuvent\u00a0faire la diff\u00e9rence : par exemple, un vieux juke-box, une guitare\u00a0\u00e9lectrique\u00a0accroch\u00e9e\u00a0au\u00a0mur, une enseigne\u00a0n\u00e9on\u00a0color\u00e9e fa\u00e7on Miami Vice des\u00a0ann\u00e9es 80 ou\u00a0des\u00a0plaques\u00a0publicitaires Coca-Cola vintage en m\u00e9tal\u00a0\u00e9maill\u00e9.<\/span>\r\n\r\n<strong>Les<\/strong><strong>\u00a0<\/strong><strong>couleurs<\/strong><strong>\u00a0<\/strong><strong>vives<\/strong><strong>\u00a0<\/strong><strong>typiques<\/strong><strong>\u00a0<\/strong><strong>du<\/strong><strong> pop art (rouge, <\/strong><strong>jaune<\/strong><strong>, bleu <\/strong><strong>primaire<\/strong><strong>)<\/strong>\u00a0ressortent sur le fond de briques et de b\u00e9ton, donnant de l\u2019\u00e9nergie \u00e0 l\u2019espace sans pour autant le saturer.\t\t\t\t\t\t<\/div>\n\t\t\t\t<\/div>\n\t\t\t\t<div class=\"elementor-element elementor-element-362ae55 elementor-widget elementor-widget-image\" data-id=\"362ae55\" data-element_type=\"widget\" data-widget_type=\"image.default\">\n\t\t\t\t<div class=\"elementor-widget-container\">\n\t\t\t\t\t\t\t\t\t\t\t\t\t<img decoding=\"async\" width=\"1440\" height=\"811\" src=\"https:\/\/www.lafabbrica.it\/wp-content\/uploads\/2025\/06\/loft-3.jpg\" class=\"attachment-full size-full wp-image-27201\" alt=\"\" srcset=\"https:\/\/www.lafabbrica.it\/wp-content\/uploads\/2025\/06\/loft-3.jpg 1440w, https:\/\/www.lafabbrica.it\/wp-content\/uploads\/2025\/06\/loft-3-300x169.jpg 300w, https:\/\/www.lafabbrica.it\/wp-content\/uploads\/2025\/06\/loft-3-1024x577.jpg 1024w, https:\/\/www.lafabbrica.it\/wp-content\/uploads\/2025\/06\/loft-3-768x433.jpg 768w\" sizes=\"(max-width: 1440px) 100vw, 1440px\" \/>\t\t\t\t\t\t\t\t\t\t\t\t\t<\/div>\n\t\t\t\t<\/div>\n\t\t\t\t<div class=\"elementor-element elementor-element-3fb9c9a elementor-widget elementor-widget-heading\" data-id=\"3fb9c9a\" data-element_type=\"widget\" data-widget_type=\"heading.default\">\n\t\t\t\t<div class=\"elementor-widget-container\">\n\t\t\t<h2 class=\"elementor-heading-title elementor-size-default\">L\u2019imaginaire esth\u00e9tique des s\u00e9ries TV am\u00e9ricaines<\/h2>\t\t<\/div>\n\t\t\t\t<\/div>\n\t\t\t\t<div class=\"elementor-element elementor-element-0cfb974 elementor-widget elementor-widget-text-editor\" data-id=\"0cfb974\" data-element_type=\"widget\" data-widget_type=\"text-editor.default\">\n\t\t\t\t<div class=\"elementor-widget-container\">\n\t\t\t\t\t\t\t<p><strong>Entre<\/strong><strong>\u00a0<\/strong><strong>les<\/strong><strong>\u00a0<\/strong><strong>ann\u00e9es<\/strong><strong> 80 et 90, de <\/strong><strong>nombreuses<\/strong><strong>\u00a0<\/strong><strong>s\u00e9ries<\/strong><strong> TV <\/strong><strong>am\u00e9ricaines<\/strong><strong>\u00a0<\/strong><strong>ont<\/strong><strong>\u00a0<\/strong><strong>contribu\u00e9<\/strong><strong> \u00e0 <\/strong><strong>diffuser<\/strong><strong> un <\/strong><strong>certain<\/strong><strong>\u00a0<\/strong><strong>imaginaire<\/strong><strong>\u00a0<\/strong><strong>esth\u00e9tique<\/strong>\u00a0m\u00ealant\u00a0environnements\u00a0urbains, art pop et style industriel, fascinant le public international.<\/p>\n\t\t\t\t\t\t<\/div>\n\t\t\t\t<\/div>\n\t\t\t\t<\/div>\n\t\t<div data-dce-background-color=\"#F7F7F8\" class=\"elementor-element elementor-element-d3c0ce1 e-con-full e-flex e-con e-parent\" data-id=\"d3c0ce1\" data-element_type=\"container\" data-settings=\"{&quot;content_width&quot;:&quot;full&quot;,&quot;background_background&quot;:&quot;classic&quot;}\" data-core-v316-plus=\"true\">\n\t\t<div class=\"elementor-element elementor-element-1636cdb e-flex e-con-boxed e-con e-child\" data-id=\"1636cdb\" data-element_type=\"container\" data-settings=\"{&quot;content_width&quot;:&quot;boxed&quot;}\">\n\t\t\t\t\t<div class=\"e-con-inner\">\n\t\t<div class=\"elementor-element elementor-element-ad3018d e-con-full e-flex e-con e-child\" data-id=\"ad3018d\" data-element_type=\"container\" data-settings=\"{&quot;content_width&quot;:&quot;full&quot;}\">\n\t\t\t\t<div class=\"elementor-element elementor-element-8f1e566 elementor-widget elementor-widget-image\" data-id=\"8f1e566\" data-element_type=\"widget\" data-widget_type=\"image.default\">\n\t\t\t\t<div class=\"elementor-widget-container\">\n\t\t\t\t\t\t\t\t\t\t\t\t\t<img loading=\"lazy\" decoding=\"async\" width=\"800\" height=\"1100\" src=\"https:\/\/www.lafabbrica.it\/wp-content\/uploads\/2025\/06\/v1.jpg\" class=\"attachment-full size-full wp-image-27256\" alt=\"\" srcset=\"https:\/\/www.lafabbrica.it\/wp-content\/uploads\/2025\/06\/v1.jpg 800w, https:\/\/www.lafabbrica.it\/wp-content\/uploads\/2025\/06\/v1-218x300.jpg 218w, https:\/\/www.lafabbrica.it\/wp-content\/uploads\/2025\/06\/v1-745x1024.jpg 745w, https:\/\/www.lafabbrica.it\/wp-content\/uploads\/2025\/06\/v1-768x1056.jpg 768w\" sizes=\"(max-width: 800px) 100vw, 800px\" \/>\t\t\t\t\t\t\t\t\t\t\t\t\t<\/div>\n\t\t\t\t<\/div>\n\t\t\t\t<\/div>\n\t\t<div class=\"elementor-element elementor-element-bce2513 e-con-full e-flex e-con e-child\" data-id=\"bce2513\" data-element_type=\"container\" data-settings=\"{&quot;content_width&quot;:&quot;full&quot;}\">\n\t\t\t\t<div class=\"elementor-element elementor-element-ff24a59 elementor-widget elementor-widget-heading\" data-id=\"ff24a59\" data-element_type=\"widget\" data-widget_type=\"heading.default\">\n\t\t\t\t<div class=\"elementor-widget-container\">\n\t\t\t<h3 class=\"elementor-heading-title elementor-size-default\">Miami Vice<\/h3>\t\t<\/div>\n\t\t\t\t<\/div>\n\t\t\t\t<div class=\"elementor-element elementor-element-61b66a4 elementor-widget elementor-widget-text-editor\" data-id=\"61b66a4\" data-element_type=\"widget\" data-widget_type=\"text-editor.default\">\n\t\t\t\t<div class=\"elementor-widget-container\">\n\t\t\t\t\t\t\t<p><strong>Pensons<\/strong><strong> \u00e0 Miami Vice : la <\/strong><strong>s\u00e9rie<\/strong><strong>\u00a0<\/strong><strong>\u00e9tait<\/strong><strong>\u00a0<\/strong><strong>c\u00e9l\u00e8bre<\/strong><strong> pour sa palette<\/strong> de couleurs\u00a0pastel et n\u00e9on, ses\u00a0int\u00e9rieurs\u00a0aux\u00a0d\u00e9tails art d\u00e9co et ses lumi\u00e8res fluo qui teintaient de rose et de bleu les\u00a0sc\u00e8nes\u00a0nocturnes de Miami. Son impact visuel \u2013 des\u00a0voitures de sport rutilantes\u00a0aux\u00a0enseignes\u00a0lumineuses \u2013 a rendu\u00a0populaires\u00a0des\u00a0\u00e9l\u00e9ments\u00a0d\u00e9coratifs\u00a0audacieux\u00a0comme le n\u00e9on, ensuite\u00a0adopt\u00e9s\u00a0dans\u00a0des\u00a0contextes\u00a0industriel chic.<\/p>\n\t\t\t\t\t\t<\/div>\n\t\t\t\t<\/div>\n\t\t\t\t<\/div>\n\t\t\t\t\t<\/div>\n\t\t\t\t<\/div>\n\t\t<div class=\"elementor-element elementor-element-e3faaaf e-flex e-con-boxed e-con e-child\" data-id=\"e3faaaf\" data-element_type=\"container\" data-settings=\"{&quot;content_width&quot;:&quot;boxed&quot;}\">\n\t\t\t\t\t<div class=\"e-con-inner\">\n\t\t<div class=\"elementor-element elementor-element-492f299 e-con-full e-flex e-con e-child\" data-id=\"492f299\" data-element_type=\"container\" data-settings=\"{&quot;content_width&quot;:&quot;full&quot;}\">\n\t\t\t\t<div class=\"elementor-element elementor-element-451370d elementor-widget elementor-widget-heading\" data-id=\"451370d\" data-element_type=\"widget\" data-widget_type=\"heading.default\">\n\t\t\t\t<div class=\"elementor-widget-container\">\n\t\t\t<h3 class=\"elementor-heading-title elementor-size-default\">Moonlighting<\/h3>\t\t<\/div>\n\t\t\t\t<\/div>\n\t\t\t\t<div class=\"elementor-element elementor-element-c1667bb elementor-widget elementor-widget-text-editor\" data-id=\"c1667bb\" data-element_type=\"widget\" data-widget_type=\"text-editor.default\">\n\t\t\t\t<div class=\"elementor-widget-container\">\n\t\t\t\t\t\t\t<p><strong>De l\u2019<\/strong><strong>autre<\/strong><strong>\u00a0<\/strong><strong>c\u00f4t\u00e9<\/strong><strong>, <\/strong><strong>Moonlighting<\/strong><strong> (<\/strong><strong>connu<\/strong><strong> en France <\/strong><strong>sous<\/strong><strong> le <\/strong><strong>nom<\/strong><strong> de Clair de Lune) <\/strong><strong>portait<\/strong><strong> \u00e0 l\u2019<\/strong><strong>\u00e9cran<\/strong><strong> un m\u00e9lange d\u2019<\/strong><strong>\u00e9l\u00e9gance<\/strong><strong> et de <\/strong><strong>modernit\u00e9<\/strong><strong> :<\/strong> l\u2019agence de Maddie Hayes pr\u00e9sentait\u00a0des bureaux au look contemporain, avec de grandes\u00a0fen\u00eatres\u00a0urbaines et parfois\u00a0des\u00a0\u0153uvres d\u2019art modernes\u00a0aux\u00a0murs.<\/p>\n\t\t\t\t\t\t<\/div>\n\t\t\t\t<\/div>\n\t\t\t\t<\/div>\n\t\t<div class=\"elementor-element elementor-element-1b8be73 e-con-full e-flex e-con e-child\" data-id=\"1b8be73\" data-element_type=\"container\" data-settings=\"{&quot;content_width&quot;:&quot;full&quot;}\">\n\t\t\t\t<div class=\"elementor-element elementor-element-073cdbb elementor-widget elementor-widget-image\" data-id=\"073cdbb\" data-element_type=\"widget\" data-widget_type=\"image.default\">\n\t\t\t\t<div class=\"elementor-widget-container\">\n\t\t\t\t\t\t\t\t\t\t\t\t\t<img loading=\"lazy\" decoding=\"async\" width=\"800\" height=\"1100\" src=\"https:\/\/www.lafabbrica.it\/wp-content\/uploads\/2025\/06\/v3.jpg\" class=\"attachment-full size-full wp-image-27264\" alt=\"\" srcset=\"https:\/\/www.lafabbrica.it\/wp-content\/uploads\/2025\/06\/v3.jpg 800w, https:\/\/www.lafabbrica.it\/wp-content\/uploads\/2025\/06\/v3-218x300.jpg 218w, https:\/\/www.lafabbrica.it\/wp-content\/uploads\/2025\/06\/v3-745x1024.jpg 745w, https:\/\/www.lafabbrica.it\/wp-content\/uploads\/2025\/06\/v3-768x1056.jpg 768w\" sizes=\"(max-width: 800px) 100vw, 800px\" \/>\t\t\t\t\t\t\t\t\t\t\t\t\t<\/div>\n\t\t\t\t<\/div>\n\t\t\t\t<\/div>\n\t\t\t\t\t<\/div>\n\t\t\t\t<\/div>\n\t\t<div class=\"elementor-element elementor-element-507d74e e-flex e-con-boxed e-con e-child\" data-id=\"507d74e\" data-element_type=\"container\" data-settings=\"{&quot;content_width&quot;:&quot;boxed&quot;}\">\n\t\t\t\t\t<div class=\"e-con-inner\">\n\t\t<div class=\"elementor-element elementor-element-e0c320c e-con-full e-flex e-con e-child\" data-id=\"e0c320c\" data-element_type=\"container\" data-settings=\"{&quot;content_width&quot;:&quot;full&quot;}\">\n\t\t\t\t<div class=\"elementor-element elementor-element-024ac76 elementor-widget elementor-widget-image\" data-id=\"024ac76\" data-element_type=\"widget\" data-widget_type=\"image.default\">\n\t\t\t\t<div class=\"elementor-widget-container\">\n\t\t\t\t\t\t\t\t\t\t\t\t\t<img loading=\"lazy\" decoding=\"async\" width=\"800\" height=\"1100\" src=\"https:\/\/www.lafabbrica.it\/wp-content\/uploads\/2025\/06\/v2.jpg\" class=\"attachment-full size-full wp-image-27260\" alt=\"\" srcset=\"https:\/\/www.lafabbrica.it\/wp-content\/uploads\/2025\/06\/v2.jpg 800w, https:\/\/www.lafabbrica.it\/wp-content\/uploads\/2025\/06\/v2-218x300.jpg 218w, https:\/\/www.lafabbrica.it\/wp-content\/uploads\/2025\/06\/v2-745x1024.jpg 745w, https:\/\/www.lafabbrica.it\/wp-content\/uploads\/2025\/06\/v2-768x1056.jpg 768w\" sizes=\"(max-width: 800px) 100vw, 800px\" \/>\t\t\t\t\t\t\t\t\t\t\t\t\t<\/div>\n\t\t\t\t<\/div>\n\t\t\t\t<\/div>\n\t\t<div class=\"elementor-element elementor-element-b4eb40a e-con-full e-flex e-con e-child\" data-id=\"b4eb40a\" data-element_type=\"container\" data-settings=\"{&quot;content_width&quot;:&quot;full&quot;}\">\n\t\t\t\t<div class=\"elementor-element elementor-element-cd5684f elementor-widget elementor-widget-heading\" data-id=\"cd5684f\" data-element_type=\"widget\" data-widget_type=\"heading.default\">\n\t\t\t\t<div class=\"elementor-widget-container\">\n\t\t\t<h3 class=\"elementor-heading-title elementor-size-default\">Magnum P.I.<\/h3>\t\t<\/div>\n\t\t\t\t<\/div>\n\t\t\t\t<div class=\"elementor-element elementor-element-ba1acb8 elementor-widget elementor-widget-text-editor\" data-id=\"ba1acb8\" data-element_type=\"widget\" data-widget_type=\"text-editor.default\">\n\t\t\t\t<div class=\"elementor-widget-container\">\n\t\t\t\t\t\t\t<strong>Et <\/strong><strong>puis<\/strong><strong> il y <\/strong><strong>avait<\/strong><strong> Magnum P.I. : <\/strong><strong>situ\u00e9<\/strong><strong> \u00e0 <\/strong><strong>Hawa\u00ef<\/strong>, loin\u00a0des\u00a0usines\u00a0urbaines, mais iconique pour son esth\u00e9tique pop des\u00a0ann\u00e9es 80. La villa de Robin Masters o\u00f9\u00a0vit Magnum \u00e9tait\u00a0am\u00e9nag\u00e9e\u00a0dans un style tropical, mais ce qui frappait l\u2019imaginaire\u00a0\u00e9tait l\u2019ensemble d\u2019objets\u00a0iconiques : la <strong>Ferrari rouge<\/strong>, les\u00a0chemises\u00a0hawa\u00efennes\u00a0color\u00e9es, les affiches et r\u00e9f\u00e9rences \u00e0 la culture pop de l\u2019\u00e9poque.\r\n\r\n<strong>M\u00eame<\/strong><strong>\u00a0<\/strong><strong>dans<\/strong><strong> un <\/strong><strong>contexte<\/strong><strong>\u00a0<\/strong><strong>diff\u00e9rent<\/strong><strong>, Magnum P.I. a <\/strong><strong>contribu\u00e9<\/strong><strong> \u00e0 <\/strong><strong>ancrer<\/strong><strong>\u00a0<\/strong><strong>dans<\/strong><strong> l\u2019<\/strong><strong>imaginaire<\/strong><strong>\u00a0<\/strong><strong>collectif<\/strong><strong>\u00a0<\/strong>le go\u00fbt pour le m\u00e9lange d\u2019\u00e9l\u00e9ments vintage, de couleurs\u00a0vives et d\u2019objets\u00a0cultes.\t\t\t\t\t\t<\/div>\n\t\t\t\t<\/div>\n\t\t\t\t<\/div>\n\t\t\t\t\t<\/div>\n\t\t\t\t<\/div>\n\t\t\t\t<\/div>\n\t\t<div class=\"elementor-element elementor-element-1652870 e-con-full e-flex e-con e-parent\" data-id=\"1652870\" data-element_type=\"container\" data-settings=\"{&quot;content_width&quot;:&quot;full&quot;}\" data-core-v316-plus=\"true\">\n\t\t\t\t<div class=\"elementor-element elementor-element-130366a elementor-widget elementor-widget-heading\" data-id=\"130366a\" data-element_type=\"widget\" data-widget_type=\"heading.default\">\n\t\t\t\t<div class=\"elementor-widget-container\">\n\t\t\t<h2 class=\"elementor-heading-title elementor-size-default\">C\u00e9ramique et style industriel : textures et surfaces qui racontent une histoire<\/h2>\t\t<\/div>\n\t\t\t\t<\/div>\n\t\t\t\t<div class=\"elementor-element elementor-element-be75bff elementor-widget elementor-widget-text-editor\" data-id=\"be75bff\" data-element_type=\"widget\" data-widget_type=\"text-editor.default\">\n\t\t\t\t<div class=\"elementor-widget-container\">\n\t\t\t\t\t\t\t<strong>Aujourd\u2019hui<\/strong><strong>, <\/strong><strong>recr\u00e9er<\/strong><strong> \u00e0 la maison l\u2019<\/strong><strong>atmosph\u00e8re<\/strong><strong> fascinante <\/strong><strong>du<\/strong><strong> style <\/strong><strong>industriel<\/strong><strong> enrichi de <\/strong><strong>r\u00e9f\u00e9rences<\/strong><strong> pop art<\/strong> est plus simple\u00a0gr\u00e2ce\u00a0aux\u00a0mat\u00e9riaux\u00a0c\u00e9ramiques de nouvelle g\u00e9n\u00e9ration. En particulier, les\u00a0collections\u00a0c\u00e9ramiques de <strong>La Fabbrica AVA<\/strong> \u2013 KIST, KIST LUX, Skyline, Hurban et Le Malte \u2013 r\u00e9interpr\u00e8tent\u00a0visuellement et mat\u00e9riellement\u00a0cet\u00a0imaginaire, avec\u00a0des textures et des\u00a0surfaces qui racontent une histoire.\r\n\r\nChaque ligne \u00e9voque un \u00e9l\u00e9ment cl\u00e9 de l\u2019esth\u00e9tique industriel-pop \u00e0 travers des <strong>surfaces<\/strong><strong>\u00a0<\/strong><strong>effet<\/strong><strong>\u00a0<\/strong><strong>b\u00e9ton<\/strong><strong>, <\/strong><strong>m\u00e9tal<\/strong><strong>\u00a0<\/strong><strong>ou<\/strong><strong>\u00a0<\/strong><strong>r\u00e9sine<\/strong>, soign\u00e9es\u00a0dans\u00a0les\u00a0moindres\u00a0d\u00e9tails.\t\t\t\t\t\t<\/div>\n\t\t\t\t<\/div>\n\t\t\t\t<\/div>\n\t\t<div class=\"elementor-element elementor-element-5ebdd55 e-con-full e-flex e-con e-parent\" data-id=\"5ebdd55\" data-element_type=\"container\" data-settings=\"{&quot;content_width&quot;:&quot;full&quot;}\" data-core-v316-plus=\"true\">\n\t\t\t\t<div class=\"elementor-element elementor-element-43a3f47 elementor-widget elementor-widget-image\" data-id=\"43a3f47\" data-element_type=\"widget\" data-widget_type=\"image.default\">\n\t\t\t\t<div class=\"elementor-widget-container\">\n\t\t\t\t\t\t\t\t\t\t\t\t\t<img loading=\"lazy\" decoding=\"async\" width=\"1440\" height=\"811\" src=\"https:\/\/www.lafabbrica.it\/wp-content\/uploads\/2025\/06\/loft.jpg\" class=\"attachment-full size-full wp-image-27249\" alt=\"\" srcset=\"https:\/\/www.lafabbrica.it\/wp-content\/uploads\/2025\/06\/loft.jpg 1440w, https:\/\/www.lafabbrica.it\/wp-content\/uploads\/2025\/06\/loft-300x169.jpg 300w, https:\/\/www.lafabbrica.it\/wp-content\/uploads\/2025\/06\/loft-1024x577.jpg 1024w, https:\/\/www.lafabbrica.it\/wp-content\/uploads\/2025\/06\/loft-768x433.jpg 768w\" sizes=\"(max-width: 1440px) 100vw, 1440px\" \/>\t\t\t\t\t\t\t\t\t\t\t\t\t<\/div>\n\t\t\t\t<\/div>\n\t\t\t\t<\/div>\n\t\t<div class=\"elementor-element elementor-element-9b45e18 e-flex e-con-boxed e-con e-parent\" data-id=\"9b45e18\" data-element_type=\"container\" data-settings=\"{&quot;content_width&quot;:&quot;boxed&quot;}\" data-core-v316-plus=\"true\">\n\t\t\t\t\t<div class=\"e-con-inner\">\n\t\t\t\t<div class=\"elementor-element elementor-element-db27c4c elementor-widget elementor-widget-heading\" data-id=\"db27c4c\" data-element_type=\"widget\" data-widget_type=\"heading.default\">\n\t\t\t\t<div class=\"elementor-widget-container\">\n\t\t\t<h3 class=\"elementor-heading-title elementor-size-default\">Gr\u00e8s c\u00e9rame : de l\u2019effet brique \u00e0 l\u2019\u00e9l\u00e9gance du b\u00e9ton<\/h3>\t\t<\/div>\n\t\t\t\t<\/div>\n\t\t\t\t<div class=\"elementor-element elementor-element-f8263bd elementor-widget elementor-widget-text-editor\" data-id=\"f8263bd\" data-element_type=\"widget\" data-widget_type=\"text-editor.default\">\n\t\t\t\t<div class=\"elementor-widget-container\">\n\t\t\t\t\t\t\tPar exemple, les\u00a0s\u00e9ries\u00a0<a href=\"https:\/\/www.lafabbrica.it\/fr\/collections\/kist\/\"><span style=\"text-decoration: underline;\"><strong>KIST<\/strong> <\/span><\/a>et <a href=\"https:\/\/www.lafabbrica.it\/fr\/collections\/kist-lux\/\"><span style=\"text-decoration: underline;\"><strong>KIST LUX<\/strong><\/span><\/a>\u00a0proposent un gr\u00e8s c\u00e9rame\u00a0effet\u00a0brique, inspir\u00e9\u00a0des\u00a0briques\u00a0apparentes\u00a0des\u00a0grandes\u00a0m\u00e9tropoles.\r\n\r\n<strong>Les<\/strong><strong>\u00a0<\/strong><strong>carreaux<\/strong><strong> KIST <\/strong><strong>rappellent<\/strong><strong>\u00a0<\/strong><strong>ces<\/strong><strong>\u00a0<\/strong><strong>murs<\/strong><strong> en <\/strong><strong>briques<\/strong><strong>\u00a0<\/strong><strong>au<\/strong><strong> charme vintage <\/strong><strong>industriel<\/strong>, comme s\u2019ils\u00a0venaient d\u2019\u00eatre\u00a0r\u00e9cup\u00e9r\u00e9s\u00a0dans un loft de Soho ou \u00e0 la Factory de Warhol.\r\n\r\n<strong>KIST LUX <\/strong><strong>ajoute<\/strong><strong> une touche de <\/strong><strong>luminosit\u00e9<\/strong><strong>, <\/strong><strong>avec<\/strong><strong>\u00a0<\/strong><strong>des<\/strong><strong>\u00a0<\/strong><strong>finitions<\/strong><strong> plus <\/strong><strong>brillantes<\/strong>\u00a0\u00e9voquant\u00a0les\u00a0briques\u00a0\u00e9maill\u00e9es\u00a0typiques de certains lofts artistiques, alliant\u00a0aspect brut et raffinement.\r\n\r\n<strong>Pour <\/strong><strong>les<\/strong><strong> amateurs de la <\/strong><strong>mat\u00e9rialit\u00e9<\/strong><strong>\u00a0<\/strong><strong>du<\/strong><strong>\u00a0<\/strong><strong>b\u00e9ton<\/strong><strong>, la <\/strong><strong>collection<\/strong><strong>\u00a0<a href=\"https:\/\/www.lafabbrica.it\/fr\/collections\/skyline\/\"><span style=\"text-decoration: underline;\">Skyline <\/span><\/a>offre <\/strong><strong>des<\/strong><strong>\u00a0<\/strong><strong>surfaces<\/strong><strong> en gr\u00e8s <\/strong><strong>effet<\/strong><strong>\u00a0<\/strong><strong>b\u00e9ton<\/strong>\u00a0inspir\u00e9es\u00a0des\u00a0panoramas\u00a0urbains : ici, le b\u00e9ton\u00a0devient\u00a0\u00e9l\u00e9gant, les\u00a0dalles\u00a0reproduisent la rigueur\u00a0mat\u00e9rielle\u00a0du\u00a0ciment\u00a0avec de d\u00e9licates nuances tonales qui adoucissent son aspect, id\u00e9al pour des\u00a0environnements\u00a0contemporains et minimalistes.\r\n\r\n<a href=\"https:\/\/www.lafabbrica.it\/fr\/collections\/hurban\/\"><span style=\"text-decoration: underline;\"><strong>Hurban<\/strong><\/span><\/a><strong>\u00a0<\/strong><strong>explore<\/strong><strong>\u00a0<\/strong><strong>aussi<\/strong><strong> l\u2019<\/strong><strong>effet<\/strong><strong>\u00a0<\/strong><strong>b\u00e9ton<\/strong><strong>, mais <\/strong><strong>diff\u00e9remment<\/strong><strong> :<\/strong>\u00a0cette\u00a0ligne est con\u00e7ue pour \u00e9voquer le b\u00e9ton\u00a0patin\u00e9 par le temps, presque \u00ab adouci \u00bb par les\u00a0pas et les\u00a0ann\u00e9es. Les\u00a0surfaces\u00a0Hurban\u00a0pr\u00e9sentent un effet\u00a0poudr\u00e9 et crayeux\u00a0particulier, avec\u00a0des nuances pastel\u00a0terreuses (du\u00a0gris\u00a0poudre\u00a0au beige ocre jusqu\u2019\u00e0 un bleu doux) rappelant\u00a0les\u00a0murs\u00a0us\u00e9s de vieux\u00a0espaces\u00a0industriels\u00a0remis \u00e0 neuf.\t\t\t\t\t\t<\/div>\n\t\t\t\t<\/div>\n\t\t\t\t<div class=\"elementor-element elementor-element-7ce3123 elementor-widget elementor-widget-heading\" data-id=\"7ce3123\" data-element_type=\"widget\" data-widget_type=\"heading.default\">\n\t\t\t\t<div class=\"elementor-widget-container\">\n\t\t\t<h3 class=\"elementor-heading-title elementor-size-default\">Effet r\u00e9sine en style industriel : Le Malte<\/h3>\t\t<\/div>\n\t\t\t\t<\/div>\n\t\t\t\t<div class=\"elementor-element elementor-element-5044e92 elementor-widget elementor-widget-text-editor\" data-id=\"5044e92\" data-element_type=\"widget\" data-widget_type=\"text-editor.default\">\n\t\t\t\t<div class=\"elementor-widget-container\">\n\t\t\t\t\t\t\t<span style=\"text-decoration: underline;\"><strong>Le Malte<\/strong><\/span>\u00a0<strong>introduit<\/strong><strong> l\u2019<\/strong><strong>effet<\/strong><strong>\u00a0<\/strong><strong>r\u00e9sine<\/strong><strong> : <\/strong><strong>des<\/strong><strong>\u00a0<\/strong><strong>surfaces<\/strong><strong>\u00a0<\/strong><strong>continues<\/strong><strong> et <\/strong><strong>l\u00e9g\u00e8rement<\/strong><strong>\u00a0<\/strong><strong>satin\u00e9es<\/strong>, offrant une continuit\u00e9 visuelle parfaite pour mettre en valeur les espaces et la lumi\u00e8re. La collection rappelle ces sols en r\u00e9sine typiques des galeries d\u2019art contemporain ou des lofts high-tech, o\u00f9 une base uniforme et brillante fait ressortir tout \u00e9l\u00e9ment d\u00e9coratif.\r\n\r\n<strong>Le charme de la <\/strong><strong>r\u00e9sine<\/strong><strong> en <\/strong><strong>version<\/strong><strong>\u00a0<\/strong><strong>c\u00e9ramique<\/strong><strong>\u00a0<\/strong><strong>r\u00e9side<\/strong><strong>\u00a0<\/strong><strong>dans<\/strong><strong>\u00a0<\/strong><strong>l\u2019alliance<\/strong><strong> de l\u2019<\/strong><strong>esth\u00e9tique<\/strong><strong> moderne et minimale <\/strong><strong>avec<\/strong><strong> la <\/strong><strong>praticit\u00e9<\/strong><strong>\u00a0<\/strong><strong>du<\/strong><strong> gr\u00e8s :<\/strong> le r\u00e9sultat, ce sont des environnements sophistiqu\u00e9s, \u00e0 l\u2019atmosph\u00e8re glam m\u00e9tropolitaine.\t\t\t\t\t\t<\/div>\n\t\t\t\t<\/div>\n\t\t\t\t<div class=\"elementor-element elementor-element-92ae42d elementor-widget elementor-widget-heading\" data-id=\"92ae42d\" data-element_type=\"widget\" data-widget_type=\"heading.default\">\n\t\t\t\t<div class=\"elementor-widget-container\">\n\t\t\t<h3 class=\"elementor-heading-title elementor-size-default\">L\u2019impact visuel du gr\u00e8s c\u00e9rame<\/h3>\t\t<\/div>\n\t\t\t\t<\/div>\n\t\t\t\t<div class=\"elementor-element elementor-element-8aaa89e elementor-widget elementor-widget-text-editor\" data-id=\"8aaa89e\" data-element_type=\"widget\" data-widget_type=\"text-editor.default\">\n\t\t\t\t<div class=\"elementor-widget-container\">\n\t\t\t\t\t\t\t<strong>Les<\/strong><strong>\u00a0<\/strong><strong>surfaces<\/strong><strong>\u00a0<\/strong><strong>c\u00e9ramiques<\/strong><strong>\u00a0<\/strong><strong>sont<\/strong><strong> la <\/strong><strong>toile<\/strong><strong>\u00a0<\/strong><strong>parfaite<\/strong><strong> pour <\/strong><strong>exprimer<\/strong><strong> sa <\/strong><strong>personnalit\u00e9<\/strong><strong> :<\/strong> on peut associer un sol effet b\u00e9ton \u00e0 des meubles vintage de design, ou habiller un mur de briques c\u00e9ramiques KIST et y accrocher une collection d\u2019affiches pop art aux couleurs vives.\r\n\r\n<strong>L\u2019impact <\/strong><strong>visuel<\/strong><strong> est garanti :<\/strong> la mat\u00e9rialit\u00e9 du style industriel rencontre la cr\u00e9ativit\u00e9 pop, dans un environnement accueillant, original et cosmopolite, dans un voyage entre pass\u00e9 et pr\u00e9sent, o\u00f9 chaque d\u00e9tail \u2013 du b\u00e9ton \u00e0 la couleur pop \u2013 contribue \u00e0 cr\u00e9er des espaces vraiment uniques.\t\t\t\t\t\t<\/div>\n\t\t\t\t<\/div>\n\t\t\t\t\t<\/div>\n\t\t\t\t<\/div>\n\t\t<div class=\"elementor-element elementor-element-e34f0bb e-con-full e-flex e-con e-parent\" data-id=\"e34f0bb\" data-element_type=\"container\" data-settings=\"{&quot;content_width&quot;:&quot;full&quot;}\" data-core-v316-plus=\"true\">\n\t\t\t\t<div class=\"elementor-element elementor-element-ed90ff5 elementor-align-center elementor-widget elementor-widget-button\" data-id=\"ed90ff5\" data-element_type=\"widget\" data-widget_type=\"button.default\">\n\t\t\t\t<div class=\"elementor-widget-container\">\n\t\t\t\t\t<div class=\"elementor-button-wrapper\">\n\t\t\t<a class=\"elementor-button elementor-button-link elementor-size-md\" href=\"https:\/\/www.lafabbrica.it\/fr\/blog-2024\/\">\n\t\t\t\t\t\t<span class=\"elementor-button-content-wrapper\">\n\t\t\t\t\t\t<span class=\"elementor-button-text\">Continuez \u00e0 lire sur La Fabbrica Ava<\/span>\n\t\t<\/span>\n\t\t\t\t\t<\/a>\n\t\t<\/div>\n\t\t\t\t<\/div>\n\t\t\t\t<\/div>\n\t\t\t\t<\/div>\n\t\t\t\t<\/div>\n\t\t","protected":false},"excerpt":{"rendered":"<p>Le Pop Art et le style industriel peuvent sembler, \u00e0 premi\u00e8re vue, deux mondes \u00e9loign\u00e9s. <\/p>\n","protected":false},"author":1,"featured_media":27239,"comment_status":"closed","ping_status":"closed","sticky":false,"template":"","format":"standard","meta":{"_acf_changed":false,"site-sidebar-layout":"default","site-content-layout":"","ast-site-content-layout":"default","site-content-style":"default","site-sidebar-style":"default","ast-global-header-display":"","ast-banner-title-visibility":"","ast-main-header-display":"","ast-hfb-above-header-display":"","ast-hfb-below-header-display":"","ast-hfb-mobile-header-display":"","site-post-title":"","ast-breadcrumbs-content":"","ast-featured-img":"","footer-sml-layout":"","theme-transparent-header-meta":"","adv-header-id-meta":"","stick-header-meta":"","header-above-stick-meta":"","header-main-stick-meta":"","header-below-stick-meta":"","astra-migrate-meta-layouts":"default","ast-page-background-enabled":"default","ast-page-background-meta":{"desktop":{"background-color":"var(--ast-global-color-4)","background-image":"","background-repeat":"repeat","background-position":"center center","background-size":"auto","background-attachment":"scroll","background-type":"","background-media":"","overlay-type":"","overlay-color":"","overlay-gradient":""},"tablet":{"background-color":"","background-image":"","background-repeat":"repeat","background-position":"center center","background-size":"auto","background-attachment":"scroll","background-type":"","background-media":"","overlay-type":"","overlay-color":"","overlay-gradient":""},"mobile":{"background-color":"","background-image":"","background-repeat":"repeat","background-position":"center center","background-size":"auto","background-attachment":"scroll","background-type":"","background-media":"","overlay-type":"","overlay-color":"","overlay-gradient":""}},"ast-content-background-meta":{"desktop":{"background-color":"var(--ast-global-color-5)","background-image":"","background-repeat":"repeat","background-position":"center center","background-size":"auto","background-attachment":"scroll","background-type":"","background-media":"","overlay-type":"","overlay-color":"","overlay-gradient":""},"tablet":{"background-color":"var(--ast-global-color-5)","background-image":"","background-repeat":"repeat","background-position":"center center","background-size":"auto","background-attachment":"scroll","background-type":"","background-media":"","overlay-type":"","overlay-color":"","overlay-gradient":""},"mobile":{"background-color":"var(--ast-global-color-5)","background-image":"","background-repeat":"repeat","background-position":"center center","background-size":"auto","background-attachment":"scroll","background-type":"","background-media":"","overlay-type":"","overlay-color":"","overlay-gradient":""}},"footnotes":""},"categories":[1241],"tags":[],"class_list":["post-27175","post","type-post","status-publish","format-standard","has-post-thumbnail","hentry","category-blog-fr"],"acf":[],"yoast_head":"<!-- This site is optimized with the Yoast SEO plugin v22.0 - https:\/\/yoast.com\/wordpress\/plugins\/seo\/ -->\n<title>L\u2019esth\u00e9tique du style industriel : entre pop art et s\u00e9ries t\u00e9l\u00e9 am\u00e9ricaines - La Fabbrica AVA<\/title>\n<meta name=\"description\" content=\"Le Pop Art et le style industriel peuvent sembler, \u00e0 premi\u00e8re vue, deux mondes \u00e9loign\u00e9s.\" \/>\n<meta name=\"robots\" content=\"index, follow, max-snippet:-1, max-image-preview:large, max-video-preview:-1\" \/>\n<link rel=\"canonical\" href=\"https:\/\/www.lafabbrica.it\/fr\/lesthetique-du-style-industriel-entre-pop-art-et-series-tele-americaines\/\" \/>\n<meta property=\"og:locale\" content=\"fr_FR\" \/>\n<meta property=\"og:type\" content=\"article\" \/>\n<meta property=\"og:title\" content=\"L\u2019esth\u00e9tique du style industriel : entre pop art et s\u00e9ries t\u00e9l\u00e9 am\u00e9ricaines - La Fabbrica AVA\" \/>\n<meta property=\"og:description\" content=\"Le Pop Art et le style industriel peuvent sembler, \u00e0 premi\u00e8re vue, deux mondes \u00e9loign\u00e9s.\" \/>\n<meta property=\"og:url\" content=\"https:\/\/www.lafabbrica.it\/fr\/lesthetique-du-style-industriel-entre-pop-art-et-series-tele-americaines\/\" \/>\n<meta property=\"og:site_name\" content=\"La Fabbrica AVA\" \/>\n<meta property=\"article:published_time\" content=\"2025-06-05T10:23:29+00:00\" \/>\n<meta property=\"article:modified_time\" content=\"2025-06-06T07:52:10+00:00\" \/>\n<meta property=\"og:image\" content=\"https:\/\/www.lafabbrica.it\/wp-content\/uploads\/2025\/06\/list_loft.jpg\" \/>\n\t<meta property=\"og:image:width\" content=\"880\" \/>\n\t<meta property=\"og:image:height\" content=\"860\" \/>\n\t<meta property=\"og:image:type\" content=\"image\/jpeg\" \/>\n<meta name=\"author\" content=\"admin\" \/>\n<meta name=\"twitter:card\" content=\"summary_large_image\" \/>\n<meta name=\"twitter:label1\" content=\"\u00c9crit par\" \/>\n\t<meta name=\"twitter:data1\" content=\"admin\" \/>\n\t<meta name=\"twitter:label2\" content=\"Dur\u00e9e de lecture estim\u00e9e\" \/>\n\t<meta name=\"twitter:data2\" content=\"10 minutes\" \/>\n<script type=\"application\/ld+json\" class=\"yoast-schema-graph\">{\"@context\":\"https:\/\/schema.org\",\"@graph\":[{\"@type\":\"Article\",\"@id\":\"https:\/\/www.lafabbrica.it\/fr\/lesthetique-du-style-industriel-entre-pop-art-et-series-tele-americaines\/#article\",\"isPartOf\":{\"@id\":\"https:\/\/www.lafabbrica.it\/fr\/lesthetique-du-style-industriel-entre-pop-art-et-series-tele-americaines\/\"},\"author\":{\"name\":\"admin\",\"@id\":\"https:\/\/www.lafabbrica.it\/fr\/#\/schema\/person\/9854f3650eab7e4334e66d22de09296a\"},\"headline\":\"L\u2019esth\u00e9tique du style industriel : entre pop art et s\u00e9ries t\u00e9l\u00e9 am\u00e9ricaines\",\"datePublished\":\"2025-06-05T10:23:29+00:00\",\"dateModified\":\"2025-06-06T07:52:10+00:00\",\"mainEntityOfPage\":{\"@id\":\"https:\/\/www.lafabbrica.it\/fr\/lesthetique-du-style-industriel-entre-pop-art-et-series-tele-americaines\/\"},\"wordCount\":1974,\"publisher\":{\"@id\":\"https:\/\/www.lafabbrica.it\/fr\/#organization\"},\"articleSection\":[\"Blog\"],\"inLanguage\":\"fr-FR\"},{\"@type\":\"WebPage\",\"@id\":\"https:\/\/www.lafabbrica.it\/fr\/lesthetique-du-style-industriel-entre-pop-art-et-series-tele-americaines\/\",\"url\":\"https:\/\/www.lafabbrica.it\/fr\/lesthetique-du-style-industriel-entre-pop-art-et-series-tele-americaines\/\",\"name\":\"L\u2019esth\u00e9tique du style industriel : entre pop art et s\u00e9ries t\u00e9l\u00e9 am\u00e9ricaines - La Fabbrica AVA\",\"isPartOf\":{\"@id\":\"https:\/\/www.lafabbrica.it\/fr\/#website\"},\"datePublished\":\"2025-06-05T10:23:29+00:00\",\"dateModified\":\"2025-06-06T07:52:10+00:00\",\"description\":\"Le Pop Art et le style industriel peuvent sembler, \u00e0 premi\u00e8re vue, deux mondes \u00e9loign\u00e9s.\",\"breadcrumb\":{\"@id\":\"https:\/\/www.lafabbrica.it\/fr\/lesthetique-du-style-industriel-entre-pop-art-et-series-tele-americaines\/#breadcrumb\"},\"inLanguage\":\"fr-FR\",\"potentialAction\":[{\"@type\":\"ReadAction\",\"target\":[\"https:\/\/www.lafabbrica.it\/fr\/lesthetique-du-style-industriel-entre-pop-art-et-series-tele-americaines\/\"]}]},{\"@type\":\"BreadcrumbList\",\"@id\":\"https:\/\/www.lafabbrica.it\/fr\/lesthetique-du-style-industriel-entre-pop-art-et-series-tele-americaines\/#breadcrumb\",\"itemListElement\":[{\"@type\":\"ListItem\",\"position\":1,\"name\":\"Home\",\"item\":\"https:\/\/www.lafabbrica.it\/fr\/\"},{\"@type\":\"ListItem\",\"position\":2,\"name\":\"L\u2019esth\u00e9tique du style industriel : entre pop art et s\u00e9ries t\u00e9l\u00e9 am\u00e9ricaines\"}]},{\"@type\":\"WebSite\",\"@id\":\"https:\/\/www.lafabbrica.it\/fr\/#website\",\"url\":\"https:\/\/www.lafabbrica.it\/fr\/\",\"name\":\"La Fabbrica AVA\",\"description\":\"\",\"publisher\":{\"@id\":\"https:\/\/www.lafabbrica.it\/fr\/#organization\"},\"potentialAction\":[{\"@type\":\"SearchAction\",\"target\":{\"@type\":\"EntryPoint\",\"urlTemplate\":\"https:\/\/www.lafabbrica.it\/fr\/?s={search_term_string}\"},\"query-input\":\"required name=search_term_string\"}],\"inLanguage\":\"fr-FR\"},{\"@type\":\"Organization\",\"@id\":\"https:\/\/www.lafabbrica.it\/fr\/#organization\",\"name\":\"La Fabbrica AVA\",\"url\":\"https:\/\/www.lafabbrica.it\/fr\/\",\"logo\":{\"@type\":\"ImageObject\",\"inLanguage\":\"fr-FR\",\"@id\":\"https:\/\/www.lafabbrica.it\/fr\/#\/schema\/logo\/image\/\",\"url\":\"https:\/\/www.lafabbrica.it\/wp-content\/uploads\/2023\/08\/Senza-titolo-1.png\",\"contentUrl\":\"https:\/\/www.lafabbrica.it\/wp-content\/uploads\/2023\/08\/Senza-titolo-1.png\",\"width\":567,\"height\":240,\"caption\":\"La Fabbrica AVA\"},\"image\":{\"@id\":\"https:\/\/www.lafabbrica.it\/fr\/#\/schema\/logo\/image\/\"}},{\"@type\":\"Person\",\"@id\":\"https:\/\/www.lafabbrica.it\/fr\/#\/schema\/person\/9854f3650eab7e4334e66d22de09296a\",\"name\":\"admin\",\"sameAs\":[\"http:\/\/www.lafabbrica.it\"],\"url\":\"https:\/\/www.lafabbrica.it\/fr\/author\/admin\/\"}]}<\/script>\n<!-- \/ Yoast SEO plugin. -->","yoast_head_json":{"title":"L\u2019esth\u00e9tique du style industriel : entre pop art et s\u00e9ries t\u00e9l\u00e9 am\u00e9ricaines - La Fabbrica AVA","description":"Le Pop Art et le style industriel peuvent sembler, \u00e0 premi\u00e8re vue, deux mondes \u00e9loign\u00e9s.","robots":{"index":"index","follow":"follow","max-snippet":"max-snippet:-1","max-image-preview":"max-image-preview:large","max-video-preview":"max-video-preview:-1"},"canonical":"https:\/\/www.lafabbrica.it\/fr\/lesthetique-du-style-industriel-entre-pop-art-et-series-tele-americaines\/","og_locale":"fr_FR","og_type":"article","og_title":"L\u2019esth\u00e9tique du style industriel : entre pop art et s\u00e9ries t\u00e9l\u00e9 am\u00e9ricaines - La Fabbrica AVA","og_description":"Le Pop Art et le style industriel peuvent sembler, \u00e0 premi\u00e8re vue, deux mondes \u00e9loign\u00e9s.","og_url":"https:\/\/www.lafabbrica.it\/fr\/lesthetique-du-style-industriel-entre-pop-art-et-series-tele-americaines\/","og_site_name":"La Fabbrica AVA","article_published_time":"2025-06-05T10:23:29+00:00","article_modified_time":"2025-06-06T07:52:10+00:00","og_image":[{"width":880,"height":860,"url":"https:\/\/www.lafabbrica.it\/wp-content\/uploads\/2025\/06\/list_loft.jpg","type":"image\/jpeg"}],"author":"admin","twitter_card":"summary_large_image","twitter_misc":{"\u00c9crit par":"admin","Dur\u00e9e de lecture estim\u00e9e":"10 minutes"},"schema":{"@context":"https:\/\/schema.org","@graph":[{"@type":"Article","@id":"https:\/\/www.lafabbrica.it\/fr\/lesthetique-du-style-industriel-entre-pop-art-et-series-tele-americaines\/#article","isPartOf":{"@id":"https:\/\/www.lafabbrica.it\/fr\/lesthetique-du-style-industriel-entre-pop-art-et-series-tele-americaines\/"},"author":{"name":"admin","@id":"https:\/\/www.lafabbrica.it\/fr\/#\/schema\/person\/9854f3650eab7e4334e66d22de09296a"},"headline":"L\u2019esth\u00e9tique du style industriel : entre pop art et s\u00e9ries t\u00e9l\u00e9 am\u00e9ricaines","datePublished":"2025-06-05T10:23:29+00:00","dateModified":"2025-06-06T07:52:10+00:00","mainEntityOfPage":{"@id":"https:\/\/www.lafabbrica.it\/fr\/lesthetique-du-style-industriel-entre-pop-art-et-series-tele-americaines\/"},"wordCount":1974,"publisher":{"@id":"https:\/\/www.lafabbrica.it\/fr\/#organization"},"articleSection":["Blog"],"inLanguage":"fr-FR"},{"@type":"WebPage","@id":"https:\/\/www.lafabbrica.it\/fr\/lesthetique-du-style-industriel-entre-pop-art-et-series-tele-americaines\/","url":"https:\/\/www.lafabbrica.it\/fr\/lesthetique-du-style-industriel-entre-pop-art-et-series-tele-americaines\/","name":"L\u2019esth\u00e9tique du style industriel : entre pop art et s\u00e9ries t\u00e9l\u00e9 am\u00e9ricaines - La Fabbrica AVA","isPartOf":{"@id":"https:\/\/www.lafabbrica.it\/fr\/#website"},"datePublished":"2025-06-05T10:23:29+00:00","dateModified":"2025-06-06T07:52:10+00:00","description":"Le Pop Art et le style industriel peuvent sembler, \u00e0 premi\u00e8re vue, deux mondes \u00e9loign\u00e9s.","breadcrumb":{"@id":"https:\/\/www.lafabbrica.it\/fr\/lesthetique-du-style-industriel-entre-pop-art-et-series-tele-americaines\/#breadcrumb"},"inLanguage":"fr-FR","potentialAction":[{"@type":"ReadAction","target":["https:\/\/www.lafabbrica.it\/fr\/lesthetique-du-style-industriel-entre-pop-art-et-series-tele-americaines\/"]}]},{"@type":"BreadcrumbList","@id":"https:\/\/www.lafabbrica.it\/fr\/lesthetique-du-style-industriel-entre-pop-art-et-series-tele-americaines\/#breadcrumb","itemListElement":[{"@type":"ListItem","position":1,"name":"Home","item":"https:\/\/www.lafabbrica.it\/fr\/"},{"@type":"ListItem","position":2,"name":"L\u2019esth\u00e9tique du style industriel : entre pop art et s\u00e9ries t\u00e9l\u00e9 am\u00e9ricaines"}]},{"@type":"WebSite","@id":"https:\/\/www.lafabbrica.it\/fr\/#website","url":"https:\/\/www.lafabbrica.it\/fr\/","name":"La Fabbrica AVA","description":"","publisher":{"@id":"https:\/\/www.lafabbrica.it\/fr\/#organization"},"potentialAction":[{"@type":"SearchAction","target":{"@type":"EntryPoint","urlTemplate":"https:\/\/www.lafabbrica.it\/fr\/?s={search_term_string}"},"query-input":"required name=search_term_string"}],"inLanguage":"fr-FR"},{"@type":"Organization","@id":"https:\/\/www.lafabbrica.it\/fr\/#organization","name":"La Fabbrica AVA","url":"https:\/\/www.lafabbrica.it\/fr\/","logo":{"@type":"ImageObject","inLanguage":"fr-FR","@id":"https:\/\/www.lafabbrica.it\/fr\/#\/schema\/logo\/image\/","url":"https:\/\/www.lafabbrica.it\/wp-content\/uploads\/2023\/08\/Senza-titolo-1.png","contentUrl":"https:\/\/www.lafabbrica.it\/wp-content\/uploads\/2023\/08\/Senza-titolo-1.png","width":567,"height":240,"caption":"La Fabbrica AVA"},"image":{"@id":"https:\/\/www.lafabbrica.it\/fr\/#\/schema\/logo\/image\/"}},{"@type":"Person","@id":"https:\/\/www.lafabbrica.it\/fr\/#\/schema\/person\/9854f3650eab7e4334e66d22de09296a","name":"admin","sameAs":["http:\/\/www.lafabbrica.it"],"url":"https:\/\/www.lafabbrica.it\/fr\/author\/admin\/"}]}},"_links":{"self":[{"href":"https:\/\/www.lafabbrica.it\/fr\/wp-json\/wp\/v2\/posts\/27175","targetHints":{"allow":["GET"]}}],"collection":[{"href":"https:\/\/www.lafabbrica.it\/fr\/wp-json\/wp\/v2\/posts"}],"about":[{"href":"https:\/\/www.lafabbrica.it\/fr\/wp-json\/wp\/v2\/types\/post"}],"author":[{"embeddable":true,"href":"https:\/\/www.lafabbrica.it\/fr\/wp-json\/wp\/v2\/users\/1"}],"replies":[{"embeddable":true,"href":"https:\/\/www.lafabbrica.it\/fr\/wp-json\/wp\/v2\/comments?post=27175"}],"version-history":[{"count":0,"href":"https:\/\/www.lafabbrica.it\/fr\/wp-json\/wp\/v2\/posts\/27175\/revisions"}],"wp:featuredmedia":[{"embeddable":true,"href":"https:\/\/www.lafabbrica.it\/fr\/wp-json\/wp\/v2\/media\/27239"}],"wp:attachment":[{"href":"https:\/\/www.lafabbrica.it\/fr\/wp-json\/wp\/v2\/media?parent=27175"}],"wp:term":[{"taxonomy":"category","embeddable":true,"href":"https:\/\/www.lafabbrica.it\/fr\/wp-json\/wp\/v2\/categories?post=27175"},{"taxonomy":"post_tag","embeddable":true,"href":"https:\/\/www.lafabbrica.it\/fr\/wp-json\/wp\/v2\/tags?post=27175"}],"curies":[{"name":"wp","href":"https:\/\/api.w.org\/{rel}","templated":true}]}}