{"id":26926,"date":"2025-05-05T09:38:08","date_gmt":"2025-05-05T08:38:08","guid":{"rendered":"https:\/\/www.lafabbrica.it\/?p=26926"},"modified":"2025-05-05T09:46:56","modified_gmt":"2025-05-05T08:46:56","slug":"amenagement-en-marbre-elegance-spectaculaire-pour-espaces-residentiels-et-commerciaux","status":"publish","type":"post","link":"https:\/\/www.lafabbrica.it\/fr\/amenagement-en-marbre-elegance-spectaculaire-pour-espaces-residentiels-et-commerciaux\/","title":{"rendered":"Am\u00e9nagement en Marbre : \u00c9l\u00e9gance Spectaculaire pour Espaces R\u00e9sidentiels et Commerciaux"},"content":{"rendered":"\t\t<div data-elementor-type=\"wp-post\" data-elementor-id=\"26926\" class=\"elementor elementor-26926 elementor-26879\" data-elementor-post-type=\"post\">\n\t\t\t\t<div data-dce-background-color=\"#FFFFFF\" class=\"elementor-element elementor-element-a5e813b e-con-full e-flex e-con e-parent\" data-id=\"a5e813b\" data-element_type=\"container\" data-settings=\"{&quot;content_width&quot;:&quot;full&quot;,&quot;background_background&quot;:&quot;classic&quot;}\" data-core-v316-plus=\"true\">\n\t\t\t\t<div class=\"elementor-element elementor-element-a372fa7 elementor-widget elementor-widget-heading\" data-id=\"a372fa7\" data-element_type=\"widget\" data-widget_type=\"heading.default\">\n\t\t\t\t<div class=\"elementor-widget-container\">\n\t\t\t<h1 class=\"elementor-heading-title elementor-size-default\">Am\u00e9nagement en Marbre : \u00c9l\u00e9gance Spectaculaire pour Espaces R\u00e9sidentiels et Commerciaux<\/h1>\t\t<\/div>\n\t\t\t\t<\/div>\n\t\t\t\t<div class=\"elementor-element elementor-element-ff485df elementor-widget elementor-widget-text-editor\" data-id=\"ff485df\" data-element_type=\"widget\" data-widget_type=\"text-editor.default\">\n\t\t\t\t<div class=\"elementor-widget-container\">\n\t\t\t\t\t\t\t<p><strong>Le marbre a toujours \u00e9t\u00e9 synonyme de luxe, de raffinement et de durabilit\u00e9 \u2014 des qualit\u00e9s qui en font un choix id\u00e9al pour transformer tout espace en un lieu exclusif.<\/strong> Dans les int\u00e9rieurs haut de gamme, qu&#8217;il s&#8217;agisse de r\u00e9sidences priv\u00e9es ou de lieux commerciaux, l&#8217;effet marbre s&#8217;impose comme le protagoniste absolu, offrant une \u00e9l\u00e9gance intemporelle et un impact visuel saisissant.<\/p>\n<p>D\u00e9couvrez comment <strong>le gr\u00e8s c\u00e9rame effet marbre<\/strong> sublime le design des salons, cuisines modernes, salles de bains et espaces commerciaux, en cr\u00e9ant des atmosph\u00e8res raffin\u00e9es et uniques.<\/p>\n\t\t\t\t\t\t<\/div>\n\t\t\t\t<\/div>\n\t\t\t\t<div class=\"elementor-element elementor-element-50530a1 elementor-widget elementor-widget-image\" data-id=\"50530a1\" data-element_type=\"widget\" data-widget_type=\"image.default\">\n\t\t\t\t<div class=\"elementor-widget-container\">\n\t\t\t\t\t\t\t\t\t\t\t\t\t<img fetchpriority=\"high\" decoding=\"async\" width=\"1440\" height=\"811\" src=\"https:\/\/www.lafabbrica.it\/wp-content\/uploads\/2025\/05\/Arredamento-in-marmo-2.jpg\" class=\"attachment-full size-full wp-image-26890\" alt=\"\" srcset=\"https:\/\/www.lafabbrica.it\/wp-content\/uploads\/2025\/05\/Arredamento-in-marmo-2.jpg 1440w, https:\/\/www.lafabbrica.it\/wp-content\/uploads\/2025\/05\/Arredamento-in-marmo-2-300x169.jpg 300w, https:\/\/www.lafabbrica.it\/wp-content\/uploads\/2025\/05\/Arredamento-in-marmo-2-1024x577.jpg 1024w, https:\/\/www.lafabbrica.it\/wp-content\/uploads\/2025\/05\/Arredamento-in-marmo-2-768x433.jpg 768w\" sizes=\"(max-width: 1440px) 100vw, 1440px\" \/>\t\t\t\t\t\t\t\t\t\t\t\t\t<\/div>\n\t\t\t\t<\/div>\n\t\t\t\t<div class=\"elementor-element elementor-element-1b95496 elementor-widget elementor-widget-heading\" data-id=\"1b95496\" data-element_type=\"widget\" data-widget_type=\"heading.default\">\n\t\t\t\t<div class=\"elementor-widget-container\">\n\t\t\t<h2 class=\"elementor-heading-title elementor-size-default\">Le Charme Intemporel du Marbre<\/h2>\t\t<\/div>\n\t\t\t\t<\/div>\n\t\t\t\t<div class=\"elementor-element elementor-element-00d4c0b elementor-widget elementor-widget-text-editor\" data-id=\"00d4c0b\" data-element_type=\"widget\" data-widget_type=\"text-editor.default\">\n\t\t\t\t<div class=\"elementor-widget-container\">\n\t\t\t\t\t\t\t<p><strong>L\u2019effet marbre incarne l\u2019essence m\u00eame de l\u2019\u00e9l\u00e9gance, alli\u00e9e \u00e0 une extraordinaire polyvalence.<\/strong>\u00a0Au fil des si\u00e8cles, le marbre a \u00e9t\u00e9 utilis\u00e9 dans de nombreuses architectures, sculptures et surfaces, devenant un symbole de grande distinction.<\/p>\n<p><strong>Aujourd&#8217;hui, dans l\u2019am\u00e9nagement de luxe, le gr\u00e8s c\u00e9rame effet marbre est capable de conf\u00e9rer \u00e0 tout espace une beaut\u00e9 durable.<\/strong>\u00a0Ses d\u00e9clinaisons chromatiques, allant du blanc au noir, en passant par le gris, le vert et le rose, permettent de l\u2019adapter \u00e0 diff\u00e9rents styles de design, du plus classique au plus contemporain.<\/p>\n<p><strong>Les dalles 120\u00d7280 cm, par exemple, permettent de cr\u00e9er de vastes surfaces continues,<\/strong>\u00a0assurant ainsi un effet visuel spectaculaire, aussi bien au sol qu\u2019au mur.<br \/>\nLa possibilit\u00e9 de r\u00e9aliser des \u00e9l\u00e9ments d\u2019ameublement sur mesure, tels que des tables, des \u00e9tag\u00e8res ou des rev\u00eatements, ajoute un niveau suppl\u00e9mentaire de personnalisation aux espaces.<\/p>\n\t\t\t\t\t\t<\/div>\n\t\t\t\t<\/div>\n\t\t\t\t<div class=\"elementor-element elementor-element-bc311c7 elementor-widget elementor-widget-heading\" data-id=\"bc311c7\" data-element_type=\"widget\" data-widget_type=\"heading.default\">\n\t\t\t\t<div class=\"elementor-widget-container\">\n\t\t\t<h2 class=\"elementor-heading-title elementor-size-default\">Espaces de Vie et Cuisines : Le Marbre au Quotidien<\/h2>\t\t<\/div>\n\t\t\t\t<\/div>\n\t\t\t\t<div class=\"elementor-element elementor-element-eee32f5 elementor-widget elementor-widget-text-editor\" data-id=\"eee32f5\" data-element_type=\"widget\" data-widget_type=\"text-editor.default\">\n\t\t\t\t<div class=\"elementor-widget-container\">\n\t\t\t\t\t\t\t<p><strong>Le gr\u00e8s c\u00e9rame effet marbre est largement utilis\u00e9 dans les espaces de vie et les cuisines, o\u00f9 l&#8217;esth\u00e9tique se conjugue \u00e0 la fonctionnalit\u00e9.<\/strong> Dans le salon, le sol effet marbre offre une base solide et raffin\u00e9e, capable d&#8217;illuminer chaque recoin. Ses veines et nuances enrichissent l\u2019espace, apportant une touche d&#8217;\u00e9l\u00e9gance sans dominer le mobilier.<\/p>\n<p>Il est id\u00e9al pour <strong>les tables, plans de travail, biblioth\u00e8ques et \u00e9tag\u00e8res<\/strong>, contribuant \u00e0 une ambiance sophistiqu\u00e9e et contemporaine.<\/p>\n<p><strong>Dans la cuisine, le gr\u00e8s c\u00e9rame effet marbre est particuli\u00e8rement adapt\u00e9 comme surface pour les plans de travail, les \u00eelots et les comptoirs.<\/strong> R\u00e9sistant et durable dans le temps, il est id\u00e9al pour supporter les sollicitations quotidiennes tout en conservant sa beaut\u00e9 intacte. L&#8217;association avec le bois ou les m\u00e9taux brillants cr\u00e9e un contraste int\u00e9ressant, parfait pour un design \u00e0 la fois luxueux et moderne. L&#8217;utilisation de grandes dalles permet de r\u00e9aliser des surfaces continues et sans interruptions, pour un look minimaliste et harmonieux.<\/p>\n\t\t\t\t\t\t<\/div>\n\t\t\t\t<\/div>\n\t\t\t\t<\/div>\n\t\t<div data-dce-background-color=\"#F7F7F8\" class=\"elementor-element elementor-element-d0360f2 e-con-full e-flex e-con e-parent\" data-id=\"d0360f2\" data-element_type=\"container\" data-settings=\"{&quot;content_width&quot;:&quot;full&quot;,&quot;background_background&quot;:&quot;classic&quot;}\" data-core-v316-plus=\"true\">\n\t\t<div class=\"elementor-element elementor-element-c946e1b e-flex e-con-boxed e-con e-child\" data-id=\"c946e1b\" data-element_type=\"container\" data-settings=\"{&quot;content_width&quot;:&quot;boxed&quot;}\">\n\t\t\t\t\t<div class=\"e-con-inner\">\n\t\t<div class=\"elementor-element elementor-element-1e008e0 e-con-full e-flex e-con e-child\" data-id=\"1e008e0\" data-element_type=\"container\" data-settings=\"{&quot;content_width&quot;:&quot;full&quot;}\">\n\t\t\t\t<div class=\"elementor-element elementor-element-9d188c9 elementor-widget elementor-widget-image\" data-id=\"9d188c9\" data-element_type=\"widget\" data-widget_type=\"image.default\">\n\t\t\t\t<div class=\"elementor-widget-container\">\n\t\t\t\t\t\t\t\t\t\t\t\t\t<img decoding=\"async\" width=\"819\" height=\"858\" src=\"https:\/\/www.lafabbrica.it\/wp-content\/uploads\/2025\/05\/avorio-segesta.jpg\" class=\"attachment-full size-full wp-image-26894\" alt=\"\" srcset=\"https:\/\/www.lafabbrica.it\/wp-content\/uploads\/2025\/05\/avorio-segesta.jpg 819w, https:\/\/www.lafabbrica.it\/wp-content\/uploads\/2025\/05\/avorio-segesta-286x300.jpg 286w, https:\/\/www.lafabbrica.it\/wp-content\/uploads\/2025\/05\/avorio-segesta-768x805.jpg 768w\" sizes=\"(max-width: 819px) 100vw, 819px\" \/>\t\t\t\t\t\t\t\t\t\t\t\t\t<\/div>\n\t\t\t\t<\/div>\n\t\t\t\t<\/div>\n\t\t<div class=\"elementor-element elementor-element-bf58ba7 e-con-full e-flex e-con e-child\" data-id=\"bf58ba7\" data-element_type=\"container\" data-settings=\"{&quot;content_width&quot;:&quot;full&quot;}\">\n\t\t\t\t<div class=\"elementor-element elementor-element-edcc399 elementor-widget elementor-widget-heading\" data-id=\"edcc399\" data-element_type=\"widget\" data-widget_type=\"heading.default\">\n\t\t\t\t<div class=\"elementor-widget-container\">\n\t\t\t<h3 class=\"elementor-heading-title elementor-size-default\">AVORIO SEGESTA : \u00c9l\u00e9gance Essentielle<\/h3>\t\t<\/div>\n\t\t\t\t<\/div>\n\t\t\t\t<div class=\"elementor-element elementor-element-cd66ef3 elementor-widget elementor-widget-text-editor\" data-id=\"cd66ef3\" data-element_type=\"widget\" data-widget_type=\"text-editor.default\">\n\t\t\t\t<div class=\"elementor-widget-container\">\n\t\t\t\t\t\t\t<p><strong>Avorio Segesta, pr\u00e9sent\u00e9 au Cersaie 2024, est une dalle en gr\u00e8s c\u00e9rame effet marbre qui capture toute la beaut\u00e9 de la nature.<\/strong>\u00a0Les veines couleur terre, fines et espac\u00e9es, s\u2019entrelacent d\u00e9licatement, cr\u00e9ant un jeu raffin\u00e9 de lumi\u00e8re et d\u2019ombre. Sa surface unique conf\u00e8re \u00e0 chaque espace un effet lumineux et s\u00e9duisant, id\u00e9al pour ceux qui recherchent un design naturel et sophistiqu\u00e9.<\/p>\n<p><strong>Parfaite pour des environnements o\u00f9 l\u2019\u00e9l\u00e9gance essentielle est recherch\u00e9e<\/strong>, <a href=\"https:\/\/www.lafabbrica.it\/fr\/collections\/avorio-segesta\/\"><span style=\"text-decoration: underline;\">Avorio Segesta<\/span><\/a> s\u2019adapte magnifiquement aux sols comme aux murs, apportant harmonie et lumi\u00e8re \u00e0 chaque surface.<\/p>\n\t\t\t\t\t\t<\/div>\n\t\t\t\t<\/div>\n\t\t\t\t<\/div>\n\t\t\t\t\t<\/div>\n\t\t\t\t<\/div>\n\t\t\t\t<\/div>\n\t\t<div class=\"elementor-element elementor-element-5274b1d e-flex e-con-boxed e-con e-parent\" data-id=\"5274b1d\" data-element_type=\"container\" data-settings=\"{&quot;content_width&quot;:&quot;boxed&quot;}\" data-core-v316-plus=\"true\">\n\t\t\t\t\t<div class=\"e-con-inner\">\n\t\t\t\t<div class=\"elementor-element elementor-element-36b94d5 elementor-widget elementor-widget-heading\" data-id=\"36b94d5\" data-element_type=\"widget\" data-widget_type=\"heading.default\">\n\t\t\t\t<div class=\"elementor-widget-container\">\n\t\t\t<h2 class=\"elementor-heading-title elementor-size-default\">La salle de bain moderne : luxe, bien-\u00eatre, surfaces mat\u00e9rielles<\/h2>\t\t<\/div>\n\t\t\t\t<\/div>\n\t\t\t\t<div class=\"elementor-element elementor-element-183fa2f elementor-widget elementor-widget-text-editor\" data-id=\"183fa2f\" data-element_type=\"widget\" data-widget_type=\"text-editor.default\">\n\t\t\t\t<div class=\"elementor-widget-container\">\n\t\t\t\t\t\t\t<p><strong>La salle de bain est l&#8217;un des espaces o\u00f9 le gr\u00e8s effet marbre peut vraiment exprimer toute son \u00e9l\u00e9gance.<\/strong>\u00a0Gr\u00e2ce \u00e0 son \u00e9clat et \u00e0 son apparence naturelle, il est parfait pour cr\u00e9er une atmosph\u00e8re de luxe et de bien-\u00eatre. Utilis\u00e9 pour les sols, les murs et les surfaces de mobilier, il transforme la salle de bain en une v\u00e9ritable oasis de d\u00e9tente, avec un effet spa.<\/p>\n\t\t\t\t\t\t<\/div>\n\t\t\t\t<\/div>\n\t\t\t\t<div class=\"elementor-element elementor-element-bce4852 elementor-widget elementor-widget-heading\" data-id=\"bce4852\" data-element_type=\"widget\" data-widget_type=\"heading.default\">\n\t\t\t\t<div class=\"elementor-widget-container\">\n\t\t\t<h3 class=\"elementor-heading-title elementor-size-default\">Surfaces textur\u00e9es pour la salle de bains<\/h3>\t\t<\/div>\n\t\t\t\t<\/div>\n\t\t\t\t<div class=\"elementor-element elementor-element-252f530 elementor-widget elementor-widget-text-editor\" data-id=\"252f530\" data-element_type=\"widget\" data-widget_type=\"text-editor.default\">\n\t\t\t\t<div class=\"elementor-widget-container\">\n\t\t\t\t\t\t\t<p><strong>Les surfaces en gr\u00e8s c\u00e9rame effet marbre sont id\u00e9ales pour des salles de bains au design luxueux<\/strong>, o\u00f9 le contraste entre brillance et opacit\u00e9 cr\u00e9e des effets visuels fascinants. Les carreaux pos\u00e9s sur les murs, en combinant diff\u00e9rentes textures, peuvent devenir de v\u00e9ritables \u00e9l\u00e9ments sc\u00e9nographiques, cr\u00e9ant une\u00a0<strong>continuit\u00e9 visuelle<\/strong>\u00a0qui enrichit l\u2019espace.<\/p>\n<p>La possibilit\u00e9 de r\u00e9aliser des\u00a0<strong>receveurs de douche<\/strong>\u00a0ou des\u00a0<strong>lavabos personnalis\u00e9s<\/strong>\u00a0ajoute une touche suppl\u00e9mentaire d\u2019\u00e9l\u00e9gance.<\/p>\n\t\t\t\t\t\t<\/div>\n\t\t\t\t<\/div>\n\t\t\t\t\t<\/div>\n\t\t\t\t<\/div>\n\t\t<div data-dce-background-color=\"#F7F7F8\" class=\"elementor-element elementor-element-bfb2377 e-flex e-con-boxed e-con e-child\" data-id=\"bfb2377\" data-element_type=\"container\" data-settings=\"{&quot;background_background&quot;:&quot;classic&quot;,&quot;content_width&quot;:&quot;boxed&quot;}\">\n\t\t\t\t\t<div class=\"e-con-inner\">\n\t\t<div class=\"elementor-element elementor-element-12e64b6 e-con-full e-flex e-con e-child\" data-id=\"12e64b6\" data-element_type=\"container\" data-settings=\"{&quot;content_width&quot;:&quot;full&quot;}\">\n\t\t\t\t<div class=\"elementor-element elementor-element-6cd8e58 elementor-widget elementor-widget-heading\" data-id=\"6cd8e58\" data-element_type=\"widget\" data-widget_type=\"heading.default\">\n\t\t\t\t<div class=\"elementor-widget-container\">\n\t\t\t<h3 class=\"elementor-heading-title elementor-size-default\">BIANCO IMPERIALE :<br>lumi\u00e8re et style dans chaque espace<\/h3>\t\t<\/div>\n\t\t\t\t<\/div>\n\t\t\t\t<div class=\"elementor-element elementor-element-f53b6d1 elementor-widget elementor-widget-text-editor\" data-id=\"f53b6d1\" data-element_type=\"widget\" data-widget_type=\"text-editor.default\">\n\t\t\t\t<div class=\"elementor-widget-container\">\n\t\t\t\t\t\t\t<p><strong>Le Bianco Imperiale, pr\u00e9sent\u00e9 au Cersaie, est une dalle en gr\u00e8s c\u00e9rame effet marbre qui se distingue par ses veines rouge\u00e2tres-brunes<\/strong>\u00a0traversant une surface ivoire. Cette combinaison cr\u00e9e des reflets dor\u00e9s qui captent la lumi\u00e8re de mani\u00e8re fascinante, conf\u00e9rant aux espaces une \u00e9l\u00e9gance unique.<\/p>\n<p>Parfait pour les grands espaces, le <span style=\"text-decoration: underline;\"><a href=\"https:\/\/www.lafabbrica.it\/fr\/collections\/bianco-imperiale\/\">Bianco Imperiale<\/a><\/span> s&#8217;int\u00e8gre avec classe dans\u00a0<strong>des environnements sophistiqu\u00e9s<\/strong>, o\u00f9 la lumi\u00e8re et le design jouent un r\u00f4le fondamental. Ses veines naturelles en font le choix id\u00e9al pour des espaces vastes, tels que les salons et les halls d&#8217;h\u00f4tels de luxe.<\/p>\n\t\t\t\t\t\t<\/div>\n\t\t\t\t<\/div>\n\t\t\t\t<\/div>\n\t\t<div class=\"elementor-element elementor-element-b2228c5 e-con-full e-flex e-con e-child\" data-id=\"b2228c5\" data-element_type=\"container\" data-settings=\"{&quot;content_width&quot;:&quot;full&quot;}\">\n\t\t\t\t<div class=\"elementor-element elementor-element-b0021fe elementor-widget elementor-widget-image\" data-id=\"b0021fe\" data-element_type=\"widget\" data-widget_type=\"image.default\">\n\t\t\t\t<div class=\"elementor-widget-container\">\n\t\t\t\t\t\t\t\t\t\t\t\t\t<img decoding=\"async\" width=\"819\" height=\"858\" src=\"https:\/\/www.lafabbrica.it\/wp-content\/uploads\/2025\/05\/bianco-imperiale.jpg\" class=\"attachment-full size-full wp-image-26898\" alt=\"\" srcset=\"https:\/\/www.lafabbrica.it\/wp-content\/uploads\/2025\/05\/bianco-imperiale.jpg 819w, https:\/\/www.lafabbrica.it\/wp-content\/uploads\/2025\/05\/bianco-imperiale-286x300.jpg 286w, https:\/\/www.lafabbrica.it\/wp-content\/uploads\/2025\/05\/bianco-imperiale-768x805.jpg 768w\" sizes=\"(max-width: 819px) 100vw, 819px\" \/>\t\t\t\t\t\t\t\t\t\t\t\t\t<\/div>\n\t\t\t\t<\/div>\n\t\t\t\t<\/div>\n\t\t\t\t\t<\/div>\n\t\t\t\t<\/div>\n\t\t<div class=\"elementor-element elementor-element-b27a222 e-flex e-con-boxed e-con e-parent\" data-id=\"b27a222\" data-element_type=\"container\" data-settings=\"{&quot;content_width&quot;:&quot;boxed&quot;}\" data-core-v316-plus=\"true\">\n\t\t\t\t\t<div class=\"e-con-inner\">\n\t\t\t\t<div class=\"elementor-element elementor-element-97eecbb elementor-widget elementor-widget-heading\" data-id=\"97eecbb\" data-element_type=\"widget\" data-widget_type=\"heading.default\">\n\t\t\t\t<div class=\"elementor-widget-container\">\n\t\t\t<h2 class=\"elementor-heading-title elementor-size-default\">Boutiques, h\u00f4tels et SPA : le marbre d\u00e9finit l'identit\u00e9 des espaces<\/h2>\t\t<\/div>\n\t\t\t\t<\/div>\n\t\t\t\t<div class=\"elementor-element elementor-element-77b5cea elementor-widget elementor-widget-text-editor\" data-id=\"77b5cea\" data-element_type=\"widget\" data-widget_type=\"text-editor.default\">\n\t\t\t\t<div class=\"elementor-widget-container\">\n\t\t\t\t\t\t\t<p><strong>Le gr\u00e8s effet marbre repr\u00e9sente une valeur ajout\u00e9e pour les environnements commerciaux et de luxe tels que les boutiques, les h\u00f4tels et les SPA.<\/strong>\u00a0Dans ces espaces, il devient un \u00e9l\u00e9ment distinctif, capable de communiquer imm\u00e9diatement la valeur et l&#8217;exclusivit\u00e9 de la marque. Utilis\u00e9 pour les sols, les rev\u00eatements et les meubles, il cr\u00e9e un impact visuel qui captive les visiteurs, rendant chaque environnement inoubliable.<\/p>\n\t\t\t\t\t\t<\/div>\n\t\t\t\t<\/div>\n\t\t\t\t<div class=\"elementor-element elementor-element-af226e9 elementor-widget elementor-widget-heading\" data-id=\"af226e9\" data-element_type=\"widget\" data-widget_type=\"heading.default\">\n\t\t\t\t<div class=\"elementor-widget-container\">\n\t\t\t<h3 class=\"elementor-heading-title elementor-size-default\">Le marbre comme \u00e9l\u00e9ment de branding<\/h3>\t\t<\/div>\n\t\t\t\t<\/div>\n\t\t\t\t<div class=\"elementor-element elementor-element-7bd8794 elementor-widget elementor-widget-text-editor\" data-id=\"7bd8794\" data-element_type=\"widget\" data-widget_type=\"text-editor.default\">\n\t\t\t\t<div class=\"elementor-widget-container\">\n\t\t\t\t\t\t\t<p>Dans une boutique ou un h\u00f4tel de luxe, le gr\u00e8s c\u00e9rame effet marbre est le mat\u00e9riau id\u00e9al pour communiquer la haute qualit\u00e9 des services offerts.\u00a0<strong>Les grandes surfaces, comme celles de 120&#215;280 cm, peuvent \u00eatre utilis\u00e9es pour cr\u00e9er des compositions visuelles \u00e0 fort impact<\/strong>, telles que des murs d&#8217;entr\u00e9e, des r\u00e9ceptions et des espaces lounge, toutes unifi\u00e9es par un langage esth\u00e9tique unique.<\/p>\n<p>Une telle approche\u00a0<strong>augmente la valeur esth\u00e9tique des espaces<\/strong>, et contribue \u00e9galement \u00e0 renforcer l&#8217;identit\u00e9 de la marque.<\/p>\n\t\t\t\t\t\t<\/div>\n\t\t\t\t<\/div>\n\t\t\t\t\t<\/div>\n\t\t\t\t<\/div>\n\t\t<div class=\"elementor-element elementor-element-c0506ca e-con-full e-flex e-con e-parent\" data-id=\"c0506ca\" data-element_type=\"container\" data-settings=\"{&quot;content_width&quot;:&quot;full&quot;}\" data-core-v316-plus=\"true\">\n\t\t\t\t<div class=\"elementor-element elementor-element-d90d147 elementor-widget elementor-widget-image\" data-id=\"d90d147\" data-element_type=\"widget\" data-widget_type=\"image.default\">\n\t\t\t\t<div class=\"elementor-widget-container\">\n\t\t\t\t\t\t\t\t\t\t\t\t\t<img loading=\"lazy\" decoding=\"async\" width=\"1440\" height=\"811\" src=\"https:\/\/www.lafabbrica.it\/wp-content\/uploads\/2025\/05\/black-gold.jpg\" class=\"attachment-full size-full wp-image-26902\" alt=\"\" srcset=\"https:\/\/www.lafabbrica.it\/wp-content\/uploads\/2025\/05\/black-gold.jpg 1440w, https:\/\/www.lafabbrica.it\/wp-content\/uploads\/2025\/05\/black-gold-300x169.jpg 300w, https:\/\/www.lafabbrica.it\/wp-content\/uploads\/2025\/05\/black-gold-1024x577.jpg 1024w, https:\/\/www.lafabbrica.it\/wp-content\/uploads\/2025\/05\/black-gold-768x433.jpg 768w\" sizes=\"(max-width: 1440px) 100vw, 1440px\" \/>\t\t\t\t\t\t\t\t\t\t\t\t\t<\/div>\n\t\t\t\t<\/div>\n\t\t\t\t<\/div>\n\t\t<div class=\"elementor-element elementor-element-9838ed7 e-flex e-con-boxed e-con e-parent\" data-id=\"9838ed7\" data-element_type=\"container\" data-settings=\"{&quot;content_width&quot;:&quot;boxed&quot;}\" data-core-v316-plus=\"true\">\n\t\t\t\t\t<div class=\"e-con-inner\">\n\t\t\t\t<div class=\"elementor-element elementor-element-56fa831 elementor-widget elementor-widget-heading\" data-id=\"56fa831\" data-element_type=\"widget\" data-widget_type=\"heading.default\">\n\t\t\t\t<div class=\"elementor-widget-container\">\n\t\t\t<h3 class=\"elementor-heading-title elementor-size-default\">BLACK GOLD : l'\u00e9l\u00e9gance du noir et la splendeur de l'or<\/h3>\t\t<\/div>\n\t\t\t\t<\/div>\n\t\t\t\t<div class=\"elementor-element elementor-element-5676348 elementor-widget elementor-widget-text-editor\" data-id=\"5676348\" data-element_type=\"widget\" data-widget_type=\"text-editor.default\">\n\t\t\t\t<div class=\"elementor-widget-container\">\n\t\t\t\t\t\t\t<p><strong>La s\u00e9rie Black Gold, pr\u00e9sent\u00e9e lors de la derni\u00e8re \u00e9dition du Cersaie, est le choix parfait pour ceux qui recherchent un design \u00e0 fort impact.<\/strong>\u00a0Le noir profond de la surface est \u00e9l\u00e9gamment interrompu par des veines dor\u00e9es scintillantes, cr\u00e9ant un contraste extraordinaire qui exprime une d\u00e9claration de raffinement \u00e9l\u00e9gant.<\/p>\n<p>Les surfaces <a href=\"https:\/\/www.lafabbrica.it\/fr\/collections\/black-gold\/\"><span style=\"text-decoration: underline;\">Black Gold<\/span><\/a> sont id\u00e9ales pour des environnements prestigieux, tels que <strong>les h\u00f4tels de luxe et les boutiques<\/strong>, o\u00f9 le contraste entre le noir et l&#8217;or apporte une touche de classe et un effet visuel qui ne passe jamais inaper\u00e7u.<\/p>\n\t\t\t\t\t\t<\/div>\n\t\t\t\t<\/div>\n\t\t\t\t\t<\/div>\n\t\t\t\t<\/div>\n\t\t<div data-dce-background-color=\"#F7F7F8\" class=\"elementor-element elementor-element-2935f73 e-con-full e-flex e-con e-parent\" data-id=\"2935f73\" data-element_type=\"container\" data-settings=\"{&quot;content_width&quot;:&quot;full&quot;,&quot;background_background&quot;:&quot;classic&quot;}\" data-core-v316-plus=\"true\">\n\t\t<div class=\"elementor-element elementor-element-40bfa21 e-flex e-con-boxed e-con e-child\" data-id=\"40bfa21\" data-element_type=\"container\" data-settings=\"{&quot;content_width&quot;:&quot;boxed&quot;}\">\n\t\t\t\t\t<div class=\"e-con-inner\">\n\t\t<div class=\"elementor-element elementor-element-2162709 e-con-full e-flex e-con e-child\" data-id=\"2162709\" data-element_type=\"container\" data-settings=\"{&quot;content_width&quot;:&quot;full&quot;}\">\n\t\t\t\t<div class=\"elementor-element elementor-element-0da3fcd elementor-widget elementor-widget-image\" data-id=\"0da3fcd\" data-element_type=\"widget\" data-widget_type=\"image.default\">\n\t\t\t\t<div class=\"elementor-widget-container\">\n\t\t\t\t\t\t\t\t\t\t\t\t\t<img loading=\"lazy\" decoding=\"async\" width=\"819\" height=\"858\" src=\"https:\/\/www.lafabbrica.it\/wp-content\/uploads\/2025\/05\/breccia-sicilia.jpg\" class=\"attachment-full size-full wp-image-26906\" alt=\"\" srcset=\"https:\/\/www.lafabbrica.it\/wp-content\/uploads\/2025\/05\/breccia-sicilia.jpg 819w, https:\/\/www.lafabbrica.it\/wp-content\/uploads\/2025\/05\/breccia-sicilia-286x300.jpg 286w, https:\/\/www.lafabbrica.it\/wp-content\/uploads\/2025\/05\/breccia-sicilia-768x805.jpg 768w\" sizes=\"(max-width: 819px) 100vw, 819px\" \/>\t\t\t\t\t\t\t\t\t\t\t\t\t<\/div>\n\t\t\t\t<\/div>\n\t\t\t\t<\/div>\n\t\t<div class=\"elementor-element elementor-element-4eace0c e-con-full e-flex e-con e-child\" data-id=\"4eace0c\" data-element_type=\"container\" data-settings=\"{&quot;content_width&quot;:&quot;full&quot;}\">\n\t\t\t\t<div class=\"elementor-element elementor-element-a39667c elementor-widget elementor-widget-heading\" data-id=\"a39667c\" data-element_type=\"widget\" data-widget_type=\"heading.default\">\n\t\t\t\t<div class=\"elementor-widget-container\">\n\t\t\t<h3 class=\"elementor-heading-title elementor-size-default\">BRECCIA SICILIA : un design qui laisse une empreinte<\/h3>\t\t<\/div>\n\t\t\t\t<\/div>\n\t\t\t\t<div class=\"elementor-element elementor-element-140a31f elementor-widget elementor-widget-text-editor\" data-id=\"140a31f\" data-element_type=\"widget\" data-widget_type=\"text-editor.default\">\n\t\t\t\t<div class=\"elementor-widget-container\">\n\t\t\t\t\t\t\t<p><strong>Breccia Sicilia est une nouvelle collection qui se distingue par une incroyable fusion de tons rouges, bruns et gris.<\/strong>\u00a0Ces tonalit\u00e9s s&#8217;entrelacent dans un design qui capte le regard, transformant chaque espace en un lieu au charme exclusif.<\/p>\n<p>Parfaite pour les sols et les rev\u00eatements, <a href=\"https:\/\/www.lafabbrica.it\/fr\/collections\/breccia-sicilia\/\"><span style=\"text-decoration: underline;\">Breccia Sicilia<\/span><\/a> apporte une touche d&#8217;<strong>art naturel<\/strong>\u00a0qui devient un v\u00e9ritable \u00e9l\u00e9ment distinctif pour des\u00a0<strong>espaces modernes<\/strong>\u00a0et sophistiqu\u00e9s.<\/p>\n\t\t\t\t\t\t<\/div>\n\t\t\t\t<\/div>\n\t\t\t\t<\/div>\n\t\t\t\t\t<\/div>\n\t\t\t\t<\/div>\n\t\t\t\t<\/div>\n\t\t<div data-dce-background-color=\"#F7F7F8\" class=\"elementor-element elementor-element-7621146 e-flex e-con-boxed e-con e-child\" data-id=\"7621146\" data-element_type=\"container\" data-settings=\"{&quot;background_background&quot;:&quot;classic&quot;,&quot;content_width&quot;:&quot;boxed&quot;}\">\n\t\t\t\t\t<div class=\"e-con-inner\">\n\t\t<div class=\"elementor-element elementor-element-72d86b5 e-con-full e-flex e-con e-child\" data-id=\"72d86b5\" data-element_type=\"container\" data-settings=\"{&quot;content_width&quot;:&quot;full&quot;}\">\n\t\t\t\t<div class=\"elementor-element elementor-element-66a3a6c elementor-widget elementor-widget-heading\" data-id=\"66a3a6c\" data-element_type=\"widget\" data-widget_type=\"heading.default\">\n\t\t\t\t<div class=\"elementor-widget-container\">\n\t\t\t<h3 class=\"elementor-heading-title elementor-size-default\">BRECCIA CAPRAIA : veines d\u00e9licates pour une touche d'\u00e9l\u00e9gance<\/h3>\t\t<\/div>\n\t\t\t\t<\/div>\n\t\t\t\t<div class=\"elementor-element elementor-element-6e5736f elementor-widget elementor-widget-text-editor\" data-id=\"6e5736f\" data-element_type=\"widget\" data-widget_type=\"text-editor.default\">\n\t\t\t\t<div class=\"elementor-widget-container\">\n\t\t\t\t\t\t\t<p><strong>Breccia Capraia &#8211; r\u00e9cemment pr\u00e9sent\u00e9e au Cersaie &#8211; est une s\u00e9rie en gr\u00e8s effet marbre caract\u00e9ris\u00e9e par de d\u00e9licates veines violettes et vertes\u00a0<\/strong>qui s&#8217;entrelacent sur un fond \u00e9th\u00e9r\u00e9. Le design exclusif ajoute en effet profondeur et raffinement \u00e0 chaque surface, la rendant intrigante dans des environnements sophistiqu\u00e9s et recherch\u00e9s.<\/p>\n<p>La beaut\u00e9 discr\u00e8te et le style \u00e9l\u00e9gant de <span style=\"text-decoration: underline;\"><a href=\"https:\/\/www.lafabbrica.it\/fr\/collections\/breccia-capraia\/\">Breccia Capraia<\/a><\/span> s&#8217;int\u00e8grent facilement dans tous types d&#8217;espaces, apportant une touche de classe qui valorise chaque environnement, sans jamais l&#8217;\u00e9craser.<\/p>\n\t\t\t\t\t\t<\/div>\n\t\t\t\t<\/div>\n\t\t\t\t<\/div>\n\t\t<div class=\"elementor-element elementor-element-00950c1 e-con-full e-flex e-con e-child\" data-id=\"00950c1\" data-element_type=\"container\" data-settings=\"{&quot;content_width&quot;:&quot;full&quot;}\">\n\t\t\t\t<div class=\"elementor-element elementor-element-5f93246 elementor-widget elementor-widget-image\" data-id=\"5f93246\" data-element_type=\"widget\" data-widget_type=\"image.default\">\n\t\t\t\t<div class=\"elementor-widget-container\">\n\t\t\t\t\t\t\t\t\t\t\t\t\t<img loading=\"lazy\" decoding=\"async\" width=\"819\" height=\"858\" src=\"https:\/\/www.lafabbrica.it\/wp-content\/uploads\/2025\/05\/breccia-capraia.jpg\" class=\"attachment-full size-full wp-image-26910\" alt=\"\" srcset=\"https:\/\/www.lafabbrica.it\/wp-content\/uploads\/2025\/05\/breccia-capraia.jpg 819w, https:\/\/www.lafabbrica.it\/wp-content\/uploads\/2025\/05\/breccia-capraia-286x300.jpg 286w, https:\/\/www.lafabbrica.it\/wp-content\/uploads\/2025\/05\/breccia-capraia-768x805.jpg 768w\" sizes=\"(max-width: 819px) 100vw, 819px\" \/>\t\t\t\t\t\t\t\t\t\t\t\t\t<\/div>\n\t\t\t\t<\/div>\n\t\t\t\t<\/div>\n\t\t\t\t\t<\/div>\n\t\t\t\t<\/div>\n\t\t<div class=\"elementor-element elementor-element-5983d96 e-flex e-con-boxed e-con e-parent\" data-id=\"5983d96\" data-element_type=\"container\" data-settings=\"{&quot;content_width&quot;:&quot;boxed&quot;}\" data-core-v316-plus=\"true\">\n\t\t\t\t\t<div class=\"e-con-inner\">\n\t\t\t\t<div class=\"elementor-element elementor-element-0fda200 elementor-widget elementor-widget-heading\" data-id=\"0fda200\" data-element_type=\"widget\" data-widget_type=\"heading.default\">\n\t\t\t\t<div class=\"elementor-widget-container\">\n\t\t\t<h3 class=\"elementor-heading-title elementor-size-default\">GREEN SKY : marbre vert, sophistiqu\u00e9 et intense<\/h3>\t\t<\/div>\n\t\t\t\t<\/div>\n\t\t\t\t<div class=\"elementor-element elementor-element-f417774 elementor-widget elementor-widget-text-editor\" data-id=\"f417774\" data-element_type=\"widget\" data-widget_type=\"text-editor.default\">\n\t\t\t\t<div class=\"elementor-widget-container\">\n\t\t\t\t\t\t\t<p><strong>Green Sky, un autre produit pr\u00e9sent\u00e9 au Cersaie, est une s\u00e9rie en gr\u00e8s effet marbre aux tons intenses allant du vert au vert d&#8217;eau<\/strong>, avec des veines qui se fondent dans des nuances terre. Il s&#8217;agit d&#8217;un effet marbre naturel qui exprime un lien profond avec la beaut\u00e9 de la terre, le rendant id\u00e9al pour des environnements sophistiqu\u00e9s.<\/p>\n<p>Id\u00e9al pour les sols et les rev\u00eatements, <span style=\"text-decoration: underline;\"><a href=\"https:\/\/www.lafabbrica.it\/fr\/collections\/green-sky\/\">Green Sky<\/a><\/span> apporte une touche d&#8217;\u00e9l\u00e9gance contemporaine et une puissante <strong>force graphique qui transforme chaque espace<\/strong>, offrant une beaut\u00e9 authentique et jamais banale.<\/p>\n\t\t\t\t\t\t<\/div>\n\t\t\t\t<\/div>\n\t\t\t\t\t<\/div>\n\t\t\t\t<\/div>\n\t\t<div class=\"elementor-element elementor-element-baf2e5a e-con-full e-flex e-con e-parent\" data-id=\"baf2e5a\" data-element_type=\"container\" data-settings=\"{&quot;content_width&quot;:&quot;full&quot;}\" data-core-v316-plus=\"true\">\n\t\t\t\t<div class=\"elementor-element elementor-element-263c8c6 elementor-widget elementor-widget-image\" data-id=\"263c8c6\" data-element_type=\"widget\" data-widget_type=\"image.default\">\n\t\t\t\t<div class=\"elementor-widget-container\">\n\t\t\t\t\t\t\t\t\t\t\t\t\t<img loading=\"lazy\" decoding=\"async\" width=\"1440\" height=\"811\" src=\"https:\/\/www.lafabbrica.it\/wp-content\/uploads\/2025\/05\/green-sky.jpg\" class=\"attachment-full size-full wp-image-26914\" alt=\"\" srcset=\"https:\/\/www.lafabbrica.it\/wp-content\/uploads\/2025\/05\/green-sky.jpg 1440w, https:\/\/www.lafabbrica.it\/wp-content\/uploads\/2025\/05\/green-sky-300x169.jpg 300w, https:\/\/www.lafabbrica.it\/wp-content\/uploads\/2025\/05\/green-sky-1024x577.jpg 1024w, https:\/\/www.lafabbrica.it\/wp-content\/uploads\/2025\/05\/green-sky-768x433.jpg 768w\" sizes=\"(max-width: 1440px) 100vw, 1440px\" \/>\t\t\t\t\t\t\t\t\t\t\t\t\t<\/div>\n\t\t\t\t<\/div>\n\t\t\t\t<\/div>\n\t\t<div class=\"elementor-element elementor-element-9bbb5ca e-flex e-con-boxed e-con e-parent\" data-id=\"9bbb5ca\" data-element_type=\"container\" data-settings=\"{&quot;content_width&quot;:&quot;boxed&quot;}\" data-core-v316-plus=\"true\">\n\t\t\t\t\t<div class=\"e-con-inner\">\n\t\t\t\t<div class=\"elementor-element elementor-element-3b4599f elementor-widget elementor-widget-heading\" data-id=\"3b4599f\" data-element_type=\"widget\" data-widget_type=\"heading.default\">\n\t\t\t\t<div class=\"elementor-widget-container\">\n\t\t\t<h2 class=\"elementor-heading-title elementor-size-default\">Design d'int\u00e9rieur : associations et conseils pour sublimer le marbre<\/h2>\t\t<\/div>\n\t\t\t\t<\/div>\n\t\t\t\t<div class=\"elementor-element elementor-element-7914cbd elementor-widget elementor-widget-text-editor\" data-id=\"7914cbd\" data-element_type=\"widget\" data-widget_type=\"text-editor.default\">\n\t\t\t\t<div class=\"elementor-widget-container\">\n\t\t\t\t\t\t\t<p><strong>Pour maximiser l&#8217;impact du gr\u00e8s effet marbre, il est essentiel de savoir l&#8217;associer correctement aux autres mat\u00e9riaux et couleurs pr\u00e9sents dans l&#8217;environnement.<\/strong>\u00a0\u00c9tant un mat\u00e9riau polyvalent, il s&#8217;accorde parfaitement avec le bois, le m\u00e9tal, le verre et les tissus naturels, cr\u00e9ant des jeux de contrastes qui exaltent sa beaut\u00e9 naturelle.<\/p>\n\t\t\t\t\t\t<\/div>\n\t\t\t\t<\/div>\n\t\t\t\t<div class=\"elementor-element elementor-element-bcbcf1f elementor-widget elementor-widget-heading\" data-id=\"bcbcf1f\" data-element_type=\"widget\" data-widget_type=\"heading.default\">\n\t\t\t\t<div class=\"elementor-widget-container\">\n\t\t\t<h3 class=\"elementor-heading-title elementor-size-default\">Comment associer le marbre aux autres mat\u00e9riaux<\/h3>\t\t<\/div>\n\t\t\t\t<\/div>\n\t\t\t\t<div class=\"elementor-element elementor-element-51e72d2 elementor-widget elementor-widget-text-editor\" data-id=\"51e72d2\" data-element_type=\"widget\" data-widget_type=\"text-editor.default\">\n\t\t\t\t<div class=\"elementor-widget-container\">\n\t\t\t\t\t\t\t<p><strong>Dans le design d&#8217;int\u00e9rieur, le gr\u00e8s c\u00e9rame effet marbre se pr\u00eate \u00e0 de multiples combinaisons de mat\u00e9riaux et de finitions.<\/strong>\u00a0Pour obtenir un r\u00e9sultat harmonieux et \u00e9l\u00e9gant, il est utile de suivre quelques lignes directrices pratiques.<\/p>\n<p>Voici quelques combinaisons recommand\u00e9es, avec des exemples concrets :<\/p>\n<ul>\n<li><strong>Avec du bois sombre :<\/strong> cr\u00e9e un contraste chaud et sophistiqu\u00e9. Exemple : sol en gr\u00e8s effet marbre Bianco Imperiale associ\u00e9 \u00e0 un lambris en noyer canaletto ou \u00e0 un mur \u00e9quip\u00e9 en ch\u00eane moka pour le salon.<\/li>\n<li><strong>Avec des m\u00e9taux brillants :<\/strong> apporte une touche moderne et lumineuse. Exemple : plan de travail de cuisine en Black Gold associ\u00e9 \u00e0 des tabourets avec structure en acier chrom\u00e9 ou \u00e0 des suspensions en laiton brillant.<\/li>\n<li><strong>Avec du verre transparent ou fum\u00e9 :<\/strong> all\u00e8ge l&#8217;impact visuel et met en valeur la surface du marbre. Exemple : table \u00e0 manger avec base en Green Sky et plateau en verre fum\u00e9, pour mettre en valeur les veines et les nuances chromatiques.<\/li>\n<li><strong>Avec des tissus naturels :<\/strong> ajoute du confort visuel et tactile. Exemple : salle de bain avec rev\u00eatement en Breccia Capraia associ\u00e9 \u00e0 des rideaux en lin brut ou \u00e0 un pouf en velours rose poudr\u00e9.<\/li>\n<li><strong>Avec des surfaces mates et du microciment :<\/strong> accentue la brillance du marbre en cr\u00e9ant un jeu de contrastes mat\u00e9riels. Exemple : espace bien-\u00eatre avec des murs en Avorio Segesta et un sol en microciment gris clair, pour un effet SPA contemporain.<\/li>\n<\/ul>\n<p><strong>En conseil final, il est important d\u2019\u00e9viter d\u2019ajouter trop de mat\u00e9riaux et de couleurs diff\u00e9rentes dans le m\u00eame espace.<\/strong> Le gr\u00e8s effet marbre est d\u00e9j\u00e0 un protagoniste visuel : l&#8217;id\u00e9e la plus judicieuse est de l&#8217;associer avec quelques \u00e9l\u00e9ments coh\u00e9rents qui sauront le mettre en valeur sans l&#8217;\u00e9clipser.<\/p>\n\t\t\t\t\t\t<\/div>\n\t\t\t\t<\/div>\n\t\t\t\t\t<\/div>\n\t\t\t\t<\/div>\n\t\t<div class=\"elementor-element elementor-element-6d02695 e-con-full e-flex e-con e-parent\" data-id=\"6d02695\" data-element_type=\"container\" data-settings=\"{&quot;content_width&quot;:&quot;full&quot;}\" data-core-v316-plus=\"true\">\n\t\t\t\t<div class=\"elementor-element elementor-element-0cfb7cb elementor-align-center elementor-widget elementor-widget-button\" data-id=\"0cfb7cb\" data-element_type=\"widget\" data-widget_type=\"button.default\">\n\t\t\t\t<div class=\"elementor-widget-container\">\n\t\t\t\t\t<div class=\"elementor-button-wrapper\">\n\t\t\t<a class=\"elementor-button elementor-button-link elementor-size-md\" href=\"https:\/\/www.lafabbrica.it\/fr\/valoriser-une-chambre-idees-creatives-pour-des-murs-originaux\/\">\n\t\t\t\t\t\t<span class=\"elementor-button-content-wrapper\">\n\t\t\t\t\t\t<span class=\"elementor-button-text\">D\u00e9couvrez comment valoriser une pi\u00e8ce : id\u00e9es cr\u00e9atives pour des projets originaux.<\/span>\n\t\t<\/span>\n\t\t\t\t\t<\/a>\n\t\t<\/div>\n\t\t\t\t<\/div>\n\t\t\t\t<\/div>\n\t\t\t\t<\/div>\n\t\t\t\t<\/div>\n\t\t","protected":false},"excerpt":{"rendered":"<p>Le marbre a toujours \u00e9t\u00e9 synonyme de luxe, de raffinement et de durabilit\u00e9 \u2014 des qualit\u00e9s qui en font un choix id\u00e9al pour transformer tout espace en un lieu exclusif.<\/p>\n","protected":false},"author":1,"featured_media":26882,"comment_status":"closed","ping_status":"closed","sticky":false,"template":"","format":"standard","meta":{"_acf_changed":false,"site-sidebar-layout":"default","site-content-layout":"","ast-site-content-layout":"default","site-content-style":"default","site-sidebar-style":"default","ast-global-header-display":"","ast-banner-title-visibility":"","ast-main-header-display":"","ast-hfb-above-header-display":"","ast-hfb-below-header-display":"","ast-hfb-mobile-header-display":"","site-post-title":"","ast-breadcrumbs-content":"","ast-featured-img":"","footer-sml-layout":"","theme-transparent-header-meta":"","adv-header-id-meta":"","stick-header-meta":"","header-above-stick-meta":"","header-main-stick-meta":"","header-below-stick-meta":"","astra-migrate-meta-layouts":"default","ast-page-background-enabled":"default","ast-page-background-meta":{"desktop":{"background-color":"var(--ast-global-color-4)","background-image":"","background-repeat":"repeat","background-position":"center center","background-size":"auto","background-attachment":"scroll","background-type":"","background-media":"","overlay-type":"","overlay-color":"","overlay-gradient":""},"tablet":{"background-color":"","background-image":"","background-repeat":"repeat","background-position":"center center","background-size":"auto","background-attachment":"scroll","background-type":"","background-media":"","overlay-type":"","overlay-color":"","overlay-gradient":""},"mobile":{"background-color":"","background-image":"","background-repeat":"repeat","background-position":"center center","background-size":"auto","background-attachment":"scroll","background-type":"","background-media":"","overlay-type":"","overlay-color":"","overlay-gradient":""}},"ast-content-background-meta":{"desktop":{"background-color":"var(--ast-global-color-5)","background-image":"","background-repeat":"repeat","background-position":"center center","background-size":"auto","background-attachment":"scroll","background-type":"","background-media":"","overlay-type":"","overlay-color":"","overlay-gradient":""},"tablet":{"background-color":"var(--ast-global-color-5)","background-image":"","background-repeat":"repeat","background-position":"center center","background-size":"auto","background-attachment":"scroll","background-type":"","background-media":"","overlay-type":"","overlay-color":"","overlay-gradient":""},"mobile":{"background-color":"var(--ast-global-color-5)","background-image":"","background-repeat":"repeat","background-position":"center center","background-size":"auto","background-attachment":"scroll","background-type":"","background-media":"","overlay-type":"","overlay-color":"","overlay-gradient":""}},"footnotes":""},"categories":[1241],"tags":[],"class_list":["post-26926","post","type-post","status-publish","format-standard","has-post-thumbnail","hentry","category-blog-fr"],"acf":[],"yoast_head":"<!-- This site is optimized with the Yoast SEO plugin v22.0 - https:\/\/yoast.com\/wordpress\/plugins\/seo\/ -->\n<title>Am\u00e9nagement en Marbre : \u00c9l\u00e9gance Spectaculaire pour Espaces R\u00e9sidentiels et Commerciaux - La Fabbrica AVA<\/title>\n<meta name=\"robots\" content=\"index, follow, max-snippet:-1, max-image-preview:large, max-video-preview:-1\" \/>\n<link rel=\"canonical\" href=\"https:\/\/www.lafabbrica.it\/fr\/amenagement-en-marbre-elegance-spectaculaire-pour-espaces-residentiels-et-commerciaux\/\" \/>\n<meta property=\"og:locale\" content=\"fr_FR\" \/>\n<meta property=\"og:type\" content=\"article\" \/>\n<meta property=\"og:title\" content=\"Am\u00e9nagement en Marbre : \u00c9l\u00e9gance Spectaculaire pour Espaces R\u00e9sidentiels et Commerciaux - La Fabbrica AVA\" \/>\n<meta property=\"og:description\" content=\"Le marbre a toujours \u00e9t\u00e9 synonyme de luxe, de raffinement et de durabilit\u00e9 \u2014 des qualit\u00e9s qui en font un choix id\u00e9al pour transformer tout espace en un lieu exclusif.\" \/>\n<meta property=\"og:url\" content=\"https:\/\/www.lafabbrica.it\/fr\/amenagement-en-marbre-elegance-spectaculaire-pour-espaces-residentiels-et-commerciaux\/\" \/>\n<meta property=\"og:site_name\" content=\"La Fabbrica AVA\" \/>\n<meta property=\"article:published_time\" content=\"2025-05-05T08:38:08+00:00\" \/>\n<meta property=\"article:modified_time\" content=\"2025-05-05T08:46:56+00:00\" \/>\n<meta property=\"og:image\" content=\"https:\/\/www.lafabbrica.it\/wp-content\/uploads\/2025\/05\/Arredamento-in-marmo-main.jpg\" \/>\n\t<meta property=\"og:image:width\" content=\"880\" \/>\n\t<meta property=\"og:image:height\" content=\"860\" \/>\n\t<meta property=\"og:image:type\" content=\"image\/jpeg\" \/>\n<meta name=\"author\" content=\"admin\" \/>\n<meta name=\"twitter:card\" content=\"summary_large_image\" \/>\n<meta name=\"twitter:label1\" content=\"\u00c9crit par\" \/>\n\t<meta name=\"twitter:data1\" content=\"admin\" \/>\n\t<meta name=\"twitter:label2\" content=\"Dur\u00e9e de lecture estim\u00e9e\" \/>\n\t<meta name=\"twitter:data2\" content=\"9 minutes\" \/>\n<script type=\"application\/ld+json\" class=\"yoast-schema-graph\">{\"@context\":\"https:\/\/schema.org\",\"@graph\":[{\"@type\":\"Article\",\"@id\":\"https:\/\/www.lafabbrica.it\/fr\/amenagement-en-marbre-elegance-spectaculaire-pour-espaces-residentiels-et-commerciaux\/#article\",\"isPartOf\":{\"@id\":\"https:\/\/www.lafabbrica.it\/fr\/amenagement-en-marbre-elegance-spectaculaire-pour-espaces-residentiels-et-commerciaux\/\"},\"author\":{\"name\":\"admin\",\"@id\":\"https:\/\/www.lafabbrica.it\/fr\/#\/schema\/person\/9854f3650eab7e4334e66d22de09296a\"},\"headline\":\"Am\u00e9nagement en Marbre : \u00c9l\u00e9gance Spectaculaire pour Espaces R\u00e9sidentiels et Commerciaux\",\"datePublished\":\"2025-05-05T08:38:08+00:00\",\"dateModified\":\"2025-05-05T08:46:56+00:00\",\"mainEntityOfPage\":{\"@id\":\"https:\/\/www.lafabbrica.it\/fr\/amenagement-en-marbre-elegance-spectaculaire-pour-espaces-residentiels-et-commerciaux\/\"},\"wordCount\":1868,\"publisher\":{\"@id\":\"https:\/\/www.lafabbrica.it\/fr\/#organization\"},\"articleSection\":[\"Blog\"],\"inLanguage\":\"fr-FR\"},{\"@type\":\"WebPage\",\"@id\":\"https:\/\/www.lafabbrica.it\/fr\/amenagement-en-marbre-elegance-spectaculaire-pour-espaces-residentiels-et-commerciaux\/\",\"url\":\"https:\/\/www.lafabbrica.it\/fr\/amenagement-en-marbre-elegance-spectaculaire-pour-espaces-residentiels-et-commerciaux\/\",\"name\":\"Am\u00e9nagement en Marbre : \u00c9l\u00e9gance Spectaculaire pour Espaces R\u00e9sidentiels et Commerciaux - La Fabbrica AVA\",\"isPartOf\":{\"@id\":\"https:\/\/www.lafabbrica.it\/fr\/#website\"},\"datePublished\":\"2025-05-05T08:38:08+00:00\",\"dateModified\":\"2025-05-05T08:46:56+00:00\",\"breadcrumb\":{\"@id\":\"https:\/\/www.lafabbrica.it\/fr\/amenagement-en-marbre-elegance-spectaculaire-pour-espaces-residentiels-et-commerciaux\/#breadcrumb\"},\"inLanguage\":\"fr-FR\",\"potentialAction\":[{\"@type\":\"ReadAction\",\"target\":[\"https:\/\/www.lafabbrica.it\/fr\/amenagement-en-marbre-elegance-spectaculaire-pour-espaces-residentiels-et-commerciaux\/\"]}]},{\"@type\":\"BreadcrumbList\",\"@id\":\"https:\/\/www.lafabbrica.it\/fr\/amenagement-en-marbre-elegance-spectaculaire-pour-espaces-residentiels-et-commerciaux\/#breadcrumb\",\"itemListElement\":[{\"@type\":\"ListItem\",\"position\":1,\"name\":\"Home\",\"item\":\"https:\/\/www.lafabbrica.it\/fr\/\"},{\"@type\":\"ListItem\",\"position\":2,\"name\":\"Am\u00e9nagement en Marbre : \u00c9l\u00e9gance Spectaculaire pour Espaces R\u00e9sidentiels et Commerciaux\"}]},{\"@type\":\"WebSite\",\"@id\":\"https:\/\/www.lafabbrica.it\/fr\/#website\",\"url\":\"https:\/\/www.lafabbrica.it\/fr\/\",\"name\":\"La Fabbrica AVA\",\"description\":\"\",\"publisher\":{\"@id\":\"https:\/\/www.lafabbrica.it\/fr\/#organization\"},\"potentialAction\":[{\"@type\":\"SearchAction\",\"target\":{\"@type\":\"EntryPoint\",\"urlTemplate\":\"https:\/\/www.lafabbrica.it\/fr\/?s={search_term_string}\"},\"query-input\":\"required name=search_term_string\"}],\"inLanguage\":\"fr-FR\"},{\"@type\":\"Organization\",\"@id\":\"https:\/\/www.lafabbrica.it\/fr\/#organization\",\"name\":\"La Fabbrica AVA\",\"url\":\"https:\/\/www.lafabbrica.it\/fr\/\",\"logo\":{\"@type\":\"ImageObject\",\"inLanguage\":\"fr-FR\",\"@id\":\"https:\/\/www.lafabbrica.it\/fr\/#\/schema\/logo\/image\/\",\"url\":\"https:\/\/www.lafabbrica.it\/wp-content\/uploads\/2023\/08\/Senza-titolo-1.png\",\"contentUrl\":\"https:\/\/www.lafabbrica.it\/wp-content\/uploads\/2023\/08\/Senza-titolo-1.png\",\"width\":567,\"height\":240,\"caption\":\"La Fabbrica AVA\"},\"image\":{\"@id\":\"https:\/\/www.lafabbrica.it\/fr\/#\/schema\/logo\/image\/\"}},{\"@type\":\"Person\",\"@id\":\"https:\/\/www.lafabbrica.it\/fr\/#\/schema\/person\/9854f3650eab7e4334e66d22de09296a\",\"name\":\"admin\",\"sameAs\":[\"http:\/\/www.lafabbrica.it\"],\"url\":\"https:\/\/www.lafabbrica.it\/fr\/author\/admin\/\"}]}<\/script>\n<!-- \/ Yoast SEO plugin. -->","yoast_head_json":{"title":"Am\u00e9nagement en Marbre : \u00c9l\u00e9gance Spectaculaire pour Espaces R\u00e9sidentiels et Commerciaux - La Fabbrica AVA","robots":{"index":"index","follow":"follow","max-snippet":"max-snippet:-1","max-image-preview":"max-image-preview:large","max-video-preview":"max-video-preview:-1"},"canonical":"https:\/\/www.lafabbrica.it\/fr\/amenagement-en-marbre-elegance-spectaculaire-pour-espaces-residentiels-et-commerciaux\/","og_locale":"fr_FR","og_type":"article","og_title":"Am\u00e9nagement en Marbre : \u00c9l\u00e9gance Spectaculaire pour Espaces R\u00e9sidentiels et Commerciaux - La Fabbrica AVA","og_description":"Le marbre a toujours \u00e9t\u00e9 synonyme de luxe, de raffinement et de durabilit\u00e9 \u2014 des qualit\u00e9s qui en font un choix id\u00e9al pour transformer tout espace en un lieu exclusif.","og_url":"https:\/\/www.lafabbrica.it\/fr\/amenagement-en-marbre-elegance-spectaculaire-pour-espaces-residentiels-et-commerciaux\/","og_site_name":"La Fabbrica AVA","article_published_time":"2025-05-05T08:38:08+00:00","article_modified_time":"2025-05-05T08:46:56+00:00","og_image":[{"width":880,"height":860,"url":"https:\/\/www.lafabbrica.it\/wp-content\/uploads\/2025\/05\/Arredamento-in-marmo-main.jpg","type":"image\/jpeg"}],"author":"admin","twitter_card":"summary_large_image","twitter_misc":{"\u00c9crit par":"admin","Dur\u00e9e de lecture estim\u00e9e":"9 minutes"},"schema":{"@context":"https:\/\/schema.org","@graph":[{"@type":"Article","@id":"https:\/\/www.lafabbrica.it\/fr\/amenagement-en-marbre-elegance-spectaculaire-pour-espaces-residentiels-et-commerciaux\/#article","isPartOf":{"@id":"https:\/\/www.lafabbrica.it\/fr\/amenagement-en-marbre-elegance-spectaculaire-pour-espaces-residentiels-et-commerciaux\/"},"author":{"name":"admin","@id":"https:\/\/www.lafabbrica.it\/fr\/#\/schema\/person\/9854f3650eab7e4334e66d22de09296a"},"headline":"Am\u00e9nagement en Marbre : \u00c9l\u00e9gance Spectaculaire pour Espaces R\u00e9sidentiels et Commerciaux","datePublished":"2025-05-05T08:38:08+00:00","dateModified":"2025-05-05T08:46:56+00:00","mainEntityOfPage":{"@id":"https:\/\/www.lafabbrica.it\/fr\/amenagement-en-marbre-elegance-spectaculaire-pour-espaces-residentiels-et-commerciaux\/"},"wordCount":1868,"publisher":{"@id":"https:\/\/www.lafabbrica.it\/fr\/#organization"},"articleSection":["Blog"],"inLanguage":"fr-FR"},{"@type":"WebPage","@id":"https:\/\/www.lafabbrica.it\/fr\/amenagement-en-marbre-elegance-spectaculaire-pour-espaces-residentiels-et-commerciaux\/","url":"https:\/\/www.lafabbrica.it\/fr\/amenagement-en-marbre-elegance-spectaculaire-pour-espaces-residentiels-et-commerciaux\/","name":"Am\u00e9nagement en Marbre : \u00c9l\u00e9gance Spectaculaire pour Espaces R\u00e9sidentiels et Commerciaux - La Fabbrica AVA","isPartOf":{"@id":"https:\/\/www.lafabbrica.it\/fr\/#website"},"datePublished":"2025-05-05T08:38:08+00:00","dateModified":"2025-05-05T08:46:56+00:00","breadcrumb":{"@id":"https:\/\/www.lafabbrica.it\/fr\/amenagement-en-marbre-elegance-spectaculaire-pour-espaces-residentiels-et-commerciaux\/#breadcrumb"},"inLanguage":"fr-FR","potentialAction":[{"@type":"ReadAction","target":["https:\/\/www.lafabbrica.it\/fr\/amenagement-en-marbre-elegance-spectaculaire-pour-espaces-residentiels-et-commerciaux\/"]}]},{"@type":"BreadcrumbList","@id":"https:\/\/www.lafabbrica.it\/fr\/amenagement-en-marbre-elegance-spectaculaire-pour-espaces-residentiels-et-commerciaux\/#breadcrumb","itemListElement":[{"@type":"ListItem","position":1,"name":"Home","item":"https:\/\/www.lafabbrica.it\/fr\/"},{"@type":"ListItem","position":2,"name":"Am\u00e9nagement en Marbre : \u00c9l\u00e9gance Spectaculaire pour Espaces R\u00e9sidentiels et Commerciaux"}]},{"@type":"WebSite","@id":"https:\/\/www.lafabbrica.it\/fr\/#website","url":"https:\/\/www.lafabbrica.it\/fr\/","name":"La Fabbrica AVA","description":"","publisher":{"@id":"https:\/\/www.lafabbrica.it\/fr\/#organization"},"potentialAction":[{"@type":"SearchAction","target":{"@type":"EntryPoint","urlTemplate":"https:\/\/www.lafabbrica.it\/fr\/?s={search_term_string}"},"query-input":"required name=search_term_string"}],"inLanguage":"fr-FR"},{"@type":"Organization","@id":"https:\/\/www.lafabbrica.it\/fr\/#organization","name":"La Fabbrica AVA","url":"https:\/\/www.lafabbrica.it\/fr\/","logo":{"@type":"ImageObject","inLanguage":"fr-FR","@id":"https:\/\/www.lafabbrica.it\/fr\/#\/schema\/logo\/image\/","url":"https:\/\/www.lafabbrica.it\/wp-content\/uploads\/2023\/08\/Senza-titolo-1.png","contentUrl":"https:\/\/www.lafabbrica.it\/wp-content\/uploads\/2023\/08\/Senza-titolo-1.png","width":567,"height":240,"caption":"La Fabbrica AVA"},"image":{"@id":"https:\/\/www.lafabbrica.it\/fr\/#\/schema\/logo\/image\/"}},{"@type":"Person","@id":"https:\/\/www.lafabbrica.it\/fr\/#\/schema\/person\/9854f3650eab7e4334e66d22de09296a","name":"admin","sameAs":["http:\/\/www.lafabbrica.it"],"url":"https:\/\/www.lafabbrica.it\/fr\/author\/admin\/"}]}},"_links":{"self":[{"href":"https:\/\/www.lafabbrica.it\/fr\/wp-json\/wp\/v2\/posts\/26926","targetHints":{"allow":["GET"]}}],"collection":[{"href":"https:\/\/www.lafabbrica.it\/fr\/wp-json\/wp\/v2\/posts"}],"about":[{"href":"https:\/\/www.lafabbrica.it\/fr\/wp-json\/wp\/v2\/types\/post"}],"author":[{"embeddable":true,"href":"https:\/\/www.lafabbrica.it\/fr\/wp-json\/wp\/v2\/users\/1"}],"replies":[{"embeddable":true,"href":"https:\/\/www.lafabbrica.it\/fr\/wp-json\/wp\/v2\/comments?post=26926"}],"version-history":[{"count":0,"href":"https:\/\/www.lafabbrica.it\/fr\/wp-json\/wp\/v2\/posts\/26926\/revisions"}],"wp:featuredmedia":[{"embeddable":true,"href":"https:\/\/www.lafabbrica.it\/fr\/wp-json\/wp\/v2\/media\/26882"}],"wp:attachment":[{"href":"https:\/\/www.lafabbrica.it\/fr\/wp-json\/wp\/v2\/media?parent=26926"}],"wp:term":[{"taxonomy":"category","embeddable":true,"href":"https:\/\/www.lafabbrica.it\/fr\/wp-json\/wp\/v2\/categories?post=26926"},{"taxonomy":"post_tag","embeddable":true,"href":"https:\/\/www.lafabbrica.it\/fr\/wp-json\/wp\/v2\/tags?post=26926"}],"curies":[{"name":"wp","href":"https:\/\/api.w.org\/{rel}","templated":true}]}}