{"id":26135,"date":"2025-03-31T11:09:04","date_gmt":"2025-03-31T10:09:04","guid":{"rendered":"https:\/\/www.lafabbrica.it\/?p=26135"},"modified":"2025-04-07T08:38:01","modified_gmt":"2025-04-07T07:38:01","slug":"dalles-en-gres-cerame-surfaces-uniques-pour-des-projets-integres","status":"publish","type":"post","link":"https:\/\/www.lafabbrica.it\/fr\/dalles-en-gres-cerame-surfaces-uniques-pour-des-projets-integres\/","title":{"rendered":"Dalles en gr\u00e8s c\u00e9rame: surfaces uniques pour des projets int\u00e9gr\u00e9s"},"content":{"rendered":"\t\t<div data-elementor-type=\"wp-post\" data-elementor-id=\"26135\" class=\"elementor elementor-26135 elementor-26132\" data-elementor-post-type=\"post\">\n\t\t\t\t<div data-dce-background-color=\"#FFFFFF\" class=\"elementor-element elementor-element-99db600 e-con-full e-flex e-con e-parent\" data-id=\"99db600\" data-element_type=\"container\" data-settings=\"{&quot;content_width&quot;:&quot;full&quot;,&quot;background_background&quot;:&quot;classic&quot;}\" data-core-v316-plus=\"true\">\n\t\t\t\t<div class=\"elementor-element elementor-element-af233c5 elementor-widget elementor-widget-heading\" data-id=\"af233c5\" data-element_type=\"widget\" data-widget_type=\"heading.default\">\n\t\t\t\t<div class=\"elementor-widget-container\">\n\t\t\t<h1 class=\"elementor-heading-title elementor-size-default\">Dalles en gr\u00e8s c\u00e9rame: surfaces uniques pour des projets int\u00e9gr\u00e9s<\/h1>\t\t<\/div>\n\t\t\t\t<\/div>\n\t\t\t\t<div class=\"elementor-element elementor-element-2399bc4 elementor-widget elementor-widget-text-editor\" data-id=\"2399bc4\" data-element_type=\"widget\" data-widget_type=\"text-editor.default\">\n\t\t\t\t<div class=\"elementor-widget-container\">\n\t\t\t\t\t\t\t<p><strong>Les dalles en gr\u00e8s c\u00e9rame repr\u00e9sentent une solution d&#8217;excellence pour ceux qui souhaitent combiner esth\u00e9tique raffin\u00e9e et performances techniques sup\u00e9rieures<\/strong> dans leurs projets d&#8217;architecture et de design d&#8217;int\u00e9rieur. Extr\u00eamement polyvalentes, les surfaces en gr\u00e8s se pr\u00eatent \u00e0 la r\u00e9alisation de compl\u00e9ments d&#8217;ameublement int\u00e9gr\u00e9s, pour des possibilit\u00e9s cr\u00e9atives infinies.<\/p>\n\t\t\t\t\t\t<\/div>\n\t\t\t\t<\/div>\n\t\t\t\t<div class=\"elementor-element elementor-element-3a85176 elementor-widget elementor-widget-image\" data-id=\"3a85176\" data-element_type=\"widget\" data-widget_type=\"image.default\">\n\t\t\t\t<div class=\"elementor-widget-container\">\n\t\t\t\t\t\t\t\t\t\t\t\t\t<img fetchpriority=\"high\" decoding=\"async\" width=\"1440\" height=\"811\" src=\"https:\/\/www.lafabbrica.it\/wp-content\/uploads\/2025\/04\/ambiente3.jpg\" class=\"attachment-full size-full wp-image-26155\" alt=\"\" srcset=\"https:\/\/www.lafabbrica.it\/wp-content\/uploads\/2025\/04\/ambiente3.jpg 1440w, https:\/\/www.lafabbrica.it\/wp-content\/uploads\/2025\/04\/ambiente3-300x169.jpg 300w, https:\/\/www.lafabbrica.it\/wp-content\/uploads\/2025\/04\/ambiente3-1024x577.jpg 1024w, https:\/\/www.lafabbrica.it\/wp-content\/uploads\/2025\/04\/ambiente3-768x433.jpg 768w\" sizes=\"(max-width: 1440px) 100vw, 1440px\" \/>\t\t\t\t\t\t\t\t\t\t\t\t\t<\/div>\n\t\t\t\t<\/div>\n\t\t\t\t<div class=\"elementor-element elementor-element-ace6ad3 elementor-widget elementor-widget-heading\" data-id=\"ace6ad3\" data-element_type=\"widget\" data-widget_type=\"heading.default\">\n\t\t\t\t<div class=\"elementor-widget-container\">\n\t\t\t<h2 class=\"elementor-heading-title elementor-size-default\">Pourquoi choisir les dalles en gr\u00e8s c\u00e9rame?<\/h2>\t\t<\/div>\n\t\t\t\t<\/div>\n\t\t\t\t<div class=\"elementor-element elementor-element-6a5302e elementor-widget elementor-widget-heading\" data-id=\"6a5302e\" data-element_type=\"widget\" data-widget_type=\"heading.default\">\n\t\t\t\t<div class=\"elementor-widget-container\">\n\t\t\t<h3 class=\"elementor-heading-title elementor-size-default\">Caract\u00e9ristiques techniques: r\u00e9sistance, durabilit\u00e9, hygi\u00e8ne et polyvalence<\/h3>\t\t<\/div>\n\t\t\t\t<\/div>\n\t\t\t\t<div class=\"elementor-element elementor-element-6e7f467 elementor-widget elementor-widget-text-editor\" data-id=\"6e7f467\" data-element_type=\"widget\" data-widget_type=\"text-editor.default\">\n\t\t\t\t<div class=\"elementor-widget-container\">\n\t\t\t\t\t\t\t<strong>Le gr\u00e8s c\u00e9rame est reconnu pour sa r\u00e9sistance exceptionnelle aux rayures, aux taches et aux hautes temp\u00e9ratures<\/strong>, ce qui le rend id\u00e9al pour les environnements soumis \u00e0 des contraintes quotidiennes comme les cuisines et les salles de bain. La surface non poreuse garantit une <strong>hygi\u00e8ne \u00e9lev\u00e9e<\/strong> et emp\u00eache l&#8217;absorption de liquides et la prolif\u00e9ration de bact\u00e9ries.\r\n\r\nLa polyvalence du mat\u00e9riau permet des <strong>applications aussi bien en int\u00e9rieur qu&#8217;en ext\u00e9rieur<\/strong>, s&#8217;adaptant \u00e0 diff\u00e9rents besoins de conception.\t\t\t\t\t\t<\/div>\n\t\t\t\t<\/div>\n\t\t\t\t<div class=\"elementor-element elementor-element-80ac150 elementor-widget elementor-widget-heading\" data-id=\"80ac150\" data-element_type=\"widget\" data-widget_type=\"heading.default\">\n\t\t\t\t<div class=\"elementor-widget-container\">\n\t\t\t<h3 class=\"elementor-heading-title elementor-size-default\">Esth\u00e9tique et vari\u00e9t\u00e9 de finitions: effet marbre, b\u00e9ton, pierre, bois<\/h3>\t\t<\/div>\n\t\t\t\t<\/div>\n\t\t\t\t<div class=\"elementor-element elementor-element-12be81f elementor-widget elementor-widget-text-editor\" data-id=\"12be81f\" data-element_type=\"widget\" data-widget_type=\"text-editor.default\">\n\t\t\t\t<div class=\"elementor-widget-container\">\n\t\t\t\t\t\t\tLes\u00a0dalles en gr\u00e8s c\u00e9rame\u00a0offrent une large gamme de finitions\u00a0esth\u00e9tiques, incluant\u00a0<strong>des<\/strong><strong>\u00a0<\/strong><strong>effets<\/strong><strong>\u00a0<\/strong><strong>marbre<\/strong><strong>, <\/strong><strong>b\u00e9ton<\/strong><strong>, pierre et <\/strong><strong>bois<\/strong>, permettant de reproduire l&#8217;apparence\u00a0des\u00a0mat\u00e9riaux\u00a0naturels tout en b\u00e9n\u00e9ficiant\u00a0des\u00a0avantages techniques de la c\u00e9ramique.\r\n\r\nLes\u00a0<strong>surfaces<\/strong><strong> en gr\u00e8s<\/strong>\u00a0sont\u00a0disponibles en trois\u00a0types\u00a0principaux:\r\n<ul>\r\n \t<li><strong>Naturel<\/strong>: surface mate et authentique, rappelant la texture originale du\u00a0mat\u00e9riau.<\/li>\r\n \t<li><strong>Lappato<\/strong>: finition brillante qui met en valeur\u00a0les\u00a0d\u00e9tails\u00a0esth\u00e9tiques et conf\u00e8re de l&#8217;\u00e9l\u00e9gance\u00a0aux\u00a0espaces.<\/li>\r\n \t<li><strong>Materic<\/strong><strong> Touch<\/strong>: surface\u00a0l\u00e9g\u00e8rement\u00a0structur\u00e9e, pour une sensation\u00a0tactile\u00a0distinctive et un rendu\u00a0visuel\u00a0sophistiqu\u00e9.<\/li>\r\n<\/ul>\t\t\t\t\t\t<\/div>\n\t\t\t\t<\/div>\n\t\t\t\t<div class=\"elementor-element elementor-element-dde4849 elementor-widget elementor-widget-image\" data-id=\"dde4849\" data-element_type=\"widget\" data-widget_type=\"image.default\">\n\t\t\t\t<div class=\"elementor-widget-container\">\n\t\t\t\t\t\t\t\t\t\t\t\t\t<img decoding=\"async\" width=\"1440\" height=\"811\" src=\"https:\/\/www.lafabbrica.it\/wp-content\/uploads\/2025\/04\/ambiente1.jpg\" class=\"attachment-full size-full wp-image-26147\" alt=\"\" srcset=\"https:\/\/www.lafabbrica.it\/wp-content\/uploads\/2025\/04\/ambiente1.jpg 1440w, https:\/\/www.lafabbrica.it\/wp-content\/uploads\/2025\/04\/ambiente1-300x169.jpg 300w, https:\/\/www.lafabbrica.it\/wp-content\/uploads\/2025\/04\/ambiente1-1024x577.jpg 1024w, https:\/\/www.lafabbrica.it\/wp-content\/uploads\/2025\/04\/ambiente1-768x433.jpg 768w\" sizes=\"(max-width: 1440px) 100vw, 1440px\" \/>\t\t\t\t\t\t\t\t\t\t\t\t\t<\/div>\n\t\t\t\t<\/div>\n\t\t\t\t<div class=\"elementor-element elementor-element-c30e70e elementor-widget elementor-widget-heading\" data-id=\"c30e70e\" data-element_type=\"widget\" data-widget_type=\"heading.default\">\n\t\t\t\t<div class=\"elementor-widget-container\">\n\t\t\t<h3 class=\"elementor-heading-title elementor-size-default\">Applications dans le design d'int\u00e9rieur et l'architecture<\/h3>\t\t<\/div>\n\t\t\t\t<\/div>\n\t\t\t\t<div class=\"elementor-element elementor-element-b3fb2ad elementor-widget elementor-widget-text-editor\" data-id=\"b3fb2ad\" data-element_type=\"widget\" data-widget_type=\"text-editor.default\">\n\t\t\t\t<div class=\"elementor-widget-container\">\n\t\t\t\t\t\t\t<strong>Les grandes dalles en gr\u00e8s c\u00e9rame r\u00e9pondent aux exigences techniques et de conception les plus complexes de l&#8217;architecture et du design d&#8217;int\u00e9rieur.<\/strong> La possibilit\u00e9 de r\u00e9aliser des compl\u00e9ments d&#8217;ameublement de toute forme et dimension, associ\u00e9e \u00e0 la disponibilit\u00e9 de diff\u00e9rentes \u00e9paisseurs, permet de faire face et de r\u00e9soudre des contraintes techniques sp\u00e9cifiques dans les diff\u00e9rents contextes de projet.\r\n\r\nPar exemple, <strong>les dalles peuvent \u00eatre utilis\u00e9es pour cr\u00e9er des plans de cuisine, des cr\u00e9dences, des plans de lavabo et des lavabos int\u00e9gr\u00e9s, des plans de travail<\/strong>, des tables et des bureaux, et des comptoirs.\t\t\t\t\t\t<\/div>\n\t\t\t\t<\/div>\n\t\t\t\t<div class=\"elementor-element elementor-element-048cb19 elementor-widget elementor-widget-heading\" data-id=\"048cb19\" data-element_type=\"widget\" data-widget_type=\"heading.default\">\n\t\t\t\t<div class=\"elementor-widget-container\">\n\t\t\t<h2 class=\"elementor-heading-title elementor-size-default\">Comment utiliser les dalles pour des compl\u00e9ments d'ameublement sur mesure?<\/h2>\t\t<\/div>\n\t\t\t\t<\/div>\n\t\t\t\t<\/div>\n\t\t<div data-dce-background-color=\"#F7F7F8\" class=\"elementor-element elementor-element-d3c0ce1 e-con-full e-flex e-con e-parent\" data-id=\"d3c0ce1\" data-element_type=\"container\" data-settings=\"{&quot;content_width&quot;:&quot;full&quot;,&quot;background_background&quot;:&quot;classic&quot;}\" data-core-v316-plus=\"true\">\n\t\t<div class=\"elementor-element elementor-element-1636cdb e-flex e-con-boxed e-con e-child\" data-id=\"1636cdb\" data-element_type=\"container\" data-settings=\"{&quot;content_width&quot;:&quot;boxed&quot;}\">\n\t\t\t\t\t<div class=\"e-con-inner\">\n\t\t<div class=\"elementor-element elementor-element-ad3018d e-con-full e-flex e-con e-child\" data-id=\"ad3018d\" data-element_type=\"container\" data-settings=\"{&quot;content_width&quot;:&quot;full&quot;}\">\n\t\t\t\t<div class=\"elementor-element elementor-element-8f1e566 elementor-widget elementor-widget-image\" data-id=\"8f1e566\" data-element_type=\"widget\" data-widget_type=\"image.default\">\n\t\t\t\t<div class=\"elementor-widget-container\">\n\t\t\t\t\t\t\t\t\t\t\t\t\t<img decoding=\"async\" width=\"819\" height=\"858\" src=\"https:\/\/www.lafabbrica.it\/wp-content\/uploads\/2025\/04\/piano.jpg\" class=\"attachment-full size-full wp-image-26161\" alt=\"\" srcset=\"https:\/\/www.lafabbrica.it\/wp-content\/uploads\/2025\/04\/piano.jpg 819w, https:\/\/www.lafabbrica.it\/wp-content\/uploads\/2025\/04\/piano-286x300.jpg 286w, https:\/\/www.lafabbrica.it\/wp-content\/uploads\/2025\/04\/piano-768x805.jpg 768w\" sizes=\"(max-width: 819px) 100vw, 819px\" \/>\t\t\t\t\t\t\t\t\t\t\t\t\t<\/div>\n\t\t\t\t<\/div>\n\t\t\t\t<\/div>\n\t\t<div class=\"elementor-element elementor-element-bce2513 e-con-full e-flex e-con e-child\" data-id=\"bce2513\" data-element_type=\"container\" data-settings=\"{&quot;content_width&quot;:&quot;full&quot;}\">\n\t\t\t\t<div class=\"elementor-element elementor-element-ff24a59 elementor-widget elementor-widget-heading\" data-id=\"ff24a59\" data-element_type=\"widget\" data-widget_type=\"heading.default\">\n\t\t\t\t<div class=\"elementor-widget-container\">\n\t\t\t<h3 class=\"elementor-heading-title elementor-size-default\">Dalles c\u00e9ramiques pour plans de table et surfaces d'appui<\/h3>\t\t<\/div>\n\t\t\t\t<\/div>\n\t\t\t\t<div class=\"elementor-element elementor-element-61b66a4 elementor-widget elementor-widget-text-editor\" data-id=\"61b66a4\" data-element_type=\"widget\" data-widget_type=\"text-editor.default\">\n\t\t\t\t<div class=\"elementor-widget-container\">\n\t\t\t\t\t\t\t<p><strong>Les dalles en gr\u00e8s c\u00e9rame sont la solution id\u00e9ale pour r\u00e9aliser des plans de table et des surfaces d&#8217;appui<\/strong>, aussi bien dans les environnements r\u00e9sidentiels que commerciaux. Leur r\u00e9sistance aux rayures et aux taches, associ\u00e9e \u00e0 la vari\u00e9t\u00e9 des finitions disponibles, permet de cr\u00e9er des tables esth\u00e9tiquement attrayantes et durables dans le temps.<\/p>\n\t\t\t\t\t\t<\/div>\n\t\t\t\t<\/div>\n\t\t\t\t<\/div>\n\t\t\t\t\t<\/div>\n\t\t\t\t<\/div>\n\t\t<div class=\"elementor-element elementor-element-e3faaaf e-flex e-con-boxed e-con e-child\" data-id=\"e3faaaf\" data-element_type=\"container\" data-settings=\"{&quot;content_width&quot;:&quot;boxed&quot;}\">\n\t\t\t\t\t<div class=\"e-con-inner\">\n\t\t<div class=\"elementor-element elementor-element-492f299 e-con-full e-flex e-con e-child\" data-id=\"492f299\" data-element_type=\"container\" data-settings=\"{&quot;content_width&quot;:&quot;full&quot;}\">\n\t\t\t\t<div class=\"elementor-element elementor-element-451370d elementor-widget elementor-widget-heading\" data-id=\"451370d\" data-element_type=\"widget\" data-widget_type=\"heading.default\">\n\t\t\t\t<div class=\"elementor-widget-container\">\n\t\t\t<h3 class=\"elementor-heading-title elementor-size-default\">Lavabos int\u00e9gr\u00e9s et solutions sur mesure<\/h3>\t\t<\/div>\n\t\t\t\t<\/div>\n\t\t\t\t<div class=\"elementor-element elementor-element-c1667bb elementor-widget elementor-widget-text-editor\" data-id=\"c1667bb\" data-element_type=\"widget\" data-widget_type=\"text-editor.default\">\n\t\t\t\t<div class=\"elementor-widget-container\">\n\t\t\t\t\t\t\t<p><strong>L&#8217;int\u00e9gration de lavabos en gr\u00e8s c\u00e9rame permet d&#8217;obtenir des surfaces continues et sans joints visibles, am\u00e9liorant l&#8217;esth\u00e9tique et facilitant le nettoyage<\/strong>. Les solutions sur mesure, en effet, permettent de personnaliser l&#8217;environnement de la salle de bain selon les besoins sp\u00e9cifiques du client, garantissant en m\u00eame temps des normes d&#8217;hygi\u00e8ne et de r\u00e9sistance \u00e9lev\u00e9es.<\/p>\n\t\t\t\t\t\t<\/div>\n\t\t\t\t<\/div>\n\t\t\t\t<\/div>\n\t\t<div class=\"elementor-element elementor-element-1b8be73 e-con-full e-flex e-con e-child\" data-id=\"1b8be73\" data-element_type=\"container\" data-settings=\"{&quot;content_width&quot;:&quot;full&quot;}\">\n\t\t\t\t<div class=\"elementor-element elementor-element-073cdbb elementor-widget elementor-widget-image\" data-id=\"073cdbb\" data-element_type=\"widget\" data-widget_type=\"image.default\">\n\t\t\t\t<div class=\"elementor-widget-container\">\n\t\t\t\t\t\t\t\t\t\t\t\t\t<img loading=\"lazy\" decoding=\"async\" width=\"819\" height=\"858\" src=\"https:\/\/www.lafabbrica.it\/wp-content\/uploads\/2025\/04\/lavabo.jpg\" class=\"attachment-full size-full wp-image-26165\" alt=\"\" srcset=\"https:\/\/www.lafabbrica.it\/wp-content\/uploads\/2025\/04\/lavabo.jpg 819w, https:\/\/www.lafabbrica.it\/wp-content\/uploads\/2025\/04\/lavabo-286x300.jpg 286w, https:\/\/www.lafabbrica.it\/wp-content\/uploads\/2025\/04\/lavabo-768x805.jpg 768w\" sizes=\"(max-width: 819px) 100vw, 819px\" \/>\t\t\t\t\t\t\t\t\t\t\t\t\t<\/div>\n\t\t\t\t<\/div>\n\t\t\t\t<\/div>\n\t\t\t\t\t<\/div>\n\t\t\t\t<\/div>\n\t\t\t\t<\/div>\n\t\t<div class=\"elementor-element elementor-element-1652870 e-con-full e-flex e-con e-parent\" data-id=\"1652870\" data-element_type=\"container\" data-settings=\"{&quot;content_width&quot;:&quot;full&quot;}\" data-core-v316-plus=\"true\">\n\t\t\t\t<div class=\"elementor-element elementor-element-130366a elementor-widget elementor-widget-heading\" data-id=\"130366a\" data-element_type=\"widget\" data-widget_type=\"heading.default\">\n\t\t\t\t<div class=\"elementor-widget-container\">\n\t\t\t<h2 class=\"elementor-heading-title elementor-size-default\">Conseils et suggestions pour la salle de bain<\/h2>\t\t<\/div>\n\t\t\t\t<\/div>\n\t\t\t\t<\/div>\n\t\t<div data-dce-background-color=\"#F7F7F8\" class=\"elementor-element elementor-element-b60c86b e-con-full e-flex e-con e-parent\" data-id=\"b60c86b\" data-element_type=\"container\" data-settings=\"{&quot;content_width&quot;:&quot;full&quot;,&quot;background_background&quot;:&quot;classic&quot;}\" data-core-v316-plus=\"true\">\n\t\t<div class=\"elementor-element elementor-element-b533ed3 e-flex e-con-boxed e-con e-child\" data-id=\"b533ed3\" data-element_type=\"container\" data-settings=\"{&quot;content_width&quot;:&quot;boxed&quot;}\">\n\t\t\t\t\t<div class=\"e-con-inner\">\n\t\t<div class=\"elementor-element elementor-element-2a0fab6 e-con-full e-flex e-con e-child\" data-id=\"2a0fab6\" data-element_type=\"container\" data-settings=\"{&quot;content_width&quot;:&quot;full&quot;}\">\n\t\t\t\t<div class=\"elementor-element elementor-element-19964f0 elementor-widget elementor-widget-image\" data-id=\"19964f0\" data-element_type=\"widget\" data-widget_type=\"image.default\">\n\t\t\t\t<div class=\"elementor-widget-container\">\n\t\t\t\t\t\t\t\t\t\t\t\t\t<img loading=\"lazy\" decoding=\"async\" width=\"819\" height=\"858\" src=\"https:\/\/www.lafabbrica.it\/wp-content\/uploads\/2025\/04\/tavolino.jpg\" class=\"attachment-full size-full wp-image-26173\" alt=\"\" srcset=\"https:\/\/www.lafabbrica.it\/wp-content\/uploads\/2025\/04\/tavolino.jpg 819w, https:\/\/www.lafabbrica.it\/wp-content\/uploads\/2025\/04\/tavolino-286x300.jpg 286w, https:\/\/www.lafabbrica.it\/wp-content\/uploads\/2025\/04\/tavolino-768x805.jpg 768w\" sizes=\"(max-width: 819px) 100vw, 819px\" \/>\t\t\t\t\t\t\t\t\t\t\t\t\t<\/div>\n\t\t\t\t<\/div>\n\t\t\t\t<\/div>\n\t\t<div class=\"elementor-element elementor-element-b63a830 e-con-full e-flex e-con e-child\" data-id=\"b63a830\" data-element_type=\"container\" data-settings=\"{&quot;content_width&quot;:&quot;full&quot;}\">\n\t\t\t\t<div class=\"elementor-element elementor-element-e8314c8 elementor-widget elementor-widget-heading\" data-id=\"e8314c8\" data-element_type=\"widget\" data-widget_type=\"heading.default\">\n\t\t\t\t<div class=\"elementor-widget-container\">\n\t\t\t<h3 class=\"elementor-heading-title elementor-size-default\">Lavabos et plans d'appui en gr\u00e8s c\u00e9rame<\/h3>\t\t<\/div>\n\t\t\t\t<\/div>\n\t\t\t\t<div class=\"elementor-element elementor-element-51b6ce1 elementor-widget elementor-widget-text-editor\" data-id=\"51b6ce1\" data-element_type=\"widget\" data-widget_type=\"text-editor.default\">\n\t\t\t\t<div class=\"elementor-widget-container\">\n\t\t\t\t\t\t\t<p>Dans la salle de bain, l&#8217;utilisation de lavabos et de plans d&#8217;appui r\u00e9alis\u00e9s en gr\u00e8s c\u00e9rame offre de nombreux avantages, y compris <strong>la r\u00e9sistance \u00e9lev\u00e9e \u00e0 l&#8217;humidit\u00e9 et aux taches<\/strong>, ainsi que la possibilit\u00e9 de <strong>cr\u00e9er des solutions personnalis\u00e9es<\/strong> qui s&#8217;int\u00e8grent parfaitement avec le design de l&#8217;environnement.<\/p>\n\t\t\t\t\t\t<\/div>\n\t\t\t\t<\/div>\n\t\t\t\t<\/div>\n\t\t\t\t\t<\/div>\n\t\t\t\t<\/div>\n\t\t<div class=\"elementor-element elementor-element-68f56fa e-flex e-con-boxed e-con e-child\" data-id=\"68f56fa\" data-element_type=\"container\" data-settings=\"{&quot;content_width&quot;:&quot;boxed&quot;}\">\n\t\t\t\t\t<div class=\"e-con-inner\">\n\t\t<div class=\"elementor-element elementor-element-2f21ce2 e-con-full e-flex e-con e-child\" data-id=\"2f21ce2\" data-element_type=\"container\" data-settings=\"{&quot;content_width&quot;:&quot;full&quot;}\">\n\t\t\t\t<div class=\"elementor-element elementor-element-001ba28 elementor-widget elementor-widget-heading\" data-id=\"001ba28\" data-element_type=\"widget\" data-widget_type=\"heading.default\">\n\t\t\t\t<div class=\"elementor-widget-container\">\n\t\t\t<h3 class=\"elementor-heading-title elementor-size-default\">Rev\u00eatements continus pour un effet minimal et sans joints<\/h3>\t\t<\/div>\n\t\t\t\t<\/div>\n\t\t\t\t<div class=\"elementor-element elementor-element-b18e133 elementor-widget elementor-widget-text-editor\" data-id=\"b18e133\" data-element_type=\"widget\" data-widget_type=\"text-editor.default\">\n\t\t\t\t<div class=\"elementor-widget-container\">\n\t\t\t\t\t\t\t<p><strong>L&#8217;adoption de rev\u00eatements continus en gr\u00e8s c\u00e9rame dans la salle de bain contribue \u00e0 un effet minimaliste et moderne<\/strong>, \u00e9liminant les joints et garantissant une plus grande hygi\u00e8ne et facilit\u00e9 de nettoyage. La continuit\u00e9 de style entre les sols et les rev\u00eatements verticaux permet en effet d&#8217;obtenir des environnements harmonieux et visuellement agrandis.<\/p>\n\t\t\t\t\t\t<\/div>\n\t\t\t\t<\/div>\n\t\t\t\t<\/div>\n\t\t<div class=\"elementor-element elementor-element-d5dbb6c e-con-full e-flex e-con e-child\" data-id=\"d5dbb6c\" data-element_type=\"container\" data-settings=\"{&quot;content_width&quot;:&quot;full&quot;}\">\n\t\t\t\t<div class=\"elementor-element elementor-element-7b2c2c3 elementor-widget elementor-widget-image\" data-id=\"7b2c2c3\" data-element_type=\"widget\" data-widget_type=\"image.default\">\n\t\t\t\t<div class=\"elementor-widget-container\">\n\t\t\t\t\t\t\t\t\t\t\t\t\t<img loading=\"lazy\" decoding=\"async\" width=\"819\" height=\"858\" src=\"https:\/\/www.lafabbrica.it\/wp-content\/uploads\/2025\/04\/scale.jpg\" class=\"attachment-full size-full wp-image-26169\" alt=\"\" srcset=\"https:\/\/www.lafabbrica.it\/wp-content\/uploads\/2025\/04\/scale.jpg 819w, https:\/\/www.lafabbrica.it\/wp-content\/uploads\/2025\/04\/scale-286x300.jpg 286w, https:\/\/www.lafabbrica.it\/wp-content\/uploads\/2025\/04\/scale-768x805.jpg 768w\" sizes=\"(max-width: 819px) 100vw, 819px\" \/>\t\t\t\t\t\t\t\t\t\t\t\t\t<\/div>\n\t\t\t\t<\/div>\n\t\t\t\t<\/div>\n\t\t\t\t\t<\/div>\n\t\t\t\t<\/div>\n\t\t<div class=\"elementor-element elementor-element-c2bd522 e-flex e-con-boxed e-con e-child\" data-id=\"c2bd522\" data-element_type=\"container\" data-settings=\"{&quot;content_width&quot;:&quot;boxed&quot;}\">\n\t\t\t\t\t<div class=\"e-con-inner\">\n\t\t<div class=\"elementor-element elementor-element-02e6faa e-con-full e-flex e-con e-child\" data-id=\"02e6faa\" data-element_type=\"container\" data-settings=\"{&quot;content_width&quot;:&quot;full&quot;}\">\n\t\t\t\t<div class=\"elementor-element elementor-element-81d9648 elementor-widget elementor-widget-image\" data-id=\"81d9648\" data-element_type=\"widget\" data-widget_type=\"image.default\">\n\t\t\t\t<div class=\"elementor-widget-container\">\n\t\t\t\t\t\t\t\t\t\t\t\t\t<img loading=\"lazy\" decoding=\"async\" width=\"819\" height=\"858\" src=\"https:\/\/www.lafabbrica.it\/wp-content\/uploads\/2025\/04\/bagno.jpg\" class=\"attachment-full size-full wp-image-26177\" alt=\"\" srcset=\"https:\/\/www.lafabbrica.it\/wp-content\/uploads\/2025\/04\/bagno.jpg 819w, https:\/\/www.lafabbrica.it\/wp-content\/uploads\/2025\/04\/bagno-286x300.jpg 286w, https:\/\/www.lafabbrica.it\/wp-content\/uploads\/2025\/04\/bagno-768x805.jpg 768w\" sizes=\"(max-width: 819px) 100vw, 819px\" \/>\t\t\t\t\t\t\t\t\t\t\t\t\t<\/div>\n\t\t\t\t<\/div>\n\t\t\t\t<\/div>\n\t\t<div class=\"elementor-element elementor-element-c6b5c88 e-con-full e-flex e-con e-child\" data-id=\"c6b5c88\" data-element_type=\"container\" data-settings=\"{&quot;content_width&quot;:&quot;full&quot;}\">\n\t\t\t\t<div class=\"elementor-element elementor-element-688eee5 elementor-widget elementor-widget-heading\" data-id=\"688eee5\" data-element_type=\"widget\" data-widget_type=\"heading.default\">\n\t\t\t\t<div class=\"elementor-widget-container\">\n\t\t\t<h3 class=\"elementor-heading-title elementor-size-default\">Id\u00e9es et inspirations pour la salle de bain<\/h3>\t\t<\/div>\n\t\t\t\t<\/div>\n\t\t\t\t<div class=\"elementor-element elementor-element-a8d32e0 elementor-widget elementor-widget-text-editor\" data-id=\"a8d32e0\" data-element_type=\"widget\" data-widget_type=\"text-editor.default\">\n\t\t\t\t<div class=\"elementor-widget-container\">\n\t\t\t\t\t\t\t<p><strong>Dans la recherche d&#8217;id\u00e9es pour am\u00e9nager une salle de bain unique et fonctionnelle, il est essentiel de combiner style, technologie et confort.<\/strong> Les dalles en gr\u00e8s c\u00e9rame offrent r\u00e9sistance et polyvalence esth\u00e9tique, simulant des mat\u00e9riaux naturels comme le bois, la pierre et la r\u00e9sine, et permettant de r\u00e9aliser des environnements modernes avec des meubles suspendus, des solutions gain de place et des compl\u00e9ments innovants.<\/p><p><strong>En int\u00e9grant des technologies intelligentes comme des thermostats pour la douche, des lumi\u00e8res LED r\u00e9glables<\/strong> et des miroirs avec \u00e9cran tactile, la salle de bain peut se transformer en une oasis domestique de bien-\u00eatre et de d\u00e9tente, o\u00f9 chaque d\u00e9tail refl\u00e8te le go\u00fbt personnel.<\/p><p>Pour d&#8217;autres inspirations sur <strong>comment utiliser les dalles en gr\u00e8s c\u00e9rame<\/strong>, d\u00e9couvrez nos id\u00e9es pour la <span style=\"text-decoration: underline;\"><a href=\"https:\/\/www.lafabbrica.it\/fr\/comment-amenager-votre-salle-de-bainidees-et-inspirations-pour-un-espace-unique\">salle de bain<\/a><\/span>.<\/p>\t\t\t\t\t\t<\/div>\n\t\t\t\t<\/div>\n\t\t\t\t<\/div>\n\t\t\t\t\t<\/div>\n\t\t\t\t<\/div>\n\t\t\t\t<\/div>\n\t\t<div class=\"elementor-element elementor-element-5ebdd55 e-con-full e-flex e-con e-parent\" data-id=\"5ebdd55\" data-element_type=\"container\" data-settings=\"{&quot;content_width&quot;:&quot;full&quot;}\" data-core-v316-plus=\"true\">\n\t\t\t\t<div class=\"elementor-element elementor-element-2195ba3 elementor-widget elementor-widget-heading\" data-id=\"2195ba3\" data-element_type=\"widget\" data-widget_type=\"heading.default\">\n\t\t\t\t<div class=\"elementor-widget-container\">\n\t\t\t<h2 class=\"elementor-heading-title elementor-size-default\">Style et fonctionnalit\u00e9 dans la cuisine<\/h2>\t\t<\/div>\n\t\t\t\t<\/div>\n\t\t\t\t<div class=\"elementor-element elementor-element-43a3f47 elementor-widget elementor-widget-image\" data-id=\"43a3f47\" data-element_type=\"widget\" data-widget_type=\"image.default\">\n\t\t\t\t<div class=\"elementor-widget-container\">\n\t\t\t\t\t\t\t\t\t\t\t\t\t<img loading=\"lazy\" decoding=\"async\" width=\"1440\" height=\"811\" src=\"https:\/\/www.lafabbrica.it\/wp-content\/uploads\/2025\/04\/ambiente2.jpg\" class=\"attachment-full size-full wp-image-26151\" alt=\"\" srcset=\"https:\/\/www.lafabbrica.it\/wp-content\/uploads\/2025\/04\/ambiente2.jpg 1440w, https:\/\/www.lafabbrica.it\/wp-content\/uploads\/2025\/04\/ambiente2-300x169.jpg 300w, https:\/\/www.lafabbrica.it\/wp-content\/uploads\/2025\/04\/ambiente2-1024x577.jpg 1024w, https:\/\/www.lafabbrica.it\/wp-content\/uploads\/2025\/04\/ambiente2-768x433.jpg 768w\" sizes=\"(max-width: 1440px) 100vw, 1440px\" \/>\t\t\t\t\t\t\t\t\t\t\t\t\t<\/div>\n\t\t\t\t<\/div>\n\t\t\t\t<\/div>\n\t\t<div class=\"elementor-element elementor-element-9b45e18 e-flex e-con-boxed e-con e-parent\" data-id=\"9b45e18\" data-element_type=\"container\" data-settings=\"{&quot;content_width&quot;:&quot;boxed&quot;}\" data-core-v316-plus=\"true\">\n\t\t\t\t\t<div class=\"e-con-inner\">\n\t\t\t\t<div class=\"elementor-element elementor-element-db27c4c elementor-widget elementor-widget-heading\" data-id=\"db27c4c\" data-element_type=\"widget\" data-widget_type=\"heading.default\">\n\t\t\t\t<div class=\"elementor-widget-container\">\n\t\t\t<h3 class=\"elementor-heading-title elementor-size-default\">Plans de travail et cr\u00e9dences en gr\u00e8s c\u00e9rame<\/h3>\t\t<\/div>\n\t\t\t\t<\/div>\n\t\t\t\t<div class=\"elementor-element elementor-element-be75bff elementor-widget elementor-widget-text-editor\" data-id=\"be75bff\" data-element_type=\"widget\" data-widget_type=\"text-editor.default\">\n\t\t\t\t<div class=\"elementor-widget-container\">\n\t\t\t\t\t\t\t<p><strong>Dans la cuisine, les plans de travail et les cr\u00e9dences en gr\u00e8s c\u00e9rame allient esth\u00e9tique et fonctionnalit\u00e9.<\/strong> Ces surfaces offrent en effet une haute r\u00e9sistance \u00e0 la chaleur, aux taches et aux rayures, ce qui les rend id\u00e9ales pour tout type d&#8217;habitation. La vari\u00e9t\u00e9 des finitions disponibles permet d&#8217;harmoniser les plans de travail avec le <span style=\"text-decoration: underline;\"><a href=\"https:\/\/www.lafabbrica.it\/fr\/cuisine-moderne-comment-la-rendre-fonctionnelle-et-accueillante\/\">design de la cuisine<\/a><\/span>, cr\u00e9ant ainsi des espaces coh\u00e9rents et \u00e9l\u00e9gants.<\/p>\t\t\t\t\t\t<\/div>\n\t\t\t\t<\/div>\n\t\t\t\t<div class=\"elementor-element elementor-element-7ce3123 elementor-widget elementor-widget-heading\" data-id=\"7ce3123\" data-element_type=\"widget\" data-widget_type=\"heading.default\">\n\t\t\t\t<div class=\"elementor-widget-container\">\n\t\t\t<h3 class=\"elementor-heading-title elementor-size-default\">Certification MOCA<\/h3>\t\t<\/div>\n\t\t\t\t<\/div>\n\t\t\t\t<div class=\"elementor-element elementor-element-5044e92 elementor-widget elementor-widget-text-editor\" data-id=\"5044e92\" data-element_type=\"widget\" data-widget_type=\"text-editor.default\">\n\t\t\t\t<div class=\"elementor-widget-container\">\n\t\t\t\t\t\t\t<p><strong>Les dalles sign\u00e9es LA FABBRICA AVA et AVASTONE sont fabriqu\u00e9es en gr\u00e8s c\u00e9rame certifi\u00e9 MOCA (Mat\u00e9riaux et Objets en Contact avec les Aliments)<\/strong>, une garantie fondamentale de s\u00e9curit\u00e9 alimentaire et d&#8217;hygi\u00e8ne pour ceux qui recherchent des environnements sains, fonctionnels et pratiques. Au niveau esth\u00e9tique, la <strong>vari\u00e9t\u00e9 des effets, des couleurs et des textures<\/strong> permet de cr\u00e9er des combinaisons infinies, des plus classiques aux plus innovantes, afin de <span style=\"text-decoration: underline;\"><a href=\"https:\/\/www.lafabbrica.it\/fr\/valoriser-une-chambre-idees-creatives-pour-des-murs-originaux\/\">valoriser chaque pi\u00e8ce<\/a><\/span> selon le style d\u00e9sir\u00e9.<\/p>\t\t\t\t\t\t<\/div>\n\t\t\t\t<\/div>\n\t\t\t\t<div class=\"elementor-element elementor-element-57e3d84 elementor-widget elementor-widget-heading\" data-id=\"57e3d84\" data-element_type=\"widget\" data-widget_type=\"heading.default\">\n\t\t\t\t<div class=\"elementor-widget-container\">\n\t\t\t<h2 class=\"elementor-heading-title elementor-size-default\">Solutions uniques et coordonn\u00e9es pour chaque environnement<\/h2>\t\t<\/div>\n\t\t\t\t<\/div>\n\t\t\t\t<div class=\"elementor-element elementor-element-8aaa89e elementor-widget elementor-widget-text-editor\" data-id=\"8aaa89e\" data-element_type=\"widget\" data-widget_type=\"text-editor.default\">\n\t\t\t\t<div class=\"elementor-widget-container\">\n\t\t\t\t\t\t\t<p><strong>L&#8217;avantage des dalles en gr\u00e8s c\u00e9rame r\u00e9side \u00e9galement dans la possibilit\u00e9 de cr\u00e9er une continuit\u00e9 esth\u00e9tique entre les sols, les rev\u00eatements et les \u00e9l\u00e9ments d&#8217;ameublement.<\/strong> AVASTONE et LA FABBRICA AVA offrent des solutions esth\u00e9tiques coh\u00e9rentes, permettant de r\u00e9aliser des surfaces et des compl\u00e9ments parfaitement adapt\u00e9s au style souhait\u00e9. Gr\u00e2ce \u00e0 la personnalisation et \u00e0 la conception sur mesure, ces solutions r\u00e9pondent aux besoins les plus sp\u00e9cifiques de chaque projet.<\/p><p><strong>La polyvalence du gr\u00e8s permet l&#8217;utilisation aussi bien dans les espaces int\u00e9rieurs que dans les <span style=\"text-decoration: underline;\"><a href=\"https:\/\/www.lafabbrica.it\/fr\/toutes-les-collections\/environnement-exterieur\/\">espaces ext\u00e9rieurs<\/a><\/span><\/strong>, permettant ainsi un <a href=\"https:\/\/www.lafabbrica.it\/fr\/conception-harmonieuse-pour-les-maisons-modernes-allier-les-espaces-exterieurs-et-interieurs\/\"><span style=\"text-decoration: underline;\">design sans rupture<\/span><\/a>, id\u00e9al pour des atmosph\u00e8res raffin\u00e9es et bien coordonn\u00e9es dans toute la maison.<\/p>\t\t\t\t\t\t<\/div>\n\t\t\t\t<\/div>\n\t\t\t\t\t<\/div>\n\t\t\t\t<\/div>\n\t\t<div class=\"elementor-element elementor-element-e34f0bb e-con-full e-flex e-con e-parent\" data-id=\"e34f0bb\" data-element_type=\"container\" data-settings=\"{&quot;content_width&quot;:&quot;full&quot;}\" data-core-v316-plus=\"true\">\n\t\t\t\t<div class=\"elementor-element elementor-element-ed90ff5 elementor-align-center elementor-widget elementor-widget-button\" data-id=\"ed90ff5\" data-element_type=\"widget\" data-widget_type=\"button.default\">\n\t\t\t\t<div class=\"elementor-widget-container\">\n\t\t\t\t\t<div class=\"elementor-button-wrapper\">\n\t\t\t<a class=\"elementor-button elementor-button-link elementor-size-md\" href=\"https:\/\/www.lafabbrica.it\/fr\/avastone\/\">\n\t\t\t\t\t\t<span class=\"elementor-button-content-wrapper\">\n\t\t\t\t\t\t<span class=\"elementor-button-text\">D\u00e9couvrez-en davantage sur AVASTONE<\/span>\n\t\t<\/span>\n\t\t\t\t\t<\/a>\n\t\t<\/div>\n\t\t\t\t<\/div>\n\t\t\t\t<\/div>\n\t\t\t\t<\/div>\n\t\t\t\t<\/div>\n\t\t","protected":false},"excerpt":{"rendered":"<p>Les dalles en gr\u00e8s c\u00e9rame repr\u00e9sentent une solution d&#8217;excellence pour ceux qui souhaitent combiner esth\u00e9tique raffin\u00e9e et performances techniques sup\u00e9rieures dans leurs projets d&#8217;architecture et de design d&#8217;int\u00e9rieur.<\/p>\n","protected":false},"author":1,"featured_media":26141,"comment_status":"closed","ping_status":"closed","sticky":false,"template":"","format":"standard","meta":{"_acf_changed":false,"site-sidebar-layout":"default","site-content-layout":"","ast-site-content-layout":"default","site-content-style":"default","site-sidebar-style":"default","ast-global-header-display":"","ast-banner-title-visibility":"","ast-main-header-display":"","ast-hfb-above-header-display":"","ast-hfb-below-header-display":"","ast-hfb-mobile-header-display":"","site-post-title":"","ast-breadcrumbs-content":"","ast-featured-img":"","footer-sml-layout":"","theme-transparent-header-meta":"","adv-header-id-meta":"","stick-header-meta":"","header-above-stick-meta":"","header-main-stick-meta":"","header-below-stick-meta":"","astra-migrate-meta-layouts":"default","ast-page-background-enabled":"default","ast-page-background-meta":{"desktop":{"background-color":"var(--ast-global-color-4)","background-image":"","background-repeat":"repeat","background-position":"center center","background-size":"auto","background-attachment":"scroll","background-type":"","background-media":"","overlay-type":"","overlay-color":"","overlay-gradient":""},"tablet":{"background-color":"","background-image":"","background-repeat":"repeat","background-position":"center center","background-size":"auto","background-attachment":"scroll","background-type":"","background-media":"","overlay-type":"","overlay-color":"","overlay-gradient":""},"mobile":{"background-color":"","background-image":"","background-repeat":"repeat","background-position":"center center","background-size":"auto","background-attachment":"scroll","background-type":"","background-media":"","overlay-type":"","overlay-color":"","overlay-gradient":""}},"ast-content-background-meta":{"desktop":{"background-color":"var(--ast-global-color-5)","background-image":"","background-repeat":"repeat","background-position":"center center","background-size":"auto","background-attachment":"scroll","background-type":"","background-media":"","overlay-type":"","overlay-color":"","overlay-gradient":""},"tablet":{"background-color":"var(--ast-global-color-5)","background-image":"","background-repeat":"repeat","background-position":"center center","background-size":"auto","background-attachment":"scroll","background-type":"","background-media":"","overlay-type":"","overlay-color":"","overlay-gradient":""},"mobile":{"background-color":"var(--ast-global-color-5)","background-image":"","background-repeat":"repeat","background-position":"center center","background-size":"auto","background-attachment":"scroll","background-type":"","background-media":"","overlay-type":"","overlay-color":"","overlay-gradient":""}},"footnotes":""},"categories":[1241],"tags":[],"class_list":["post-26135","post","type-post","status-publish","format-standard","has-post-thumbnail","hentry","category-blog-fr"],"acf":[],"yoast_head":"<!-- This site is optimized with the Yoast SEO plugin v22.0 - https:\/\/yoast.com\/wordpress\/plugins\/seo\/ -->\n<title>Dalles en gr\u00e8s c\u00e9rame: surfaces uniques pour des projets int\u00e9gr\u00e9s - La Fabbrica AVA<\/title>\n<meta name=\"description\" content=\"Les dalles en gr\u00e8s c\u00e9rame repr\u00e9sentent une solution d&#039;excellence pour ceux qui souhaitent combiner esth\u00e9tique raffin\u00e9e et performances techniques sup\u00e9rieures dans leurs projets d&#039;architecture et de design d&#039;int\u00e9rieur.\" \/>\n<meta name=\"robots\" content=\"index, follow, max-snippet:-1, max-image-preview:large, max-video-preview:-1\" \/>\n<link rel=\"canonical\" href=\"https:\/\/www.lafabbrica.it\/fr\/dalles-en-gres-cerame-surfaces-uniques-pour-des-projets-integres\/\" \/>\n<meta property=\"og:locale\" content=\"fr_FR\" \/>\n<meta property=\"og:type\" content=\"article\" \/>\n<meta property=\"og:title\" content=\"Dalles en gr\u00e8s c\u00e9rame: surfaces uniques pour des projets int\u00e9gr\u00e9s - La Fabbrica AVA\" \/>\n<meta property=\"og:description\" content=\"Les dalles en gr\u00e8s c\u00e9rame repr\u00e9sentent une solution d&#039;excellence pour ceux qui souhaitent combiner esth\u00e9tique raffin\u00e9e et performances techniques sup\u00e9rieures dans leurs projets d&#039;architecture et de design d&#039;int\u00e9rieur.\" \/>\n<meta property=\"og:url\" content=\"https:\/\/www.lafabbrica.it\/fr\/dalles-en-gres-cerame-surfaces-uniques-pour-des-projets-integres\/\" \/>\n<meta property=\"og:site_name\" content=\"La Fabbrica AVA\" \/>\n<meta property=\"article:published_time\" content=\"2025-03-31T10:09:04+00:00\" \/>\n<meta property=\"article:modified_time\" content=\"2025-04-07T07:38:01+00:00\" \/>\n<meta property=\"og:image\" content=\"https:\/\/www.lafabbrica.it\/wp-content\/uploads\/2025\/04\/main-list.jpg\" \/>\n\t<meta property=\"og:image:width\" content=\"880\" \/>\n\t<meta property=\"og:image:height\" content=\"860\" \/>\n\t<meta property=\"og:image:type\" content=\"image\/jpeg\" \/>\n<meta name=\"author\" content=\"admin\" \/>\n<meta name=\"twitter:card\" content=\"summary_large_image\" \/>\n<meta name=\"twitter:label1\" content=\"\u00c9crit par\" \/>\n\t<meta name=\"twitter:data1\" content=\"admin\" \/>\n\t<meta name=\"twitter:label2\" content=\"Dur\u00e9e de lecture estim\u00e9e\" \/>\n\t<meta name=\"twitter:data2\" content=\"7 minutes\" \/>\n<script type=\"application\/ld+json\" class=\"yoast-schema-graph\">{\"@context\":\"https:\/\/schema.org\",\"@graph\":[{\"@type\":\"Article\",\"@id\":\"https:\/\/www.lafabbrica.it\/fr\/dalles-en-gres-cerame-surfaces-uniques-pour-des-projets-integres\/#article\",\"isPartOf\":{\"@id\":\"https:\/\/www.lafabbrica.it\/fr\/dalles-en-gres-cerame-surfaces-uniques-pour-des-projets-integres\/\"},\"author\":{\"name\":\"admin\",\"@id\":\"https:\/\/www.lafabbrica.it\/fr\/#\/schema\/person\/9854f3650eab7e4334e66d22de09296a\"},\"headline\":\"Dalles en gr\u00e8s c\u00e9rame: surfaces uniques pour des projets int\u00e9gr\u00e9s\",\"datePublished\":\"2025-03-31T10:09:04+00:00\",\"dateModified\":\"2025-04-07T07:38:01+00:00\",\"mainEntityOfPage\":{\"@id\":\"https:\/\/www.lafabbrica.it\/fr\/dalles-en-gres-cerame-surfaces-uniques-pour-des-projets-integres\/\"},\"wordCount\":1237,\"publisher\":{\"@id\":\"https:\/\/www.lafabbrica.it\/fr\/#organization\"},\"articleSection\":[\"Blog\"],\"inLanguage\":\"fr-FR\"},{\"@type\":\"WebPage\",\"@id\":\"https:\/\/www.lafabbrica.it\/fr\/dalles-en-gres-cerame-surfaces-uniques-pour-des-projets-integres\/\",\"url\":\"https:\/\/www.lafabbrica.it\/fr\/dalles-en-gres-cerame-surfaces-uniques-pour-des-projets-integres\/\",\"name\":\"Dalles en gr\u00e8s c\u00e9rame: surfaces uniques pour des projets int\u00e9gr\u00e9s - La Fabbrica AVA\",\"isPartOf\":{\"@id\":\"https:\/\/www.lafabbrica.it\/fr\/#website\"},\"datePublished\":\"2025-03-31T10:09:04+00:00\",\"dateModified\":\"2025-04-07T07:38:01+00:00\",\"description\":\"Les dalles en gr\u00e8s c\u00e9rame repr\u00e9sentent une solution d'excellence pour ceux qui souhaitent combiner esth\u00e9tique raffin\u00e9e et performances techniques sup\u00e9rieures dans leurs projets d'architecture et de design d'int\u00e9rieur.\",\"breadcrumb\":{\"@id\":\"https:\/\/www.lafabbrica.it\/fr\/dalles-en-gres-cerame-surfaces-uniques-pour-des-projets-integres\/#breadcrumb\"},\"inLanguage\":\"fr-FR\",\"potentialAction\":[{\"@type\":\"ReadAction\",\"target\":[\"https:\/\/www.lafabbrica.it\/fr\/dalles-en-gres-cerame-surfaces-uniques-pour-des-projets-integres\/\"]}]},{\"@type\":\"BreadcrumbList\",\"@id\":\"https:\/\/www.lafabbrica.it\/fr\/dalles-en-gres-cerame-surfaces-uniques-pour-des-projets-integres\/#breadcrumb\",\"itemListElement\":[{\"@type\":\"ListItem\",\"position\":1,\"name\":\"Home\",\"item\":\"https:\/\/www.lafabbrica.it\/fr\/\"},{\"@type\":\"ListItem\",\"position\":2,\"name\":\"Dalles en gr\u00e8s c\u00e9rame: surfaces uniques pour des projets int\u00e9gr\u00e9s\"}]},{\"@type\":\"WebSite\",\"@id\":\"https:\/\/www.lafabbrica.it\/fr\/#website\",\"url\":\"https:\/\/www.lafabbrica.it\/fr\/\",\"name\":\"La Fabbrica AVA\",\"description\":\"\",\"publisher\":{\"@id\":\"https:\/\/www.lafabbrica.it\/fr\/#organization\"},\"potentialAction\":[{\"@type\":\"SearchAction\",\"target\":{\"@type\":\"EntryPoint\",\"urlTemplate\":\"https:\/\/www.lafabbrica.it\/fr\/?s={search_term_string}\"},\"query-input\":\"required name=search_term_string\"}],\"inLanguage\":\"fr-FR\"},{\"@type\":\"Organization\",\"@id\":\"https:\/\/www.lafabbrica.it\/fr\/#organization\",\"name\":\"La Fabbrica AVA\",\"url\":\"https:\/\/www.lafabbrica.it\/fr\/\",\"logo\":{\"@type\":\"ImageObject\",\"inLanguage\":\"fr-FR\",\"@id\":\"https:\/\/www.lafabbrica.it\/fr\/#\/schema\/logo\/image\/\",\"url\":\"https:\/\/www.lafabbrica.it\/wp-content\/uploads\/2023\/08\/Senza-titolo-1.png\",\"contentUrl\":\"https:\/\/www.lafabbrica.it\/wp-content\/uploads\/2023\/08\/Senza-titolo-1.png\",\"width\":567,\"height\":240,\"caption\":\"La Fabbrica AVA\"},\"image\":{\"@id\":\"https:\/\/www.lafabbrica.it\/fr\/#\/schema\/logo\/image\/\"}},{\"@type\":\"Person\",\"@id\":\"https:\/\/www.lafabbrica.it\/fr\/#\/schema\/person\/9854f3650eab7e4334e66d22de09296a\",\"name\":\"admin\",\"sameAs\":[\"http:\/\/www.lafabbrica.it\"],\"url\":\"https:\/\/www.lafabbrica.it\/fr\/author\/admin\/\"}]}<\/script>\n<!-- \/ Yoast SEO plugin. -->","yoast_head_json":{"title":"Dalles en gr\u00e8s c\u00e9rame: surfaces uniques pour des projets int\u00e9gr\u00e9s - La Fabbrica AVA","description":"Les dalles en gr\u00e8s c\u00e9rame repr\u00e9sentent une solution d'excellence pour ceux qui souhaitent combiner esth\u00e9tique raffin\u00e9e et performances techniques sup\u00e9rieures dans leurs projets d'architecture et de design d'int\u00e9rieur.","robots":{"index":"index","follow":"follow","max-snippet":"max-snippet:-1","max-image-preview":"max-image-preview:large","max-video-preview":"max-video-preview:-1"},"canonical":"https:\/\/www.lafabbrica.it\/fr\/dalles-en-gres-cerame-surfaces-uniques-pour-des-projets-integres\/","og_locale":"fr_FR","og_type":"article","og_title":"Dalles en gr\u00e8s c\u00e9rame: surfaces uniques pour des projets int\u00e9gr\u00e9s - La Fabbrica AVA","og_description":"Les dalles en gr\u00e8s c\u00e9rame repr\u00e9sentent une solution d'excellence pour ceux qui souhaitent combiner esth\u00e9tique raffin\u00e9e et performances techniques sup\u00e9rieures dans leurs projets d'architecture et de design d'int\u00e9rieur.","og_url":"https:\/\/www.lafabbrica.it\/fr\/dalles-en-gres-cerame-surfaces-uniques-pour-des-projets-integres\/","og_site_name":"La Fabbrica AVA","article_published_time":"2025-03-31T10:09:04+00:00","article_modified_time":"2025-04-07T07:38:01+00:00","og_image":[{"width":880,"height":860,"url":"https:\/\/www.lafabbrica.it\/wp-content\/uploads\/2025\/04\/main-list.jpg","type":"image\/jpeg"}],"author":"admin","twitter_card":"summary_large_image","twitter_misc":{"\u00c9crit par":"admin","Dur\u00e9e de lecture estim\u00e9e":"7 minutes"},"schema":{"@context":"https:\/\/schema.org","@graph":[{"@type":"Article","@id":"https:\/\/www.lafabbrica.it\/fr\/dalles-en-gres-cerame-surfaces-uniques-pour-des-projets-integres\/#article","isPartOf":{"@id":"https:\/\/www.lafabbrica.it\/fr\/dalles-en-gres-cerame-surfaces-uniques-pour-des-projets-integres\/"},"author":{"name":"admin","@id":"https:\/\/www.lafabbrica.it\/fr\/#\/schema\/person\/9854f3650eab7e4334e66d22de09296a"},"headline":"Dalles en gr\u00e8s c\u00e9rame: surfaces uniques pour des projets int\u00e9gr\u00e9s","datePublished":"2025-03-31T10:09:04+00:00","dateModified":"2025-04-07T07:38:01+00:00","mainEntityOfPage":{"@id":"https:\/\/www.lafabbrica.it\/fr\/dalles-en-gres-cerame-surfaces-uniques-pour-des-projets-integres\/"},"wordCount":1237,"publisher":{"@id":"https:\/\/www.lafabbrica.it\/fr\/#organization"},"articleSection":["Blog"],"inLanguage":"fr-FR"},{"@type":"WebPage","@id":"https:\/\/www.lafabbrica.it\/fr\/dalles-en-gres-cerame-surfaces-uniques-pour-des-projets-integres\/","url":"https:\/\/www.lafabbrica.it\/fr\/dalles-en-gres-cerame-surfaces-uniques-pour-des-projets-integres\/","name":"Dalles en gr\u00e8s c\u00e9rame: surfaces uniques pour des projets int\u00e9gr\u00e9s - La Fabbrica AVA","isPartOf":{"@id":"https:\/\/www.lafabbrica.it\/fr\/#website"},"datePublished":"2025-03-31T10:09:04+00:00","dateModified":"2025-04-07T07:38:01+00:00","description":"Les dalles en gr\u00e8s c\u00e9rame repr\u00e9sentent une solution d'excellence pour ceux qui souhaitent combiner esth\u00e9tique raffin\u00e9e et performances techniques sup\u00e9rieures dans leurs projets d'architecture et de design d'int\u00e9rieur.","breadcrumb":{"@id":"https:\/\/www.lafabbrica.it\/fr\/dalles-en-gres-cerame-surfaces-uniques-pour-des-projets-integres\/#breadcrumb"},"inLanguage":"fr-FR","potentialAction":[{"@type":"ReadAction","target":["https:\/\/www.lafabbrica.it\/fr\/dalles-en-gres-cerame-surfaces-uniques-pour-des-projets-integres\/"]}]},{"@type":"BreadcrumbList","@id":"https:\/\/www.lafabbrica.it\/fr\/dalles-en-gres-cerame-surfaces-uniques-pour-des-projets-integres\/#breadcrumb","itemListElement":[{"@type":"ListItem","position":1,"name":"Home","item":"https:\/\/www.lafabbrica.it\/fr\/"},{"@type":"ListItem","position":2,"name":"Dalles en gr\u00e8s c\u00e9rame: surfaces uniques pour des projets int\u00e9gr\u00e9s"}]},{"@type":"WebSite","@id":"https:\/\/www.lafabbrica.it\/fr\/#website","url":"https:\/\/www.lafabbrica.it\/fr\/","name":"La Fabbrica AVA","description":"","publisher":{"@id":"https:\/\/www.lafabbrica.it\/fr\/#organization"},"potentialAction":[{"@type":"SearchAction","target":{"@type":"EntryPoint","urlTemplate":"https:\/\/www.lafabbrica.it\/fr\/?s={search_term_string}"},"query-input":"required name=search_term_string"}],"inLanguage":"fr-FR"},{"@type":"Organization","@id":"https:\/\/www.lafabbrica.it\/fr\/#organization","name":"La Fabbrica AVA","url":"https:\/\/www.lafabbrica.it\/fr\/","logo":{"@type":"ImageObject","inLanguage":"fr-FR","@id":"https:\/\/www.lafabbrica.it\/fr\/#\/schema\/logo\/image\/","url":"https:\/\/www.lafabbrica.it\/wp-content\/uploads\/2023\/08\/Senza-titolo-1.png","contentUrl":"https:\/\/www.lafabbrica.it\/wp-content\/uploads\/2023\/08\/Senza-titolo-1.png","width":567,"height":240,"caption":"La Fabbrica AVA"},"image":{"@id":"https:\/\/www.lafabbrica.it\/fr\/#\/schema\/logo\/image\/"}},{"@type":"Person","@id":"https:\/\/www.lafabbrica.it\/fr\/#\/schema\/person\/9854f3650eab7e4334e66d22de09296a","name":"admin","sameAs":["http:\/\/www.lafabbrica.it"],"url":"https:\/\/www.lafabbrica.it\/fr\/author\/admin\/"}]}},"_links":{"self":[{"href":"https:\/\/www.lafabbrica.it\/fr\/wp-json\/wp\/v2\/posts\/26135","targetHints":{"allow":["GET"]}}],"collection":[{"href":"https:\/\/www.lafabbrica.it\/fr\/wp-json\/wp\/v2\/posts"}],"about":[{"href":"https:\/\/www.lafabbrica.it\/fr\/wp-json\/wp\/v2\/types\/post"}],"author":[{"embeddable":true,"href":"https:\/\/www.lafabbrica.it\/fr\/wp-json\/wp\/v2\/users\/1"}],"replies":[{"embeddable":true,"href":"https:\/\/www.lafabbrica.it\/fr\/wp-json\/wp\/v2\/comments?post=26135"}],"version-history":[{"count":0,"href":"https:\/\/www.lafabbrica.it\/fr\/wp-json\/wp\/v2\/posts\/26135\/revisions"}],"wp:featuredmedia":[{"embeddable":true,"href":"https:\/\/www.lafabbrica.it\/fr\/wp-json\/wp\/v2\/media\/26141"}],"wp:attachment":[{"href":"https:\/\/www.lafabbrica.it\/fr\/wp-json\/wp\/v2\/media?parent=26135"}],"wp:term":[{"taxonomy":"category","embeddable":true,"href":"https:\/\/www.lafabbrica.it\/fr\/wp-json\/wp\/v2\/categories?post=26135"},{"taxonomy":"post_tag","embeddable":true,"href":"https:\/\/www.lafabbrica.it\/fr\/wp-json\/wp\/v2\/tags?post=26135"}],"curies":[{"name":"wp","href":"https:\/\/api.w.org\/{rel}","templated":true}]}}