{"id":25960,"date":"2025-02-28T08:30:55","date_gmt":"2025-02-28T07:30:55","guid":{"rendered":"https:\/\/www.lafabbrica.it\/italcer-brevete-la-transformation-du-co2-en-matieres-premieres-nobles\/"},"modified":"2025-03-05T11:02:41","modified_gmt":"2025-03-05T10:02:41","slug":"italcer-brevete-la-transformation-du-co2-en-matieres-premieres-nobles","status":"publish","type":"post","link":"https:\/\/www.lafabbrica.it\/fr\/italcer-brevete-la-transformation-du-co2-en-matieres-premieres-nobles\/","title":{"rendered":"Italcer brev\u00e8te la transformation du CO2 en mati\u00e8res premi\u00e8res nobles"},"content":{"rendered":"","protected":false},"excerpt":{"rendered":"","protected":false},"author":2,"featured_media":25954,"comment_status":"closed","ping_status":"closed","sticky":false,"template":"","format":"standard","meta":{"_acf_changed":false,"site-sidebar-layout":"default","site-content-layout":"","ast-site-content-layout":"default","site-content-style":"default","site-sidebar-style":"default","ast-global-header-display":"","ast-banner-title-visibility":"","ast-main-header-display":"","ast-hfb-above-header-display":"","ast-hfb-below-header-display":"","ast-hfb-mobile-header-display":"","site-post-title":"","ast-breadcrumbs-content":"","ast-featured-img":"","footer-sml-layout":"","theme-transparent-header-meta":"","adv-header-id-meta":"","stick-header-meta":"","header-above-stick-meta":"","header-main-stick-meta":"","header-below-stick-meta":"","astra-migrate-meta-layouts":"default","ast-page-background-enabled":"default","ast-page-background-meta":{"desktop":{"background-color":"var(--ast-global-color-4)","background-image":"","background-repeat":"repeat","background-position":"center center","background-size":"auto","background-attachment":"scroll","background-type":"","background-media":"","overlay-type":"","overlay-color":"","overlay-gradient":""},"tablet":{"background-color":"","background-image":"","background-repeat":"repeat","background-position":"center center","background-size":"auto","background-attachment":"scroll","background-type":"","background-media":"","overlay-type":"","overlay-color":"","overlay-gradient":""},"mobile":{"background-color":"","background-image":"","background-repeat":"repeat","background-position":"center center","background-size":"auto","background-attachment":"scroll","background-type":"","background-media":"","overlay-type":"","overlay-color":"","overlay-gradient":""}},"ast-content-background-meta":{"desktop":{"background-color":"var(--ast-global-color-5)","background-image":"","background-repeat":"repeat","background-position":"center center","background-size":"auto","background-attachment":"scroll","background-type":"","background-media":"","overlay-type":"","overlay-color":"","overlay-gradient":""},"tablet":{"background-color":"var(--ast-global-color-5)","background-image":"","background-repeat":"repeat","background-position":"center center","background-size":"auto","background-attachment":"scroll","background-type":"","background-media":"","overlay-type":"","overlay-color":"","overlay-gradient":""},"mobile":{"background-color":"var(--ast-global-color-5)","background-image":"","background-repeat":"repeat","background-position":"center center","background-size":"auto","background-attachment":"scroll","background-type":"","background-media":"","overlay-type":"","overlay-color":"","overlay-gradient":""}},"footnotes":""},"categories":[1205],"tags":[],"class_list":["post-25960","post","type-post","status-publish","format-standard","has-post-thumbnail","hentry","category-ultime-notizie-fr"],"acf":[],"yoast_head":"<!-- This site is optimized with the Yoast SEO plugin v22.0 - https:\/\/yoast.com\/wordpress\/plugins\/seo\/ -->\n<title>Italcer brev\u00e8te la transformation du CO2 en mati\u00e8res premi\u00e8res nobles - La Fabbrica AVA<\/title>\n<meta name=\"description\" content=\"Le Groupe Italcer a r\u00e9ussi avec succ\u00e8s l&#039;\u00e9valuation de la Commission Europ\u00e9enne pour son installation brevet\u00e9e capable d&#039;\u00e9liminer le CO2 et d&#039;autres polluants des processus de production, les transformant en mati\u00e8res premi\u00e8res pr\u00e9cieuses r\u00e9utilisables pour d&#039;autres secteurs industriels.\" \/>\n<meta name=\"robots\" content=\"index, follow, max-snippet:-1, max-image-preview:large, max-video-preview:-1\" \/>\n<link rel=\"canonical\" href=\"https:\/\/www.lafabbrica.it\/fr\/italcer-brevete-la-transformation-du-co2-en-matieres-premieres-nobles\/\" \/>\n<meta property=\"og:locale\" content=\"fr_FR\" \/>\n<meta property=\"og:type\" content=\"article\" \/>\n<meta property=\"og:title\" content=\"Italcer brev\u00e8te la transformation du CO2 en mati\u00e8res premi\u00e8res nobles - La Fabbrica AVA\" \/>\n<meta property=\"og:description\" content=\"Le Groupe Italcer a r\u00e9ussi avec succ\u00e8s l&#039;\u00e9valuation de la Commission Europ\u00e9enne pour son installation brevet\u00e9e capable d&#039;\u00e9liminer le CO2 et d&#039;autres polluants des processus de production, les transformant en mati\u00e8res premi\u00e8res pr\u00e9cieuses r\u00e9utilisables pour d&#039;autres secteurs industriels.\" \/>\n<meta property=\"og:url\" content=\"https:\/\/www.lafabbrica.it\/fr\/italcer-brevete-la-transformation-du-co2-en-matieres-premieres-nobles\/\" \/>\n<meta property=\"og:site_name\" content=\"La Fabbrica AVA\" \/>\n<meta property=\"article:published_time\" content=\"2025-02-28T07:30:55+00:00\" \/>\n<meta property=\"article:modified_time\" content=\"2025-03-05T10:02:41+00:00\" \/>\n<meta property=\"og:image\" content=\"https:\/\/www.lafabbrica.it\/wp-content\/uploads\/2025\/03\/IlSole24Ore_28feb25_feat.jpg\" \/>\n\t<meta property=\"og:image:width\" content=\"650\" \/>\n\t<meta property=\"og:image:height\" content=\"650\" \/>\n\t<meta property=\"og:image:type\" content=\"image\/jpeg\" \/>\n<meta name=\"author\" content=\"Carlo Mosca\" \/>\n<meta name=\"twitter:card\" content=\"summary_large_image\" \/>\n<meta name=\"twitter:label1\" content=\"\u00c9crit par\" \/>\n\t<meta name=\"twitter:data1\" content=\"Carlo Mosca\" \/>\n<script type=\"application\/ld+json\" class=\"yoast-schema-graph\">{\"@context\":\"https:\/\/schema.org\",\"@graph\":[{\"@type\":\"Article\",\"@id\":\"https:\/\/www.lafabbrica.it\/fr\/italcer-brevete-la-transformation-du-co2-en-matieres-premieres-nobles\/#article\",\"isPartOf\":{\"@id\":\"https:\/\/www.lafabbrica.it\/fr\/italcer-brevete-la-transformation-du-co2-en-matieres-premieres-nobles\/\"},\"author\":{\"name\":\"Carlo Mosca\",\"@id\":\"https:\/\/www.lafabbrica.it\/fr\/#\/schema\/person\/d7042f48cfbefec56acf74d3d9742142\"},\"headline\":\"Italcer brev\u00e8te la transformation du CO2 en mati\u00e8res premi\u00e8res nobles\",\"datePublished\":\"2025-02-28T07:30:55+00:00\",\"dateModified\":\"2025-03-05T10:02:41+00:00\",\"mainEntityOfPage\":{\"@id\":\"https:\/\/www.lafabbrica.it\/fr\/italcer-brevete-la-transformation-du-co2-en-matieres-premieres-nobles\/\"},\"wordCount\":13,\"publisher\":{\"@id\":\"https:\/\/www.lafabbrica.it\/fr\/#organization\"},\"articleSection\":[\"Ultime notizie\"],\"inLanguage\":\"fr-FR\"},{\"@type\":\"WebPage\",\"@id\":\"https:\/\/www.lafabbrica.it\/fr\/italcer-brevete-la-transformation-du-co2-en-matieres-premieres-nobles\/\",\"url\":\"https:\/\/www.lafabbrica.it\/fr\/italcer-brevete-la-transformation-du-co2-en-matieres-premieres-nobles\/\",\"name\":\"Italcer brev\u00e8te la transformation du CO2 en mati\u00e8res premi\u00e8res nobles - La Fabbrica AVA\",\"isPartOf\":{\"@id\":\"https:\/\/www.lafabbrica.it\/fr\/#website\"},\"datePublished\":\"2025-02-28T07:30:55+00:00\",\"dateModified\":\"2025-03-05T10:02:41+00:00\",\"description\":\"Le Groupe Italcer a r\u00e9ussi avec succ\u00e8s l'\u00e9valuation de la Commission Europ\u00e9enne pour son installation brevet\u00e9e capable d'\u00e9liminer le CO2 et d'autres polluants des processus de production, les transformant en mati\u00e8res premi\u00e8res pr\u00e9cieuses r\u00e9utilisables pour d'autres secteurs industriels.\",\"breadcrumb\":{\"@id\":\"https:\/\/www.lafabbrica.it\/fr\/italcer-brevete-la-transformation-du-co2-en-matieres-premieres-nobles\/#breadcrumb\"},\"inLanguage\":\"fr-FR\",\"potentialAction\":[{\"@type\":\"ReadAction\",\"target\":[\"https:\/\/www.lafabbrica.it\/fr\/italcer-brevete-la-transformation-du-co2-en-matieres-premieres-nobles\/\"]}]},{\"@type\":\"BreadcrumbList\",\"@id\":\"https:\/\/www.lafabbrica.it\/fr\/italcer-brevete-la-transformation-du-co2-en-matieres-premieres-nobles\/#breadcrumb\",\"itemListElement\":[{\"@type\":\"ListItem\",\"position\":1,\"name\":\"Home\",\"item\":\"https:\/\/www.lafabbrica.it\/fr\/\"},{\"@type\":\"ListItem\",\"position\":2,\"name\":\"Italcer brev\u00e8te la transformation du CO2 en mati\u00e8res premi\u00e8res nobles\"}]},{\"@type\":\"WebSite\",\"@id\":\"https:\/\/www.lafabbrica.it\/fr\/#website\",\"url\":\"https:\/\/www.lafabbrica.it\/fr\/\",\"name\":\"La Fabbrica AVA\",\"description\":\"\",\"publisher\":{\"@id\":\"https:\/\/www.lafabbrica.it\/fr\/#organization\"},\"potentialAction\":[{\"@type\":\"SearchAction\",\"target\":{\"@type\":\"EntryPoint\",\"urlTemplate\":\"https:\/\/www.lafabbrica.it\/fr\/?s={search_term_string}\"},\"query-input\":\"required name=search_term_string\"}],\"inLanguage\":\"fr-FR\"},{\"@type\":\"Organization\",\"@id\":\"https:\/\/www.lafabbrica.it\/fr\/#organization\",\"name\":\"La Fabbrica AVA\",\"url\":\"https:\/\/www.lafabbrica.it\/fr\/\",\"logo\":{\"@type\":\"ImageObject\",\"inLanguage\":\"fr-FR\",\"@id\":\"https:\/\/www.lafabbrica.it\/fr\/#\/schema\/logo\/image\/\",\"url\":\"https:\/\/www.lafabbrica.it\/wp-content\/uploads\/2023\/08\/Senza-titolo-1.png\",\"contentUrl\":\"https:\/\/www.lafabbrica.it\/wp-content\/uploads\/2023\/08\/Senza-titolo-1.png\",\"width\":567,\"height\":240,\"caption\":\"La Fabbrica AVA\"},\"image\":{\"@id\":\"https:\/\/www.lafabbrica.it\/fr\/#\/schema\/logo\/image\/\"}},{\"@type\":\"Person\",\"@id\":\"https:\/\/www.lafabbrica.it\/fr\/#\/schema\/person\/d7042f48cfbefec56acf74d3d9742142\",\"name\":\"Carlo Mosca\",\"url\":\"https:\/\/www.lafabbrica.it\/fr\/author\/carlomoscalafabbrica-it\/\"}]}<\/script>\n<!-- \/ Yoast SEO plugin. -->","yoast_head_json":{"title":"Italcer brev\u00e8te la transformation du CO2 en mati\u00e8res premi\u00e8res nobles - La Fabbrica AVA","description":"Le Groupe Italcer a r\u00e9ussi avec succ\u00e8s l'\u00e9valuation de la Commission Europ\u00e9enne pour son installation brevet\u00e9e capable d'\u00e9liminer le CO2 et d'autres polluants des processus de production, les transformant en mati\u00e8res premi\u00e8res pr\u00e9cieuses r\u00e9utilisables pour d'autres secteurs industriels.","robots":{"index":"index","follow":"follow","max-snippet":"max-snippet:-1","max-image-preview":"max-image-preview:large","max-video-preview":"max-video-preview:-1"},"canonical":"https:\/\/www.lafabbrica.it\/fr\/italcer-brevete-la-transformation-du-co2-en-matieres-premieres-nobles\/","og_locale":"fr_FR","og_type":"article","og_title":"Italcer brev\u00e8te la transformation du CO2 en mati\u00e8res premi\u00e8res nobles - La Fabbrica AVA","og_description":"Le Groupe Italcer a r\u00e9ussi avec succ\u00e8s l'\u00e9valuation de la Commission Europ\u00e9enne pour son installation brevet\u00e9e capable d'\u00e9liminer le CO2 et d'autres polluants des processus de production, les transformant en mati\u00e8res premi\u00e8res pr\u00e9cieuses r\u00e9utilisables pour d'autres secteurs industriels.","og_url":"https:\/\/www.lafabbrica.it\/fr\/italcer-brevete-la-transformation-du-co2-en-matieres-premieres-nobles\/","og_site_name":"La Fabbrica AVA","article_published_time":"2025-02-28T07:30:55+00:00","article_modified_time":"2025-03-05T10:02:41+00:00","og_image":[{"width":650,"height":650,"url":"https:\/\/www.lafabbrica.it\/wp-content\/uploads\/2025\/03\/IlSole24Ore_28feb25_feat.jpg","type":"image\/jpeg"}],"author":"Carlo Mosca","twitter_card":"summary_large_image","twitter_misc":{"\u00c9crit par":"Carlo Mosca"},"schema":{"@context":"https:\/\/schema.org","@graph":[{"@type":"Article","@id":"https:\/\/www.lafabbrica.it\/fr\/italcer-brevete-la-transformation-du-co2-en-matieres-premieres-nobles\/#article","isPartOf":{"@id":"https:\/\/www.lafabbrica.it\/fr\/italcer-brevete-la-transformation-du-co2-en-matieres-premieres-nobles\/"},"author":{"name":"Carlo Mosca","@id":"https:\/\/www.lafabbrica.it\/fr\/#\/schema\/person\/d7042f48cfbefec56acf74d3d9742142"},"headline":"Italcer brev\u00e8te la transformation du CO2 en mati\u00e8res premi\u00e8res nobles","datePublished":"2025-02-28T07:30:55+00:00","dateModified":"2025-03-05T10:02:41+00:00","mainEntityOfPage":{"@id":"https:\/\/www.lafabbrica.it\/fr\/italcer-brevete-la-transformation-du-co2-en-matieres-premieres-nobles\/"},"wordCount":13,"publisher":{"@id":"https:\/\/www.lafabbrica.it\/fr\/#organization"},"articleSection":["Ultime notizie"],"inLanguage":"fr-FR"},{"@type":"WebPage","@id":"https:\/\/www.lafabbrica.it\/fr\/italcer-brevete-la-transformation-du-co2-en-matieres-premieres-nobles\/","url":"https:\/\/www.lafabbrica.it\/fr\/italcer-brevete-la-transformation-du-co2-en-matieres-premieres-nobles\/","name":"Italcer brev\u00e8te la transformation du CO2 en mati\u00e8res premi\u00e8res nobles - La Fabbrica AVA","isPartOf":{"@id":"https:\/\/www.lafabbrica.it\/fr\/#website"},"datePublished":"2025-02-28T07:30:55+00:00","dateModified":"2025-03-05T10:02:41+00:00","description":"Le Groupe Italcer a r\u00e9ussi avec succ\u00e8s l'\u00e9valuation de la Commission Europ\u00e9enne pour son installation brevet\u00e9e capable d'\u00e9liminer le CO2 et d'autres polluants des processus de production, les transformant en mati\u00e8res premi\u00e8res pr\u00e9cieuses r\u00e9utilisables pour d'autres secteurs industriels.","breadcrumb":{"@id":"https:\/\/www.lafabbrica.it\/fr\/italcer-brevete-la-transformation-du-co2-en-matieres-premieres-nobles\/#breadcrumb"},"inLanguage":"fr-FR","potentialAction":[{"@type":"ReadAction","target":["https:\/\/www.lafabbrica.it\/fr\/italcer-brevete-la-transformation-du-co2-en-matieres-premieres-nobles\/"]}]},{"@type":"BreadcrumbList","@id":"https:\/\/www.lafabbrica.it\/fr\/italcer-brevete-la-transformation-du-co2-en-matieres-premieres-nobles\/#breadcrumb","itemListElement":[{"@type":"ListItem","position":1,"name":"Home","item":"https:\/\/www.lafabbrica.it\/fr\/"},{"@type":"ListItem","position":2,"name":"Italcer brev\u00e8te la transformation du CO2 en mati\u00e8res premi\u00e8res nobles"}]},{"@type":"WebSite","@id":"https:\/\/www.lafabbrica.it\/fr\/#website","url":"https:\/\/www.lafabbrica.it\/fr\/","name":"La Fabbrica AVA","description":"","publisher":{"@id":"https:\/\/www.lafabbrica.it\/fr\/#organization"},"potentialAction":[{"@type":"SearchAction","target":{"@type":"EntryPoint","urlTemplate":"https:\/\/www.lafabbrica.it\/fr\/?s={search_term_string}"},"query-input":"required name=search_term_string"}],"inLanguage":"fr-FR"},{"@type":"Organization","@id":"https:\/\/www.lafabbrica.it\/fr\/#organization","name":"La Fabbrica AVA","url":"https:\/\/www.lafabbrica.it\/fr\/","logo":{"@type":"ImageObject","inLanguage":"fr-FR","@id":"https:\/\/www.lafabbrica.it\/fr\/#\/schema\/logo\/image\/","url":"https:\/\/www.lafabbrica.it\/wp-content\/uploads\/2023\/08\/Senza-titolo-1.png","contentUrl":"https:\/\/www.lafabbrica.it\/wp-content\/uploads\/2023\/08\/Senza-titolo-1.png","width":567,"height":240,"caption":"La Fabbrica AVA"},"image":{"@id":"https:\/\/www.lafabbrica.it\/fr\/#\/schema\/logo\/image\/"}},{"@type":"Person","@id":"https:\/\/www.lafabbrica.it\/fr\/#\/schema\/person\/d7042f48cfbefec56acf74d3d9742142","name":"Carlo Mosca","url":"https:\/\/www.lafabbrica.it\/fr\/author\/carlomoscalafabbrica-it\/"}]}},"_links":{"self":[{"href":"https:\/\/www.lafabbrica.it\/fr\/wp-json\/wp\/v2\/posts\/25960","targetHints":{"allow":["GET"]}}],"collection":[{"href":"https:\/\/www.lafabbrica.it\/fr\/wp-json\/wp\/v2\/posts"}],"about":[{"href":"https:\/\/www.lafabbrica.it\/fr\/wp-json\/wp\/v2\/types\/post"}],"author":[{"embeddable":true,"href":"https:\/\/www.lafabbrica.it\/fr\/wp-json\/wp\/v2\/users\/2"}],"replies":[{"embeddable":true,"href":"https:\/\/www.lafabbrica.it\/fr\/wp-json\/wp\/v2\/comments?post=25960"}],"version-history":[{"count":0,"href":"https:\/\/www.lafabbrica.it\/fr\/wp-json\/wp\/v2\/posts\/25960\/revisions"}],"wp:featuredmedia":[{"embeddable":true,"href":"https:\/\/www.lafabbrica.it\/fr\/wp-json\/wp\/v2\/media\/25954"}],"wp:attachment":[{"href":"https:\/\/www.lafabbrica.it\/fr\/wp-json\/wp\/v2\/media?parent=25960"}],"wp:term":[{"taxonomy":"category","embeddable":true,"href":"https:\/\/www.lafabbrica.it\/fr\/wp-json\/wp\/v2\/categories?post=25960"},{"taxonomy":"post_tag","embeddable":true,"href":"https:\/\/www.lafabbrica.it\/fr\/wp-json\/wp\/v2\/tags?post=25960"}],"curies":[{"name":"wp","href":"https:\/\/api.w.org\/{rel}","templated":true}]}}