{"id":25392,"date":"2025-02-27T10:36:08","date_gmt":"2025-02-27T09:36:08","guid":{"rendered":"https:\/\/www.lafabbrica.it\/elementa-des-tables-et-lavabos-modernes-presentes-au-salon-de-la-ceramique-de-bologne\/"},"modified":"2025-02-28T10:59:12","modified_gmt":"2025-02-28T09:59:12","slug":"elementa-des-tables-et-lavabos-modernes-presentes-au-salon-de-la-ceramique-de-bologne","status":"publish","type":"post","link":"https:\/\/www.lafabbrica.it\/fr\/elementa-des-tables-et-lavabos-modernes-presentes-au-salon-de-la-ceramique-de-bologne\/","title":{"rendered":"Elementa : des tables et lavabos modernes pr\u00e9sent\u00e9s au Salon de la C\u00e9ramique de Bologne"},"content":{"rendered":"\t\t<div data-elementor-type=\"wp-post\" data-elementor-id=\"25392\" class=\"elementor elementor-25392 elementor-25346\" data-elementor-post-type=\"post\">\n\t\t\t\t<div data-dce-background-color=\"#FFFFFF\" class=\"elementor-element elementor-element-99db600 e-con-full e-flex e-con e-parent\" data-id=\"99db600\" data-element_type=\"container\" data-settings=\"{&quot;content_width&quot;:&quot;full&quot;,&quot;background_background&quot;:&quot;classic&quot;}\" data-core-v316-plus=\"true\">\n\t\t\t\t<div class=\"elementor-element elementor-element-af233c5 elementor-widget elementor-widget-heading\" data-id=\"af233c5\" data-element_type=\"widget\" data-widget_type=\"heading.default\">\n\t\t\t\t<div class=\"elementor-widget-container\">\n\t\t\t<h1 class=\"elementor-heading-title elementor-size-default\">Elementa : des tables et lavabos modernes pr\u00e9sent\u00e9s au Salon de la C\u00e9ramique de Bologne<\/h1>\t\t<\/div>\n\t\t\t\t<\/div>\n\t\t\t\t<div class=\"elementor-element elementor-element-ace6ad3 elementor-widget elementor-widget-heading\" data-id=\"ace6ad3\" data-element_type=\"widget\" data-widget_type=\"heading.default\">\n\t\t\t\t<div class=\"elementor-widget-container\">\n\t\t\t<h2 class=\"elementor-heading-title elementor-size-default\">Elementa au Salon de la C\u00e9ramique de Bologne<\/h2>\t\t<\/div>\n\t\t\t\t<\/div>\n\t\t\t\t<div class=\"elementor-element elementor-element-2399bc4 elementor-widget elementor-widget-text-editor\" data-id=\"2399bc4\" data-element_type=\"widget\" data-widget_type=\"text-editor.default\">\n\t\t\t\t<div class=\"elementor-widget-container\">\n\t\t\t\t\t\t\t<p><strong>Lors<\/strong><strong> de la <\/strong><strong>r\u00e9cente<\/strong><strong>\u00a0<\/strong><strong>\u00e9dition<\/strong><strong>\u00a0<\/strong><strong>du<\/strong><strong>\u00a0<\/strong><strong><a href=\"https:\/\/www.cersaie.it\/it\/index.php\" target=\"_blank\" rel=\"noopener\"><u>Cersaie<\/u><\/a><\/strong><strong>, le Salon International de la <\/strong><strong>C\u00e9ramique<\/strong><strong> pour l&#8217;Architecture et de l&#8217;<\/strong><strong>Ameublement<\/strong><strong> de Salle de Bains de Bologne<\/strong>, La Fabbrica Ava a pr\u00e9sent\u00e9 une nouvelle marque : ELEMENTA, suscitant un vif\u00a0int\u00e9r\u00eat\u00a0aupr\u00e8s\u00a0des\u00a0professionnels et des\u00a0passionn\u00e9s de design.<\/p>\n\t\t\t\t\t\t<\/div>\n\t\t\t\t<\/div>\n\t\t\t\t<div class=\"elementor-element elementor-element-3a85176 elementor-widget elementor-widget-image\" data-id=\"3a85176\" data-element_type=\"widget\" data-widget_type=\"image.default\">\n\t\t\t\t<div class=\"elementor-widget-container\">\n\t\t\t\t\t\t\t\t\t\t\t\t\t<img fetchpriority=\"high\" decoding=\"async\" width=\"1440\" height=\"811\" src=\"https:\/\/www.lafabbrica.it\/wp-content\/uploads\/2025\/02\/elementa1.jpg\" class=\"attachment-full size-full wp-image-25293\" alt=\"\" srcset=\"https:\/\/www.lafabbrica.it\/wp-content\/uploads\/2025\/02\/elementa1.jpg 1440w, https:\/\/www.lafabbrica.it\/wp-content\/uploads\/2025\/02\/elementa1-300x169.jpg 300w, https:\/\/www.lafabbrica.it\/wp-content\/uploads\/2025\/02\/elementa1-1024x577.jpg 1024w, https:\/\/www.lafabbrica.it\/wp-content\/uploads\/2025\/02\/elementa1-768x433.jpg 768w\" sizes=\"(max-width: 1440px) 100vw, 1440px\" \/>\t\t\t\t\t\t\t\t\t\t\t\t\t<\/div>\n\t\t\t\t<\/div>\n\t\t\t\t<div class=\"elementor-element elementor-element-6a5302e elementor-widget elementor-widget-heading\" data-id=\"6a5302e\" data-element_type=\"widget\" data-widget_type=\"heading.default\">\n\t\t\t\t<div class=\"elementor-widget-container\">\n\t\t\t<h3 class=\"elementor-heading-title elementor-size-default\">La philosophie d'ELEMENTA : design et fonctionnalit\u00e9<\/h3>\t\t<\/div>\n\t\t\t\t<\/div>\n\t\t\t\t<div class=\"elementor-element elementor-element-6e7f467 elementor-widget elementor-widget-text-editor\" data-id=\"6e7f467\" data-element_type=\"widget\" data-widget_type=\"text-editor.default\">\n\t\t\t\t<div class=\"elementor-widget-container\">\n\t\t\t\t\t\t\t<p><strong>ELEMENTA <\/strong><strong>est<\/strong><strong>\u00a0<\/strong><strong>une<\/strong><strong> vision du design pour <\/strong><strong>fa\u00e7onner<\/strong><strong> des <\/strong><strong>espaces<\/strong><strong>\u00a0<\/strong><strong>\u00e9l\u00e9gants<\/strong><strong>, <\/strong><strong>fonctionnels<\/strong><strong> et <\/strong><strong>accueillants<\/strong><strong>.<\/strong>\u00a0L&#8217;union entre l&#8217;\u00e9l\u00e9gance des surfaces en\u00a0gr\u00e8s et leur\u00a0r\u00e9sistance\u00a0donne naissance \u00e0 des tables et des lavabos modernes qui combinent\u00a0esth\u00e9tique et praticit\u00e9, enrichissant\u00a0l&#8217;environnement avec des solutions raffin\u00e9es et sur mesure.<\/p>\n\t\t\t\t\t\t<\/div>\n\t\t\t\t<\/div>\n\t\t\t\t<div class=\"elementor-element elementor-element-80ac150 elementor-widget elementor-widget-heading\" data-id=\"80ac150\" data-element_type=\"widget\" data-widget_type=\"heading.default\">\n\t\t\t\t<div class=\"elementor-widget-container\">\n\t\t\t<h3 class=\"elementor-heading-title elementor-size-default\">Donnez forme \u00e0 vos espaces<\/h3>\t\t<\/div>\n\t\t\t\t<\/div>\n\t\t\t\t<div class=\"elementor-element elementor-element-12be81f elementor-widget elementor-widget-text-editor\" data-id=\"12be81f\" data-element_type=\"widget\" data-widget_type=\"text-editor.default\">\n\t\t\t\t<div class=\"elementor-widget-container\">\n\t\t\t\t\t\t\t<p><strong>&#8220;Shape your space&#8221; <\/strong><strong>est<\/strong><strong>\u00a0<\/strong><strong>une<\/strong><strong> invitation \u00e0 modeler son propre <\/strong><strong>environnement<\/strong><strong>\u00a0<\/strong><strong>selon<\/strong><strong> son propre style.<\/strong>\u00a0ELEMENTA est une exp\u00e9rience de design pour transformer chaque\u00a0espace en une <strong>expression<\/strong><strong>\u00a0<\/strong><strong>unique<\/strong><strong> de la <\/strong><strong>personnalit\u00e9<\/strong><strong> de <\/strong><strong>ceux<\/strong><strong> qui l&#8217;<\/strong><strong>habitent<\/strong><strong>.<\/strong><\/p>\n\t\t\t\t\t\t<\/div>\n\t\t\t\t<\/div>\n\t\t\t\t<div class=\"elementor-element elementor-element-dde4849 elementor-widget elementor-widget-image\" data-id=\"dde4849\" data-element_type=\"widget\" data-widget_type=\"image.default\">\n\t\t\t\t<div class=\"elementor-widget-container\">\n\t\t\t\t\t\t\t\t\t\t\t\t\t<img decoding=\"async\" width=\"1440\" height=\"811\" src=\"https:\/\/www.lafabbrica.it\/wp-content\/uploads\/2025\/02\/elementa2.jpg\" class=\"attachment-full size-full wp-image-25297\" alt=\"\" srcset=\"https:\/\/www.lafabbrica.it\/wp-content\/uploads\/2025\/02\/elementa2.jpg 1440w, https:\/\/www.lafabbrica.it\/wp-content\/uploads\/2025\/02\/elementa2-300x169.jpg 300w, https:\/\/www.lafabbrica.it\/wp-content\/uploads\/2025\/02\/elementa2-1024x577.jpg 1024w, https:\/\/www.lafabbrica.it\/wp-content\/uploads\/2025\/02\/elementa2-768x433.jpg 768w\" sizes=\"(max-width: 1440px) 100vw, 1440px\" \/>\t\t\t\t\t\t\t\t\t\t\t\t\t<\/div>\n\t\t\t\t<\/div>\n\t\t\t\t<div class=\"elementor-element elementor-element-048cb19 elementor-widget elementor-widget-heading\" data-id=\"048cb19\" data-element_type=\"widget\" data-widget_type=\"heading.default\">\n\t\t\t\t<div class=\"elementor-widget-container\">\n\t\t\t<h2 class=\"elementor-heading-title elementor-size-default\">Elementa Sinks : lavabos en gr\u00e8s entre design et fonctionnalit\u00e9<\/h2>\t\t<\/div>\n\t\t\t\t<\/div>\n\t\t\t\t<div class=\"elementor-element elementor-element-b3fb2ad elementor-widget elementor-widget-text-editor\" data-id=\"b3fb2ad\" data-element_type=\"widget\" data-widget_type=\"text-editor.default\">\n\t\t\t\t<div class=\"elementor-widget-container\">\n\t\t\t\t\t\t\t<strong>Le lavabo moderne est un <\/strong><strong>\u00e9l\u00e9ment<\/strong><strong>\u00a0<\/strong><strong>central<\/strong><strong>\u00a0<\/strong><strong>dans<\/strong><strong> l&#8217;<\/strong><strong>am\u00e9nagement<\/strong><strong> de <\/strong><strong>salle<\/strong><strong> de <\/strong><strong>bains<\/strong><strong>\u00a0<\/strong><strong>contemporain<\/strong><strong>.<\/strong><strong>\u00a0<\/strong>Il s&#8217;agit en effet d&#8217;un point de r\u00e9f\u00e9rence, tant\u00a0dans la vie quotidienne\u00a0que\u00a0dans le design, pour fa\u00e7onner\u00a0des\u00a0espaces\u00a0\u00e9l\u00e9gants, fonctionnels et accueillants.\r\n\r\n<strong>ELEMENTA SINKS propose une gamme <\/strong><strong>exclusive<\/strong><strong> de <\/strong><a href=\"https:\/\/www.lafabbrica.it\/fr\/elementa-sinks\/\"><strong><u>lavabos en gr\u00e8s<\/u><\/strong><\/a>, <strong>o\u00f9<\/strong><strong> le design <\/strong><strong>recherch\u00e9<\/strong><strong>\u00a0<\/strong><strong>rencontre<\/strong><strong>\u00a0<\/strong><strong>des<\/strong><strong>\u00a0<\/strong><strong>mat\u00e9riaux<\/strong><strong> d&#8217;<\/strong><strong>excellente<\/strong><strong>\u00a0<\/strong><strong>qualit\u00e9<\/strong>, Made in Italy. Chaque\u00a0mod\u00e8le est \u00e9tudi\u00e9 pour offrir un \u00e9quilibre parfait entre\u00a0esth\u00e9tique et fonctionnalit\u00e9, transformant la salle de bains en un espace\u00a0exclusif et personnalis\u00e9.\r\n\r\nDes mod\u00e8les\u00a0sont\u00a0disponibles dans une large s\u00e9lection de graphismes : de l&#8217;\u00e9l\u00e9gant\u00a0<strong>effet<\/strong><strong> onyx<\/strong> aux <strong>marbres<\/strong>\u00a0classiques, de l&#8217;<strong>effet<\/strong><strong>\u00a0<\/strong><strong>pierre<\/strong> aux <strong>textures <\/strong><strong>mat\u00e9rielles<\/strong><strong>\u00a0<\/strong><strong>modernes<\/strong>.\t\t\t\t\t\t<\/div>\n\t\t\t\t<\/div>\n\t\t\t\t<div class=\"elementor-element elementor-element-c30e70e elementor-widget elementor-widget-heading\" data-id=\"c30e70e\" data-element_type=\"widget\" data-widget_type=\"heading.default\">\n\t\t\t\t<div class=\"elementor-widget-container\">\n\t\t\t<h3 class=\"elementor-heading-title elementor-size-default\">Lavabos en gr\u00e8s : mod\u00e8les et caract\u00e9ristiques<\/h3>\t\t<\/div>\n\t\t\t\t<\/div>\n\t\t\t\t<\/div>\n\t\t<div data-dce-background-color=\"#F7F7F8\" class=\"elementor-element elementor-element-d3c0ce1 e-con-full e-flex e-con e-parent\" data-id=\"d3c0ce1\" data-element_type=\"container\" data-settings=\"{&quot;content_width&quot;:&quot;full&quot;,&quot;background_background&quot;:&quot;classic&quot;}\" data-core-v316-plus=\"true\">\n\t\t<div class=\"elementor-element elementor-element-1636cdb e-flex e-con-boxed e-con e-child\" data-id=\"1636cdb\" data-element_type=\"container\" data-settings=\"{&quot;content_width&quot;:&quot;boxed&quot;}\">\n\t\t\t\t\t<div class=\"e-con-inner\">\n\t\t<div class=\"elementor-element elementor-element-ad3018d e-con-full e-flex e-con e-child\" data-id=\"ad3018d\" data-element_type=\"container\" data-settings=\"{&quot;content_width&quot;:&quot;full&quot;}\">\n\t\t\t\t<div class=\"elementor-element elementor-element-8f1e566 elementor-widget elementor-widget-image\" data-id=\"8f1e566\" data-element_type=\"widget\" data-widget_type=\"image.default\">\n\t\t\t\t<div class=\"elementor-widget-container\">\n\t\t\t\t\t\t\t\t\t\t\t\t\t<img decoding=\"async\" width=\"819\" height=\"858\" src=\"https:\/\/www.lafabbrica.it\/wp-content\/uploads\/2025\/02\/syrene.jpg\" class=\"attachment-large size-large wp-image-25305\" alt=\"\" srcset=\"https:\/\/www.lafabbrica.it\/wp-content\/uploads\/2025\/02\/syrene.jpg 819w, https:\/\/www.lafabbrica.it\/wp-content\/uploads\/2025\/02\/syrene-286x300.jpg 286w, https:\/\/www.lafabbrica.it\/wp-content\/uploads\/2025\/02\/syrene-768x805.jpg 768w\" sizes=\"(max-width: 819px) 100vw, 819px\" \/>\t\t\t\t\t\t\t\t\t\t\t\t\t<\/div>\n\t\t\t\t<\/div>\n\t\t\t\t<\/div>\n\t\t<div class=\"elementor-element elementor-element-bce2513 e-con-full e-flex e-con e-child\" data-id=\"bce2513\" data-element_type=\"container\" data-settings=\"{&quot;content_width&quot;:&quot;full&quot;}\">\n\t\t\t\t<div class=\"elementor-element elementor-element-ff24a59 elementor-widget elementor-widget-heading\" data-id=\"ff24a59\" data-element_type=\"widget\" data-widget_type=\"heading.default\">\n\t\t\t\t<div class=\"elementor-widget-container\">\n\t\t\t<h3 class=\"elementor-heading-title elementor-size-default\">Am\u00e9nager un salon au style minimaliste : esth\u00e9tique essentielle et raffin\u00e9e<\/h3>\t\t<\/div>\n\t\t\t\t<\/div>\n\t\t\t\t<div class=\"elementor-element elementor-element-61b66a4 elementor-widget elementor-widget-text-editor\" data-id=\"61b66a4\" data-element_type=\"widget\" data-widget_type=\"text-editor.default\">\n\t\t\t\t<div class=\"elementor-widget-container\">\n\t\t\t\t\t\t\tLe <strong>lavabo <\/strong><strong>Syrene<\/strong> est parfait pour ceux qui recherchent un design raffin\u00e9 et fonctionnel.\u00a0La <strong>cuve<\/strong><strong>\u00a0<\/strong><strong>compacte<\/strong> laisse de la place pour un plan de travail pratique, id\u00e9al pour les accessoires et les produits de bain. Le <strong>caisson <\/strong><strong>coordonn\u00e9<\/strong>, avec des finitions\u00a0assorties au lavabo, garantit\u00a0une\u00a0harmonie\u00a0visuelle\u00a0parfaite pour les environnements\u00a0modernes.\r\n\r\nConsultez le catalogue pour d\u00e9couvrir\u00a0toutes les options de <a href=\"https:\/\/www.lafabbrica.it\/wp-content\/uploads\/2024\/09\/Elementa_Catalog.pdf?_gl=1*hw14jg*_up*MQ..*_ga*Njk3NDQ2MTA5LjE3Mzk0Mzg0NjY.*_ga_DFRT4Y9KXY*MTczOTQzODQ2Ni4xLjAuMTczOTQzODQ2Ni4wLjAuMA..\" target=\"_blank\" rel=\"noopener\"><u>personnalisation du lavabo<\/u><\/a> Syrene.\t\t\t\t\t\t<\/div>\n\t\t\t\t<\/div>\n\t\t\t\t<\/div>\n\t\t\t\t\t<\/div>\n\t\t\t\t<\/div>\n\t\t<div class=\"elementor-element elementor-element-e3faaaf e-flex e-con-boxed e-con e-child\" data-id=\"e3faaaf\" data-element_type=\"container\" data-settings=\"{&quot;content_width&quot;:&quot;boxed&quot;}\">\n\t\t\t\t\t<div class=\"e-con-inner\">\n\t\t<div class=\"elementor-element elementor-element-492f299 e-con-full e-flex e-con e-child\" data-id=\"492f299\" data-element_type=\"container\" data-settings=\"{&quot;content_width&quot;:&quot;full&quot;}\">\n\t\t\t\t<div class=\"elementor-element elementor-element-451370d elementor-widget elementor-widget-heading\" data-id=\"451370d\" data-element_type=\"widget\" data-widget_type=\"heading.default\">\n\t\t\t\t<div class=\"elementor-widget-container\">\n\t\t\t<h3 class=\"elementor-heading-title elementor-size-default\">Kleos : compacit\u00e9 et capacit\u00e9<\/h3>\t\t<\/div>\n\t\t\t\t<\/div>\n\t\t\t\t<div class=\"elementor-element elementor-element-c1667bb elementor-widget elementor-widget-text-editor\" data-id=\"c1667bb\" data-element_type=\"widget\" data-widget_type=\"text-editor.default\">\n\t\t\t\t<div class=\"elementor-widget-container\">\n\t\t\t\t\t\t\tLe <strong>lavabo <\/strong><strong>Kleos<\/strong> est un mod\u00e8le\u00a0suspendu qui combine un <strong>design compact<\/strong>\u00a0avec une <strong>cuve<\/strong><strong>\u00a0<\/strong><strong>aussi<\/strong><strong> large <\/strong><strong>que<\/strong><strong> le <\/strong><strong>meuble<\/strong>, offrant une plus grande capacit\u00e9 sans sacrifier\u00a0l&#8217;espace. Comme\u00a0Syrene, il est \u00e9quip\u00e9 d&#8217;un <strong>caisson<\/strong><strong>\u00a0<\/strong><strong>coordonn\u00e9<\/strong>, garantissant un style uniforme et sophistiqu\u00e9.\r\n\r\nConsultez le catalogue pour d\u00e9couvrir\u00a0toutes\u00a0les options de <a href=\"https:\/\/www.lafabbrica.it\/wp-content\/uploads\/2024\/09\/Elementa_Catalog.pdf?_gl=1*hw14jg*_up*MQ..*_ga*Njk3NDQ2MTA5LjE3Mzk0Mzg0NjY.*_ga_DFRT4Y9KXY*MTczOTQzODQ2Ni4xLjAuMTczOTQzODQ2Ni4wLjAuMA..\" target=\"_blank\" rel=\"noopener\"><u>personnalisation\u00a0du lavabo<\/u><\/a> Kleos.\t\t\t\t\t\t<\/div>\n\t\t\t\t<\/div>\n\t\t\t\t<\/div>\n\t\t<div class=\"elementor-element elementor-element-1b8be73 e-con-full e-flex e-con e-child\" data-id=\"1b8be73\" data-element_type=\"container\" data-settings=\"{&quot;content_width&quot;:&quot;full&quot;}\">\n\t\t\t\t<div class=\"elementor-element elementor-element-073cdbb elementor-widget elementor-widget-image\" data-id=\"073cdbb\" data-element_type=\"widget\" data-widget_type=\"image.default\">\n\t\t\t\t<div class=\"elementor-widget-container\">\n\t\t\t\t\t\t\t\t\t\t\t\t\t<img loading=\"lazy\" decoding=\"async\" width=\"819\" height=\"858\" src=\"https:\/\/www.lafabbrica.it\/wp-content\/uploads\/2025\/02\/kleos.jpg\" class=\"attachment-large size-large wp-image-25309\" alt=\"\" srcset=\"https:\/\/www.lafabbrica.it\/wp-content\/uploads\/2025\/02\/kleos.jpg 819w, https:\/\/www.lafabbrica.it\/wp-content\/uploads\/2025\/02\/kleos-286x300.jpg 286w, https:\/\/www.lafabbrica.it\/wp-content\/uploads\/2025\/02\/kleos-768x805.jpg 768w\" sizes=\"(max-width: 819px) 100vw, 819px\" \/>\t\t\t\t\t\t\t\t\t\t\t\t\t<\/div>\n\t\t\t\t<\/div>\n\t\t\t\t<\/div>\n\t\t\t\t\t<\/div>\n\t\t\t\t<\/div>\n\t\t<div class=\"elementor-element elementor-element-03f21a3 e-flex e-con-boxed e-con e-child\" data-id=\"03f21a3\" data-element_type=\"container\" data-settings=\"{&quot;content_width&quot;:&quot;boxed&quot;}\">\n\t\t\t\t\t<div class=\"e-con-inner\">\n\t\t<div class=\"elementor-element elementor-element-5330baa e-con-full e-flex e-con e-child\" data-id=\"5330baa\" data-element_type=\"container\" data-settings=\"{&quot;content_width&quot;:&quot;full&quot;}\">\n\t\t\t\t<div class=\"elementor-element elementor-element-c178b72 elementor-widget elementor-widget-image\" data-id=\"c178b72\" data-element_type=\"widget\" data-widget_type=\"image.default\">\n\t\t\t\t<div class=\"elementor-widget-container\">\n\t\t\t\t\t\t\t\t\t\t\t\t\t<img loading=\"lazy\" decoding=\"async\" width=\"819\" height=\"858\" src=\"https:\/\/www.lafabbrica.it\/wp-content\/uploads\/2025\/02\/lyra.jpg\" class=\"attachment-large size-large wp-image-25313\" alt=\"\" srcset=\"https:\/\/www.lafabbrica.it\/wp-content\/uploads\/2025\/02\/lyra.jpg 819w, https:\/\/www.lafabbrica.it\/wp-content\/uploads\/2025\/02\/lyra-286x300.jpg 286w, https:\/\/www.lafabbrica.it\/wp-content\/uploads\/2025\/02\/lyra-768x805.jpg 768w\" sizes=\"(max-width: 819px) 100vw, 819px\" \/>\t\t\t\t\t\t\t\t\t\t\t\t\t<\/div>\n\t\t\t\t<\/div>\n\t\t\t\t<\/div>\n\t\t<div class=\"elementor-element elementor-element-f7f972c e-con-full e-flex e-con e-child\" data-id=\"f7f972c\" data-element_type=\"container\" data-settings=\"{&quot;content_width&quot;:&quot;full&quot;}\">\n\t\t\t\t<div class=\"elementor-element elementor-element-3a5adc1 elementor-widget elementor-widget-heading\" data-id=\"3a5adc1\" data-element_type=\"widget\" data-widget_type=\"heading.default\">\n\t\t\t\t<div class=\"elementor-widget-container\">\n\t\t\t<h3 class=\"elementor-heading-title elementor-size-default\">Lyra : le lavabo en \u00eelot pour un impact visuel unique<\/h3>\t\t<\/div>\n\t\t\t\t<\/div>\n\t\t\t\t<div class=\"elementor-element elementor-element-d1a3243 elementor-widget elementor-widget-text-editor\" data-id=\"d1a3243\" data-element_type=\"widget\" data-widget_type=\"text-editor.default\">\n\t\t\t\t<div class=\"elementor-widget-container\">\n\t\t\t\t\t\t\tLe mod\u00e8le\u00a0<strong>Lyra<\/strong> est pens\u00e9 pour ceux qui aiment\u00a0les\u00a0lignes\u00a0essentielles et le design audacieux. Sa structure\u00a0<strong>autoportante <\/strong>conf\u00e8re un caract\u00e8re\u00a0distinctif \u00e0 la salle de bains, en faisant un environnement \u00e0 l&#8217;impact visuel\u00a0tr\u00e8s\u00a0fort. Parfait pour ceux qui d\u00e9sirent un \u00e9l\u00e9ment\u00a0sc\u00e9nographique qui s&#8217;int\u00e8gre \u00e0 diff\u00e9rentes\u00a0<strong>propositions<\/strong><strong> d&#8217;<\/strong><strong>ameublement<\/strong>.\r\n\r\nFeuilletez le catalogue pour d\u00e9couvrir\u00a0toutes\u00a0les <a href=\"https:\/\/www.lafabbrica.it\/wp-content\/uploads\/2024\/09\/Elementa_Catalog.pdf?_gl=1*hw14jg*_up*MQ..*_ga*Njk3NDQ2MTA5LjE3Mzk0Mzg0NjY.*_ga_DFRT4Y9KXY*MTczOTQzODQ2Ni4xLjAuMTczOTQzODQ2Ni4wLjAuMA..\" target=\"_blank\" rel=\"noopener\"><u>options de personnalisation<\/u><\/a>\u00a0du lavabo Lyra.\t\t\t\t\t\t<\/div>\n\t\t\t\t<\/div>\n\t\t\t\t<\/div>\n\t\t\t\t\t<\/div>\n\t\t\t\t<\/div>\n\t\t<div class=\"elementor-element elementor-element-23427d9 e-flex e-con-boxed e-con e-child\" data-id=\"23427d9\" data-element_type=\"container\" data-settings=\"{&quot;content_width&quot;:&quot;boxed&quot;}\">\n\t\t\t\t\t<div class=\"e-con-inner\">\n\t\t<div class=\"elementor-element elementor-element-4350476 e-con-full e-flex e-con e-child\" data-id=\"4350476\" data-element_type=\"container\" data-settings=\"{&quot;content_width&quot;:&quot;full&quot;}\">\n\t\t\t\t<div class=\"elementor-element elementor-element-fe526f3 elementor-widget elementor-widget-heading\" data-id=\"fe526f3\" data-element_type=\"widget\" data-widget_type=\"heading.default\">\n\t\t\t\t<div class=\"elementor-widget-container\">\n\t\t\t<h3 class=\"elementor-heading-title elementor-size-default\">Zenith : le lavabo suspendu avec \u00e9tag\u00e8re int\u00e9gr\u00e9e<\/h3>\t\t<\/div>\n\t\t\t\t<\/div>\n\t\t\t\t<div class=\"elementor-element elementor-element-2559013 elementor-widget elementor-widget-text-editor\" data-id=\"2559013\" data-element_type=\"widget\" data-widget_type=\"text-editor.default\">\n\t\t\t\t<div class=\"elementor-widget-container\">\n\t\t\t\t\t\t\tLe <strong>lavabo Zenith<\/strong>\u00a0offre\u00a0diff\u00e9rentes configurations pour s&#8217;adapter \u00e0 tous les besoins :\r\n<ul>\r\n \t<li><strong>Zenith :<\/strong>avec un seul\u00e9vier;<\/li>\r\n \t<li><strong>Zenith Duo :<\/strong>\u00e9quip\u00e9 de deux points d&#8217;eau, id\u00e9al pour les salles de bainspartag\u00e9es ;<\/li>\r\n \t<li><strong>Zenith Offset :<\/strong> avec cuved\u00e9centr\u00e9e, disponible \u00e0 droite et \u00e0 gauche, avec un plan de travail pratique.<\/li>\r\n<\/ul>\r\nExplorez le catalogue pour d\u00e9couvrir\u00a0toutes les <a href=\"https:\/\/www.lafabbrica.it\/wp-content\/uploads\/2024\/09\/Elementa_Catalog.pdf?_gl=1*hw14jg*_up*MQ..*_ga*Njk3NDQ2MTA5LjE3Mzk0Mzg0NjY.*_ga_DFRT4Y9KXY*MTczOTQzODQ2Ni4xLjAuMTczOTQzODQ2Ni4wLjAuMA..\" target=\"_blank\" rel=\"noopener\"><u>options de personnalisation <\/u><\/a>du lavabo Zenith.\t\t\t\t\t\t<\/div>\n\t\t\t\t<\/div>\n\t\t\t\t<\/div>\n\t\t<div class=\"elementor-element elementor-element-171bd19 e-con-full e-flex e-con e-child\" data-id=\"171bd19\" data-element_type=\"container\" data-settings=\"{&quot;content_width&quot;:&quot;full&quot;}\">\n\t\t\t\t<div class=\"elementor-element elementor-element-8fe8f57 elementor-widget elementor-widget-image\" data-id=\"8fe8f57\" data-element_type=\"widget\" data-widget_type=\"image.default\">\n\t\t\t\t<div class=\"elementor-widget-container\">\n\t\t\t\t\t\t\t\t\t\t\t\t\t<img loading=\"lazy\" decoding=\"async\" width=\"819\" height=\"858\" src=\"https:\/\/www.lafabbrica.it\/wp-content\/uploads\/2025\/02\/zenith.jpg\" class=\"attachment-large size-large wp-image-25317\" alt=\"\" srcset=\"https:\/\/www.lafabbrica.it\/wp-content\/uploads\/2025\/02\/zenith.jpg 819w, https:\/\/www.lafabbrica.it\/wp-content\/uploads\/2025\/02\/zenith-286x300.jpg 286w, https:\/\/www.lafabbrica.it\/wp-content\/uploads\/2025\/02\/zenith-768x805.jpg 768w\" sizes=\"(max-width: 819px) 100vw, 819px\" \/>\t\t\t\t\t\t\t\t\t\t\t\t\t<\/div>\n\t\t\t\t<\/div>\n\t\t\t\t<\/div>\n\t\t\t\t\t<\/div>\n\t\t\t\t<\/div>\n\t\t<div class=\"elementor-element elementor-element-c37cf6b e-flex e-con-boxed e-con e-child\" data-id=\"c37cf6b\" data-element_type=\"container\" data-settings=\"{&quot;content_width&quot;:&quot;boxed&quot;}\">\n\t\t\t\t\t<div class=\"e-con-inner\">\n\t\t<div class=\"elementor-element elementor-element-50d0343 e-con-full e-flex e-con e-child\" data-id=\"50d0343\" data-element_type=\"container\" data-settings=\"{&quot;content_width&quot;:&quot;full&quot;}\">\n\t\t\t\t<div class=\"elementor-element elementor-element-0a14d13 elementor-widget elementor-widget-image\" data-id=\"0a14d13\" data-element_type=\"widget\" data-widget_type=\"image.default\">\n\t\t\t\t<div class=\"elementor-widget-container\">\n\t\t\t\t\t\t\t\t\t\t\t\t\t<img loading=\"lazy\" decoding=\"async\" width=\"819\" height=\"858\" src=\"https:\/\/www.lafabbrica.it\/wp-content\/uploads\/2025\/02\/hover.jpg\" class=\"attachment-large size-large wp-image-25321\" alt=\"\" srcset=\"https:\/\/www.lafabbrica.it\/wp-content\/uploads\/2025\/02\/hover.jpg 819w, https:\/\/www.lafabbrica.it\/wp-content\/uploads\/2025\/02\/hover-286x300.jpg 286w, https:\/\/www.lafabbrica.it\/wp-content\/uploads\/2025\/02\/hover-768x805.jpg 768w\" sizes=\"(max-width: 819px) 100vw, 819px\" \/>\t\t\t\t\t\t\t\t\t\t\t\t\t<\/div>\n\t\t\t\t<\/div>\n\t\t\t\t<\/div>\n\t\t<div class=\"elementor-element elementor-element-e701837 e-con-full e-flex e-con e-child\" data-id=\"e701837\" data-element_type=\"container\" data-settings=\"{&quot;content_width&quot;:&quot;full&quot;}\">\n\t\t\t\t<div class=\"elementor-element elementor-element-657cfb1 elementor-widget elementor-widget-heading\" data-id=\"657cfb1\" data-element_type=\"widget\" data-widget_type=\"heading.default\">\n\t\t\t\t<div class=\"elementor-widget-container\">\n\t\t\t<h3 class=\"elementor-heading-title elementor-size-default\">Hover : minimalisme et polyvalence<\/h3>\t\t<\/div>\n\t\t\t\t<\/div>\n\t\t\t\t<div class=\"elementor-element elementor-element-7b9f21f elementor-widget elementor-widget-text-editor\" data-id=\"7b9f21f\" data-element_type=\"widget\" data-widget_type=\"text-editor.default\">\n\t\t\t\t<div class=\"elementor-widget-container\">\n\t\t\t\t\t\t\t<strong>Hover<\/strong>\u00a0est\u00a0une console en\u00a0gr\u00e8s au <strong>design minimal et raffin\u00e9<\/strong>, con\u00e7ue pour accueillir des lavabos \u00e0 poser. Disponible en deux versions :\r\n<ul>\r\n \t<li><strong>Hover :<\/strong>id\u00e9ale pour uneseule\u00a0vasque, parfaite pour les salles de bains de petites dimensions ;<\/li>\r\n \t<li><strong>Hover Duo :<\/strong>con\u00e7ue pour deux vasques, adapt\u00e9e aux espaces plus grands et aux environnementsde luxe.<\/li>\r\n<\/ul>\r\nConsultez le catalogue pour d\u00e9couvrir\u00a0toutes les <a href=\"https:\/\/www.lafabbrica.it\/wp-content\/uploads\/2024\/09\/Elementa_Catalog.pdf?_gl=1*hw14jg*_up*MQ..*_ga*Njk3NDQ2MTA5LjE3Mzk0Mzg0NjY.*_ga_DFRT4Y9KXY*MTczOTQzODQ2Ni4xLjAuMTczOTQzODQ2Ni4wLjAuMA..\" target=\"_blank\" rel=\"noopener\"><u>options de personnalisation <\/u><\/a>du lavabo Hover.\t\t\t\t\t\t<\/div>\n\t\t\t\t<\/div>\n\t\t\t\t<\/div>\n\t\t\t\t\t<\/div>\n\t\t\t\t<\/div>\n\t\t\t\t<\/div>\n\t\t<div class=\"elementor-element elementor-element-1652870 e-con-full e-flex e-con e-parent\" data-id=\"1652870\" data-element_type=\"container\" data-settings=\"{&quot;content_width&quot;:&quot;full&quot;}\" data-core-v316-plus=\"true\">\n\t\t\t\t<div class=\"elementor-element elementor-element-78bbe70 elementor-widget elementor-widget-image\" data-id=\"78bbe70\" data-element_type=\"widget\" data-widget_type=\"image.default\">\n\t\t\t\t<div class=\"elementor-widget-container\">\n\t\t\t\t\t\t\t\t\t\t\t\t\t<img loading=\"lazy\" decoding=\"async\" width=\"1440\" height=\"811\" src=\"https:\/\/www.lafabbrica.it\/wp-content\/uploads\/2025\/02\/elementa4.jpg\" class=\"attachment-full size-full wp-image-25325\" alt=\"\" srcset=\"https:\/\/www.lafabbrica.it\/wp-content\/uploads\/2025\/02\/elementa4.jpg 1440w, https:\/\/www.lafabbrica.it\/wp-content\/uploads\/2025\/02\/elementa4-300x169.jpg 300w, https:\/\/www.lafabbrica.it\/wp-content\/uploads\/2025\/02\/elementa4-1024x577.jpg 1024w, https:\/\/www.lafabbrica.it\/wp-content\/uploads\/2025\/02\/elementa4-768x433.jpg 768w\" sizes=\"(max-width: 1440px) 100vw, 1440px\" \/>\t\t\t\t\t\t\t\t\t\t\t\t\t<\/div>\n\t\t\t\t<\/div>\n\t\t\t\t<\/div>\n\t\t<div class=\"elementor-element elementor-element-9b45e18 e-flex e-con-boxed e-con e-parent\" data-id=\"9b45e18\" data-element_type=\"container\" data-settings=\"{&quot;content_width&quot;:&quot;boxed&quot;}\" data-core-v316-plus=\"true\">\n\t\t\t\t\t<div class=\"e-con-inner\">\n\t\t\t\t<div class=\"elementor-element elementor-element-db27c4c elementor-widget elementor-widget-heading\" data-id=\"db27c4c\" data-element_type=\"widget\" data-widget_type=\"heading.default\">\n\t\t\t\t<div class=\"elementor-widget-container\">\n\t\t\t<h3 class=\"elementor-heading-title elementor-size-default\">Tables en gr\u00e8s : polyvalence et raffinement dans le salon<\/h3>\t\t<\/div>\n\t\t\t\t<\/div>\n\t\t\t\t<div class=\"elementor-element elementor-element-be75bff elementor-widget elementor-widget-text-editor\" data-id=\"be75bff\" data-element_type=\"widget\" data-widget_type=\"text-editor.default\">\n\t\t\t\t<div class=\"elementor-widget-container\">\n\t\t\t\t\t\t\t<p><strong>En plus des lavabos, ELEMENTA propose des <a href=\"https:\/\/www.lafabbrica.it\/fr\/elementa-tables\/\"><u>tables en gr\u00e8s c\u00e9rame <\/u><\/a><strong>conjuguer<\/strong><strong>durabilit\u00e9<\/strong><strong> et design <\/strong><strong>sophistiqu\u00e9<\/strong><strong>. <\/strong><\/strong>Il s&#8217;agit\u00a0en\u00a0effet de tables en\u00a0c\u00e9ramique\u00a0modernes\u00a0id\u00e9ales pour ceux qui d\u00e9sirent un \u00e9l\u00e9ment\u00a0d&#8217;ameublement\u00a0r\u00e9sistant et \u00e0 fort impact visuel, fonctionnel \u00e0 diff\u00e9rentes propositions et styles d&#8217;ameublement.<\/p>\t\t\t\t\t\t<\/div>\n\t\t\t\t<\/div>\n\t\t\t\t<div class=\"elementor-element elementor-element-7ce3123 elementor-widget elementor-widget-heading\" data-id=\"7ce3123\" data-element_type=\"widget\" data-widget_type=\"heading.default\">\n\t\t\t\t<div class=\"elementor-widget-container\">\n\t\t\t<h3 class=\"elementor-heading-title elementor-size-default\">Tables modernes personnalisables : trois mod\u00e8les pour chaque style et exigence<\/h3>\t\t<\/div>\n\t\t\t\t<\/div>\n\t\t\t\t<div class=\"elementor-element elementor-element-5044e92 elementor-widget elementor-widget-text-editor\" data-id=\"5044e92\" data-element_type=\"widget\" data-widget_type=\"text-editor.default\">\n\t\t\t\t<div class=\"elementor-widget-container\">\n\t\t\t\t\t\t\t<strong>Chaque<\/strong><strong> table ELEMENTA <\/strong><strong>est<\/strong><strong>\u00a0<\/strong><strong>con\u00e7ue<\/strong><strong> pour <\/strong><strong>s&#8217;adapter<\/strong><strong>\u00a0<\/strong><strong>parfaitement<\/strong><strong> \u00e0 <\/strong><strong>votre<\/strong><strong>\u00a0<\/strong><strong>espace<\/strong><strong>, <\/strong><strong>en<\/strong><strong> alliant <\/strong><strong>esth\u00e9tique<\/strong><strong> et <\/strong><strong>fonctionnalit\u00e9<\/strong><strong>.<\/strong>\r\n\r\nIl est\u00a0en\u00a0effet possible de choisir entre trois mod\u00e8les de d\u00e9part :\r\n<ul>\r\n \t<li><strong>Rectangular<\/strong>, avec des lignesessentielles et intemporelles, id\u00e9ale pour les environnementsmodernes et traditionnels ;<\/li>\r\n \t<li><strong>Curved<\/strong>, qui fusionne tradition et innovation avec des formesarrondies et un design distinctif ;<\/li>\r\n \t<li><strong>Round<\/strong>, parfaite pour ceux qui d\u00e9sirentune table ronde qui exalteconvivialit\u00e9 et \u00e9l\u00e9gance.<\/li>\r\n<\/ul>\r\n<strong>Pour <\/strong><strong>une<\/strong><strong>\u00a0<\/strong><strong>personnalisation<\/strong><strong>\u00a0<\/strong><strong>compl\u00e8te<\/strong><strong>, <\/strong><strong>vous<\/strong><strong>\u00a0<\/strong><strong>pouvez<\/strong><strong>\u00a0<\/strong><strong>recourir<\/strong><strong> \u00e0 six designs <\/strong><strong>exclusifs<\/strong><strong> de <\/strong><strong>pieds<\/strong>, con\u00e7us pour valoriser le plateau de la table et ajouter\u00a0une\u00a0touche\u00a0d&#8217;originalit\u00e9. De plus, la combinaison entre <strong>verre et <\/strong><strong>gr\u00e8s<\/strong><strong>\u00a0<\/strong><strong>c\u00e9rame<\/strong>\u00a0cr\u00e9e un contraste unique entre deux mat\u00e9rialit\u00e9s\u00a0diff\u00e9rentes, gr\u00e2ce \u00e0 un sophistiqu\u00e9\u00a0couplage \u00e0 chaud. Avec la technologie\u00a0<strong>ALL-OVER<\/strong>, la texture de la dalle\u00a0de c\u00e9ramique s&#8217;\u00e9tend\u00a0\u00e9galement sur les\u00a0bords, garantissant une continuit\u00e9\u00a0visuelle\u00a0impeccable.\t\t\t\t\t\t<\/div>\n\t\t\t\t<\/div>\n\t\t\t\t<div class=\"elementor-element elementor-element-2d71da0 elementor-widget elementor-widget-heading\" data-id=\"2d71da0\" data-element_type=\"widget\" data-widget_type=\"heading.default\">\n\t\t\t\t<div class=\"elementor-widget-container\">\n\t\t\t<h3 class=\"elementor-heading-title elementor-size-default\">Personnalisez votre salle de bains et votre salon avec les finitions d'ELEMENTA SINKS et ELEMENTA TABLES<\/h3>\t\t<\/div>\n\t\t\t\t<\/div>\n\t\t\t\t<div class=\"elementor-element elementor-element-8aaa89e elementor-widget elementor-widget-text-editor\" data-id=\"8aaa89e\" data-element_type=\"widget\" data-widget_type=\"text-editor.default\">\n\t\t\t\t<div class=\"elementor-widget-container\">\n\t\t\t\t\t\t\t<p>Chaque lavabo de la collection ELEMENTA SINKS et chaque table de la collection ELEMENTA TABLES est disponible dans une\u00a0vaste\u00a0gamme de Dalles de gr\u00e8s, pour un large choix de textures et de graphiques.<br \/><br \/>La s\u00e9lection\u00a0inclut :<br \/><br \/><strong>Effetmarbre<\/strong>, pour une salle de bainsraffin\u00e9e et intemporelle ;<br \/><strong>Effetpierre<\/strong>, parfait pour uneatmosph\u00e8re naturelle et \u00e9l\u00e9gante ;<br \/><strong>Effetsmat\u00e9rielsmodernes<\/strong>, id\u00e9aux pour les environnements\u00a0minimaux et contemporains.<\/p><p>Gr\u00e2ce \u00e0 la vari\u00e9t\u00e9 des\u00a0finitions et \u00e0 la fabrication sur mesure, chaque lavabo et chaque\u00a0table\u00a0seront une pi\u00e8ce unique, transformant\u00a0votre\u00a0salle de bains et votre salon en un espace\u00a0exclusif qui refl\u00e8te la personnalit\u00e9 de ceux qui l&#8217;habitent.<\/p><p>D\u00e9couvrez la <a href=\"https:\/\/www.lafabbrica.it\/wp-content\/uploads\/2024\/09\/Elementa_Catalog.pdf?_gl=1*hw14jg*_up*MQ..*_ga*Njk3NDQ2MTA5LjE3Mzk0Mzg0NjY.*_ga_DFRT4Y9KXY*MTczOTQzODQ2Ni4xLjAuMTczOTQzODQ2Ni4wLjAuMA..\"><u>gamme compl\u00e8te <\/u><\/a>et choisissez le design parfait pour votre style.<\/p>\t\t\t\t\t\t<\/div>\n\t\t\t\t<\/div>\n\t\t\t\t<div class=\"elementor-element elementor-element-dafeeaf elementor-widget elementor-widget-image\" data-id=\"dafeeaf\" data-element_type=\"widget\" data-widget_type=\"image.default\">\n\t\t\t\t<div class=\"elementor-widget-container\">\n\t\t\t\t\t\t\t\t\t\t\t\t\t<img loading=\"lazy\" decoding=\"async\" width=\"1440\" height=\"811\" src=\"https:\/\/www.lafabbrica.it\/wp-content\/uploads\/2025\/02\/elementa3.jpg\" class=\"attachment-full size-full wp-image-25301\" alt=\"\" srcset=\"https:\/\/www.lafabbrica.it\/wp-content\/uploads\/2025\/02\/elementa3.jpg 1440w, https:\/\/www.lafabbrica.it\/wp-content\/uploads\/2025\/02\/elementa3-300x169.jpg 300w, https:\/\/www.lafabbrica.it\/wp-content\/uploads\/2025\/02\/elementa3-1024x577.jpg 1024w, https:\/\/www.lafabbrica.it\/wp-content\/uploads\/2025\/02\/elementa3-768x433.jpg 768w\" sizes=\"(max-width: 1440px) 100vw, 1440px\" \/>\t\t\t\t\t\t\t\t\t\t\t\t\t<\/div>\n\t\t\t\t<\/div>\n\t\t\t\t<div class=\"elementor-element elementor-element-06543aa elementor-widget elementor-widget-heading\" data-id=\"06543aa\" data-element_type=\"widget\" data-widget_type=\"heading.default\">\n\t\t\t\t<div class=\"elementor-widget-container\">\n\t\t\t<h3 class=\"elementor-heading-title elementor-size-default\">Innovation et durabilit\u00e9 pour une maison moderne<\/h3>\t\t<\/div>\n\t\t\t\t<\/div>\n\t\t\t\t<div class=\"elementor-element elementor-element-9903228 elementor-widget elementor-widget-text-editor\" data-id=\"9903228\" data-element_type=\"widget\" data-widget_type=\"text-editor.default\">\n\t\t\t\t<div class=\"elementor-widget-container\">\n\t\t\t\t\t\t\t<strong>ELEMENTA <\/strong><strong>accorde<\/strong><strong> une grande <\/strong><strong>attention<\/strong><strong> \u00e0 <\/strong><strong>l&#8217;innovation<\/strong><strong> et \u00e0 la <\/strong><strong>durabilit\u00e9<\/strong><strong>.<\/strong>\r\n\r\nLa philosophie\u00a0d&#8217;entreprise se refl\u00e8te\u00a0en\u00a0effet dans la qualit\u00e9 des produits\u00a0offerts, con\u00e7us pour durer dans le temps et respecter l&#8217;environnement, contribuant \u00e0 cr\u00e9er des <a href=\"https:\/\/www.lafabbrica.it\/fr\/conception-harmonieuse-pour-les-maisons-modernes-allier-les-espaces-exterieurs-et-interieurs\/\"><u>maisons\u00a0modernes<\/u><\/a> et durables.\t\t\t\t\t\t<\/div>\n\t\t\t\t<\/div>\n\t\t\t\t\t<\/div>\n\t\t\t\t<\/div>\n\t\t<div class=\"elementor-element elementor-element-e34f0bb e-con-full e-flex e-con e-parent\" data-id=\"e34f0bb\" data-element_type=\"container\" data-settings=\"{&quot;content_width&quot;:&quot;full&quot;}\" data-core-v316-plus=\"true\">\n\t\t\t\t<div class=\"elementor-element elementor-element-ed90ff5 elementor-align-center elementor-widget elementor-widget-button\" data-id=\"ed90ff5\" data-element_type=\"widget\" data-widget_type=\"button.default\">\n\t\t\t\t<div class=\"elementor-widget-container\">\n\t\t\t\t\t<div class=\"elementor-button-wrapper\">\n\t\t\t<a class=\"elementor-button elementor-button-link elementor-size-md\" href=\"https:\/\/www.lafabbrica.it\/fr\/elementa-shape-your-space\/\">\n\t\t\t\t\t\t<span class=\"elementor-button-content-wrapper\">\n\t\t\t\t\t\t<span class=\"elementor-button-text\">D\u00e9couvrez-en davantage sur ELEMENTA<\/span>\n\t\t<\/span>\n\t\t\t\t\t<\/a>\n\t\t<\/div>\n\t\t\t\t<\/div>\n\t\t\t\t<\/div>\n\t\t\t\t<\/div>\n\t\t\t\t<\/div>\n\t\t","protected":false},"excerpt":{"rendered":"<p>Lors de la r\u00e9cente \u00e9dition du Cersaie, La Fabbrica Ava a pr\u00e9sent\u00e9 une nouvelle marque : ELEMENTA.<\/p>\n","protected":false},"author":1,"featured_media":25287,"comment_status":"closed","ping_status":"closed","sticky":false,"template":"","format":"standard","meta":{"_acf_changed":false,"site-sidebar-layout":"default","site-content-layout":"","ast-site-content-layout":"default","site-content-style":"default","site-sidebar-style":"default","ast-global-header-display":"","ast-banner-title-visibility":"","ast-main-header-display":"","ast-hfb-above-header-display":"","ast-hfb-below-header-display":"","ast-hfb-mobile-header-display":"","site-post-title":"","ast-breadcrumbs-content":"","ast-featured-img":"","footer-sml-layout":"","theme-transparent-header-meta":"","adv-header-id-meta":"","stick-header-meta":"","header-above-stick-meta":"","header-main-stick-meta":"","header-below-stick-meta":"","astra-migrate-meta-layouts":"default","ast-page-background-enabled":"default","ast-page-background-meta":{"desktop":{"background-color":"var(--ast-global-color-4)","background-image":"","background-repeat":"repeat","background-position":"center center","background-size":"auto","background-attachment":"scroll","background-type":"","background-media":"","overlay-type":"","overlay-color":"","overlay-gradient":""},"tablet":{"background-color":"","background-image":"","background-repeat":"repeat","background-position":"center center","background-size":"auto","background-attachment":"scroll","background-type":"","background-media":"","overlay-type":"","overlay-color":"","overlay-gradient":""},"mobile":{"background-color":"","background-image":"","background-repeat":"repeat","background-position":"center center","background-size":"auto","background-attachment":"scroll","background-type":"","background-media":"","overlay-type":"","overlay-color":"","overlay-gradient":""}},"ast-content-background-meta":{"desktop":{"background-color":"var(--ast-global-color-5)","background-image":"","background-repeat":"repeat","background-position":"center center","background-size":"auto","background-attachment":"scroll","background-type":"","background-media":"","overlay-type":"","overlay-color":"","overlay-gradient":""},"tablet":{"background-color":"var(--ast-global-color-5)","background-image":"","background-repeat":"repeat","background-position":"center center","background-size":"auto","background-attachment":"scroll","background-type":"","background-media":"","overlay-type":"","overlay-color":"","overlay-gradient":""},"mobile":{"background-color":"var(--ast-global-color-5)","background-image":"","background-repeat":"repeat","background-position":"center center","background-size":"auto","background-attachment":"scroll","background-type":"","background-media":"","overlay-type":"","overlay-color":"","overlay-gradient":""}},"footnotes":""},"categories":[1241],"tags":[],"class_list":["post-25392","post","type-post","status-publish","format-standard","has-post-thumbnail","hentry","category-blog-fr"],"acf":[],"yoast_head":"<!-- This site is optimized with the Yoast SEO plugin v22.0 - https:\/\/yoast.com\/wordpress\/plugins\/seo\/ -->\n<title>Elementa : des tables et lavabos modernes pr\u00e9sent\u00e9s au Salon de la C\u00e9ramique de Bologne - La Fabbrica AVA<\/title>\n<meta name=\"description\" content=\"Lors de la r\u00e9cente \u00e9dition du Cersaie, La Fabbrica Ava a pr\u00e9sent\u00e9 une nouvelle marque : ELEMENTA.\" \/>\n<meta name=\"robots\" content=\"index, follow, max-snippet:-1, max-image-preview:large, max-video-preview:-1\" \/>\n<link rel=\"canonical\" href=\"https:\/\/www.lafabbrica.it\/fr\/elementa-des-tables-et-lavabos-modernes-presentes-au-salon-de-la-ceramique-de-bologne\/\" \/>\n<meta property=\"og:locale\" content=\"fr_FR\" \/>\n<meta property=\"og:type\" content=\"article\" \/>\n<meta property=\"og:title\" content=\"Elementa : des tables et lavabos modernes pr\u00e9sent\u00e9s au Salon de la C\u00e9ramique de Bologne - La Fabbrica AVA\" \/>\n<meta property=\"og:description\" content=\"Lors de la r\u00e9cente \u00e9dition du Cersaie, La Fabbrica Ava a pr\u00e9sent\u00e9 une nouvelle marque : ELEMENTA.\" \/>\n<meta property=\"og:url\" content=\"https:\/\/www.lafabbrica.it\/fr\/elementa-des-tables-et-lavabos-modernes-presentes-au-salon-de-la-ceramique-de-bologne\/\" \/>\n<meta property=\"og:site_name\" content=\"La Fabbrica AVA\" \/>\n<meta property=\"article:published_time\" content=\"2025-02-27T09:36:08+00:00\" \/>\n<meta property=\"article:modified_time\" content=\"2025-02-28T09:59:12+00:00\" \/>\n<meta property=\"og:image\" content=\"https:\/\/www.lafabbrica.it\/wp-content\/uploads\/2025\/02\/elementa-list.jpg\" \/>\n\t<meta property=\"og:image:width\" content=\"880\" \/>\n\t<meta property=\"og:image:height\" content=\"860\" \/>\n\t<meta property=\"og:image:type\" content=\"image\/jpeg\" \/>\n<meta name=\"author\" content=\"admin\" \/>\n<meta name=\"twitter:card\" content=\"summary_large_image\" \/>\n<meta name=\"twitter:label1\" content=\"\u00c9crit par\" \/>\n\t<meta name=\"twitter:data1\" content=\"admin\" \/>\n\t<meta name=\"twitter:label2\" content=\"Dur\u00e9e de lecture estim\u00e9e\" \/>\n\t<meta name=\"twitter:data2\" content=\"7 minutes\" \/>\n<script type=\"application\/ld+json\" class=\"yoast-schema-graph\">{\"@context\":\"https:\/\/schema.org\",\"@graph\":[{\"@type\":\"Article\",\"@id\":\"https:\/\/www.lafabbrica.it\/fr\/elementa-des-tables-et-lavabos-modernes-presentes-au-salon-de-la-ceramique-de-bologne\/#article\",\"isPartOf\":{\"@id\":\"https:\/\/www.lafabbrica.it\/fr\/elementa-des-tables-et-lavabos-modernes-presentes-au-salon-de-la-ceramique-de-bologne\/\"},\"author\":{\"name\":\"admin\",\"@id\":\"https:\/\/www.lafabbrica.it\/fr\/#\/schema\/person\/9854f3650eab7e4334e66d22de09296a\"},\"headline\":\"Elementa : des tables et lavabos modernes pr\u00e9sent\u00e9s au Salon de la C\u00e9ramique de Bologne\",\"datePublished\":\"2025-02-27T09:36:08+00:00\",\"dateModified\":\"2025-02-28T09:59:12+00:00\",\"mainEntityOfPage\":{\"@id\":\"https:\/\/www.lafabbrica.it\/fr\/elementa-des-tables-et-lavabos-modernes-presentes-au-salon-de-la-ceramique-de-bologne\/\"},\"wordCount\":1151,\"publisher\":{\"@id\":\"https:\/\/www.lafabbrica.it\/fr\/#organization\"},\"articleSection\":[\"Blog\"],\"inLanguage\":\"fr-FR\"},{\"@type\":\"WebPage\",\"@id\":\"https:\/\/www.lafabbrica.it\/fr\/elementa-des-tables-et-lavabos-modernes-presentes-au-salon-de-la-ceramique-de-bologne\/\",\"url\":\"https:\/\/www.lafabbrica.it\/fr\/elementa-des-tables-et-lavabos-modernes-presentes-au-salon-de-la-ceramique-de-bologne\/\",\"name\":\"Elementa : des tables et lavabos modernes pr\u00e9sent\u00e9s au Salon de la C\u00e9ramique de Bologne - La Fabbrica AVA\",\"isPartOf\":{\"@id\":\"https:\/\/www.lafabbrica.it\/fr\/#website\"},\"datePublished\":\"2025-02-27T09:36:08+00:00\",\"dateModified\":\"2025-02-28T09:59:12+00:00\",\"description\":\"Lors de la r\u00e9cente \u00e9dition du Cersaie, La Fabbrica Ava a pr\u00e9sent\u00e9 une nouvelle marque : ELEMENTA.\",\"breadcrumb\":{\"@id\":\"https:\/\/www.lafabbrica.it\/fr\/elementa-des-tables-et-lavabos-modernes-presentes-au-salon-de-la-ceramique-de-bologne\/#breadcrumb\"},\"inLanguage\":\"fr-FR\",\"potentialAction\":[{\"@type\":\"ReadAction\",\"target\":[\"https:\/\/www.lafabbrica.it\/fr\/elementa-des-tables-et-lavabos-modernes-presentes-au-salon-de-la-ceramique-de-bologne\/\"]}]},{\"@type\":\"BreadcrumbList\",\"@id\":\"https:\/\/www.lafabbrica.it\/fr\/elementa-des-tables-et-lavabos-modernes-presentes-au-salon-de-la-ceramique-de-bologne\/#breadcrumb\",\"itemListElement\":[{\"@type\":\"ListItem\",\"position\":1,\"name\":\"Home\",\"item\":\"https:\/\/www.lafabbrica.it\/fr\/\"},{\"@type\":\"ListItem\",\"position\":2,\"name\":\"Elementa : des tables et lavabos modernes pr\u00e9sent\u00e9s au Salon de la C\u00e9ramique de Bologne\"}]},{\"@type\":\"WebSite\",\"@id\":\"https:\/\/www.lafabbrica.it\/fr\/#website\",\"url\":\"https:\/\/www.lafabbrica.it\/fr\/\",\"name\":\"La Fabbrica AVA\",\"description\":\"\",\"publisher\":{\"@id\":\"https:\/\/www.lafabbrica.it\/fr\/#organization\"},\"potentialAction\":[{\"@type\":\"SearchAction\",\"target\":{\"@type\":\"EntryPoint\",\"urlTemplate\":\"https:\/\/www.lafabbrica.it\/fr\/?s={search_term_string}\"},\"query-input\":\"required name=search_term_string\"}],\"inLanguage\":\"fr-FR\"},{\"@type\":\"Organization\",\"@id\":\"https:\/\/www.lafabbrica.it\/fr\/#organization\",\"name\":\"La Fabbrica AVA\",\"url\":\"https:\/\/www.lafabbrica.it\/fr\/\",\"logo\":{\"@type\":\"ImageObject\",\"inLanguage\":\"fr-FR\",\"@id\":\"https:\/\/www.lafabbrica.it\/fr\/#\/schema\/logo\/image\/\",\"url\":\"https:\/\/www.lafabbrica.it\/wp-content\/uploads\/2023\/08\/Senza-titolo-1.png\",\"contentUrl\":\"https:\/\/www.lafabbrica.it\/wp-content\/uploads\/2023\/08\/Senza-titolo-1.png\",\"width\":567,\"height\":240,\"caption\":\"La Fabbrica AVA\"},\"image\":{\"@id\":\"https:\/\/www.lafabbrica.it\/fr\/#\/schema\/logo\/image\/\"}},{\"@type\":\"Person\",\"@id\":\"https:\/\/www.lafabbrica.it\/fr\/#\/schema\/person\/9854f3650eab7e4334e66d22de09296a\",\"name\":\"admin\",\"sameAs\":[\"http:\/\/www.lafabbrica.it\"],\"url\":\"https:\/\/www.lafabbrica.it\/fr\/author\/admin\/\"}]}<\/script>\n<!-- \/ Yoast SEO plugin. -->","yoast_head_json":{"title":"Elementa : des tables et lavabos modernes pr\u00e9sent\u00e9s au Salon de la C\u00e9ramique de Bologne - La Fabbrica AVA","description":"Lors de la r\u00e9cente \u00e9dition du Cersaie, La Fabbrica Ava a pr\u00e9sent\u00e9 une nouvelle marque : ELEMENTA.","robots":{"index":"index","follow":"follow","max-snippet":"max-snippet:-1","max-image-preview":"max-image-preview:large","max-video-preview":"max-video-preview:-1"},"canonical":"https:\/\/www.lafabbrica.it\/fr\/elementa-des-tables-et-lavabos-modernes-presentes-au-salon-de-la-ceramique-de-bologne\/","og_locale":"fr_FR","og_type":"article","og_title":"Elementa : des tables et lavabos modernes pr\u00e9sent\u00e9s au Salon de la C\u00e9ramique de Bologne - La Fabbrica AVA","og_description":"Lors de la r\u00e9cente \u00e9dition du Cersaie, La Fabbrica Ava a pr\u00e9sent\u00e9 une nouvelle marque : ELEMENTA.","og_url":"https:\/\/www.lafabbrica.it\/fr\/elementa-des-tables-et-lavabos-modernes-presentes-au-salon-de-la-ceramique-de-bologne\/","og_site_name":"La Fabbrica AVA","article_published_time":"2025-02-27T09:36:08+00:00","article_modified_time":"2025-02-28T09:59:12+00:00","og_image":[{"width":880,"height":860,"url":"https:\/\/www.lafabbrica.it\/wp-content\/uploads\/2025\/02\/elementa-list.jpg","type":"image\/jpeg"}],"author":"admin","twitter_card":"summary_large_image","twitter_misc":{"\u00c9crit par":"admin","Dur\u00e9e de lecture estim\u00e9e":"7 minutes"},"schema":{"@context":"https:\/\/schema.org","@graph":[{"@type":"Article","@id":"https:\/\/www.lafabbrica.it\/fr\/elementa-des-tables-et-lavabos-modernes-presentes-au-salon-de-la-ceramique-de-bologne\/#article","isPartOf":{"@id":"https:\/\/www.lafabbrica.it\/fr\/elementa-des-tables-et-lavabos-modernes-presentes-au-salon-de-la-ceramique-de-bologne\/"},"author":{"name":"admin","@id":"https:\/\/www.lafabbrica.it\/fr\/#\/schema\/person\/9854f3650eab7e4334e66d22de09296a"},"headline":"Elementa : des tables et lavabos modernes pr\u00e9sent\u00e9s au Salon de la C\u00e9ramique de Bologne","datePublished":"2025-02-27T09:36:08+00:00","dateModified":"2025-02-28T09:59:12+00:00","mainEntityOfPage":{"@id":"https:\/\/www.lafabbrica.it\/fr\/elementa-des-tables-et-lavabos-modernes-presentes-au-salon-de-la-ceramique-de-bologne\/"},"wordCount":1151,"publisher":{"@id":"https:\/\/www.lafabbrica.it\/fr\/#organization"},"articleSection":["Blog"],"inLanguage":"fr-FR"},{"@type":"WebPage","@id":"https:\/\/www.lafabbrica.it\/fr\/elementa-des-tables-et-lavabos-modernes-presentes-au-salon-de-la-ceramique-de-bologne\/","url":"https:\/\/www.lafabbrica.it\/fr\/elementa-des-tables-et-lavabos-modernes-presentes-au-salon-de-la-ceramique-de-bologne\/","name":"Elementa : des tables et lavabos modernes pr\u00e9sent\u00e9s au Salon de la C\u00e9ramique de Bologne - La Fabbrica AVA","isPartOf":{"@id":"https:\/\/www.lafabbrica.it\/fr\/#website"},"datePublished":"2025-02-27T09:36:08+00:00","dateModified":"2025-02-28T09:59:12+00:00","description":"Lors de la r\u00e9cente \u00e9dition du Cersaie, La Fabbrica Ava a pr\u00e9sent\u00e9 une nouvelle marque : ELEMENTA.","breadcrumb":{"@id":"https:\/\/www.lafabbrica.it\/fr\/elementa-des-tables-et-lavabos-modernes-presentes-au-salon-de-la-ceramique-de-bologne\/#breadcrumb"},"inLanguage":"fr-FR","potentialAction":[{"@type":"ReadAction","target":["https:\/\/www.lafabbrica.it\/fr\/elementa-des-tables-et-lavabos-modernes-presentes-au-salon-de-la-ceramique-de-bologne\/"]}]},{"@type":"BreadcrumbList","@id":"https:\/\/www.lafabbrica.it\/fr\/elementa-des-tables-et-lavabos-modernes-presentes-au-salon-de-la-ceramique-de-bologne\/#breadcrumb","itemListElement":[{"@type":"ListItem","position":1,"name":"Home","item":"https:\/\/www.lafabbrica.it\/fr\/"},{"@type":"ListItem","position":2,"name":"Elementa : des tables et lavabos modernes pr\u00e9sent\u00e9s au Salon de la C\u00e9ramique de Bologne"}]},{"@type":"WebSite","@id":"https:\/\/www.lafabbrica.it\/fr\/#website","url":"https:\/\/www.lafabbrica.it\/fr\/","name":"La Fabbrica AVA","description":"","publisher":{"@id":"https:\/\/www.lafabbrica.it\/fr\/#organization"},"potentialAction":[{"@type":"SearchAction","target":{"@type":"EntryPoint","urlTemplate":"https:\/\/www.lafabbrica.it\/fr\/?s={search_term_string}"},"query-input":"required name=search_term_string"}],"inLanguage":"fr-FR"},{"@type":"Organization","@id":"https:\/\/www.lafabbrica.it\/fr\/#organization","name":"La Fabbrica AVA","url":"https:\/\/www.lafabbrica.it\/fr\/","logo":{"@type":"ImageObject","inLanguage":"fr-FR","@id":"https:\/\/www.lafabbrica.it\/fr\/#\/schema\/logo\/image\/","url":"https:\/\/www.lafabbrica.it\/wp-content\/uploads\/2023\/08\/Senza-titolo-1.png","contentUrl":"https:\/\/www.lafabbrica.it\/wp-content\/uploads\/2023\/08\/Senza-titolo-1.png","width":567,"height":240,"caption":"La Fabbrica AVA"},"image":{"@id":"https:\/\/www.lafabbrica.it\/fr\/#\/schema\/logo\/image\/"}},{"@type":"Person","@id":"https:\/\/www.lafabbrica.it\/fr\/#\/schema\/person\/9854f3650eab7e4334e66d22de09296a","name":"admin","sameAs":["http:\/\/www.lafabbrica.it"],"url":"https:\/\/www.lafabbrica.it\/fr\/author\/admin\/"}]}},"_links":{"self":[{"href":"https:\/\/www.lafabbrica.it\/fr\/wp-json\/wp\/v2\/posts\/25392","targetHints":{"allow":["GET"]}}],"collection":[{"href":"https:\/\/www.lafabbrica.it\/fr\/wp-json\/wp\/v2\/posts"}],"about":[{"href":"https:\/\/www.lafabbrica.it\/fr\/wp-json\/wp\/v2\/types\/post"}],"author":[{"embeddable":true,"href":"https:\/\/www.lafabbrica.it\/fr\/wp-json\/wp\/v2\/users\/1"}],"replies":[{"embeddable":true,"href":"https:\/\/www.lafabbrica.it\/fr\/wp-json\/wp\/v2\/comments?post=25392"}],"version-history":[{"count":0,"href":"https:\/\/www.lafabbrica.it\/fr\/wp-json\/wp\/v2\/posts\/25392\/revisions"}],"wp:featuredmedia":[{"embeddable":true,"href":"https:\/\/www.lafabbrica.it\/fr\/wp-json\/wp\/v2\/media\/25287"}],"wp:attachment":[{"href":"https:\/\/www.lafabbrica.it\/fr\/wp-json\/wp\/v2\/media?parent=25392"}],"wp:term":[{"taxonomy":"category","embeddable":true,"href":"https:\/\/www.lafabbrica.it\/fr\/wp-json\/wp\/v2\/categories?post=25392"},{"taxonomy":"post_tag","embeddable":true,"href":"https:\/\/www.lafabbrica.it\/fr\/wp-json\/wp\/v2\/tags?post=25392"}],"curies":[{"name":"wp","href":"https:\/\/api.w.org\/{rel}","templated":true}]}}