{"id":24122,"date":"2024-12-02T10:17:38","date_gmt":"2024-12-02T09:17:38","guid":{"rendered":"https:\/\/www.lafabbrica.it\/?p=24122"},"modified":"2024-12-03T10:24:39","modified_gmt":"2024-12-03T09:24:39","slug":"decorez-avec-style-creez-un-salon-unique-avec-les-revetements-up-le-malte-et-honey-wood","status":"publish","type":"post","link":"https:\/\/www.lafabbrica.it\/fr\/decorez-avec-style-creez-un-salon-unique-avec-les-revetements-up-le-malte-et-honey-wood\/","title":{"rendered":"D\u00e9corez avec style : cr\u00e9ez un salon unique avec les rev\u00eatements Up, Le Malte et Honey Wood"},"content":{"rendered":"\t\t<div data-elementor-type=\"wp-post\" data-elementor-id=\"24122\" class=\"elementor elementor-24122 elementor-24119\" data-elementor-post-type=\"post\">\n\t\t\t\t<div data-dce-background-color=\"#FFFFFF\" class=\"elementor-element elementor-element-d85b60f e-con-full e-flex e-con e-parent\" data-id=\"d85b60f\" data-element_type=\"container\" data-settings=\"{&quot;content_width&quot;:&quot;full&quot;,&quot;background_background&quot;:&quot;classic&quot;}\" data-core-v316-plus=\"true\">\n\t\t\t\t<div class=\"elementor-element elementor-element-46df3a7 elementor-widget elementor-widget-heading\" data-id=\"46df3a7\" data-element_type=\"widget\" data-widget_type=\"heading.default\">\n\t\t\t\t<div class=\"elementor-widget-container\">\n\t\t\t<h1 class=\"elementor-heading-title elementor-size-default\">D\u00e9corez avec style : <br>cr\u00e9ez un salon unique avec les rev\u00eatements Up, Le Malte et Honey Wood<\/h1>\t\t<\/div>\n\t\t\t\t<\/div>\n\t\t\t\t<div class=\"elementor-element elementor-element-cbbe802 elementor-widget elementor-widget-heading\" data-id=\"cbbe802\" data-element_type=\"widget\" data-widget_type=\"heading.default\">\n\t\t\t\t<div class=\"elementor-widget-container\">\n\t\t\t<h2 class=\"elementor-heading-title elementor-size-default\">Salons originaux : l'importance de d\u00e9corer avec style<\/h2>\t\t<\/div>\n\t\t\t\t<\/div>\n\t\t\t\t<div class=\"elementor-element elementor-element-daf8a68 elementor-widget elementor-widget-text-editor\" data-id=\"daf8a68\" data-element_type=\"widget\" data-widget_type=\"text-editor.default\">\n\t\t\t\t<div class=\"elementor-widget-container\">\n\t\t\t\t\t\t\t<strong>D\u00e9corer avec style signifie cr\u00e9er un espace qui refl\u00e8te notre personnalit\u00e9 et rend la maison accueillante.<\/strong>\u00a0Un salon bien con\u00e7u peut offrir du confort tout en devenant le c\u0153ur de la vie domestique : l&#8217;endroit id\u00e9al pour passer des moments de d\u00e9tente, que ce soit avec des invit\u00e9s, en famille ou en solitaire.\r\nEn choisissant les bons mat\u00e9riaux et rev\u00eatements, nous pouvons r\u00e9volutionner le\u00a0<strong>design d&#8217;int\u00e9rieur<\/strong>\u00a0de n&#8217;importe quel salon, le transformant en un espace unique et personnel.\t\t\t\t\t\t<\/div>\n\t\t\t\t<\/div>\n\t\t\t\t<div class=\"elementor-element elementor-element-78f2b73 elementor-widget elementor-widget-image\" data-id=\"78f2b73\" data-element_type=\"widget\" data-widget_type=\"image.default\">\n\t\t\t\t<div class=\"elementor-widget-container\">\n\t\t\t\t\t\t\t\t\t\t\t\t\t<img fetchpriority=\"high\" decoding=\"async\" width=\"1440\" height=\"811\" src=\"https:\/\/www.lafabbrica.it\/wp-content\/uploads\/2024\/12\/main1.jpg\" class=\"attachment-full size-full wp-image-24175\" alt=\"\" srcset=\"https:\/\/www.lafabbrica.it\/wp-content\/uploads\/2024\/12\/main1.jpg 1440w, https:\/\/www.lafabbrica.it\/wp-content\/uploads\/2024\/12\/main1-300x169.jpg 300w, https:\/\/www.lafabbrica.it\/wp-content\/uploads\/2024\/12\/main1-1024x577.jpg 1024w, https:\/\/www.lafabbrica.it\/wp-content\/uploads\/2024\/12\/main1-768x433.jpg 768w\" sizes=\"(max-width: 1440px) 100vw, 1440px\" \/>\t\t\t\t\t\t\t\t\t\t\t\t\t<\/div>\n\t\t\t\t<\/div>\n\t\t\t\t<div class=\"elementor-element elementor-element-d823393 elementor-widget elementor-widget-heading\" data-id=\"d823393\" data-element_type=\"widget\" data-widget_type=\"heading.default\">\n\t\t\t\t<div class=\"elementor-widget-container\">\n\t\t\t<h2 class=\"elementor-heading-title elementor-size-default\">Les rev\u00eatements Up, Le Malte et Honey Wood<\/h2>\t\t<\/div>\n\t\t\t\t<\/div>\n\t\t\t\t<div class=\"elementor-element elementor-element-4bb50c9 elementor-widget elementor-widget-text-editor\" data-id=\"4bb50c9\" data-element_type=\"widget\" data-widget_type=\"text-editor.default\">\n\t\t\t\t<div class=\"elementor-widget-container\">\n\t\t\t\t\t\t\t<p><strong>Pour ceux qui souhaitent un salon dot\u00e9 d&#8217;une identit\u00e9 esth\u00e9tique sp\u00e9cifique et, en m\u00eame temps, de hautes <\/strong><strong>fonctionnalit\u00e9s au quotidien<\/strong>, LA FABBRICA AVA propose :<\/p><ul><li><a href=\"https:\/\/www.lafabbrica.it\/fr\/collections\/up\/\"><u><strong>Up<\/strong><\/u><\/a> <strong style=\"font-size: 16px;\">:<\/strong><span style=\"font-size: 16px;\">une s\u00e9rie de rev\u00eatements en monocuisson aux surfaces tridimensionnelles et aux effets g\u00e9om\u00e9triques \u00e9l\u00e9gants.\u00a0<\/span><strong style=\"font-size: 16px;\">Disponible en sept couleurs<\/strong><strong style=\"font-size: 16px;\"> et deux finitions<\/strong><span style=\"font-size: 16px;\"><span style=\"font-size: 16px;\">\u00a0(mat et brillant), la collection offre des formats de 5\u00d725 cm et 10\u00d710 cm, parfaits pour cr\u00e9er des jeux de lumi\u00e8re et d&#8217;ombres qui donnent profondeur et dynamisme aux murs.<br \/><br \/><\/span><\/span><\/li><li><strong><u><a href=\"https:\/\/www.lafabbrica.it\/fr\/collections\/le-malte\/\">Le Malte<\/a><\/u> :<\/strong>inspir\u00e9e de l&#8217;esth\u00e9tique de la r\u00e9sine spatul\u00e9e, cette collection propose de grandes dalles en gr\u00e8s c\u00e9rame avec des finitions douces et des tons pastel.\u00a0<strong>Id\u00e9al pour ceux qui recherchent une continuit\u00e9 visuelle et des espaces ouverts<\/strong>, avec des formats allant jusqu&#8217;\u00e0 120&#215;120 cm et 120\u00d7280 cm.<br \/><br \/><\/li><li><strong><u><a href=\"https:\/\/www.lafabbrica.it\/fr\/collections\/honey-wood\/\">Honey Wood<\/a><\/u> :<\/strong>un gr\u00e8s c\u00e9rame effet bois aux tons miel. Disponible en diff\u00e9rentes essences comme Larice, Noce, Olmo, Rovere et Bricola et dans des formats incluant de grandes lames de 40&#215;240 cm et 24&#215;240 cm. La collection\u00a0<strong>marie l&#8217;esth\u00e9tique et la chaleur du bois \u00e0 la durabilit\u00e9 de la c\u00e9ramique.<\/strong><\/li><\/ul>\t\t\t\t\t\t<\/div>\n\t\t\t\t<\/div>\n\t\t\t\t<div class=\"elementor-element elementor-element-9c735e8 elementor-widget elementor-widget-image\" data-id=\"9c735e8\" data-element_type=\"widget\" data-widget_type=\"image.default\">\n\t\t\t\t<div class=\"elementor-widget-container\">\n\t\t\t\t\t\t\t\t\t\t\t\t\t<img decoding=\"async\" width=\"1440\" height=\"811\" src=\"https:\/\/www.lafabbrica.it\/wp-content\/uploads\/2024\/12\/banner-living.jpg\" class=\"attachment-full size-full wp-image-24132\" alt=\"\" srcset=\"https:\/\/www.lafabbrica.it\/wp-content\/uploads\/2024\/12\/banner-living.jpg 1440w, https:\/\/www.lafabbrica.it\/wp-content\/uploads\/2024\/12\/banner-living-300x169.jpg 300w, https:\/\/www.lafabbrica.it\/wp-content\/uploads\/2024\/12\/banner-living-1024x577.jpg 1024w, https:\/\/www.lafabbrica.it\/wp-content\/uploads\/2024\/12\/banner-living-768x433.jpg 768w\" sizes=\"(max-width: 1440px) 100vw, 1440px\" \/>\t\t\t\t\t\t\t\t\t\t\t\t\t<\/div>\n\t\t\t\t<\/div>\n\t\t\t\t<\/div>\n\t\t<div data-dce-background-color=\"#F7F7F8\" class=\"elementor-element elementor-element-cc6c1d4 e-con-full e-flex e-con e-parent\" data-id=\"cc6c1d4\" data-element_type=\"container\" data-settings=\"{&quot;content_width&quot;:&quot;full&quot;,&quot;background_background&quot;:&quot;classic&quot;}\" data-core-v316-plus=\"true\">\n\t\t<div class=\"elementor-element elementor-element-1cbc8b3 e-flex e-con-boxed e-con e-child\" data-id=\"1cbc8b3\" data-element_type=\"container\" data-settings=\"{&quot;content_width&quot;:&quot;boxed&quot;}\">\n\t\t\t\t\t<div class=\"e-con-inner\">\n\t\t<div class=\"elementor-element elementor-element-6562206 e-con-full e-flex e-con e-child\" data-id=\"6562206\" data-element_type=\"container\" data-settings=\"{&quot;content_width&quot;:&quot;full&quot;}\">\n\t\t\t\t<div class=\"elementor-element elementor-element-3561b29 elementor-widget elementor-widget-image\" data-id=\"3561b29\" data-element_type=\"widget\" data-widget_type=\"image.default\">\n\t\t\t\t<div class=\"elementor-widget-container\">\n\t\t\t\t\t\t\t\t\t\t\t\t\t\t<a href=\"https:\/\/www.lafabbrica.it\/fr\/collections\/le-malte\/\">\n\t\t\t\t\t\t\t<img decoding=\"async\" width=\"819\" height=\"1024\" src=\"https:\/\/www.lafabbrica.it\/wp-content\/uploads\/2024\/12\/malte.jpg\" class=\"attachment-large size-large wp-image-24167\" alt=\"\" srcset=\"https:\/\/www.lafabbrica.it\/wp-content\/uploads\/2024\/12\/malte.jpg 819w, https:\/\/www.lafabbrica.it\/wp-content\/uploads\/2024\/12\/malte-240x300.jpg 240w, https:\/\/www.lafabbrica.it\/wp-content\/uploads\/2024\/12\/malte-768x960.jpg 768w\" sizes=\"(max-width: 819px) 100vw, 819px\" \/>\t\t\t\t\t\t\t\t<\/a>\n\t\t\t\t\t\t\t\t\t\t\t\t\t<\/div>\n\t\t\t\t<\/div>\n\t\t\t\t<\/div>\n\t\t<div class=\"elementor-element elementor-element-9ea7199 e-con-full e-flex e-con e-child\" data-id=\"9ea7199\" data-element_type=\"container\" data-settings=\"{&quot;content_width&quot;:&quot;full&quot;}\">\n\t\t\t\t<div class=\"elementor-element elementor-element-610f2b9 elementor-widget elementor-widget-heading\" data-id=\"610f2b9\" data-element_type=\"widget\" data-widget_type=\"heading.default\">\n\t\t\t\t<div class=\"elementor-widget-container\">\n\t\t\t<h2 class=\"elementor-heading-title elementor-size-default\">Am\u00e9nager un salon au style minimaliste : esth\u00e9tique essentielle et raffin\u00e9e<\/h2>\t\t<\/div>\n\t\t\t\t<\/div>\n\t\t\t\t<div class=\"elementor-element elementor-element-2fddafa elementor-widget elementor-widget-text-editor\" data-id=\"2fddafa\" data-element_type=\"widget\" data-widget_type=\"text-editor.default\">\n\t\t\t\t<div class=\"elementor-widget-container\">\n\t\t\t\t\t\t\t<p><strong>Si vous souhaitez un salon essentiel et raffin\u00e9, nous entrons dans le domaine du style minimaliste :\u00a0<\/strong><a href=\"https:\/\/www.lafabbrica.it\/fr\/collections\/le-malte\/\"><strong><u>Le Malte<\/u><\/strong><\/a>, qui interpr\u00e8te la r\u00e9sine dans ses aspects les plus authentiques, est parfait pour transformer tout espace en un environnement contemporain et sophistiqu\u00e9.<br \/>\u2022\u00a0<strong>Mat\u00e9riaux authentiques et tonalit\u00e9s d\u00e9licates :<\/strong>\u00a0les tons neutres, comme le gris et le taupe, sont id\u00e9aux pour cr\u00e9er des surfaces \u00e0 effet spatul\u00e9 qui apportent profondeur et harmonie.<br \/>\u2022\u00a0<strong>Mobilier au design essentiel :<\/strong>\u00a0optez pour des meubles aux lignes \u00e9pur\u00e9es en bois clair ou laqu\u00e9 mat, favorisant une esth\u00e9tique sobre et fonctionnelle.<br \/>\u2022\u00a0<strong>\u00c9clairage discret et enveloppant :<\/strong>\u00a0des lampes minimalistes en verre ou en m\u00e9tal avec une lumi\u00e8re chaude et diffuse sont id\u00e9ales pour valoriser l\u2019atmosph\u00e8re de l\u2019espace.<\/p>\t\t\t\t\t\t<\/div>\n\t\t\t\t<\/div>\n\t\t\t\t<\/div>\n\t\t\t\t\t<\/div>\n\t\t\t\t<\/div>\n\t\t<div class=\"elementor-element elementor-element-7c75b46 e-flex e-con-boxed e-con e-child\" data-id=\"7c75b46\" data-element_type=\"container\" data-settings=\"{&quot;content_width&quot;:&quot;boxed&quot;}\">\n\t\t\t\t\t<div class=\"e-con-inner\">\n\t\t<div class=\"elementor-element elementor-element-6dfe727 e-con-full e-flex e-con e-child\" data-id=\"6dfe727\" data-element_type=\"container\" data-settings=\"{&quot;content_width&quot;:&quot;full&quot;}\">\n\t\t\t\t<div class=\"elementor-element elementor-element-1af8e61 elementor-widget elementor-widget-heading\" data-id=\"1af8e61\" data-element_type=\"widget\" data-widget_type=\"heading.default\">\n\t\t\t\t<div class=\"elementor-widget-container\">\n\t\t\t<h2 class=\"elementor-heading-title elementor-size-default\">Am\u00e9nager un salon avec un design original et cr\u00e9atif<\/h2>\t\t<\/div>\n\t\t\t\t<\/div>\n\t\t\t\t<div class=\"elementor-element elementor-element-4412206 elementor-widget elementor-widget-text-editor\" data-id=\"4412206\" data-element_type=\"widget\" data-widget_type=\"text-editor.default\">\n\t\t\t\t<div class=\"elementor-widget-container\">\n\t\t\t\t\t\t\t<strong><u><a href=\"https:\/\/www.lafabbrica.it\/fr\/collections\/up\/\">Up<\/a><\/u> se distingue par ses surfaces tridimensionnelles et une gamme chromatique en teinte unie :<\/strong>\u00a0les finitions mates et brillantes, combinables entre elles, ajoutent une touche d&#8217;\u00e9l\u00e9gance et de cr\u00e9ativit\u00e9.\r\n<ul>\r\n \t<li><strong>Lignes \u00e9pur\u00e9es :<\/strong>\u00a0les surfaces tridimensionnelles cr\u00e9ent des jeux de lumi\u00e8re discrets, enrichissant l&#8217;espace sans l&#8217;alourdir.<\/li>\r\n \t<li><strong>Palette en 7 coloris :<\/strong>\u00a0la gamme chromatique met en valeur l&#8217;environnement, conf\u00e9rant un aspect distinctif, recherch\u00e9 et \u00e9l\u00e9gant.<\/li>\r\n \t<li><strong>Polyvalence stylistique :<\/strong>\u00a0l&#8217;effet &#8220;waouh&#8221; de la collection g\u00e9n\u00e8re de subtils jeux de reliefs et de creux, offrant une plasticit\u00e9 sculpturale id\u00e9ale pour un style moderne ou contemporain.<\/li>\r\n<\/ul>\t\t\t\t\t\t<\/div>\n\t\t\t\t<\/div>\n\t\t\t\t<\/div>\n\t\t<div class=\"elementor-element elementor-element-e9354f6 e-con-full e-flex e-con e-child\" data-id=\"e9354f6\" data-element_type=\"container\" data-settings=\"{&quot;content_width&quot;:&quot;full&quot;}\">\n\t\t\t\t<div class=\"elementor-element elementor-element-7a4011a elementor-widget elementor-widget-image\" data-id=\"7a4011a\" data-element_type=\"widget\" data-widget_type=\"image.default\">\n\t\t\t\t<div class=\"elementor-widget-container\">\n\t\t\t\t\t\t\t\t\t\t\t\t\t\t<a href=\"https:\/\/www.lafabbrica.it\/fr\/collections\/up\/\">\n\t\t\t\t\t\t\t<img loading=\"lazy\" decoding=\"async\" width=\"819\" height=\"1024\" src=\"https:\/\/www.lafabbrica.it\/wp-content\/uploads\/2024\/12\/up-vert.jpg\" class=\"attachment-large size-large wp-image-24163\" alt=\"\" srcset=\"https:\/\/www.lafabbrica.it\/wp-content\/uploads\/2024\/12\/up-vert.jpg 819w, https:\/\/www.lafabbrica.it\/wp-content\/uploads\/2024\/12\/up-vert-240x300.jpg 240w, https:\/\/www.lafabbrica.it\/wp-content\/uploads\/2024\/12\/up-vert-768x960.jpg 768w\" sizes=\"(max-width: 819px) 100vw, 819px\" \/>\t\t\t\t\t\t\t\t<\/a>\n\t\t\t\t\t\t\t\t\t\t\t\t\t<\/div>\n\t\t\t\t<\/div>\n\t\t\t\t<\/div>\n\t\t\t\t\t<\/div>\n\t\t\t\t<\/div>\n\t\t<div class=\"elementor-element elementor-element-acbd027 e-flex e-con-boxed e-con e-child\" data-id=\"acbd027\" data-element_type=\"container\" data-settings=\"{&quot;content_width&quot;:&quot;boxed&quot;}\">\n\t\t\t\t\t<div class=\"e-con-inner\">\n\t\t<div class=\"elementor-element elementor-element-a0f444e e-con-full e-flex e-con e-child\" data-id=\"a0f444e\" data-element_type=\"container\" data-settings=\"{&quot;content_width&quot;:&quot;full&quot;}\">\n\t\t\t\t<div class=\"elementor-element elementor-element-57f486b elementor-widget elementor-widget-image\" data-id=\"57f486b\" data-element_type=\"widget\" data-widget_type=\"image.default\">\n\t\t\t\t<div class=\"elementor-widget-container\">\n\t\t\t\t\t\t\t\t\t\t\t\t\t\t<a href=\"https:\/\/www.lafabbrica.it\/fr\/collections\/honey-wood\/\">\n\t\t\t\t\t\t\t<img loading=\"lazy\" decoding=\"async\" width=\"819\" height=\"1024\" src=\"https:\/\/www.lafabbrica.it\/wp-content\/uploads\/2024\/12\/honey-vert.jpg\" class=\"attachment-large size-large wp-image-24171\" alt=\"\" srcset=\"https:\/\/www.lafabbrica.it\/wp-content\/uploads\/2024\/12\/honey-vert.jpg 819w, https:\/\/www.lafabbrica.it\/wp-content\/uploads\/2024\/12\/honey-vert-240x300.jpg 240w, https:\/\/www.lafabbrica.it\/wp-content\/uploads\/2024\/12\/honey-vert-768x960.jpg 768w\" sizes=\"(max-width: 819px) 100vw, 819px\" \/>\t\t\t\t\t\t\t\t<\/a>\n\t\t\t\t\t\t\t\t\t\t\t\t\t<\/div>\n\t\t\t\t<\/div>\n\t\t\t\t<\/div>\n\t\t<div class=\"elementor-element elementor-element-8248a0e e-con-full e-flex e-con e-child\" data-id=\"8248a0e\" data-element_type=\"container\" data-settings=\"{&quot;content_width&quot;:&quot;full&quot;}\">\n\t\t\t\t<div class=\"elementor-element elementor-element-675c2f6 elementor-widget elementor-widget-heading\" data-id=\"675c2f6\" data-element_type=\"widget\" data-widget_type=\"heading.default\">\n\t\t\t\t<div class=\"elementor-widget-container\">\n\t\t\t<h3 class=\"elementor-heading-title elementor-size-default\">Am\u00e9nager un salon dans un style classique<\/h3>\t\t<\/div>\n\t\t\t\t<\/div>\n\t\t\t\t<div class=\"elementor-element elementor-element-7379c52 elementor-widget elementor-widget-text-editor\" data-id=\"7379c52\" data-element_type=\"widget\" data-widget_type=\"text-editor.default\">\n\t\t\t\t<div class=\"elementor-widget-container\">\n\t\t\t\t\t\t\t<strong><a href=\"https:\/\/www.lafabbrica.it\/fr\/collections\/honey-wood\/\"><u>Honey Wood<\/u><\/a> \u00e9voque le charme unique et inimitable des demeures d&#8217;autrefois avec ses tons chauds et ses veinures qui rappellent le bois naturel.<\/strong>\u00a0Les d\u00e9tails mat\u00e9riels et les poses classiques font de cette collection une alternative raffin\u00e9e au parquet, expression d&#8217;une \u00e9l\u00e9gance intemporelle.\r\n<ul>\r\n \t<li><strong>Rendement r\u00e9aliste :<\/strong>\u00a0des tonalit\u00e9s miel et des veinures authentiques cr\u00e9ent une atmosph\u00e8re chaleureuse et accueillante.<\/li>\r\n \t<li><strong>Associations r\u00e9tro :<\/strong>\u00a0meubles d&#8217;\u00e9poque et accessoires vintage se marient parfaitement avec toutes les d\u00e9clinaisons de Honey Wood.<\/li>\r\n \t<li><strong>Poses classiques :<\/strong>\u00a0le format Chevron XL 15\u00d785 cm r\u00e9invente le charme du motif traditionnel avec une pose inclin\u00e9e \u00e0 45 degr\u00e9s, amplifiant la perception de profondeur et le dynamisme de l&#8217;espace.<\/li>\r\n<\/ul>\t\t\t\t\t\t<\/div>\n\t\t\t\t<\/div>\n\t\t\t\t<\/div>\n\t\t\t\t\t<\/div>\n\t\t\t\t<\/div>\n\t\t\t\t<\/div>\n\t\t<div class=\"elementor-element elementor-element-9849492 e-con-full e-flex e-con e-parent\" data-id=\"9849492\" data-element_type=\"container\" data-settings=\"{&quot;content_width&quot;:&quot;full&quot;}\" data-core-v316-plus=\"true\">\n\t\t\t\t<div class=\"elementor-element elementor-element-5a46489 elementor-widget elementor-widget-image\" data-id=\"5a46489\" data-element_type=\"widget\" data-widget_type=\"image.default\">\n\t\t\t\t<div class=\"elementor-widget-container\">\n\t\t\t\t\t\t\t\t\t\t\t\t\t<img loading=\"lazy\" decoding=\"async\" width=\"1440\" height=\"811\" src=\"https:\/\/www.lafabbrica.it\/wp-content\/uploads\/2024\/12\/banner2.jpg\" class=\"attachment-full size-full wp-image-24186\" alt=\"\" srcset=\"https:\/\/www.lafabbrica.it\/wp-content\/uploads\/2024\/12\/banner2.jpg 1440w, https:\/\/www.lafabbrica.it\/wp-content\/uploads\/2024\/12\/banner2-300x169.jpg 300w, https:\/\/www.lafabbrica.it\/wp-content\/uploads\/2024\/12\/banner2-1024x577.jpg 1024w, https:\/\/www.lafabbrica.it\/wp-content\/uploads\/2024\/12\/banner2-768x433.jpg 768w\" sizes=\"(max-width: 1440px) 100vw, 1440px\" \/>\t\t\t\t\t\t\t\t\t\t\t\t\t<\/div>\n\t\t\t\t<\/div>\n\t\t\t\t<\/div>\n\t\t<div class=\"elementor-element elementor-element-36758d4 e-con-full e-flex e-con e-parent\" data-id=\"36758d4\" data-element_type=\"container\" data-settings=\"{&quot;content_width&quot;:&quot;full&quot;}\" data-core-v316-plus=\"true\">\n\t\t\t\t<div class=\"elementor-element elementor-element-c17760e elementor-align-center elementor-widget elementor-widget-button\" data-id=\"c17760e\" data-element_type=\"widget\" data-widget_type=\"button.default\">\n\t\t\t\t<div class=\"elementor-widget-container\">\n\t\t\t\t\t<div class=\"elementor-button-wrapper\">\n\t\t\t<a class=\"elementor-button elementor-button-link elementor-size-md\" href=\"https:\/\/www.lafabbrica.it\/fr\/blog-2024\/\">\n\t\t\t\t\t\t<span class=\"elementor-button-content-wrapper\">\n\t\t\t\t\t\t<span class=\"elementor-button-text\">Continuer \u00e0 lire sur La Fabbrica Ava.<\/span>\n\t\t<\/span>\n\t\t\t\t\t<\/a>\n\t\t<\/div>\n\t\t\t\t<\/div>\n\t\t\t\t<\/div>\n\t\t\t\t<\/div>\n\t\t<div class=\"elementor-element elementor-element-b4379a9 e-flex e-con-boxed e-con e-parent\" data-id=\"b4379a9\" data-element_type=\"container\" data-settings=\"{&quot;content_width&quot;:&quot;boxed&quot;}\" data-core-v316-plus=\"true\">\n\t\t\t\t\t<div class=\"e-con-inner\">\n\t\t\t\t\t<\/div>\n\t\t\t\t<\/div>\n\t\t\t\t<\/div>\n\t\t","protected":false},"excerpt":{"rendered":"<p>D\u00e9corer avec style signifie cr\u00e9er un espace qui refl\u00e8te notre personnalit\u00e9 et rend la maison accueillante.\u00a0<\/p>\n","protected":false},"author":1,"featured_media":24202,"comment_status":"closed","ping_status":"closed","sticky":false,"template":"","format":"standard","meta":{"_acf_changed":false,"site-sidebar-layout":"default","site-content-layout":"","ast-site-content-layout":"default","site-content-style":"default","site-sidebar-style":"default","ast-global-header-display":"","ast-banner-title-visibility":"","ast-main-header-display":"","ast-hfb-above-header-display":"","ast-hfb-below-header-display":"","ast-hfb-mobile-header-display":"","site-post-title":"","ast-breadcrumbs-content":"","ast-featured-img":"","footer-sml-layout":"","theme-transparent-header-meta":"","adv-header-id-meta":"","stick-header-meta":"","header-above-stick-meta":"","header-main-stick-meta":"","header-below-stick-meta":"","astra-migrate-meta-layouts":"default","ast-page-background-enabled":"default","ast-page-background-meta":{"desktop":{"background-color":"var(--ast-global-color-4)","background-image":"","background-repeat":"repeat","background-position":"center center","background-size":"auto","background-attachment":"scroll","background-type":"","background-media":"","overlay-type":"","overlay-color":"","overlay-gradient":""},"tablet":{"background-color":"","background-image":"","background-repeat":"repeat","background-position":"center center","background-size":"auto","background-attachment":"scroll","background-type":"","background-media":"","overlay-type":"","overlay-color":"","overlay-gradient":""},"mobile":{"background-color":"","background-image":"","background-repeat":"repeat","background-position":"center center","background-size":"auto","background-attachment":"scroll","background-type":"","background-media":"","overlay-type":"","overlay-color":"","overlay-gradient":""}},"ast-content-background-meta":{"desktop":{"background-color":"var(--ast-global-color-5)","background-image":"","background-repeat":"repeat","background-position":"center center","background-size":"auto","background-attachment":"scroll","background-type":"","background-media":"","overlay-type":"","overlay-color":"","overlay-gradient":""},"tablet":{"background-color":"var(--ast-global-color-5)","background-image":"","background-repeat":"repeat","background-position":"center center","background-size":"auto","background-attachment":"scroll","background-type":"","background-media":"","overlay-type":"","overlay-color":"","overlay-gradient":""},"mobile":{"background-color":"var(--ast-global-color-5)","background-image":"","background-repeat":"repeat","background-position":"center center","background-size":"auto","background-attachment":"scroll","background-type":"","background-media":"","overlay-type":"","overlay-color":"","overlay-gradient":""}},"footnotes":""},"categories":[1241],"tags":[],"class_list":["post-24122","post","type-post","status-publish","format-standard","has-post-thumbnail","hentry","category-blog-fr"],"acf":[],"yoast_head":"<!-- This site is optimized with the Yoast SEO plugin v22.0 - https:\/\/yoast.com\/wordpress\/plugins\/seo\/ -->\n<title>D\u00e9corez avec style : cr\u00e9ez un salon unique avec les rev\u00eatements Up, Le Malte et Honey Wood - La Fabbrica AVA<\/title>\n<meta name=\"description\" content=\"D\u00e9corer avec style signifie cr\u00e9er un espace qui refl\u00e8te notre personnalit\u00e9 et rend la maison accueillante.\u00a0\" \/>\n<meta name=\"robots\" content=\"index, follow, max-snippet:-1, max-image-preview:large, max-video-preview:-1\" \/>\n<link rel=\"canonical\" href=\"https:\/\/www.lafabbrica.it\/fr\/decorez-avec-style-creez-un-salon-unique-avec-les-revetements-up-le-malte-et-honey-wood\/\" \/>\n<meta property=\"og:locale\" content=\"fr_FR\" \/>\n<meta property=\"og:type\" content=\"article\" \/>\n<meta property=\"og:title\" content=\"D\u00e9corez avec style : cr\u00e9ez un salon unique avec les rev\u00eatements Up, Le Malte et Honey Wood - La Fabbrica AVA\" \/>\n<meta property=\"og:description\" content=\"D\u00e9corer avec style signifie cr\u00e9er un espace qui refl\u00e8te notre personnalit\u00e9 et rend la maison accueillante.\u00a0\" \/>\n<meta property=\"og:url\" content=\"https:\/\/www.lafabbrica.it\/fr\/decorez-avec-style-creez-un-salon-unique-avec-les-revetements-up-le-malte-et-honey-wood\/\" \/>\n<meta property=\"og:site_name\" content=\"La Fabbrica AVA\" \/>\n<meta property=\"article:published_time\" content=\"2024-12-02T09:17:38+00:00\" \/>\n<meta property=\"article:modified_time\" content=\"2024-12-03T09:24:39+00:00\" \/>\n<meta property=\"og:image\" content=\"https:\/\/www.lafabbrica.it\/wp-content\/uploads\/2024\/12\/list-ok.jpg\" \/>\n\t<meta property=\"og:image:width\" content=\"880\" \/>\n\t<meta property=\"og:image:height\" content=\"860\" \/>\n\t<meta property=\"og:image:type\" content=\"image\/jpeg\" \/>\n<meta name=\"author\" content=\"admin\" \/>\n<meta name=\"twitter:card\" content=\"summary_large_image\" \/>\n<meta name=\"twitter:label1\" content=\"\u00c9crit par\" \/>\n\t<meta name=\"twitter:data1\" content=\"admin\" \/>\n\t<meta name=\"twitter:label2\" content=\"Dur\u00e9e de lecture estim\u00e9e\" \/>\n\t<meta name=\"twitter:data2\" content=\"5 minutes\" \/>\n<script type=\"application\/ld+json\" class=\"yoast-schema-graph\">{\"@context\":\"https:\/\/schema.org\",\"@graph\":[{\"@type\":\"Article\",\"@id\":\"https:\/\/www.lafabbrica.it\/fr\/decorez-avec-style-creez-un-salon-unique-avec-les-revetements-up-le-malte-et-honey-wood\/#article\",\"isPartOf\":{\"@id\":\"https:\/\/www.lafabbrica.it\/fr\/decorez-avec-style-creez-un-salon-unique-avec-les-revetements-up-le-malte-et-honey-wood\/\"},\"author\":{\"name\":\"admin\",\"@id\":\"https:\/\/www.lafabbrica.it\/fr\/#\/schema\/person\/9854f3650eab7e4334e66d22de09296a\"},\"headline\":\"D\u00e9corez avec style : cr\u00e9ez un salon unique avec les rev\u00eatements Up, Le Malte et Honey Wood\",\"datePublished\":\"2024-12-02T09:17:38+00:00\",\"dateModified\":\"2024-12-03T09:24:39+00:00\",\"mainEntityOfPage\":{\"@id\":\"https:\/\/www.lafabbrica.it\/fr\/decorez-avec-style-creez-un-salon-unique-avec-les-revetements-up-le-malte-et-honey-wood\/\"},\"wordCount\":736,\"publisher\":{\"@id\":\"https:\/\/www.lafabbrica.it\/fr\/#organization\"},\"articleSection\":[\"Blog\"],\"inLanguage\":\"fr-FR\"},{\"@type\":\"WebPage\",\"@id\":\"https:\/\/www.lafabbrica.it\/fr\/decorez-avec-style-creez-un-salon-unique-avec-les-revetements-up-le-malte-et-honey-wood\/\",\"url\":\"https:\/\/www.lafabbrica.it\/fr\/decorez-avec-style-creez-un-salon-unique-avec-les-revetements-up-le-malte-et-honey-wood\/\",\"name\":\"D\u00e9corez avec style : cr\u00e9ez un salon unique avec les rev\u00eatements Up, Le Malte et Honey Wood - La Fabbrica AVA\",\"isPartOf\":{\"@id\":\"https:\/\/www.lafabbrica.it\/fr\/#website\"},\"datePublished\":\"2024-12-02T09:17:38+00:00\",\"dateModified\":\"2024-12-03T09:24:39+00:00\",\"description\":\"D\u00e9corer avec style signifie cr\u00e9er un espace qui refl\u00e8te notre personnalit\u00e9 et rend la maison accueillante.\u00a0\",\"breadcrumb\":{\"@id\":\"https:\/\/www.lafabbrica.it\/fr\/decorez-avec-style-creez-un-salon-unique-avec-les-revetements-up-le-malte-et-honey-wood\/#breadcrumb\"},\"inLanguage\":\"fr-FR\",\"potentialAction\":[{\"@type\":\"ReadAction\",\"target\":[\"https:\/\/www.lafabbrica.it\/fr\/decorez-avec-style-creez-un-salon-unique-avec-les-revetements-up-le-malte-et-honey-wood\/\"]}]},{\"@type\":\"BreadcrumbList\",\"@id\":\"https:\/\/www.lafabbrica.it\/fr\/decorez-avec-style-creez-un-salon-unique-avec-les-revetements-up-le-malte-et-honey-wood\/#breadcrumb\",\"itemListElement\":[{\"@type\":\"ListItem\",\"position\":1,\"name\":\"Home\",\"item\":\"https:\/\/www.lafabbrica.it\/fr\/\"},{\"@type\":\"ListItem\",\"position\":2,\"name\":\"D\u00e9corez avec style : cr\u00e9ez un salon unique avec les rev\u00eatements Up, Le Malte et Honey Wood\"}]},{\"@type\":\"WebSite\",\"@id\":\"https:\/\/www.lafabbrica.it\/fr\/#website\",\"url\":\"https:\/\/www.lafabbrica.it\/fr\/\",\"name\":\"La Fabbrica AVA\",\"description\":\"\",\"publisher\":{\"@id\":\"https:\/\/www.lafabbrica.it\/fr\/#organization\"},\"potentialAction\":[{\"@type\":\"SearchAction\",\"target\":{\"@type\":\"EntryPoint\",\"urlTemplate\":\"https:\/\/www.lafabbrica.it\/fr\/?s={search_term_string}\"},\"query-input\":\"required name=search_term_string\"}],\"inLanguage\":\"fr-FR\"},{\"@type\":\"Organization\",\"@id\":\"https:\/\/www.lafabbrica.it\/fr\/#organization\",\"name\":\"La Fabbrica AVA\",\"url\":\"https:\/\/www.lafabbrica.it\/fr\/\",\"logo\":{\"@type\":\"ImageObject\",\"inLanguage\":\"fr-FR\",\"@id\":\"https:\/\/www.lafabbrica.it\/fr\/#\/schema\/logo\/image\/\",\"url\":\"https:\/\/www.lafabbrica.it\/wp-content\/uploads\/2023\/08\/Senza-titolo-1.png\",\"contentUrl\":\"https:\/\/www.lafabbrica.it\/wp-content\/uploads\/2023\/08\/Senza-titolo-1.png\",\"width\":567,\"height\":240,\"caption\":\"La Fabbrica AVA\"},\"image\":{\"@id\":\"https:\/\/www.lafabbrica.it\/fr\/#\/schema\/logo\/image\/\"}},{\"@type\":\"Person\",\"@id\":\"https:\/\/www.lafabbrica.it\/fr\/#\/schema\/person\/9854f3650eab7e4334e66d22de09296a\",\"name\":\"admin\",\"sameAs\":[\"http:\/\/www.lafabbrica.it\"],\"url\":\"https:\/\/www.lafabbrica.it\/fr\/author\/admin\/\"}]}<\/script>\n<!-- \/ Yoast SEO plugin. -->","yoast_head_json":{"title":"D\u00e9corez avec style : cr\u00e9ez un salon unique avec les rev\u00eatements Up, Le Malte et Honey Wood - La Fabbrica AVA","description":"D\u00e9corer avec style signifie cr\u00e9er un espace qui refl\u00e8te notre personnalit\u00e9 et rend la maison accueillante.\u00a0","robots":{"index":"index","follow":"follow","max-snippet":"max-snippet:-1","max-image-preview":"max-image-preview:large","max-video-preview":"max-video-preview:-1"},"canonical":"https:\/\/www.lafabbrica.it\/fr\/decorez-avec-style-creez-un-salon-unique-avec-les-revetements-up-le-malte-et-honey-wood\/","og_locale":"fr_FR","og_type":"article","og_title":"D\u00e9corez avec style : cr\u00e9ez un salon unique avec les rev\u00eatements Up, Le Malte et Honey Wood - La Fabbrica AVA","og_description":"D\u00e9corer avec style signifie cr\u00e9er un espace qui refl\u00e8te notre personnalit\u00e9 et rend la maison accueillante.\u00a0","og_url":"https:\/\/www.lafabbrica.it\/fr\/decorez-avec-style-creez-un-salon-unique-avec-les-revetements-up-le-malte-et-honey-wood\/","og_site_name":"La Fabbrica AVA","article_published_time":"2024-12-02T09:17:38+00:00","article_modified_time":"2024-12-03T09:24:39+00:00","og_image":[{"width":880,"height":860,"url":"https:\/\/www.lafabbrica.it\/wp-content\/uploads\/2024\/12\/list-ok.jpg","type":"image\/jpeg"}],"author":"admin","twitter_card":"summary_large_image","twitter_misc":{"\u00c9crit par":"admin","Dur\u00e9e de lecture estim\u00e9e":"5 minutes"},"schema":{"@context":"https:\/\/schema.org","@graph":[{"@type":"Article","@id":"https:\/\/www.lafabbrica.it\/fr\/decorez-avec-style-creez-un-salon-unique-avec-les-revetements-up-le-malte-et-honey-wood\/#article","isPartOf":{"@id":"https:\/\/www.lafabbrica.it\/fr\/decorez-avec-style-creez-un-salon-unique-avec-les-revetements-up-le-malte-et-honey-wood\/"},"author":{"name":"admin","@id":"https:\/\/www.lafabbrica.it\/fr\/#\/schema\/person\/9854f3650eab7e4334e66d22de09296a"},"headline":"D\u00e9corez avec style : cr\u00e9ez un salon unique avec les rev\u00eatements Up, Le Malte et Honey Wood","datePublished":"2024-12-02T09:17:38+00:00","dateModified":"2024-12-03T09:24:39+00:00","mainEntityOfPage":{"@id":"https:\/\/www.lafabbrica.it\/fr\/decorez-avec-style-creez-un-salon-unique-avec-les-revetements-up-le-malte-et-honey-wood\/"},"wordCount":736,"publisher":{"@id":"https:\/\/www.lafabbrica.it\/fr\/#organization"},"articleSection":["Blog"],"inLanguage":"fr-FR"},{"@type":"WebPage","@id":"https:\/\/www.lafabbrica.it\/fr\/decorez-avec-style-creez-un-salon-unique-avec-les-revetements-up-le-malte-et-honey-wood\/","url":"https:\/\/www.lafabbrica.it\/fr\/decorez-avec-style-creez-un-salon-unique-avec-les-revetements-up-le-malte-et-honey-wood\/","name":"D\u00e9corez avec style : cr\u00e9ez un salon unique avec les rev\u00eatements Up, Le Malte et Honey Wood - La Fabbrica AVA","isPartOf":{"@id":"https:\/\/www.lafabbrica.it\/fr\/#website"},"datePublished":"2024-12-02T09:17:38+00:00","dateModified":"2024-12-03T09:24:39+00:00","description":"D\u00e9corer avec style signifie cr\u00e9er un espace qui refl\u00e8te notre personnalit\u00e9 et rend la maison accueillante.\u00a0","breadcrumb":{"@id":"https:\/\/www.lafabbrica.it\/fr\/decorez-avec-style-creez-un-salon-unique-avec-les-revetements-up-le-malte-et-honey-wood\/#breadcrumb"},"inLanguage":"fr-FR","potentialAction":[{"@type":"ReadAction","target":["https:\/\/www.lafabbrica.it\/fr\/decorez-avec-style-creez-un-salon-unique-avec-les-revetements-up-le-malte-et-honey-wood\/"]}]},{"@type":"BreadcrumbList","@id":"https:\/\/www.lafabbrica.it\/fr\/decorez-avec-style-creez-un-salon-unique-avec-les-revetements-up-le-malte-et-honey-wood\/#breadcrumb","itemListElement":[{"@type":"ListItem","position":1,"name":"Home","item":"https:\/\/www.lafabbrica.it\/fr\/"},{"@type":"ListItem","position":2,"name":"D\u00e9corez avec style : cr\u00e9ez un salon unique avec les rev\u00eatements Up, Le Malte et Honey Wood"}]},{"@type":"WebSite","@id":"https:\/\/www.lafabbrica.it\/fr\/#website","url":"https:\/\/www.lafabbrica.it\/fr\/","name":"La Fabbrica AVA","description":"","publisher":{"@id":"https:\/\/www.lafabbrica.it\/fr\/#organization"},"potentialAction":[{"@type":"SearchAction","target":{"@type":"EntryPoint","urlTemplate":"https:\/\/www.lafabbrica.it\/fr\/?s={search_term_string}"},"query-input":"required name=search_term_string"}],"inLanguage":"fr-FR"},{"@type":"Organization","@id":"https:\/\/www.lafabbrica.it\/fr\/#organization","name":"La Fabbrica AVA","url":"https:\/\/www.lafabbrica.it\/fr\/","logo":{"@type":"ImageObject","inLanguage":"fr-FR","@id":"https:\/\/www.lafabbrica.it\/fr\/#\/schema\/logo\/image\/","url":"https:\/\/www.lafabbrica.it\/wp-content\/uploads\/2023\/08\/Senza-titolo-1.png","contentUrl":"https:\/\/www.lafabbrica.it\/wp-content\/uploads\/2023\/08\/Senza-titolo-1.png","width":567,"height":240,"caption":"La Fabbrica AVA"},"image":{"@id":"https:\/\/www.lafabbrica.it\/fr\/#\/schema\/logo\/image\/"}},{"@type":"Person","@id":"https:\/\/www.lafabbrica.it\/fr\/#\/schema\/person\/9854f3650eab7e4334e66d22de09296a","name":"admin","sameAs":["http:\/\/www.lafabbrica.it"],"url":"https:\/\/www.lafabbrica.it\/fr\/author\/admin\/"}]}},"_links":{"self":[{"href":"https:\/\/www.lafabbrica.it\/fr\/wp-json\/wp\/v2\/posts\/24122","targetHints":{"allow":["GET"]}}],"collection":[{"href":"https:\/\/www.lafabbrica.it\/fr\/wp-json\/wp\/v2\/posts"}],"about":[{"href":"https:\/\/www.lafabbrica.it\/fr\/wp-json\/wp\/v2\/types\/post"}],"author":[{"embeddable":true,"href":"https:\/\/www.lafabbrica.it\/fr\/wp-json\/wp\/v2\/users\/1"}],"replies":[{"embeddable":true,"href":"https:\/\/www.lafabbrica.it\/fr\/wp-json\/wp\/v2\/comments?post=24122"}],"version-history":[{"count":0,"href":"https:\/\/www.lafabbrica.it\/fr\/wp-json\/wp\/v2\/posts\/24122\/revisions"}],"wp:featuredmedia":[{"embeddable":true,"href":"https:\/\/www.lafabbrica.it\/fr\/wp-json\/wp\/v2\/media\/24202"}],"wp:attachment":[{"href":"https:\/\/www.lafabbrica.it\/fr\/wp-json\/wp\/v2\/media?parent=24122"}],"wp:term":[{"taxonomy":"category","embeddable":true,"href":"https:\/\/www.lafabbrica.it\/fr\/wp-json\/wp\/v2\/categories?post=24122"},{"taxonomy":"post_tag","embeddable":true,"href":"https:\/\/www.lafabbrica.it\/fr\/wp-json\/wp\/v2\/tags?post=24122"}],"curies":[{"name":"wp","href":"https:\/\/api.w.org\/{rel}","templated":true}]}}