{"id":22637,"date":"2024-10-18T07:43:08","date_gmt":"2024-10-18T07:43:08","guid":{"rendered":"https:\/\/www.lafabbrica.it\/?p=22637"},"modified":"2024-10-18T10:41:07","modified_gmt":"2024-10-18T10:41:07","slug":"cuisine-moderne-comment-la-rendre-fonctionnelle-et-accueillante","status":"publish","type":"post","link":"https:\/\/www.lafabbrica.it\/fr\/cuisine-moderne-comment-la-rendre-fonctionnelle-et-accueillante\/","title":{"rendered":"Cuisine moderne : comment la rendre fonctionnelle et accueillante"},"content":{"rendered":"\t\t<div data-elementor-type=\"wp-post\" data-elementor-id=\"22637\" class=\"elementor elementor-22637 elementor-22634\" data-elementor-post-type=\"post\">\n\t\t\t\t<div data-dce-background-color=\"#FFFFFF\" class=\"elementor-element elementor-element-41f545f e-con-full e-flex e-con e-parent\" data-id=\"41f545f\" data-element_type=\"container\" data-settings=\"{&quot;content_width&quot;:&quot;full&quot;,&quot;background_background&quot;:&quot;classic&quot;}\" data-core-v316-plus=\"true\">\n\t\t\t\t<div class=\"elementor-element elementor-element-11f0209 elementor-widget elementor-widget-heading\" data-id=\"11f0209\" data-element_type=\"widget\" data-widget_type=\"heading.default\">\n\t\t\t\t<div class=\"elementor-widget-container\">\n\t\t\t<h1 class=\"elementor-heading-title elementor-size-default\">Cuisine moderne : comment la rendre fonctionnelle et accueillante<\/h1>\t\t<\/div>\n\t\t\t\t<\/div>\n\t\t\t\t<div class=\"elementor-element elementor-element-6e1eeda elementor-widget elementor-widget-text-editor\" data-id=\"6e1eeda\" data-element_type=\"widget\" data-widget_type=\"text-editor.default\">\n\t\t\t\t<div class=\"elementor-widget-container\">\n\t\t\t\t\t\t\t<p><strong>Une cuisine <\/strong><strong>accueillante<\/strong><strong>\u00a0<\/strong><strong>repr\u00e9sente<\/strong><strong> le <\/strong><strong>c\u0153ur<\/strong><strong>\u00a0<\/strong><strong>battant<\/strong><strong> de la maison, un <\/strong><strong>lieu<\/strong><strong>\u00a0<\/strong><strong>o\u00f9<\/strong><strong>\u00a0<\/strong><strong>le design<\/strong><strong>, le confort et la <\/strong><strong>fonctionnalit\u00e9<\/strong><strong> se <\/strong><strong>rencontrent<\/strong><strong> pour <\/strong><strong>donner<\/strong><strong> vie \u00e0 un environnement <\/strong><strong>id\u00e9al<\/strong>\u00a0o\u00f9\u00a0cuisiner, socialiser et se d\u00e9tendre.\u00a0Dans\u00a0cet\u00a0article, nous explorerons\u00a0comment transformer votre cuisine en un espace qui combine design minimaliste, ergonomie et solutions\u00a0cr\u00e9atives, m\u00eame pour ceux qui disposent d&#8217;une cuisine de petite taille.<\/p>\n\t\t\t\t\t\t<\/div>\n\t\t\t\t<\/div>\n\t\t\t\t<div class=\"elementor-element elementor-element-63ac007 elementor-widget elementor-widget-heading\" data-id=\"63ac007\" data-element_type=\"widget\" data-widget_type=\"heading.default\">\n\t\t\t\t<div class=\"elementor-widget-container\">\n\t\t\t<h2 class=\"elementor-heading-title elementor-size-default\">La cuisine id\u00e9ale : <br>intelligente, minimaliste, ergonomique<\/h2>\t\t<\/div>\n\t\t\t\t<\/div>\n\t\t\t\t<div class=\"elementor-element elementor-element-2bb7905 elementor-widget elementor-widget-text-editor\" data-id=\"2bb7905\" data-element_type=\"widget\" data-widget_type=\"text-editor.default\">\n\t\t\t\t<div class=\"elementor-widget-container\">\n\t\t\t\t\t\t\t<p><strong>Une cuisine <\/strong><strong>id\u00e9ale<\/strong><strong> se distingue par sa <\/strong><strong>capacit\u00e9<\/strong><strong> \u00e0 <\/strong><strong>allier<\/strong><strong> style et <\/strong><strong>efficacit\u00e9<\/strong><strong>. <\/strong><strong>Dans<\/strong><strong> ce <\/strong><strong>domaine<\/strong><strong>, le design minimaliste <\/strong><strong>joue<\/strong><strong> un r\u00f4le <\/strong><strong>central<\/strong><strong>, <\/strong>caract\u00e9ris\u00e9 par des\u00a0lignes\u00a0\u00e9pur\u00e9es, des\u00a0surfaces\u00a0lisses et une organisation\u00a0des\u00a0espaces pens\u00e9e pour minimiser le d\u00e9sordre.<\/p>\n<p>L\u2019ergonomie est \u00e9galement cruciale :\u00a0<strong>une cuisine doit \u00eatre con\u00e7ue pour faciliter les mouvements et les activit\u00e9s quotidiennes<\/strong>, avec un placement des \u00e9l\u00e9ments essentiels (plaque de cuisson, \u00e9vier, r\u00e9frig\u00e9rateur) \u00e0 des distances optimales.<\/p>\n\t\t\t\t\t\t<\/div>\n\t\t\t\t<\/div>\n\t\t\t\t<div class=\"elementor-element elementor-element-190954a elementor-widget elementor-widget-image\" data-id=\"190954a\" data-element_type=\"widget\" data-widget_type=\"image.default\">\n\t\t\t\t<div class=\"elementor-widget-container\">\n\t\t\t\t\t\t\t\t\t\t\t\t\t<img fetchpriority=\"high\" decoding=\"async\" width=\"1440\" height=\"811\" src=\"https:\/\/www.lafabbrica.it\/wp-content\/uploads\/2024\/10\/cucina3.jpg\" class=\"attachment-full size-full wp-image-22654\" alt=\"\" srcset=\"https:\/\/www.lafabbrica.it\/wp-content\/uploads\/2024\/10\/cucina3.jpg 1440w, https:\/\/www.lafabbrica.it\/wp-content\/uploads\/2024\/10\/cucina3-300x169.jpg 300w, https:\/\/www.lafabbrica.it\/wp-content\/uploads\/2024\/10\/cucina3-1024x577.jpg 1024w, https:\/\/www.lafabbrica.it\/wp-content\/uploads\/2024\/10\/cucina3-768x433.jpg 768w\" sizes=\"(max-width: 1440px) 100vw, 1440px\" \/>\t\t\t\t\t\t\t\t\t\t\t\t\t<\/div>\n\t\t\t\t<\/div>\n\t\t\t\t<div class=\"elementor-element elementor-element-8a8d82f elementor-widget elementor-widget-heading\" data-id=\"8a8d82f\" data-element_type=\"widget\" data-widget_type=\"heading.default\">\n\t\t\t\t<div class=\"elementor-widget-container\">\n\t\t\t<h3 class=\"elementor-heading-title elementor-size-default\">Id\u00e9es et conseils pour am\u00e9nager une cuisine accueillante<\/h3>\t\t<\/div>\n\t\t\t\t<\/div>\n\t\t\t\t<div class=\"elementor-element elementor-element-1e65886 elementor-widget elementor-widget-text-editor\" data-id=\"1e65886\" data-element_type=\"widget\" data-widget_type=\"text-editor.default\">\n\t\t\t\t<div class=\"elementor-widget-container\">\n\t\t\t\t\t\t\t<p><strong style=\"font-size: 16px;\">Am\u00e9nager<\/strong><strong style=\"font-size: 16px;\"> une cuisine <\/strong><strong style=\"font-size: 16px;\">accueillante<\/strong><strong style=\"font-size: 16px;\">\u00a0<\/strong><strong style=\"font-size: 16px;\">signifie<\/strong><strong style=\"font-size: 16px;\">\u00a0<\/strong><strong style=\"font-size: 16px;\">\u00e9quilibrer<\/strong><strong style=\"font-size: 16px;\">\u00a0<\/strong><strong style=\"font-size: 16px;\">avec<\/strong><strong style=\"font-size: 16px;\">\u00a0<\/strong><strong style=\"font-size: 16px;\">comp\u00e9tence<\/strong><strong style=\"font-size: 16px;\">\u00a0<\/strong><strong style=\"font-size: 16px;\">esth\u00e9tique<\/strong><strong style=\"font-size: 16px;\"> et <\/strong><strong style=\"font-size: 16px;\">praticit\u00e9<\/strong><strong style=\"font-size: 16px;\">.<\/strong><span style=\"font-size: 16px;\">\u00a0On pourrait commencer par choisir des mat\u00e9riaux naturels et chaleureux comme le bois ou des surfaces qui reproduisent son effet, am\u00e9liorant ainsi leurs performances.<\/span><strong style=\"font-size: 16px;\"> Si<\/strong><span style=\"font-size: 16px;\"> vous souhaitez atteindre cet objectif, en effet, les veinures r\u00e9alistes et les teintes uniques de <span style=\"text-decoration: underline;\"><a href=\"https:\/\/www.lafabbrica.it\/fr\/collections\/honey-wood\/\">HONEY WOOD<\/a><\/span> sont id\u00e9ales pour transmettre chaleur et naturel. Sa polyvalence s\u2019int\u00e8gre parfaitement tant dans les cuisines modernes que dans les plus traditionnelles, gr\u00e2ce \u00e0 la vari\u00e9t\u00e9 de formats disponibles.<\/span><\/p><p><strong>Les possibilit\u00e9s sont <\/strong><strong>nombreuses :<\/strong><strong> de la cr\u00e9ation d&#8217;\u00e9l\u00e9ments de mobilier pour la cuisine avec le gr\u00e8s c\u00e9rame effet ROVERE d&#8217;AVASTONE<\/strong><strong>, <\/strong>aux d\u00e9cors de la collection <span style=\"text-decoration: underline;\"><a href=\"https:\/\/www.lafabbrica.it\/fr\/collections\/honey-wood\/\">HONEY WOOD<\/a><\/span> de LA FABBRICA AVA, caract\u00e9ris\u00e9s par des motifs g\u00e9om\u00e9triques raffin\u00e9s qui enrichissent les murs, les dosserets, les comptoirs et les \u00eelots.<\/p><p><strong>Ces \u00e9l\u00e9ments sugg\u00e8rent des combinaisons polyvalentes avec d&#8217;autres produits de LA FABBRICA AVA<\/strong>, comme le marbre <span style=\"text-decoration: underline;\"><a href=\"https:\/\/www.lafabbrica.it\/fr\/collections\/statuario\/\">STATUARIO<\/a><\/span> et la pierre <span style=\"text-decoration: underline;\"><a href=\"https:\/\/www.lafabbrica.it\/fr\/collections\/pierres-des-chateaux\/\">PIERRES DES CH\u00c2TEAUX<\/a><\/span>, pour des associations sophistiqu\u00e9es qui allient \u00e9l\u00e9gance et fonctionnalit\u00e9. Pour les sols, les lattes effet bois de la s\u00e9rie <span style=\"text-decoration: underline;\"><a href=\"https:\/\/www.lafabbrica.it\/fr\/collections\/honey-wood\/\">HONEY WOOD<\/a><\/span>, disponibles en diff\u00e9rentes tailles et essences qui reproduisent fid\u00e8lement le bois naturel, compl\u00e8tent l\u2019espace avec une touche chaude et organique.<\/p><p>L\u2019\u00e9clairage joue ensuite un r\u00f4le cl\u00e9 : essayez d\u2019inclure <strong>des lumi\u00e8res LED sous les armoires<\/strong>\u00a0pour \u00e9clairer le plan de travail, en les combinant avec des\u00a0<strong>lampes suspendues<\/strong>\u00a0pour une lumi\u00e8re d\u2019ambiance douce. Enfin, consid\u00e9rons une utilisation intelligente de l\u2019espace avec des meubles suspendus, des \u00e9tag\u00e8res ouvertes et des solutions de rangement sur mesure qui sont excellentes pour maintenir l\u2019ordre sans jamais renoncer au style.<\/p>\t\t\t\t\t\t<\/div>\n\t\t\t\t<\/div>\n\t\t\t\t<div class=\"elementor-element elementor-element-6cf083c elementor-widget elementor-widget-image\" data-id=\"6cf083c\" data-element_type=\"widget\" data-widget_type=\"image.default\">\n\t\t\t\t<div class=\"elementor-widget-container\">\n\t\t\t\t\t\t\t\t\t\t\t\t\t<img decoding=\"async\" width=\"1440\" height=\"811\" src=\"https:\/\/www.lafabbrica.it\/wp-content\/uploads\/2024\/10\/cucina4.jpg\" class=\"attachment-full size-full wp-image-22658\" alt=\"\" srcset=\"https:\/\/www.lafabbrica.it\/wp-content\/uploads\/2024\/10\/cucina4.jpg 1440w, https:\/\/www.lafabbrica.it\/wp-content\/uploads\/2024\/10\/cucina4-300x169.jpg 300w, https:\/\/www.lafabbrica.it\/wp-content\/uploads\/2024\/10\/cucina4-1024x577.jpg 1024w, https:\/\/www.lafabbrica.it\/wp-content\/uploads\/2024\/10\/cucina4-768x433.jpg 768w\" sizes=\"(max-width: 1440px) 100vw, 1440px\" \/>\t\t\t\t\t\t\t\t\t\t\t\t\t<\/div>\n\t\t\t\t<\/div>\n\t\t\t\t<div class=\"elementor-element elementor-element-3989dd9 elementor-widget elementor-widget-heading\" data-id=\"3989dd9\" data-element_type=\"widget\" data-widget_type=\"heading.default\">\n\t\t\t\t<div class=\"elementor-widget-container\">\n\t\t\t<h3 class=\"elementor-heading-title elementor-size-default\">Solutions cr\u00e9atives et durables pour les petites cuisines<\/h3>\t\t<\/div>\n\t\t\t\t<\/div>\n\t\t\t\t<div class=\"elementor-element elementor-element-a871e02 elementor-widget elementor-widget-text-editor\" data-id=\"a871e02\" data-element_type=\"widget\" data-widget_type=\"text-editor.default\">\n\t\t\t\t<div class=\"elementor-widget-container\">\n\t\t\t\t\t\t\t<p><strong>Pour ceux qui disposent d&#8217;une petite cuisine, l&#8217;optimisation de l&#8217;espace devient une question encore plus importante.<\/strong>\u00a0L&#8217;une des solutions les plus efficaces est l&#8217;utilisation de meubles multifonctionnels et d&#8217;\u00e9l\u00e9ments verticaux, afin de tirer le meilleur parti de chaque centim\u00e8tre disponible.<\/p>\n<p><strong>Choisir des mat\u00e9riaux durables et de longue dur\u00e9e, comme le gr\u00e8s c\u00e9rame, contribue \u00e0 un design durable<\/strong>, mais ajoute \u00e9galement une touche d&#8217;\u00e9l\u00e9gance et de facilit\u00e9 d&#8217;entretien \u00e0 long terme. Pour rendre votre cuisine encore plus accueillante, enfin, n&#8217;oubliez pas l&#8217;importance de la lumi\u00e8re naturelle :<strong>\u00a0<\/strong>des<strong> rideaux l\u00e9gers<\/strong>\u00a0et des\u00a0<strong>surfaces r\u00e9fl\u00e9chissantes<\/strong>\u00a0peuvent r\u00e9ellement faire des merveilles dans n&#8217;importe quelle cuisine, en particulier dans celles de petite taille.<\/p>\n\t\t\t\t\t\t<\/div>\n\t\t\t\t<\/div>\n\t\t\t\t<\/div>\n\t\t<div class=\"elementor-element elementor-element-6b46401 e-con-full e-flex e-con e-parent\" data-id=\"6b46401\" data-element_type=\"container\" data-settings=\"{&quot;content_width&quot;:&quot;full&quot;}\" data-core-v316-plus=\"true\">\n\t\t\t\t<div class=\"elementor-element elementor-element-c46718c elementor-widget elementor-widget-image\" data-id=\"c46718c\" data-element_type=\"widget\" data-widget_type=\"image.default\">\n\t\t\t\t<div class=\"elementor-widget-container\">\n\t\t\t\t\t\t\t\t\t\t\t\t\t<img decoding=\"async\" width=\"1440\" height=\"811\" src=\"https:\/\/www.lafabbrica.it\/wp-content\/uploads\/2024\/10\/cucina2.jpg\" class=\"attachment-full size-full wp-image-22650\" alt=\"\" srcset=\"https:\/\/www.lafabbrica.it\/wp-content\/uploads\/2024\/10\/cucina2.jpg 1440w, https:\/\/www.lafabbrica.it\/wp-content\/uploads\/2024\/10\/cucina2-300x169.jpg 300w, https:\/\/www.lafabbrica.it\/wp-content\/uploads\/2024\/10\/cucina2-1024x577.jpg 1024w, https:\/\/www.lafabbrica.it\/wp-content\/uploads\/2024\/10\/cucina2-768x433.jpg 768w\" sizes=\"(max-width: 1440px) 100vw, 1440px\" \/>\t\t\t\t\t\t\t\t\t\t\t\t\t<\/div>\n\t\t\t\t<\/div>\n\t\t\t\t<\/div>\n\t\t<div class=\"elementor-element elementor-element-33a64a9 e-con-full e-flex e-con e-parent\" data-id=\"33a64a9\" data-element_type=\"container\" data-settings=\"{&quot;content_width&quot;:&quot;full&quot;}\" data-core-v316-plus=\"true\">\n\t\t\t\t<div class=\"elementor-element elementor-element-b1dbab8 elementor-align-center elementor-widget elementor-widget-button\" data-id=\"b1dbab8\" data-element_type=\"widget\" data-widget_type=\"button.default\">\n\t\t\t\t<div class=\"elementor-widget-container\">\n\t\t\t\t\t<div class=\"elementor-button-wrapper\">\n\t\t\t<a class=\"elementor-button elementor-button-link elementor-size-md\" href=\"https:\/\/www.lafabbrica.it\/fr\/blog-2024\/\">\n\t\t\t\t\t\t<span class=\"elementor-button-content-wrapper\">\n\t\t\t\t\t\t<span class=\"elementor-button-text\">D\u00e9couvrez avec LA FABBRICA AVA comment enrichir vos projets de design.<\/span>\n\t\t<\/span>\n\t\t\t\t\t<\/a>\n\t\t<\/div>\n\t\t\t\t<\/div>\n\t\t\t\t<\/div>\n\t\t\t\t<\/div>\n\t\t\t\t<\/div>\n\t\t","protected":false},"excerpt":{"rendered":"<p>Une cuisine accueillante repr\u00e9sente le c\u0153ur battant de la maison, un lieu o\u00f9 le design, le confort et la fonctionnalit\u00e9 se rencontrent pour donner vie \u00e0 un environnement id\u00e9al o\u00f9 cuisiner, socialiser et se d\u00e9tendre.<\/p>\n","protected":false},"author":1,"featured_media":22688,"comment_status":"closed","ping_status":"closed","sticky":false,"template":"","format":"standard","meta":{"_acf_changed":false,"site-sidebar-layout":"default","site-content-layout":"","ast-site-content-layout":"default","site-content-style":"default","site-sidebar-style":"default","ast-global-header-display":"","ast-banner-title-visibility":"","ast-main-header-display":"","ast-hfb-above-header-display":"","ast-hfb-below-header-display":"","ast-hfb-mobile-header-display":"","site-post-title":"","ast-breadcrumbs-content":"","ast-featured-img":"","footer-sml-layout":"","theme-transparent-header-meta":"","adv-header-id-meta":"","stick-header-meta":"","header-above-stick-meta":"","header-main-stick-meta":"","header-below-stick-meta":"","astra-migrate-meta-layouts":"set","ast-page-background-enabled":"default","ast-page-background-meta":{"desktop":{"background-color":"var(--ast-global-color-4)","background-image":"","background-repeat":"repeat","background-position":"center center","background-size":"auto","background-attachment":"scroll","background-type":"","background-media":"","overlay-type":"","overlay-color":"","overlay-gradient":""},"tablet":{"background-color":"","background-image":"","background-repeat":"repeat","background-position":"center center","background-size":"auto","background-attachment":"scroll","background-type":"","background-media":"","overlay-type":"","overlay-color":"","overlay-gradient":""},"mobile":{"background-color":"","background-image":"","background-repeat":"repeat","background-position":"center center","background-size":"auto","background-attachment":"scroll","background-type":"","background-media":"","overlay-type":"","overlay-color":"","overlay-gradient":""}},"ast-content-background-meta":{"desktop":{"background-color":"var(--ast-global-color-5)","background-image":"","background-repeat":"repeat","background-position":"center center","background-size":"auto","background-attachment":"scroll","background-type":"","background-media":"","overlay-type":"","overlay-color":"","overlay-gradient":""},"tablet":{"background-color":"var(--ast-global-color-5)","background-image":"","background-repeat":"repeat","background-position":"center center","background-size":"auto","background-attachment":"scroll","background-type":"","background-media":"","overlay-type":"","overlay-color":"","overlay-gradient":""},"mobile":{"background-color":"var(--ast-global-color-5)","background-image":"","background-repeat":"repeat","background-position":"center center","background-size":"auto","background-attachment":"scroll","background-type":"","background-media":"","overlay-type":"","overlay-color":"","overlay-gradient":""}},"footnotes":""},"categories":[1241],"tags":[],"class_list":["post-22637","post","type-post","status-publish","format-standard","has-post-thumbnail","hentry","category-blog-fr"],"acf":[],"yoast_head":"<!-- This site is optimized with the Yoast SEO plugin v22.0 - https:\/\/yoast.com\/wordpress\/plugins\/seo\/ -->\n<title>Cuisine moderne : comment la rendre fonctionnelle et accueillante - La Fabbrica AVA<\/title>\n<meta name=\"description\" content=\"Une cuisine accueillante repr\u00e9sente le c\u0153ur battant de la maison, un lieu o\u00f9 le design, le confort et la fonctionnalit\u00e9 se rencontrent pour donner vie \u00e0 un environnement id\u00e9al o\u00f9 cuisiner, socialiser et se d\u00e9tendre.\" \/>\n<meta name=\"robots\" content=\"index, follow, max-snippet:-1, max-image-preview:large, max-video-preview:-1\" \/>\n<link rel=\"canonical\" href=\"https:\/\/www.lafabbrica.it\/fr\/cuisine-moderne-comment-la-rendre-fonctionnelle-et-accueillante\/\" \/>\n<meta property=\"og:locale\" content=\"fr_FR\" \/>\n<meta property=\"og:type\" content=\"article\" \/>\n<meta property=\"og:title\" content=\"Cuisine moderne : comment la rendre fonctionnelle et accueillante - La Fabbrica AVA\" \/>\n<meta property=\"og:description\" content=\"Une cuisine accueillante repr\u00e9sente le c\u0153ur battant de la maison, un lieu o\u00f9 le design, le confort et la fonctionnalit\u00e9 se rencontrent pour donner vie \u00e0 un environnement id\u00e9al o\u00f9 cuisiner, socialiser et se d\u00e9tendre.\" \/>\n<meta property=\"og:url\" content=\"https:\/\/www.lafabbrica.it\/fr\/cuisine-moderne-comment-la-rendre-fonctionnelle-et-accueillante\/\" \/>\n<meta property=\"og:site_name\" content=\"La Fabbrica AVA\" \/>\n<meta property=\"article:published_time\" content=\"2024-10-18T07:43:08+00:00\" \/>\n<meta property=\"article:modified_time\" content=\"2024-10-18T10:41:07+00:00\" \/>\n<meta property=\"og:image\" content=\"https:\/\/www.lafabbrica.it\/wp-content\/uploads\/2024\/10\/PINK.jpg\" \/>\n\t<meta property=\"og:image:width\" content=\"880\" \/>\n\t<meta property=\"og:image:height\" content=\"860\" \/>\n\t<meta property=\"og:image:type\" content=\"image\/jpeg\" \/>\n<meta name=\"author\" content=\"admin\" \/>\n<meta name=\"twitter:card\" content=\"summary_large_image\" \/>\n<meta name=\"twitter:label1\" content=\"\u00c9crit par\" \/>\n\t<meta name=\"twitter:data1\" content=\"admin\" \/>\n\t<meta name=\"twitter:label2\" content=\"Dur\u00e9e de lecture estim\u00e9e\" \/>\n\t<meta name=\"twitter:data2\" content=\"4 minutes\" \/>\n<script type=\"application\/ld+json\" class=\"yoast-schema-graph\">{\"@context\":\"https:\/\/schema.org\",\"@graph\":[{\"@type\":\"Article\",\"@id\":\"https:\/\/www.lafabbrica.it\/fr\/cuisine-moderne-comment-la-rendre-fonctionnelle-et-accueillante\/#article\",\"isPartOf\":{\"@id\":\"https:\/\/www.lafabbrica.it\/fr\/cuisine-moderne-comment-la-rendre-fonctionnelle-et-accueillante\/\"},\"author\":{\"name\":\"admin\",\"@id\":\"https:\/\/www.lafabbrica.it\/fr\/#\/schema\/person\/9854f3650eab7e4334e66d22de09296a\"},\"headline\":\"Cuisine moderne : comment la rendre fonctionnelle et accueillante\",\"datePublished\":\"2024-10-18T07:43:08+00:00\",\"dateModified\":\"2024-10-18T10:41:07+00:00\",\"mainEntityOfPage\":{\"@id\":\"https:\/\/www.lafabbrica.it\/fr\/cuisine-moderne-comment-la-rendre-fonctionnelle-et-accueillante\/\"},\"wordCount\":638,\"publisher\":{\"@id\":\"https:\/\/www.lafabbrica.it\/fr\/#organization\"},\"articleSection\":[\"Blog\"],\"inLanguage\":\"fr-FR\"},{\"@type\":\"WebPage\",\"@id\":\"https:\/\/www.lafabbrica.it\/fr\/cuisine-moderne-comment-la-rendre-fonctionnelle-et-accueillante\/\",\"url\":\"https:\/\/www.lafabbrica.it\/fr\/cuisine-moderne-comment-la-rendre-fonctionnelle-et-accueillante\/\",\"name\":\"Cuisine moderne : comment la rendre fonctionnelle et accueillante - La Fabbrica AVA\",\"isPartOf\":{\"@id\":\"https:\/\/www.lafabbrica.it\/fr\/#website\"},\"datePublished\":\"2024-10-18T07:43:08+00:00\",\"dateModified\":\"2024-10-18T10:41:07+00:00\",\"description\":\"Une cuisine accueillante repr\u00e9sente le c\u0153ur battant de la maison, un lieu o\u00f9 le design, le confort et la fonctionnalit\u00e9 se rencontrent pour donner vie \u00e0 un environnement id\u00e9al o\u00f9 cuisiner, socialiser et se d\u00e9tendre.\",\"breadcrumb\":{\"@id\":\"https:\/\/www.lafabbrica.it\/fr\/cuisine-moderne-comment-la-rendre-fonctionnelle-et-accueillante\/#breadcrumb\"},\"inLanguage\":\"fr-FR\",\"potentialAction\":[{\"@type\":\"ReadAction\",\"target\":[\"https:\/\/www.lafabbrica.it\/fr\/cuisine-moderne-comment-la-rendre-fonctionnelle-et-accueillante\/\"]}]},{\"@type\":\"BreadcrumbList\",\"@id\":\"https:\/\/www.lafabbrica.it\/fr\/cuisine-moderne-comment-la-rendre-fonctionnelle-et-accueillante\/#breadcrumb\",\"itemListElement\":[{\"@type\":\"ListItem\",\"position\":1,\"name\":\"Home\",\"item\":\"https:\/\/www.lafabbrica.it\/fr\/\"},{\"@type\":\"ListItem\",\"position\":2,\"name\":\"Cuisine moderne : comment la rendre fonctionnelle et accueillante\"}]},{\"@type\":\"WebSite\",\"@id\":\"https:\/\/www.lafabbrica.it\/fr\/#website\",\"url\":\"https:\/\/www.lafabbrica.it\/fr\/\",\"name\":\"La Fabbrica AVA\",\"description\":\"\",\"publisher\":{\"@id\":\"https:\/\/www.lafabbrica.it\/fr\/#organization\"},\"potentialAction\":[{\"@type\":\"SearchAction\",\"target\":{\"@type\":\"EntryPoint\",\"urlTemplate\":\"https:\/\/www.lafabbrica.it\/fr\/?s={search_term_string}\"},\"query-input\":\"required name=search_term_string\"}],\"inLanguage\":\"fr-FR\"},{\"@type\":\"Organization\",\"@id\":\"https:\/\/www.lafabbrica.it\/fr\/#organization\",\"name\":\"La Fabbrica AVA\",\"url\":\"https:\/\/www.lafabbrica.it\/fr\/\",\"logo\":{\"@type\":\"ImageObject\",\"inLanguage\":\"fr-FR\",\"@id\":\"https:\/\/www.lafabbrica.it\/fr\/#\/schema\/logo\/image\/\",\"url\":\"https:\/\/www.lafabbrica.it\/wp-content\/uploads\/2023\/08\/Senza-titolo-1.png\",\"contentUrl\":\"https:\/\/www.lafabbrica.it\/wp-content\/uploads\/2023\/08\/Senza-titolo-1.png\",\"width\":567,\"height\":240,\"caption\":\"La Fabbrica AVA\"},\"image\":{\"@id\":\"https:\/\/www.lafabbrica.it\/fr\/#\/schema\/logo\/image\/\"}},{\"@type\":\"Person\",\"@id\":\"https:\/\/www.lafabbrica.it\/fr\/#\/schema\/person\/9854f3650eab7e4334e66d22de09296a\",\"name\":\"admin\",\"sameAs\":[\"http:\/\/www.lafabbrica.it\"],\"url\":\"https:\/\/www.lafabbrica.it\/fr\/author\/admin\/\"}]}<\/script>\n<!-- \/ Yoast SEO plugin. -->","yoast_head_json":{"title":"Cuisine moderne : comment la rendre fonctionnelle et accueillante - La Fabbrica AVA","description":"Une cuisine accueillante repr\u00e9sente le c\u0153ur battant de la maison, un lieu o\u00f9 le design, le confort et la fonctionnalit\u00e9 se rencontrent pour donner vie \u00e0 un environnement id\u00e9al o\u00f9 cuisiner, socialiser et se d\u00e9tendre.","robots":{"index":"index","follow":"follow","max-snippet":"max-snippet:-1","max-image-preview":"max-image-preview:large","max-video-preview":"max-video-preview:-1"},"canonical":"https:\/\/www.lafabbrica.it\/fr\/cuisine-moderne-comment-la-rendre-fonctionnelle-et-accueillante\/","og_locale":"fr_FR","og_type":"article","og_title":"Cuisine moderne : comment la rendre fonctionnelle et accueillante - La Fabbrica AVA","og_description":"Une cuisine accueillante repr\u00e9sente le c\u0153ur battant de la maison, un lieu o\u00f9 le design, le confort et la fonctionnalit\u00e9 se rencontrent pour donner vie \u00e0 un environnement id\u00e9al o\u00f9 cuisiner, socialiser et se d\u00e9tendre.","og_url":"https:\/\/www.lafabbrica.it\/fr\/cuisine-moderne-comment-la-rendre-fonctionnelle-et-accueillante\/","og_site_name":"La Fabbrica AVA","article_published_time":"2024-10-18T07:43:08+00:00","article_modified_time":"2024-10-18T10:41:07+00:00","og_image":[{"width":880,"height":860,"url":"https:\/\/www.lafabbrica.it\/wp-content\/uploads\/2024\/10\/PINK.jpg","type":"image\/jpeg"}],"author":"admin","twitter_card":"summary_large_image","twitter_misc":{"\u00c9crit par":"admin","Dur\u00e9e de lecture estim\u00e9e":"4 minutes"},"schema":{"@context":"https:\/\/schema.org","@graph":[{"@type":"Article","@id":"https:\/\/www.lafabbrica.it\/fr\/cuisine-moderne-comment-la-rendre-fonctionnelle-et-accueillante\/#article","isPartOf":{"@id":"https:\/\/www.lafabbrica.it\/fr\/cuisine-moderne-comment-la-rendre-fonctionnelle-et-accueillante\/"},"author":{"name":"admin","@id":"https:\/\/www.lafabbrica.it\/fr\/#\/schema\/person\/9854f3650eab7e4334e66d22de09296a"},"headline":"Cuisine moderne : comment la rendre fonctionnelle et accueillante","datePublished":"2024-10-18T07:43:08+00:00","dateModified":"2024-10-18T10:41:07+00:00","mainEntityOfPage":{"@id":"https:\/\/www.lafabbrica.it\/fr\/cuisine-moderne-comment-la-rendre-fonctionnelle-et-accueillante\/"},"wordCount":638,"publisher":{"@id":"https:\/\/www.lafabbrica.it\/fr\/#organization"},"articleSection":["Blog"],"inLanguage":"fr-FR"},{"@type":"WebPage","@id":"https:\/\/www.lafabbrica.it\/fr\/cuisine-moderne-comment-la-rendre-fonctionnelle-et-accueillante\/","url":"https:\/\/www.lafabbrica.it\/fr\/cuisine-moderne-comment-la-rendre-fonctionnelle-et-accueillante\/","name":"Cuisine moderne : comment la rendre fonctionnelle et accueillante - La Fabbrica AVA","isPartOf":{"@id":"https:\/\/www.lafabbrica.it\/fr\/#website"},"datePublished":"2024-10-18T07:43:08+00:00","dateModified":"2024-10-18T10:41:07+00:00","description":"Une cuisine accueillante repr\u00e9sente le c\u0153ur battant de la maison, un lieu o\u00f9 le design, le confort et la fonctionnalit\u00e9 se rencontrent pour donner vie \u00e0 un environnement id\u00e9al o\u00f9 cuisiner, socialiser et se d\u00e9tendre.","breadcrumb":{"@id":"https:\/\/www.lafabbrica.it\/fr\/cuisine-moderne-comment-la-rendre-fonctionnelle-et-accueillante\/#breadcrumb"},"inLanguage":"fr-FR","potentialAction":[{"@type":"ReadAction","target":["https:\/\/www.lafabbrica.it\/fr\/cuisine-moderne-comment-la-rendre-fonctionnelle-et-accueillante\/"]}]},{"@type":"BreadcrumbList","@id":"https:\/\/www.lafabbrica.it\/fr\/cuisine-moderne-comment-la-rendre-fonctionnelle-et-accueillante\/#breadcrumb","itemListElement":[{"@type":"ListItem","position":1,"name":"Home","item":"https:\/\/www.lafabbrica.it\/fr\/"},{"@type":"ListItem","position":2,"name":"Cuisine moderne : comment la rendre fonctionnelle et accueillante"}]},{"@type":"WebSite","@id":"https:\/\/www.lafabbrica.it\/fr\/#website","url":"https:\/\/www.lafabbrica.it\/fr\/","name":"La Fabbrica AVA","description":"","publisher":{"@id":"https:\/\/www.lafabbrica.it\/fr\/#organization"},"potentialAction":[{"@type":"SearchAction","target":{"@type":"EntryPoint","urlTemplate":"https:\/\/www.lafabbrica.it\/fr\/?s={search_term_string}"},"query-input":"required name=search_term_string"}],"inLanguage":"fr-FR"},{"@type":"Organization","@id":"https:\/\/www.lafabbrica.it\/fr\/#organization","name":"La Fabbrica AVA","url":"https:\/\/www.lafabbrica.it\/fr\/","logo":{"@type":"ImageObject","inLanguage":"fr-FR","@id":"https:\/\/www.lafabbrica.it\/fr\/#\/schema\/logo\/image\/","url":"https:\/\/www.lafabbrica.it\/wp-content\/uploads\/2023\/08\/Senza-titolo-1.png","contentUrl":"https:\/\/www.lafabbrica.it\/wp-content\/uploads\/2023\/08\/Senza-titolo-1.png","width":567,"height":240,"caption":"La Fabbrica AVA"},"image":{"@id":"https:\/\/www.lafabbrica.it\/fr\/#\/schema\/logo\/image\/"}},{"@type":"Person","@id":"https:\/\/www.lafabbrica.it\/fr\/#\/schema\/person\/9854f3650eab7e4334e66d22de09296a","name":"admin","sameAs":["http:\/\/www.lafabbrica.it"],"url":"https:\/\/www.lafabbrica.it\/fr\/author\/admin\/"}]}},"_links":{"self":[{"href":"https:\/\/www.lafabbrica.it\/fr\/wp-json\/wp\/v2\/posts\/22637","targetHints":{"allow":["GET"]}}],"collection":[{"href":"https:\/\/www.lafabbrica.it\/fr\/wp-json\/wp\/v2\/posts"}],"about":[{"href":"https:\/\/www.lafabbrica.it\/fr\/wp-json\/wp\/v2\/types\/post"}],"author":[{"embeddable":true,"href":"https:\/\/www.lafabbrica.it\/fr\/wp-json\/wp\/v2\/users\/1"}],"replies":[{"embeddable":true,"href":"https:\/\/www.lafabbrica.it\/fr\/wp-json\/wp\/v2\/comments?post=22637"}],"version-history":[{"count":0,"href":"https:\/\/www.lafabbrica.it\/fr\/wp-json\/wp\/v2\/posts\/22637\/revisions"}],"wp:featuredmedia":[{"embeddable":true,"href":"https:\/\/www.lafabbrica.it\/fr\/wp-json\/wp\/v2\/media\/22688"}],"wp:attachment":[{"href":"https:\/\/www.lafabbrica.it\/fr\/wp-json\/wp\/v2\/media?parent=22637"}],"wp:term":[{"taxonomy":"category","embeddable":true,"href":"https:\/\/www.lafabbrica.it\/fr\/wp-json\/wp\/v2\/categories?post=22637"},{"taxonomy":"post_tag","embeddable":true,"href":"https:\/\/www.lafabbrica.it\/fr\/wp-json\/wp\/v2\/tags?post=22637"}],"curies":[{"name":"wp","href":"https:\/\/api.w.org\/{rel}","templated":true}]}}