{"id":19150,"date":"2024-07-24T07:52:02","date_gmt":"2024-07-24T07:52:02","guid":{"rendered":"https:\/\/www.lafabbrica.it\/?p=19150"},"modified":"2024-07-25T07:07:19","modified_gmt":"2024-07-25T07:07:19","slug":"amenager-une-salle-de-bain-classique-10-erreurs-a-eviter","status":"publish","type":"post","link":"https:\/\/www.lafabbrica.it\/fr\/amenager-une-salle-de-bain-classique-10-erreurs-a-eviter\/","title":{"rendered":"Am\u00e9nager une salle de bain classique : 10 erreurs \u00e0 \u00e9viter"},"content":{"rendered":"\t\t<div data-elementor-type=\"wp-post\" data-elementor-id=\"19150\" class=\"elementor elementor-19150 elementor-19147\" data-elementor-post-type=\"post\">\n\t\t\t\t<div data-dce-background-color=\"#FFFFFF\" class=\"elementor-element elementor-element-41f545f e-con-full e-flex e-con e-parent\" data-id=\"41f545f\" data-element_type=\"container\" data-settings=\"{&quot;content_width&quot;:&quot;full&quot;,&quot;background_background&quot;:&quot;classic&quot;}\" data-core-v316-plus=\"true\">\n\t\t\t\t<div class=\"elementor-element elementor-element-11f0209 elementor-widget elementor-widget-heading\" data-id=\"11f0209\" data-element_type=\"widget\" data-widget_type=\"heading.default\">\n\t\t\t\t<div class=\"elementor-widget-container\">\n\t\t\t<h1 class=\"elementor-heading-title elementor-size-default\">Am\u00e9nager une salle de bain classique :<br>10 erreurs \u00e0 \u00e9viter<\/h1>\t\t<\/div>\n\t\t\t\t<\/div>\n\t\t\t\t<div class=\"elementor-element elementor-element-6e1eeda elementor-widget elementor-widget-text-editor\" data-id=\"6e1eeda\" data-element_type=\"widget\" data-widget_type=\"text-editor.default\">\n\t\t\t\t<div class=\"elementor-widget-container\">\n\t\t\t\t\t\t\t<p><strong>Am\u00e9nager une salle de bain de style classique signifie embrasser des solutions de style et d&#8217;\u00e9l\u00e9gance<\/strong>, cr\u00e9ant un espace de bien-\u00eatre personnel qui \u00e9voque le charme du pass\u00e9. Cependant, pour obtenir un design intemporel, il est essentiel de r\u00e9interpr\u00e9ter les formes et les couleurs traditionnelles dans une optique moderne.<\/p>\n<p>Choisir quelques \u00e9l\u00e9ments raffin\u00e9s et des d\u00e9tails marquants est en effet crucial pour conf\u00e9rer \u00e0 la salle de bain un aspect \u00e9l\u00e9gant et actuel. <strong>L&#8217;am\u00e9nagement d&#8217;une salle de bain classique doit soigneusement prendre en compte le choix des meubles et des accessoires<\/strong>, tels que les baignoires autoportantes, les lavabos, les miroirs et les finitions de qualit\u00e9.<\/p>\n<p>Dans cet article, nous explorerons les <strong>dix erreurs les plus courantes \u00e0 \u00e9viter lorsque vous am\u00e9nagez une salle de bain classique<\/strong>, afin de vous assurer de cr\u00e9er un espace fonctionnel et captivant.<\/p>\n\t\t\t\t\t\t<\/div>\n\t\t\t\t<\/div>\n\t\t\t\t<div class=\"elementor-element elementor-element-63ac007 elementor-widget elementor-widget-heading\" data-id=\"63ac007\" data-element_type=\"widget\" data-widget_type=\"heading.default\">\n\t\t\t\t<div class=\"elementor-widget-container\">\n\t\t\t<h2 class=\"elementor-heading-title elementor-size-default\">N\u00e9gliger la fonctionnalit\u00e9 au profit de l'atmosph\u00e8re<\/h2>\t\t<\/div>\n\t\t\t\t<\/div>\n\t\t\t\t<div class=\"elementor-element elementor-element-2bb7905 elementor-widget elementor-widget-text-editor\" data-id=\"2bb7905\" data-element_type=\"widget\" data-widget_type=\"text-editor.default\">\n\t\t\t\t<div class=\"elementor-widget-container\">\n\t\t\t\t\t\t\t<p><strong>Lors de l&#8217;am\u00e9nagement d&#8217;une salle de bain classique, il est essentiel de trouver un \u00e9quilibre entre fonctionnalit\u00e9 et esth\u00e9tique<\/strong>. L&#8217;organisation de l&#8217;espace et l&#8217;accessibilit\u00e9 doivent \u00eatre prioritaires pour cr\u00e9er un environnement pratique et agr\u00e9able. Il est donc important de <strong>ne pas sacrifier la praticit\u00e9 au profit d&#8217;une atmosph\u00e8re trop d\u00e9corative<\/strong> : assurez-vous que chaque \u00e9l\u00e9ment a une fonction pr\u00e9cise.<\/p>\n<p><strong>La fonctionnalit\u00e9 d&#8217;une salle de bain peut \u00eatre am\u00e9lior\u00e9e<\/strong> par une disposition ad\u00e9quate des sanitaires, l&#8217;utilisation de meubles de rangement pour optimiser l&#8217;espace et l&#8217;ajout d&#8217;accessoires qui facilitent l&#8217;utilisation quotidienne. Par exemple, les <strong>armoires avec miroir<\/strong> peuvent offrir \u00e0 la fois de l&#8217;espace de rangement et un point focal esth\u00e9tique. Envisagez \u00e9galement l&#8217;installation de <strong>portes coulissantes<\/strong> (ou pliantes) pour \u00e9conomiser de l&#8217;espace dans les zones \u00e9troites.<\/p>\n\t\t\t\t\t\t<\/div>\n\t\t\t\t<\/div>\n\t\t\t\t<div class=\"elementor-element elementor-element-190954a elementor-widget elementor-widget-image\" data-id=\"190954a\" data-element_type=\"widget\" data-widget_type=\"image.default\">\n\t\t\t\t<div class=\"elementor-widget-container\">\n\t\t\t\t\t\t\t\t\t\t\t\t\t<img fetchpriority=\"high\" decoding=\"async\" width=\"1536\" height=\"742\" src=\"https:\/\/www.lafabbrica.it\/wp-content\/uploads\/2024\/07\/bagno_1.jpg\" class=\"attachment-full size-full wp-image-19162\" alt=\"\" srcset=\"https:\/\/www.lafabbrica.it\/wp-content\/uploads\/2024\/07\/bagno_1.jpg 1536w, https:\/\/www.lafabbrica.it\/wp-content\/uploads\/2024\/07\/bagno_1-300x145.jpg 300w, https:\/\/www.lafabbrica.it\/wp-content\/uploads\/2024\/07\/bagno_1-1024x495.jpg 1024w, https:\/\/www.lafabbrica.it\/wp-content\/uploads\/2024\/07\/bagno_1-768x371.jpg 768w\" sizes=\"(max-width: 1536px) 100vw, 1536px\" \/>\t\t\t\t\t\t\t\t\t\t\t\t\t<\/div>\n\t\t\t\t<\/div>\n\t\t\t\t<div class=\"elementor-element elementor-element-8a8d82f elementor-widget elementor-widget-heading\" data-id=\"8a8d82f\" data-element_type=\"widget\" data-widget_type=\"heading.default\">\n\t\t\t\t<div class=\"elementor-widget-container\">\n\t\t\t<h2 class=\"elementor-heading-title elementor-size-default\">Ne pas pr\u00eater une attention suffisante \u00e0 l'\u00e9clairage<\/h2>\t\t<\/div>\n\t\t\t\t<\/div>\n\t\t\t\t<div class=\"elementor-element elementor-element-1e65886 elementor-widget elementor-widget-text-editor\" data-id=\"1e65886\" data-element_type=\"widget\" data-widget_type=\"text-editor.default\">\n\t\t\t\t<div class=\"elementor-widget-container\">\n\t\t\t\t\t\t\t<p><strong>L&#8217;\u00e9clairage joue un r\u00f4le cl\u00e9 dans la cr\u00e9ation d&#8217;une atmosph\u00e8re accueillante<\/strong>. Bien s\u00fbr, la lumi\u00e8re naturelle est de loin pr\u00e9f\u00e9rable, mais il est n\u00e9cessaire de l&#8217;int\u00e9grer avec un \u00e9clairage artificiel bien positionn\u00e9. Il est conseill\u00e9 d&#8217;utiliser <strong>des lumi\u00e8res chaudes et diffuses<\/strong> pour un style classique, plac\u00e9es de mani\u00e8re strat\u00e9gique pour \u00e9viter les ombres d\u00e9sagr\u00e9ables.<\/p>\n<p><strong>Pour approfondir, envisagez l&#8217;utilisation de diff\u00e9rentes sources d&#8217;\u00e9clairage<\/strong> : un plafonnier LED pour l&#8217;\u00e9clairage principal, des lumi\u00e8res d&#8217;accent pour mettre en valeur les \u00e9l\u00e9ments d\u00e9coratifs et quelques appliques murales autour des miroirs pour am\u00e9liorer la visibilit\u00e9 lors du rasage ou du maquillage.<\/p>\n<p><strong>Le choix des ampoules est \u00e9galement important<\/strong> : les ampoules LED sont particuli\u00e8rement adapt\u00e9es pour leur lumi\u00e8re chaude, accueillante et relaxante.<\/p>\n\t\t\t\t\t\t<\/div>\n\t\t\t\t<\/div>\n\t\t\t\t<div class=\"elementor-element elementor-element-3989dd9 elementor-widget elementor-widget-heading\" data-id=\"3989dd9\" data-element_type=\"widget\" data-widget_type=\"heading.default\">\n\t\t\t\t<div class=\"elementor-widget-container\">\n\t\t\t<h3 class=\"elementor-heading-title elementor-size-default\">Utiliser des rideaux inappropri\u00e9s<\/h3>\t\t<\/div>\n\t\t\t\t<\/div>\n\t\t\t\t<div class=\"elementor-element elementor-element-a871e02 elementor-widget elementor-widget-text-editor\" data-id=\"a871e02\" data-element_type=\"widget\" data-widget_type=\"text-editor.default\">\n\t\t\t\t<div class=\"elementor-widget-container\">\n\t\t\t\t\t\t\t<p><strong>Les rideaux peuvent enrichir le style d&#8217;une salle de bain classique, mais il est important de choisir les bons tissus<\/strong>. La meilleure solution pour am\u00e9nager une salle de bain classique est d&#8217;opter pour des mat\u00e9riaux naturels et des couleurs neutres &#8211; ou des motifs d\u00e9licats. Si les rideaux ne s&#8217;adaptent pas \u00e0 l&#8217;espace, envisagez des alternatives comme des <strong>volets<\/strong> ou des <strong>stores v\u00e9nitiens<\/strong>.<\/p>\n<p><strong>Les rideaux en lin ou en coton sont parfaits pour une salle de bain classique<\/strong> : ils offrent un look raffin\u00e9 et sont relativement simples \u00e0 entretenir. Les <strong>stores enrouleurs<\/strong> peuvent \u00eatre une bonne option pour les petites salles de bain, car ils occupent moins d&#8217;espace visuel. Si vous souhaitez un look plus structur\u00e9, les <strong>volets en bois<\/strong> ou les <strong>stores v\u00e9nitiens en aluminium<\/strong> peuvent ajouter une touche d&#8217;\u00e9l\u00e9gance sans compromettre la fonctionnalit\u00e9.<\/p>\n\t\t\t\t\t\t<\/div>\n\t\t\t\t<\/div>\n\t\t\t\t<div class=\"elementor-element elementor-element-5634998 elementor-widget elementor-widget-heading\" data-id=\"5634998\" data-element_type=\"widget\" data-widget_type=\"heading.default\">\n\t\t\t\t<div class=\"elementor-widget-container\">\n\t\t\t<h2 class=\"elementor-heading-title elementor-size-default\">Ne pas utiliser des couleurs trop vives pour la salle de bain<\/h2>\t\t<\/div>\n\t\t\t\t<\/div>\n\t\t\t\t<div class=\"elementor-element elementor-element-d546829 elementor-widget elementor-widget-text-editor\" data-id=\"d546829\" data-element_type=\"widget\" data-widget_type=\"text-editor.default\">\n\t\t\t\t<div class=\"elementor-widget-container\">\n\t\t\t\t\t\t\t<p><strong>Une salle de bain classique est caract\u00e9ris\u00e9e par des palettes de couleurs neutres et des tons relaxants<\/strong>. Pour rester dans les normes de ce style, il est important d&#8217;\u00e9viter les couleurs trop vives qui peuvent sembler d\u00e9plac\u00e9es. Les solutions id\u00e9ales incluent des combinaisons de <strong>blanc, beige, gris ou bleu poudre<\/strong>, qui \u00e9voquent implicitement \u00e9l\u00e9gance et tranquillit\u00e9.<\/p>\n<p><strong>Un aspect \u00e0 consid\u00e9rer est l&#8217;effet psychologique des couleurs<\/strong>. Les tons neutres et relaxants comme le beige ou le gris peuvent aider \u00e0 cr\u00e9er une atmosph\u00e8re sereine, id\u00e9ale pour une salle de bain classique. De plus, l&#8217;utilisation de ces couleurs facilite l&#8217;association avec des accessoires et des meubles, maintenant l&#8217;harmonie chromatique. Si vous souhaitez une touche de couleur, vous pouvez toujours ajouter de petits d\u00e9tails d\u00e9coratifs, tels que des serviettes ou des plantes, qui peuvent \u00eatre facilement chang\u00e9s.<\/p>\n\t\t\t\t\t\t<\/div>\n\t\t\t\t<\/div>\n\t\t\t\t<div class=\"elementor-element elementor-element-6cf083c elementor-widget elementor-widget-image\" data-id=\"6cf083c\" data-element_type=\"widget\" data-widget_type=\"image.default\">\n\t\t\t\t<div class=\"elementor-widget-container\">\n\t\t\t\t\t\t\t\t\t\t\t\t\t<img decoding=\"async\" width=\"1536\" height=\"742\" src=\"https:\/\/www.lafabbrica.it\/wp-content\/uploads\/2024\/07\/bagno_2.jpg\" class=\"attachment-full size-full wp-image-19158\" alt=\"\" srcset=\"https:\/\/www.lafabbrica.it\/wp-content\/uploads\/2024\/07\/bagno_2.jpg 1536w, https:\/\/www.lafabbrica.it\/wp-content\/uploads\/2024\/07\/bagno_2-300x145.jpg 300w, https:\/\/www.lafabbrica.it\/wp-content\/uploads\/2024\/07\/bagno_2-1024x495.jpg 1024w, https:\/\/www.lafabbrica.it\/wp-content\/uploads\/2024\/07\/bagno_2-768x371.jpg 768w\" sizes=\"(max-width: 1536px) 100vw, 1536px\" \/>\t\t\t\t\t\t\t\t\t\t\t\t\t<\/div>\n\t\t\t\t<\/div>\n\t\t\t\t<div class=\"elementor-element elementor-element-35acb2c elementor-widget elementor-widget-heading\" data-id=\"35acb2c\" data-element_type=\"widget\" data-widget_type=\"heading.default\">\n\t\t\t\t<div class=\"elementor-widget-container\">\n\t\t\t<h3 class=\"elementor-heading-title elementor-size-default\">Choisir des meubles sophistiqu\u00e9s, mais pas trop encombrants<\/h3>\t\t<\/div>\n\t\t\t\t<\/div>\n\t\t\t\t<div class=\"elementor-element elementor-element-092abb0 elementor-widget elementor-widget-text-editor\" data-id=\"092abb0\" data-element_type=\"widget\" data-widget_type=\"text-editor.default\">\n\t\t\t\t<div class=\"elementor-widget-container\">\n\t\t\t\t\t\t\t<p><strong style=\"font-size: 16px;\">Les meubles sophistiqu\u00e9s peuvent \u00eatre sans aucun doute d\u00e9sirables, mais il est crucial de consid\u00e9rer les dimensions de votre salle de bain<\/strong><span style=\"font-size: 16px;\">. Dans des espaces r\u00e9duits, certaines options de mobilier peuvent sembler encombrantes et peu pratiques. Le meilleur conseil en la mati\u00e8re est de choisir des solutions compactes capables de combiner fonctionnalit\u00e9 et design, tout en pr\u00e9servant l&#8217;harmonie de l&#8217;espace.<\/span><\/p>\n<p><strong>Pour r\u00e9soudre ce probl\u00e8me, optez pour des meubles sur mesure ou modulaires<\/strong>, id\u00e9aux pour tirer le meilleur parti de chaque centim\u00e8tre disponible. Rappelez-vous que les <strong>meubles suspendus <\/strong>peuvent cr\u00e9er une sensation de l\u00e9g\u00e8ret\u00e9 et lib\u00e9rer de l&#8217;espace au sol, facilitant ainsi le nettoyage. Enfin, envisagez l&#8217;achat de <strong>meubles multifonctionnels<\/strong>, comme un lavabo avec armoire int\u00e9gr\u00e9e, pour optimiser l&#8217;espace.<\/p>\n\t\t\t\t\t\t<\/div>\n\t\t\t\t<\/div>\n\t\t\t\t<div class=\"elementor-element elementor-element-1a4fdf5 elementor-widget elementor-widget-heading\" data-id=\"1a4fdf5\" data-element_type=\"widget\" data-widget_type=\"heading.default\">\n\t\t\t\t<div class=\"elementor-widget-container\">\n\t\t\t<h3 class=\"elementor-heading-title elementor-size-default\">Ne pas cr\u00e9er un point focal<\/h3>\t\t<\/div>\n\t\t\t\t<\/div>\n\t\t\t\t<div class=\"elementor-element elementor-element-df6eebd elementor-widget elementor-widget-text-editor\" data-id=\"df6eebd\" data-element_type=\"widget\" data-widget_type=\"text-editor.default\">\n\t\t\t\t<div class=\"elementor-widget-container\">\n\t\t\t\t\t\t\t<p><strong>Le point focal est un \u00e9l\u00e9ment cl\u00e9 dans le design de toute salle de bain classique<\/strong>. Ce r\u00f4le peut \u00eatre assum\u00e9 par un meuble, un miroir ou m\u00eame une \u0153uvre d&#8217;art. Assurez-vous de le mettre en valeur pour attirer l\u2019attention et donner du caract\u00e8re \u00e0 votre salle de bain.<\/p>\n<p><strong>Pour cr\u00e9er un point focal efficace, choisissez un \u00e9l\u00e9ment qui se distingue par son design et placez-le au bon endroit<\/strong>. Un grand miroir avec un cadre d\u00e9coratif, par exemple, peut \u00eatre le centre d&#8217;attention, tout comme une baignoire autoportante &#8211; ou une douche avec un rev\u00eatement mural particulier. L&#8217;\u00e9clairage est \u00e9galement important pour souligner le point focal, en utilisant des spots ou des lumi\u00e8res d&#8217;accent.<\/p>\n<p>&nbsp;<\/p>\n\t\t\t\t\t\t<\/div>\n\t\t\t\t<\/div>\n\t\t\t\t<div class=\"elementor-element elementor-element-eb00a0e elementor-widget elementor-widget-heading\" data-id=\"eb00a0e\" data-element_type=\"widget\" data-widget_type=\"heading.default\">\n\t\t\t\t<div class=\"elementor-widget-container\">\n\t\t\t<h3 class=\"elementor-heading-title elementor-size-default\">Choisir des carreaux trop grands<\/h3>\t\t<\/div>\n\t\t\t\t<\/div>\n\t\t\t\t<div class=\"elementor-element elementor-element-72c2193 elementor-widget elementor-widget-text-editor\" data-id=\"72c2193\" data-element_type=\"widget\" data-widget_type=\"text-editor.default\">\n\t\t\t\t<div class=\"elementor-widget-container\">\n\t\t\t\t\t\t\t<p><strong>Les carreaux de grande taille peuvent \u00eatre inappropri\u00e9s pour une salle de bain classique, surtout si l&#8217;espace est limit\u00e9. Les formats plus petits sont souvent plus adapt\u00e9s<\/strong>. Les s\u00e9ries <a href=\"https:\/\/www.lafabbrica.it\/fr\/collections\/up\/\">UP<\/a> et <a href=\"https:\/\/www.lafabbrica.it\/fr\/collections\/small\/\">Small<\/a>, par exemple, repr\u00e9sentent la solution id\u00e9ale pour une salle de bain classique au design typiquement italien, \u00e9l\u00e9gant et proportionn\u00e9.<\/p>\t\t\t\t\t\t<\/div>\n\t\t\t\t<\/div>\n\t\t\t\t<\/div>\n\t\t<div data-dce-background-color=\"#F7F7F8\" class=\"elementor-element elementor-element-67babd6 e-con-full e-flex e-con e-parent\" data-id=\"67babd6\" data-element_type=\"container\" data-settings=\"{&quot;content_width&quot;:&quot;full&quot;,&quot;background_background&quot;:&quot;classic&quot;}\" data-core-v316-plus=\"true\">\n\t\t\t\t<div class=\"elementor-element elementor-element-46c8f96 elementor-widget elementor-widget-heading\" data-id=\"46c8f96\" data-element_type=\"widget\" data-widget_type=\"heading.default\">\n\t\t\t\t<div class=\"elementor-widget-container\">\n\t\t\t<h3 class=\"elementor-heading-title elementor-size-default\">\u00c9l\u00e9gance et raffinement : Bolgheri Stone, Macchia Antica et Statuario Reale pour am\u00e9nager une salle de bain classique<\/h3>\t\t<\/div>\n\t\t\t\t<\/div>\n\t\t\t\t<div class=\"elementor-element elementor-element-0eb3ee4 elementor-widget elementor-widget-text-editor\" data-id=\"0eb3ee4\" data-element_type=\"widget\" data-widget_type=\"text-editor.default\">\n\t\t\t\t<div class=\"elementor-widget-container\">\n\t\t\t\t\t\t\t<p><strong>Pour am\u00e9nager une salle de bain classique avec \u00e9l\u00e9gance et raffinement, les collections Bolgheri Stone, Macchia Antica et Statuario Reale de La Fabbrica AVA<\/strong> sont trois choix parfaits. En utilisant ces collections, il est possible de donner forme au design d&#8217;une salle de bain classique capable de combiner la durabilit\u00e9 du gr\u00e8s c\u00e9rame avec l&#8217;esth\u00e9tique intemporelle des mat\u00e9riaux inspir\u00e9s par la nature et le design italien de haute qualit\u00e9.<\/p>\n\t\t\t\t\t\t<\/div>\n\t\t\t\t<\/div>\n\t\t\t\t<div class=\"elementor-element elementor-element-6b008a8 elementor-position-left elementor-mobile-position-left elementor-view-default elementor-vertical-align-top elementor-widget elementor-widget-icon-box\" data-id=\"6b008a8\" data-element_type=\"widget\" data-widget_type=\"icon-box.default\">\n\t\t\t\t<div class=\"elementor-widget-container\">\n\t\t\t\t\t<div class=\"elementor-icon-box-wrapper\">\n\t\t\t\t\t\t<div class=\"elementor-icon-box-icon\">\n\t\t\t\t<span  class=\"elementor-icon elementor-animation-\">\n\t\t\t\t<i aria-hidden=\"true\" class=\"fas fa-check\"><\/i>\t\t\t\t<\/span>\n\t\t\t<\/div>\n\t\t\t\t\t\t<div class=\"elementor-icon-box-content\">\n\t\t\t\t<h4 class=\"elementor-icon-box-title\">\n\t\t\t\t\t<span  >\n\t\t\t\t\t\t<a href=\"https:\/\/www.lafabbrica.it\/fr\/collections\/bolgheri-stone\/\">Bolgheri Stone <\/a>\t\t\t\t\t<\/span>\n\t\t\t\t<\/h4>\n\t\t\t\t\t\t\t\t\t<p class=\"elementor-icon-box-description\">\n\t\t\t\t\t\ts'inspire de la pierre unique des Collines M\u00e9tallif\u00e8res de la Maremme Toscane, caract\u00e9ris\u00e9e par des veines marqu\u00e9es et m\u00e9talliques. Ce gr\u00e8s c\u00e9rame offre des surfaces naturelles, polies et 3D Satin dans des couleurs comme Natural, Beige, White et Sage, parfaites pour cr\u00e9er des effets de clair-obscur \u00e0 fort impact visuel.\r\n\t\t\t\t\t<\/p>\n\t\t\t\t\t\t\t<\/div>\n\t\t<\/div>\n\t\t\t\t<\/div>\n\t\t\t\t<\/div>\n\t\t\t\t<div class=\"elementor-element elementor-element-909c1ab elementor-position-left elementor-mobile-position-left elementor-view-default elementor-vertical-align-top elementor-widget elementor-widget-icon-box\" data-id=\"909c1ab\" data-element_type=\"widget\" data-widget_type=\"icon-box.default\">\n\t\t\t\t<div class=\"elementor-widget-container\">\n\t\t\t\t\t<div class=\"elementor-icon-box-wrapper\">\n\t\t\t\t\t\t<div class=\"elementor-icon-box-icon\">\n\t\t\t\t<span  class=\"elementor-icon elementor-animation-\">\n\t\t\t\t<i aria-hidden=\"true\" class=\"fas fa-check\"><\/i>\t\t\t\t<\/span>\n\t\t\t<\/div>\n\t\t\t\t\t\t<div class=\"elementor-icon-box-content\">\n\t\t\t\t<h4 class=\"elementor-icon-box-title\">\n\t\t\t\t\t<span  >\n\t\t\t\t\t\t<a href=\"https:\/\/www.lafabbrica.it\/fr\/collections\/macchia-antica\/\">Macchia Antica<\/a>\t\t\t\t\t<\/span>\n\t\t\t\t<\/h4>\n\t\t\t\t\t\t\t\t\t<p class=\"elementor-icon-box-description\">\n\t\t\t\t\t\tavec sa beaut\u00e9 unique, s'inspire du marbre pr\u00e9cieux de la r\u00e9gion de Carrare, pr\u00e9sentant une base blanche avec des veines dor\u00e9es et corten qui cr\u00e9ent de la profondeur et de la tridimensionnalit\u00e9. Il s'agit d'une s\u00e9rie parfaite pour les rev\u00eatements muraux et les sols dans des environnements exclusifs, ajoutant une touche d'\u00e9l\u00e9gance intemporelle.\t\t\t\t\t<\/p>\n\t\t\t\t\t\t\t<\/div>\n\t\t<\/div>\n\t\t\t\t<\/div>\n\t\t\t\t<\/div>\n\t\t\t\t<div class=\"elementor-element elementor-element-93d34fa elementor-position-left elementor-mobile-position-left elementor-view-default elementor-vertical-align-top elementor-widget elementor-widget-icon-box\" data-id=\"93d34fa\" data-element_type=\"widget\" data-widget_type=\"icon-box.default\">\n\t\t\t\t<div class=\"elementor-widget-container\">\n\t\t\t\t\t<div class=\"elementor-icon-box-wrapper\">\n\t\t\t\t\t\t<div class=\"elementor-icon-box-icon\">\n\t\t\t\t<span  class=\"elementor-icon elementor-animation-\">\n\t\t\t\t<i aria-hidden=\"true\" class=\"fas fa-check\"><\/i>\t\t\t\t<\/span>\n\t\t\t<\/div>\n\t\t\t\t\t\t<div class=\"elementor-icon-box-content\">\n\t\t\t\t<h4 class=\"elementor-icon-box-title\">\n\t\t\t\t\t<span  >\n\t\t\t\t\t\t<a href=\"https:\/\/www.lafabbrica.it\/fr\/collections\/statuario-reale\/\">Statuario Reale<\/a>\t\t\t\t\t<\/span>\n\t\t\t\t<\/h4>\n\t\t\t\t\t\t\t\t\t<p class=\"elementor-icon-box-description\">\n\t\t\t\t\t\tenfin, repr\u00e9sente l'excellence du marbre blanc vein\u00e9, r\u00e9interpr\u00e9t\u00e9 en gr\u00e8s c\u00e9rame pour des environnements de luxe. Avec des veines grises marqu\u00e9es et une structure compacte, cette collection est id\u00e9ale pour les projets n\u00e9cessitant des atmosph\u00e8res raffin\u00e9es et exclusives.\r\n\t\t\t\t\t<\/p>\n\t\t\t\t\t\t\t<\/div>\n\t\t<\/div>\n\t\t\t\t<\/div>\n\t\t\t\t<\/div>\n\t\t\t\t<\/div>\n\t\t<div class=\"elementor-element elementor-element-6b46401 e-con-full e-flex e-con e-parent\" data-id=\"6b46401\" data-element_type=\"container\" data-settings=\"{&quot;content_width&quot;:&quot;full&quot;}\" data-core-v316-plus=\"true\">\n\t\t\t\t<div class=\"elementor-element elementor-element-e4dad4f elementor-widget elementor-widget-heading\" data-id=\"e4dad4f\" data-element_type=\"widget\" data-widget_type=\"heading.default\">\n\t\t\t\t<div class=\"elementor-widget-container\">\n\t\t\t<h3 class=\"elementor-heading-title elementor-size-default\">Sous-estimer l'importance des finitions<\/h3>\t\t<\/div>\n\t\t\t\t<\/div>\n\t\t\t\t<div class=\"elementor-element elementor-element-920beb9 elementor-widget elementor-widget-text-editor\" data-id=\"920beb9\" data-element_type=\"widget\" data-widget_type=\"text-editor.default\">\n\t\t\t\t<div class=\"elementor-widget-container\">\n\t\t\t\t\t\t\t<p><strong>Dans l&#8217;am\u00e9nagement d&#8217;une salle de bain classique, les finitions peuvent transformer l&#8217;espace en tant que d\u00e9tails de qualit\u00e9<\/strong>. Il est fortement recommand\u00e9 de choisir des mat\u00e9riaux comme le laiton, le marbre ou le bois, qui garantissent durabilit\u00e9 et raffinement. Investir dans de bonnes finitions peut vraiment faire la diff\u00e9rence dans l&#8217;apparence globale de la salle de bain.<\/p>\n<p><strong>Les finitions en laiton, par exemple, conf\u00e8rent une touche luxueuse qui s&#8217;accorde parfaitement avec un style classique<\/strong>. Le marbre, avec ses veines naturelles, ajoute \u00e9l\u00e9gance et raffinement. Enfin, le bois, s&#8217;il est correctement trait\u00e9 pour r\u00e9sister \u00e0 l&#8217;humidit\u00e9, peut apporter chaleur et un sentiment de naturel.<\/p>\n\t\t\t\t\t\t<\/div>\n\t\t\t\t<\/div>\n\t\t\t\t<div class=\"elementor-element elementor-element-c46718c elementor-widget elementor-widget-image\" data-id=\"c46718c\" data-element_type=\"widget\" data-widget_type=\"image.default\">\n\t\t\t\t<div class=\"elementor-widget-container\">\n\t\t\t\t\t\t\t\t\t\t\t\t\t<img decoding=\"async\" width=\"1536\" height=\"742\" src=\"https:\/\/www.lafabbrica.it\/wp-content\/uploads\/2024\/07\/bagno_3.jpg\" class=\"attachment-full size-full wp-image-19154\" alt=\"\" srcset=\"https:\/\/www.lafabbrica.it\/wp-content\/uploads\/2024\/07\/bagno_3.jpg 1536w, https:\/\/www.lafabbrica.it\/wp-content\/uploads\/2024\/07\/bagno_3-300x145.jpg 300w, https:\/\/www.lafabbrica.it\/wp-content\/uploads\/2024\/07\/bagno_3-1024x495.jpg 1024w, https:\/\/www.lafabbrica.it\/wp-content\/uploads\/2024\/07\/bagno_3-768x371.jpg 768w\" sizes=\"(max-width: 1536px) 100vw, 1536px\" \/>\t\t\t\t\t\t\t\t\t\t\t\t\t<\/div>\n\t\t\t\t<\/div>\n\t\t\t\t<\/div>\n\t\t<div class=\"elementor-element elementor-element-33a64a9 e-con-full e-flex e-con e-parent\" data-id=\"33a64a9\" data-element_type=\"container\" data-settings=\"{&quot;content_width&quot;:&quot;full&quot;}\" data-core-v316-plus=\"true\">\n\t\t\t\t<div class=\"elementor-element elementor-element-9fe1211 elementor-widget elementor-widget-heading\" data-id=\"9fe1211\" data-element_type=\"widget\" data-widget_type=\"heading.default\">\n\t\t\t\t<div class=\"elementor-widget-container\">\n\t\t\t<h3 class=\"elementor-heading-title elementor-size-default\">Utiliser des mat\u00e9riaux trop diff\u00e9rents entre eux<\/h3>\t\t<\/div>\n\t\t\t\t<\/div>\n\t\t\t\t<div class=\"elementor-element elementor-element-f209609 elementor-widget elementor-widget-text-editor\" data-id=\"f209609\" data-element_type=\"widget\" data-widget_type=\"text-editor.default\">\n\t\t\t\t<div class=\"elementor-widget-container\">\n\t\t\t\t\t\t\t<p><strong>La coh\u00e9rence des mat\u00e9riaux est essentielle pour maintenir l&#8217;harmonie dans une salle de bain classique<\/strong>. C&#8217;est pourquoi il est important de se concentrer sur le gr\u00e8s c\u00e9rame, la c\u00e9ramique et le bois, qui se combinent bien entre eux, cr\u00e9ant un environnement uniforme et agr\u00e9able. Le gr\u00e8s c\u00e9rame offre en effet durabilit\u00e9 et facilit\u00e9 d&#8217;entretien, tandis que le bois peut ajouter une touche naturelle et accueillante.<\/p>\n\t\t\t\t\t\t<\/div>\n\t\t\t\t<\/div>\n\t\t\t\t<div class=\"elementor-element elementor-element-f500d20 elementor-widget elementor-widget-heading\" data-id=\"f500d20\" data-element_type=\"widget\" data-widget_type=\"heading.default\">\n\t\t\t\t<div class=\"elementor-widget-container\">\n\t\t\t<h3 class=\"elementor-heading-title elementor-size-default\">N\u00e9gliger de choisir des accessoires d\u00e9coratifs classiques<\/h3>\t\t<\/div>\n\t\t\t\t<\/div>\n\t\t\t\t<div class=\"elementor-element elementor-element-53a2402 elementor-widget elementor-widget-text-editor\" data-id=\"53a2402\" data-element_type=\"widget\" data-widget_type=\"text-editor.default\">\n\t\t\t\t<div class=\"elementor-widget-container\">\n\t\t\t\t\t\t\t<p><strong>Les accessoires d\u00e9coratifs compl\u00e8tent l&#8217;am\u00e9nagement de la salle de bain<\/strong>. Pour am\u00e9nager une salle de bain classique \u00e0 son plein potentiel, choisissez des \u00e9l\u00e9ments tels que des <strong>miroirs avec des cadres dor\u00e9s, des porte-savons en c\u00e9ramique et des lustres vintage<\/strong>. Ces d\u00e9tails ajoutent du caract\u00e8re sans surcharger l&#8217;espace, tout en conservant \u00e9l\u00e9gance et fonctionnalit\u00e9.<\/p>\n<p><strong>Par exemple, un miroir avec un cadre dor\u00e9 peut devenir un point focal \u00e9l\u00e9gant, tandis qu&#8217;un porte-savon en c\u00e9ramique ajoute une touche de raffinement<\/strong>. Le lustre vintage compl\u00e8te l&#8217;am\u00e9nagement en offrant une lumi\u00e8re tamis\u00e9e et une atmosph\u00e8re accueillante. Ensemble, tous ces accessoires &#8211; ainsi que les conseils contenus dans l&#8217;article &#8211; contribuent \u00e9galement \u00e0 cr\u00e9er un environnement coh\u00e9rent et stylistiquement uniforme.<\/p>\n\t\t\t\t\t\t<\/div>\n\t\t\t\t<\/div>\n\t\t\t\t<div class=\"elementor-element elementor-element-eff64d8 elementor-widget elementor-widget-heading\" data-id=\"eff64d8\" data-element_type=\"widget\" data-widget_type=\"heading.default\">\n\t\t\t\t<div class=\"elementor-widget-container\">\n\t\t\t<h3 class=\"elementor-heading-title elementor-size-default\">Vous recherchez un design moderne et contemporain ? <\/h3>\t\t<\/div>\n\t\t\t\t<\/div>\n\t\t\t\t<div class=\"elementor-element elementor-element-b1dbab8 elementor-align-center elementor-widget elementor-widget-button\" data-id=\"b1dbab8\" data-element_type=\"widget\" data-widget_type=\"button.default\">\n\t\t\t\t<div class=\"elementor-widget-container\">\n\t\t\t\t\t<div class=\"elementor-button-wrapper\">\n\t\t\t<a class=\"elementor-button elementor-button-link elementor-size-md\" href=\"https:\/\/www.lafabbrica.it\/fr\/design-moderne-et-contemporain-pourquoi-choisir-le-gres-cerame\/\">\n\t\t\t\t\t\t<span class=\"elementor-button-content-wrapper\">\n\t\t\t\t\t\t<span class=\"elementor-button-text\">D\u00e9couvrez pourquoi choisir le gr\u00e8s c\u00e9rame !<\/span>\n\t\t<\/span>\n\t\t\t\t\t<\/a>\n\t\t<\/div>\n\t\t\t\t<\/div>\n\t\t\t\t<\/div>\n\t\t\t\t<\/div>\n\t\t\t\t<\/div>\n\t\t","protected":false},"excerpt":{"rendered":"<p>Am\u00e9nager une salle de bain de style classique signifie embrasser des solutions de style et d&#8217;\u00e9l\u00e9gance, cr\u00e9ant un espace de bien-\u00eatre personnel qui \u00e9voque le charme du pass\u00e9. <\/p>\n","protected":false},"author":1,"featured_media":19168,"comment_status":"closed","ping_status":"closed","sticky":false,"template":"","format":"standard","meta":{"_acf_changed":false,"site-sidebar-layout":"default","site-content-layout":"","ast-site-content-layout":"default","site-content-style":"default","site-sidebar-style":"default","ast-global-header-display":"","ast-banner-title-visibility":"","ast-main-header-display":"","ast-hfb-above-header-display":"","ast-hfb-below-header-display":"","ast-hfb-mobile-header-display":"","site-post-title":"","ast-breadcrumbs-content":"","ast-featured-img":"","footer-sml-layout":"","theme-transparent-header-meta":"","adv-header-id-meta":"","stick-header-meta":"","header-above-stick-meta":"","header-main-stick-meta":"","header-below-stick-meta":"","astra-migrate-meta-layouts":"set","ast-page-background-enabled":"default","ast-page-background-meta":{"desktop":{"background-color":"var(--ast-global-color-4)","background-image":"","background-repeat":"repeat","background-position":"center center","background-size":"auto","background-attachment":"scroll","background-type":"","background-media":"","overlay-type":"","overlay-color":"","overlay-gradient":""},"tablet":{"background-color":"","background-image":"","background-repeat":"repeat","background-position":"center center","background-size":"auto","background-attachment":"scroll","background-type":"","background-media":"","overlay-type":"","overlay-color":"","overlay-gradient":""},"mobile":{"background-color":"","background-image":"","background-repeat":"repeat","background-position":"center center","background-size":"auto","background-attachment":"scroll","background-type":"","background-media":"","overlay-type":"","overlay-color":"","overlay-gradient":""}},"ast-content-background-meta":{"desktop":{"background-color":"var(--ast-global-color-5)","background-image":"","background-repeat":"repeat","background-position":"center center","background-size":"auto","background-attachment":"scroll","background-type":"","background-media":"","overlay-type":"","overlay-color":"","overlay-gradient":""},"tablet":{"background-color":"var(--ast-global-color-5)","background-image":"","background-repeat":"repeat","background-position":"center center","background-size":"auto","background-attachment":"scroll","background-type":"","background-media":"","overlay-type":"","overlay-color":"","overlay-gradient":""},"mobile":{"background-color":"var(--ast-global-color-5)","background-image":"","background-repeat":"repeat","background-position":"center center","background-size":"auto","background-attachment":"scroll","background-type":"","background-media":"","overlay-type":"","overlay-color":"","overlay-gradient":""}},"footnotes":""},"categories":[1241],"tags":[],"class_list":["post-19150","post","type-post","status-publish","format-standard","has-post-thumbnail","hentry","category-blog-fr"],"acf":[],"yoast_head":"<!-- This site is optimized with the Yoast SEO plugin v22.0 - https:\/\/yoast.com\/wordpress\/plugins\/seo\/ -->\n<title>Am\u00e9nager une salle de bain classique : 10 erreurs \u00e0 \u00e9viter - La Fabbrica AVA<\/title>\n<meta name=\"description\" content=\"Am\u00e9nager une salle de bain de style classique signifie embrasser des solutions de style et d&#039;\u00e9l\u00e9gance, cr\u00e9ant un espace de bien-\u00eatre personnel qui \u00e9voque le charme du pass\u00e9.\" \/>\n<meta name=\"robots\" content=\"index, follow, max-snippet:-1, max-image-preview:large, max-video-preview:-1\" \/>\n<link rel=\"canonical\" href=\"https:\/\/www.lafabbrica.it\/fr\/amenager-une-salle-de-bain-classique-10-erreurs-a-eviter\/\" \/>\n<meta property=\"og:locale\" content=\"fr_FR\" \/>\n<meta property=\"og:type\" content=\"article\" \/>\n<meta property=\"og:title\" content=\"Am\u00e9nager une salle de bain classique : 10 erreurs \u00e0 \u00e9viter - La Fabbrica AVA\" \/>\n<meta property=\"og:description\" content=\"Am\u00e9nager une salle de bain de style classique signifie embrasser des solutions de style et d&#039;\u00e9l\u00e9gance, cr\u00e9ant un espace de bien-\u00eatre personnel qui \u00e9voque le charme du pass\u00e9.\" \/>\n<meta property=\"og:url\" content=\"https:\/\/www.lafabbrica.it\/fr\/amenager-une-salle-de-bain-classique-10-erreurs-a-eviter\/\" \/>\n<meta property=\"og:site_name\" content=\"La Fabbrica AVA\" \/>\n<meta property=\"article:published_time\" content=\"2024-07-24T07:52:02+00:00\" \/>\n<meta property=\"article:modified_time\" content=\"2024-07-25T07:07:19+00:00\" \/>\n<meta property=\"og:image\" content=\"https:\/\/www.lafabbrica.it\/wp-content\/uploads\/2024\/07\/bagno-list.jpg\" \/>\n\t<meta property=\"og:image:width\" content=\"880\" \/>\n\t<meta property=\"og:image:height\" content=\"860\" \/>\n\t<meta property=\"og:image:type\" content=\"image\/jpeg\" \/>\n<meta name=\"author\" content=\"admin\" \/>\n<meta name=\"twitter:card\" content=\"summary_large_image\" \/>\n<meta name=\"twitter:label1\" content=\"\u00c9crit par\" \/>\n\t<meta name=\"twitter:data1\" content=\"admin\" \/>\n\t<meta name=\"twitter:label2\" content=\"Dur\u00e9e de lecture estim\u00e9e\" \/>\n\t<meta name=\"twitter:data2\" content=\"8 minutes\" \/>\n<script type=\"application\/ld+json\" class=\"yoast-schema-graph\">{\"@context\":\"https:\/\/schema.org\",\"@graph\":[{\"@type\":\"Article\",\"@id\":\"https:\/\/www.lafabbrica.it\/fr\/amenager-une-salle-de-bain-classique-10-erreurs-a-eviter\/#article\",\"isPartOf\":{\"@id\":\"https:\/\/www.lafabbrica.it\/fr\/amenager-une-salle-de-bain-classique-10-erreurs-a-eviter\/\"},\"author\":{\"name\":\"admin\",\"@id\":\"https:\/\/www.lafabbrica.it\/fr\/#\/schema\/person\/9854f3650eab7e4334e66d22de09296a\"},\"headline\":\"Am\u00e9nager une salle de bain classique : 10 erreurs \u00e0 \u00e9viter\",\"datePublished\":\"2024-07-24T07:52:02+00:00\",\"dateModified\":\"2024-07-25T07:07:19+00:00\",\"mainEntityOfPage\":{\"@id\":\"https:\/\/www.lafabbrica.it\/fr\/amenager-une-salle-de-bain-classique-10-erreurs-a-eviter\/\"},\"wordCount\":1788,\"publisher\":{\"@id\":\"https:\/\/www.lafabbrica.it\/fr\/#organization\"},\"articleSection\":[\"Blog\"],\"inLanguage\":\"fr-FR\"},{\"@type\":\"WebPage\",\"@id\":\"https:\/\/www.lafabbrica.it\/fr\/amenager-une-salle-de-bain-classique-10-erreurs-a-eviter\/\",\"url\":\"https:\/\/www.lafabbrica.it\/fr\/amenager-une-salle-de-bain-classique-10-erreurs-a-eviter\/\",\"name\":\"Am\u00e9nager une salle de bain classique : 10 erreurs \u00e0 \u00e9viter - La Fabbrica AVA\",\"isPartOf\":{\"@id\":\"https:\/\/www.lafabbrica.it\/fr\/#website\"},\"datePublished\":\"2024-07-24T07:52:02+00:00\",\"dateModified\":\"2024-07-25T07:07:19+00:00\",\"description\":\"Am\u00e9nager une salle de bain de style classique signifie embrasser des solutions de style et d'\u00e9l\u00e9gance, cr\u00e9ant un espace de bien-\u00eatre personnel qui \u00e9voque le charme du pass\u00e9.\",\"breadcrumb\":{\"@id\":\"https:\/\/www.lafabbrica.it\/fr\/amenager-une-salle-de-bain-classique-10-erreurs-a-eviter\/#breadcrumb\"},\"inLanguage\":\"fr-FR\",\"potentialAction\":[{\"@type\":\"ReadAction\",\"target\":[\"https:\/\/www.lafabbrica.it\/fr\/amenager-une-salle-de-bain-classique-10-erreurs-a-eviter\/\"]}]},{\"@type\":\"BreadcrumbList\",\"@id\":\"https:\/\/www.lafabbrica.it\/fr\/amenager-une-salle-de-bain-classique-10-erreurs-a-eviter\/#breadcrumb\",\"itemListElement\":[{\"@type\":\"ListItem\",\"position\":1,\"name\":\"Home\",\"item\":\"https:\/\/www.lafabbrica.it\/fr\/\"},{\"@type\":\"ListItem\",\"position\":2,\"name\":\"Am\u00e9nager une salle de bain classique : 10 erreurs \u00e0 \u00e9viter\"}]},{\"@type\":\"WebSite\",\"@id\":\"https:\/\/www.lafabbrica.it\/fr\/#website\",\"url\":\"https:\/\/www.lafabbrica.it\/fr\/\",\"name\":\"La Fabbrica AVA\",\"description\":\"\",\"publisher\":{\"@id\":\"https:\/\/www.lafabbrica.it\/fr\/#organization\"},\"potentialAction\":[{\"@type\":\"SearchAction\",\"target\":{\"@type\":\"EntryPoint\",\"urlTemplate\":\"https:\/\/www.lafabbrica.it\/fr\/?s={search_term_string}\"},\"query-input\":\"required name=search_term_string\"}],\"inLanguage\":\"fr-FR\"},{\"@type\":\"Organization\",\"@id\":\"https:\/\/www.lafabbrica.it\/fr\/#organization\",\"name\":\"La Fabbrica AVA\",\"url\":\"https:\/\/www.lafabbrica.it\/fr\/\",\"logo\":{\"@type\":\"ImageObject\",\"inLanguage\":\"fr-FR\",\"@id\":\"https:\/\/www.lafabbrica.it\/fr\/#\/schema\/logo\/image\/\",\"url\":\"https:\/\/www.lafabbrica.it\/wp-content\/uploads\/2023\/08\/Senza-titolo-1.png\",\"contentUrl\":\"https:\/\/www.lafabbrica.it\/wp-content\/uploads\/2023\/08\/Senza-titolo-1.png\",\"width\":567,\"height\":240,\"caption\":\"La Fabbrica AVA\"},\"image\":{\"@id\":\"https:\/\/www.lafabbrica.it\/fr\/#\/schema\/logo\/image\/\"}},{\"@type\":\"Person\",\"@id\":\"https:\/\/www.lafabbrica.it\/fr\/#\/schema\/person\/9854f3650eab7e4334e66d22de09296a\",\"name\":\"admin\",\"sameAs\":[\"http:\/\/www.lafabbrica.it\"],\"url\":\"https:\/\/www.lafabbrica.it\/fr\/author\/admin\/\"}]}<\/script>\n<!-- \/ Yoast SEO plugin. -->","yoast_head_json":{"title":"Am\u00e9nager une salle de bain classique : 10 erreurs \u00e0 \u00e9viter - La Fabbrica AVA","description":"Am\u00e9nager une salle de bain de style classique signifie embrasser des solutions de style et d'\u00e9l\u00e9gance, cr\u00e9ant un espace de bien-\u00eatre personnel qui \u00e9voque le charme du pass\u00e9.","robots":{"index":"index","follow":"follow","max-snippet":"max-snippet:-1","max-image-preview":"max-image-preview:large","max-video-preview":"max-video-preview:-1"},"canonical":"https:\/\/www.lafabbrica.it\/fr\/amenager-une-salle-de-bain-classique-10-erreurs-a-eviter\/","og_locale":"fr_FR","og_type":"article","og_title":"Am\u00e9nager une salle de bain classique : 10 erreurs \u00e0 \u00e9viter - La Fabbrica AVA","og_description":"Am\u00e9nager une salle de bain de style classique signifie embrasser des solutions de style et d'\u00e9l\u00e9gance, cr\u00e9ant un espace de bien-\u00eatre personnel qui \u00e9voque le charme du pass\u00e9.","og_url":"https:\/\/www.lafabbrica.it\/fr\/amenager-une-salle-de-bain-classique-10-erreurs-a-eviter\/","og_site_name":"La Fabbrica AVA","article_published_time":"2024-07-24T07:52:02+00:00","article_modified_time":"2024-07-25T07:07:19+00:00","og_image":[{"width":880,"height":860,"url":"https:\/\/www.lafabbrica.it\/wp-content\/uploads\/2024\/07\/bagno-list.jpg","type":"image\/jpeg"}],"author":"admin","twitter_card":"summary_large_image","twitter_misc":{"\u00c9crit par":"admin","Dur\u00e9e de lecture estim\u00e9e":"8 minutes"},"schema":{"@context":"https:\/\/schema.org","@graph":[{"@type":"Article","@id":"https:\/\/www.lafabbrica.it\/fr\/amenager-une-salle-de-bain-classique-10-erreurs-a-eviter\/#article","isPartOf":{"@id":"https:\/\/www.lafabbrica.it\/fr\/amenager-une-salle-de-bain-classique-10-erreurs-a-eviter\/"},"author":{"name":"admin","@id":"https:\/\/www.lafabbrica.it\/fr\/#\/schema\/person\/9854f3650eab7e4334e66d22de09296a"},"headline":"Am\u00e9nager une salle de bain classique : 10 erreurs \u00e0 \u00e9viter","datePublished":"2024-07-24T07:52:02+00:00","dateModified":"2024-07-25T07:07:19+00:00","mainEntityOfPage":{"@id":"https:\/\/www.lafabbrica.it\/fr\/amenager-une-salle-de-bain-classique-10-erreurs-a-eviter\/"},"wordCount":1788,"publisher":{"@id":"https:\/\/www.lafabbrica.it\/fr\/#organization"},"articleSection":["Blog"],"inLanguage":"fr-FR"},{"@type":"WebPage","@id":"https:\/\/www.lafabbrica.it\/fr\/amenager-une-salle-de-bain-classique-10-erreurs-a-eviter\/","url":"https:\/\/www.lafabbrica.it\/fr\/amenager-une-salle-de-bain-classique-10-erreurs-a-eviter\/","name":"Am\u00e9nager une salle de bain classique : 10 erreurs \u00e0 \u00e9viter - La Fabbrica AVA","isPartOf":{"@id":"https:\/\/www.lafabbrica.it\/fr\/#website"},"datePublished":"2024-07-24T07:52:02+00:00","dateModified":"2024-07-25T07:07:19+00:00","description":"Am\u00e9nager une salle de bain de style classique signifie embrasser des solutions de style et d'\u00e9l\u00e9gance, cr\u00e9ant un espace de bien-\u00eatre personnel qui \u00e9voque le charme du pass\u00e9.","breadcrumb":{"@id":"https:\/\/www.lafabbrica.it\/fr\/amenager-une-salle-de-bain-classique-10-erreurs-a-eviter\/#breadcrumb"},"inLanguage":"fr-FR","potentialAction":[{"@type":"ReadAction","target":["https:\/\/www.lafabbrica.it\/fr\/amenager-une-salle-de-bain-classique-10-erreurs-a-eviter\/"]}]},{"@type":"BreadcrumbList","@id":"https:\/\/www.lafabbrica.it\/fr\/amenager-une-salle-de-bain-classique-10-erreurs-a-eviter\/#breadcrumb","itemListElement":[{"@type":"ListItem","position":1,"name":"Home","item":"https:\/\/www.lafabbrica.it\/fr\/"},{"@type":"ListItem","position":2,"name":"Am\u00e9nager une salle de bain classique : 10 erreurs \u00e0 \u00e9viter"}]},{"@type":"WebSite","@id":"https:\/\/www.lafabbrica.it\/fr\/#website","url":"https:\/\/www.lafabbrica.it\/fr\/","name":"La Fabbrica AVA","description":"","publisher":{"@id":"https:\/\/www.lafabbrica.it\/fr\/#organization"},"potentialAction":[{"@type":"SearchAction","target":{"@type":"EntryPoint","urlTemplate":"https:\/\/www.lafabbrica.it\/fr\/?s={search_term_string}"},"query-input":"required name=search_term_string"}],"inLanguage":"fr-FR"},{"@type":"Organization","@id":"https:\/\/www.lafabbrica.it\/fr\/#organization","name":"La Fabbrica AVA","url":"https:\/\/www.lafabbrica.it\/fr\/","logo":{"@type":"ImageObject","inLanguage":"fr-FR","@id":"https:\/\/www.lafabbrica.it\/fr\/#\/schema\/logo\/image\/","url":"https:\/\/www.lafabbrica.it\/wp-content\/uploads\/2023\/08\/Senza-titolo-1.png","contentUrl":"https:\/\/www.lafabbrica.it\/wp-content\/uploads\/2023\/08\/Senza-titolo-1.png","width":567,"height":240,"caption":"La Fabbrica AVA"},"image":{"@id":"https:\/\/www.lafabbrica.it\/fr\/#\/schema\/logo\/image\/"}},{"@type":"Person","@id":"https:\/\/www.lafabbrica.it\/fr\/#\/schema\/person\/9854f3650eab7e4334e66d22de09296a","name":"admin","sameAs":["http:\/\/www.lafabbrica.it"],"url":"https:\/\/www.lafabbrica.it\/fr\/author\/admin\/"}]}},"_links":{"self":[{"href":"https:\/\/www.lafabbrica.it\/fr\/wp-json\/wp\/v2\/posts\/19150","targetHints":{"allow":["GET"]}}],"collection":[{"href":"https:\/\/www.lafabbrica.it\/fr\/wp-json\/wp\/v2\/posts"}],"about":[{"href":"https:\/\/www.lafabbrica.it\/fr\/wp-json\/wp\/v2\/types\/post"}],"author":[{"embeddable":true,"href":"https:\/\/www.lafabbrica.it\/fr\/wp-json\/wp\/v2\/users\/1"}],"replies":[{"embeddable":true,"href":"https:\/\/www.lafabbrica.it\/fr\/wp-json\/wp\/v2\/comments?post=19150"}],"version-history":[{"count":0,"href":"https:\/\/www.lafabbrica.it\/fr\/wp-json\/wp\/v2\/posts\/19150\/revisions"}],"wp:featuredmedia":[{"embeddable":true,"href":"https:\/\/www.lafabbrica.it\/fr\/wp-json\/wp\/v2\/media\/19168"}],"wp:attachment":[{"href":"https:\/\/www.lafabbrica.it\/fr\/wp-json\/wp\/v2\/media?parent=19150"}],"wp:term":[{"taxonomy":"category","embeddable":true,"href":"https:\/\/www.lafabbrica.it\/fr\/wp-json\/wp\/v2\/categories?post=19150"},{"taxonomy":"post_tag","embeddable":true,"href":"https:\/\/www.lafabbrica.it\/fr\/wp-json\/wp\/v2\/tags?post=19150"}],"curies":[{"name":"wp","href":"https:\/\/api.w.org\/{rel}","templated":true}]}}