{"id":18598,"date":"2024-06-17T08:16:32","date_gmt":"2024-06-17T08:16:32","guid":{"rendered":"https:\/\/www.lafabbrica.it\/?p=18598"},"modified":"2024-06-18T07:32:41","modified_gmt":"2024-06-18T07:32:41","slug":"les-dalles-ceramiques-epaisses-une-revolution-du-design-dinterieur","status":"publish","type":"post","link":"https:\/\/www.lafabbrica.it\/fr\/les-dalles-ceramiques-epaisses-une-revolution-du-design-dinterieur\/","title":{"rendered":"Les dalles c\u00e9ramiques \u00e9paisses : une r\u00e9volution du design d&#8217;int\u00e9rieur"},"content":{"rendered":"\t\t<div data-elementor-type=\"wp-post\" data-elementor-id=\"18598\" class=\"elementor elementor-18598 elementor-18595\" data-elementor-post-type=\"post\">\n\t\t\t\t<div data-dce-background-color=\"#FFFFFF\" class=\"elementor-element elementor-element-41f545f e-con-full e-flex e-con e-parent\" data-id=\"41f545f\" data-element_type=\"container\" data-settings=\"{&quot;content_width&quot;:&quot;full&quot;,&quot;background_background&quot;:&quot;classic&quot;}\" data-core-v316-plus=\"true\">\n\t\t\t\t<div class=\"elementor-element elementor-element-11f0209 elementor-widget elementor-widget-heading\" data-id=\"11f0209\" data-element_type=\"widget\" data-widget_type=\"heading.default\">\n\t\t\t\t<div class=\"elementor-widget-container\">\n\t\t\t<h1 class=\"elementor-heading-title elementor-size-default\">Les dalles c\u00e9ramiques \u00e9paisses : une r\u00e9volution du design d'int\u00e9rieur<\/h1>\t\t<\/div>\n\t\t\t\t<\/div>\n\t\t\t\t<div class=\"elementor-element elementor-element-6e1eeda elementor-widget elementor-widget-text-editor\" data-id=\"6e1eeda\" data-element_type=\"widget\" data-widget_type=\"text-editor.default\">\n\t\t\t\t<div class=\"elementor-widget-container\">\n\t\t\t\t\t\t\t<p><strong>Les dalles c\u00e9ramiques \u00e9paisses repr\u00e9sentent une v\u00e9ritable innovation dans le domaine du design d&#8217;int\u00e9rieur<\/strong>, offrant une combinaison parfaite de r\u00e9sistance, d&#8217;esth\u00e9tique raffin\u00e9e et de polyvalence d&#8217;application.<\/p>\n<p><strong>R\u00e9alis\u00e9es en gr\u00e8s c\u00e9rame et disponibles en \u00e9paisseurs de 12 mm et 20 mm<\/strong>, elles sont id\u00e9ales pour la cr\u00e9ation de compl\u00e9ments d&#8217;ameublement de toutes formes et dimensions, tels que des plans d&#8217;appui et des plateaux de cuisine, des meubles de cuisine et de s\u00e9jour, des meubles de salle de bain et des \u00e9l\u00e9ments de design contemporain.<\/p>\n\t\t\t\t\t\t<\/div>\n\t\t\t\t<\/div>\n\t\t\t\t<div class=\"elementor-element elementor-element-63ac007 elementor-widget elementor-widget-heading\" data-id=\"63ac007\" data-element_type=\"widget\" data-widget_type=\"heading.default\">\n\t\t\t\t<div class=\"elementor-widget-container\">\n\t\t\t<h2 class=\"elementor-heading-title elementor-size-default\">Les dalles c\u00e9ramiques \u00e9paisses : la r\u00e9volution commence par l'int\u00e9rieur<\/h2>\t\t<\/div>\n\t\t\t\t<\/div>\n\t\t\t\t<div class=\"elementor-element elementor-element-2bb7905 elementor-widget elementor-widget-text-editor\" data-id=\"2bb7905\" data-element_type=\"widget\" data-widget_type=\"text-editor.default\">\n\t\t\t\t<div class=\"elementor-widget-container\">\n\t\t\t\t\t\t\t<p><strong>Les dalles c\u00e9ramiques \u00e9paisses d&#8217;AVASTONE offrent une libert\u00e9 d&#8217;expression sans pareille, permettant de r\u00e9pondre aux exigences techniques les plus complexes avec style et \u00e9l\u00e9gance.<\/strong> Ce mat\u00e9riau innovant est r\u00e9sistant aux temp\u00e9ratures \u00e9lev\u00e9es, aux intemp\u00e9ries et aux rayons UV, et est \u00e9galement compl\u00e8tement imperm\u00e9able, garantissant durabilit\u00e9 et facilit\u00e9 d&#8217;entretien.<\/p>\n\t\t\t\t\t\t<\/div>\n\t\t\t\t<\/div>\n\t\t\t\t<div class=\"elementor-element elementor-element-190954a elementor-widget elementor-widget-image\" data-id=\"190954a\" data-element_type=\"widget\" data-widget_type=\"image.default\">\n\t\t\t\t<div class=\"elementor-widget-container\">\n\t\t\t\t\t\t\t\t\t\t\t\t\t<img fetchpriority=\"high\" decoding=\"async\" width=\"1800\" height=\"870\" src=\"https:\/\/www.lafabbrica.it\/wp-content\/uploads\/2024\/06\/ambiente1.jpg\" class=\"attachment-full size-full wp-image-18622\" alt=\"\" srcset=\"https:\/\/www.lafabbrica.it\/wp-content\/uploads\/2024\/06\/ambiente1.jpg 1800w, https:\/\/www.lafabbrica.it\/wp-content\/uploads\/2024\/06\/ambiente1-300x145.jpg 300w, https:\/\/www.lafabbrica.it\/wp-content\/uploads\/2024\/06\/ambiente1-1024x495.jpg 1024w, https:\/\/www.lafabbrica.it\/wp-content\/uploads\/2024\/06\/ambiente1-768x371.jpg 768w, https:\/\/www.lafabbrica.it\/wp-content\/uploads\/2024\/06\/ambiente1-1536x742.jpg 1536w\" sizes=\"(max-width: 1800px) 100vw, 1800px\" \/>\t\t\t\t\t\t\t\t\t\t\t\t\t<\/div>\n\t\t\t\t<\/div>\n\t\t\t\t<div class=\"elementor-element elementor-element-8a8d82f elementor-widget elementor-widget-heading\" data-id=\"8a8d82f\" data-element_type=\"widget\" data-widget_type=\"heading.default\">\n\t\t\t\t<div class=\"elementor-widget-container\">\n\t\t\t<h3 class=\"elementor-heading-title elementor-size-default\">Coherence de style entre sol, rev\u00eatement et mobilier<\/h3>\t\t<\/div>\n\t\t\t\t<\/div>\n\t\t\t\t<div class=\"elementor-element elementor-element-1e65886 elementor-widget elementor-widget-text-editor\" data-id=\"1e65886\" data-element_type=\"widget\" data-widget_type=\"text-editor.default\">\n\t\t\t\t<div class=\"elementor-widget-container\">\n\t\t\t\t\t\t\t<p><strong>Les dalles en c\u00e9ramique \u00e9paisses se coordonnent parfaitement avec les sols et les rev\u00eatements de LA FABBRICA AVA<\/strong>, afin de cr\u00e9er une coh\u00e9rence de style entre toutes les surfaces de la maison. La vari\u00e9t\u00e9 des finitions disponibles permet de cr\u00e9er des environnements harmonieux et sophistiqu\u00e9s, o\u00f9 chaque \u00e9l\u00e9ment de mobilier s&#8217;int\u00e8gre de mani\u00e8re fluide et avec une coh\u00e9rence maximale de style avec le reste du design int\u00e9rieur.<\/p>\n\t\t\t\t\t\t<\/div>\n\t\t\t\t<\/div>\n\t\t\t\t<div class=\"elementor-element elementor-element-6cf083c elementor-widget elementor-widget-image\" data-id=\"6cf083c\" data-element_type=\"widget\" data-widget_type=\"image.default\">\n\t\t\t\t<div class=\"elementor-widget-container\">\n\t\t\t\t\t\t\t\t\t\t\t\t\t<img decoding=\"async\" width=\"1800\" height=\"870\" src=\"https:\/\/www.lafabbrica.it\/wp-content\/uploads\/2024\/06\/ambiente2.jpg\" class=\"attachment-full size-full wp-image-18618\" alt=\"\" srcset=\"https:\/\/www.lafabbrica.it\/wp-content\/uploads\/2024\/06\/ambiente2.jpg 1800w, https:\/\/www.lafabbrica.it\/wp-content\/uploads\/2024\/06\/ambiente2-300x145.jpg 300w, https:\/\/www.lafabbrica.it\/wp-content\/uploads\/2024\/06\/ambiente2-1024x495.jpg 1024w, https:\/\/www.lafabbrica.it\/wp-content\/uploads\/2024\/06\/ambiente2-768x371.jpg 768w, https:\/\/www.lafabbrica.it\/wp-content\/uploads\/2024\/06\/ambiente2-1536x742.jpg 1536w\" sizes=\"(max-width: 1800px) 100vw, 1800px\" \/>\t\t\t\t\t\t\t\t\t\t\t\t\t<\/div>\n\t\t\t\t<\/div>\n\t\t\t\t<div class=\"elementor-element elementor-element-3989dd9 elementor-widget elementor-widget-heading\" data-id=\"3989dd9\" data-element_type=\"widget\" data-widget_type=\"heading.default\">\n\t\t\t\t<div class=\"elementor-widget-container\">\n\t\t\t<h3 class=\"elementor-heading-title elementor-size-default\">Carreaux grand format : avantages techniques et esth\u00e9tiques<\/h3>\t\t<\/div>\n\t\t\t\t<\/div>\n\t\t\t\t<div class=\"elementor-element elementor-element-a871e02 elementor-widget elementor-widget-text-editor\" data-id=\"a871e02\" data-element_type=\"widget\" data-widget_type=\"text-editor.default\">\n\t\t\t\t<div class=\"elementor-widget-container\">\n\t\t\t\t\t\t\t<p><strong>Les grandes dalles en gr\u00e8s c\u00e9rame offrent de nombreux avantages techniques et esth\u00e9tiques.<\/strong> D&#8217;un point de vue technique, les grandes surfaces r\u00e9duisent le nombre de joints, am\u00e9liorant l&#8217;esth\u00e9tique globale et facilitant le nettoyage. Esth\u00e9tiquement, les dalles \u00e9paisses d&#8217;AVASTONE cr\u00e9ent un effet de continuit\u00e9 visuelle, ajoutant une touche d&#8217;\u00e9l\u00e9gance aux espaces.<\/p>\n\t\t\t\t\t\t<\/div>\n\t\t\t\t<\/div>\n\t\t\t\t<\/div>\n\t\t<div data-dce-background-color=\"#F7F7F8\" class=\"elementor-element elementor-element-67babd6 e-con-full e-flex e-con e-parent\" data-id=\"67babd6\" data-element_type=\"container\" data-settings=\"{&quot;content_width&quot;:&quot;full&quot;,&quot;background_background&quot;:&quot;classic&quot;}\" data-core-v316-plus=\"true\">\n\t\t\t\t<div class=\"elementor-element elementor-element-5634998 elementor-widget elementor-widget-heading\" data-id=\"5634998\" data-element_type=\"widget\" data-widget_type=\"heading.default\">\n\t\t\t\t<div class=\"elementor-widget-container\">\n\t\t\t<h3 class=\"elementor-heading-title elementor-size-default\">Dalles en c\u00e9ramique et rev\u00eatements pour meubles<\/h3>\t\t<\/div>\n\t\t\t\t<\/div>\n\t\t\t\t<div class=\"elementor-element elementor-element-72c2193 elementor-widget elementor-widget-text-editor\" data-id=\"72c2193\" data-element_type=\"widget\" data-widget_type=\"text-editor.default\">\n\t\t\t\t<div class=\"elementor-widget-container\">\n\t\t\t\t\t\t\t<p><strong>Les dalles en c\u00e9ramique \u00e9paisses trouvent leur application dans les rev\u00eatements de meubles : il s&#8217;agit d&#8217;une option esth\u00e9tique sophistiqu\u00e9e et r\u00e9sistante.<\/strong> Utilis\u00e9es pour rev\u00eatir les armoires, les tables et autres compl\u00e9ments de mobilier, ces dalles ajoutent une touche d&#8217;\u00e9l\u00e9gance et de durabilit\u00e9 aux meubles, r\u00e9sistant aux chocs, aux rayures et aux taches.<\/p>\n<p>Quelques exemples d&#8217;utilisation peuvent \u00eatre :<\/p>\n\t\t\t\t\t\t<\/div>\n\t\t\t\t<\/div>\n\t\t\t\t<div class=\"elementor-element elementor-element-6b008a8 elementor-position-left elementor-mobile-position-left elementor-view-default elementor-vertical-align-top elementor-widget elementor-widget-icon-box\" data-id=\"6b008a8\" data-element_type=\"widget\" data-widget_type=\"icon-box.default\">\n\t\t\t\t<div class=\"elementor-widget-container\">\n\t\t\t\t\t<div class=\"elementor-icon-box-wrapper\">\n\t\t\t\t\t\t<div class=\"elementor-icon-box-icon\">\n\t\t\t\t<span  class=\"elementor-icon elementor-animation-\">\n\t\t\t\t<i aria-hidden=\"true\" class=\"fas fa-check\"><\/i>\t\t\t\t<\/span>\n\t\t\t<\/div>\n\t\t\t\t\t\t<div class=\"elementor-icon-box-content\">\n\t\t\t\t<h4 class=\"elementor-icon-box-title\">\n\t\t\t\t\t<span  >\n\t\t\t\t\t\tRev\u00eatement pour armoires\t\t\t\t\t<\/span>\n\t\t\t\t<\/h4>\n\t\t\t\t\t\t\t\t\t<p class=\"elementor-icon-box-description\">\n\t\t\t\t\t\tles dalles en c\u00e9ramique peuvent \u00eatre utilis\u00e9es pour rev\u00eatir les portes des armoires, leur donnant un aspect moderne et propre, en plus d'une r\u00e9sistance sup\u00e9rieure par rapport aux mat\u00e9riaux traditionnels.\t\t\t\t\t<\/p>\n\t\t\t\t\t\t\t<\/div>\n\t\t<\/div>\n\t\t\t\t<\/div>\n\t\t\t\t<\/div>\n\t\t\t\t<div class=\"elementor-element elementor-element-909c1ab elementor-position-left elementor-mobile-position-left elementor-view-default elementor-vertical-align-top elementor-widget elementor-widget-icon-box\" data-id=\"909c1ab\" data-element_type=\"widget\" data-widget_type=\"icon-box.default\">\n\t\t\t\t<div class=\"elementor-widget-container\">\n\t\t\t\t\t<div class=\"elementor-icon-box-wrapper\">\n\t\t\t\t\t\t<div class=\"elementor-icon-box-icon\">\n\t\t\t\t<span  class=\"elementor-icon elementor-animation-\">\n\t\t\t\t<i aria-hidden=\"true\" class=\"fas fa-check\"><\/i>\t\t\t\t<\/span>\n\t\t\t<\/div>\n\t\t\t\t\t\t<div class=\"elementor-icon-box-content\">\n\t\t\t\t<h4 class=\"elementor-icon-box-title\">\n\t\t\t\t\t<span  >\n\t\t\t\t\t\tTables \u00e0 manger\t\t\t\t\t<\/span>\n\t\t\t\t<\/h4>\n\t\t\t\t\t\t\t\t\t<p class=\"elementor-icon-box-description\">\n\t\t\t\t\t\tune table \u00e0 manger avec un plateau en c\u00e9ramique offre une surface r\u00e9sistante aux rayures et aux taches, ce qui la rend id\u00e9ale pour une utilisation quotidienne intensive ainsi que pour des d\u00eeners \u00e9l\u00e9gants.\t\t\t\t\t<\/p>\n\t\t\t\t\t\t\t<\/div>\n\t\t<\/div>\n\t\t\t\t<\/div>\n\t\t\t\t<\/div>\n\t\t\t\t<div class=\"elementor-element elementor-element-93d34fa elementor-position-left elementor-mobile-position-left elementor-view-default elementor-vertical-align-top elementor-widget elementor-widget-icon-box\" data-id=\"93d34fa\" data-element_type=\"widget\" data-widget_type=\"icon-box.default\">\n\t\t\t\t<div class=\"elementor-widget-container\">\n\t\t\t\t\t<div class=\"elementor-icon-box-wrapper\">\n\t\t\t\t\t\t<div class=\"elementor-icon-box-icon\">\n\t\t\t\t<span  class=\"elementor-icon elementor-animation-\">\n\t\t\t\t<i aria-hidden=\"true\" class=\"fas fa-check\"><\/i>\t\t\t\t<\/span>\n\t\t\t<\/div>\n\t\t\t\t\t\t<div class=\"elementor-icon-box-content\">\n\t\t\t\t<h4 class=\"elementor-icon-box-title\">\n\t\t\t\t\t<span  >\n\t\t\t\t\t\tPlans de cuisine\t\t\t\t\t<\/span>\n\t\t\t\t<\/h4>\n\t\t\t\t\t\t\t\t\t<p class=\"elementor-icon-box-description\">\n\t\t\t\t\t\tles plans de cuisine en c\u00e9ramique - comme ceux de la collection Statuario Reale - sont r\u00e9sistants \u00e0 la chaleur et aux taches, faciles \u00e0 nettoyer et beaux gr\u00e2ce aux veines effet marbre.\t\t\t\t\t<\/p>\n\t\t\t\t\t\t\t<\/div>\n\t\t<\/div>\n\t\t\t\t<\/div>\n\t\t\t\t<\/div>\n\t\t\t\t<div class=\"elementor-element elementor-element-d2d7cdf elementor-position-left elementor-mobile-position-left elementor-view-default elementor-vertical-align-top elementor-widget elementor-widget-icon-box\" data-id=\"d2d7cdf\" data-element_type=\"widget\" data-widget_type=\"icon-box.default\">\n\t\t\t\t<div class=\"elementor-widget-container\">\n\t\t\t\t\t<div class=\"elementor-icon-box-wrapper\">\n\t\t\t\t\t\t<div class=\"elementor-icon-box-icon\">\n\t\t\t\t<span  class=\"elementor-icon elementor-animation-\">\n\t\t\t\t<i aria-hidden=\"true\" class=\"fas fa-check\"><\/i>\t\t\t\t<\/span>\n\t\t\t<\/div>\n\t\t\t\t\t\t<div class=\"elementor-icon-box-content\">\n\t\t\t\t<h4 class=\"elementor-icon-box-title\">\n\t\t\t\t\t<span  >\n\t\t\t\t\t\tRev\u00eatement pour \u00eelots de cuisin\t\t\t\t\t<\/span>\n\t\t\t\t<\/h4>\n\t\t\t\t\t\t\t\t\t<p class=\"elementor-icon-box-description\">\n\t\t\t\t\t\tles \u00eelots de cuisine peuvent \u00eatre rev\u00eatus de dalles en c\u00e9ramique \u00e9paisses, cr\u00e9ant ainsi un point focal \u00e9l\u00e9gant et r\u00e9sistant \u00e0 l'usure quotidienne.\t\t\t\t\t<\/p>\n\t\t\t\t\t\t\t<\/div>\n\t\t<\/div>\n\t\t\t\t<\/div>\n\t\t\t\t<\/div>\n\t\t\t\t<div class=\"elementor-element elementor-element-3a7ac99 elementor-position-left elementor-mobile-position-left elementor-view-default elementor-vertical-align-top elementor-widget elementor-widget-icon-box\" data-id=\"3a7ac99\" data-element_type=\"widget\" data-widget_type=\"icon-box.default\">\n\t\t\t\t<div class=\"elementor-widget-container\">\n\t\t\t\t\t<div class=\"elementor-icon-box-wrapper\">\n\t\t\t\t\t\t<div class=\"elementor-icon-box-icon\">\n\t\t\t\t<span  class=\"elementor-icon elementor-animation-\">\n\t\t\t\t<i aria-hidden=\"true\" class=\"fas fa-check\"><\/i>\t\t\t\t<\/span>\n\t\t\t<\/div>\n\t\t\t\t\t\t<div class=\"elementor-icon-box-content\">\n\t\t\t\t<h4 class=\"elementor-icon-box-title\">\n\t\t\t\t\t<span  >\n\t\t\t\t\t\tCompl\u00e9ments de mobilier\t\t\t\t\t<\/span>\n\t\t\t\t<\/h4>\n\t\t\t\t\t\t\t\t\t<p class=\"elementor-icon-box-description\">\n\t\t\t\t\t\tles tables basses, consoles et autres surfaces de mobilier peuvent \u00eatre rev\u00eatues de gr\u00e8s pour donner forme \u00e0 un design homog\u00e8ne et garantir une durabilit\u00e9 accrue.\t\t\t\t\t<\/p>\n\t\t\t\t\t\t\t<\/div>\n\t\t<\/div>\n\t\t\t\t<\/div>\n\t\t\t\t<\/div>\n\t\t\t\t<\/div>\n\t\t<div class=\"elementor-element elementor-element-6b46401 e-con-full e-flex e-con e-parent\" data-id=\"6b46401\" data-element_type=\"container\" data-settings=\"{&quot;content_width&quot;:&quot;full&quot;}\" data-core-v316-plus=\"true\">\n\t\t\t\t<div class=\"elementor-element elementor-element-34d1b40 elementor-widget elementor-widget-heading\" data-id=\"34d1b40\" data-element_type=\"widget\" data-widget_type=\"heading.default\">\n\t\t\t\t<div class=\"elementor-widget-container\">\n\t\t\t<h2 class=\"elementor-heading-title elementor-size-default\">Plans de cuisine et plans de travail<\/h2>\t\t<\/div>\n\t\t\t\t<\/div>\n\t\t\t\t<div class=\"elementor-element elementor-element-920beb9 elementor-widget elementor-widget-text-editor\" data-id=\"920beb9\" data-element_type=\"widget\" data-widget_type=\"text-editor.default\">\n\t\t\t\t<div class=\"elementor-widget-container\">\n\t\t\t\t\t\t\t<p><strong>Les dalles en c\u00e9ramique \u00e9paisses sont id\u00e9ales pour les plans de cuisine et les plans de travail<\/strong> gr\u00e2ce \u00e0 leurs propri\u00e9t\u00e9s hygi\u00e9niques et \u00e0 la r\u00e9sistance d\u00e9j\u00e0 mentionn\u00e9e aux rayures, aux taches et \u00e0 la chaleur. AVASTONE propose diff\u00e9rentes solutions parfaites pour combiner esth\u00e9tique et fonctionnalit\u00e9 dans la cuisine.<\/p>\n\t\t\t\t\t\t<\/div>\n\t\t\t\t<\/div>\n\t\t\t\t<div class=\"elementor-element elementor-element-c46718c elementor-widget elementor-widget-image\" data-id=\"c46718c\" data-element_type=\"widget\" data-widget_type=\"image.default\">\n\t\t\t\t<div class=\"elementor-widget-container\">\n\t\t\t\t\t\t\t\t\t\t\t\t\t<img decoding=\"async\" width=\"1800\" height=\"870\" src=\"https:\/\/www.lafabbrica.it\/wp-content\/uploads\/2024\/06\/ambiente3.jpg\" class=\"attachment-full size-full wp-image-18614\" alt=\"\" srcset=\"https:\/\/www.lafabbrica.it\/wp-content\/uploads\/2024\/06\/ambiente3.jpg 1800w, https:\/\/www.lafabbrica.it\/wp-content\/uploads\/2024\/06\/ambiente3-300x145.jpg 300w, https:\/\/www.lafabbrica.it\/wp-content\/uploads\/2024\/06\/ambiente3-1024x495.jpg 1024w, https:\/\/www.lafabbrica.it\/wp-content\/uploads\/2024\/06\/ambiente3-768x371.jpg 768w, https:\/\/www.lafabbrica.it\/wp-content\/uploads\/2024\/06\/ambiente3-1536x742.jpg 1536w\" sizes=\"(max-width: 1800px) 100vw, 1800px\" \/>\t\t\t\t\t\t\t\t\t\t\t\t\t<\/div>\n\t\t\t\t<\/div>\n\t\t\t\t<\/div>\n\t\t<div class=\"elementor-element elementor-element-33a64a9 e-con-full e-flex e-con e-parent\" data-id=\"33a64a9\" data-element_type=\"container\" data-settings=\"{&quot;content_width&quot;:&quot;full&quot;}\" data-core-v316-plus=\"true\">\n\t\t\t\t<div class=\"elementor-element elementor-element-e4dad4f elementor-widget elementor-widget-heading\" data-id=\"e4dad4f\" data-element_type=\"widget\" data-widget_type=\"heading.default\">\n\t\t\t\t<div class=\"elementor-widget-container\">\n\t\t\t<h3 class=\"elementor-heading-title elementor-size-default\">Pourquoi choisir un plan de cuisine en gr\u00e8s c\u00e9rame?<\/h3>\t\t<\/div>\n\t\t\t\t<\/div>\n\t\t\t\t<div class=\"elementor-element elementor-element-f209609 elementor-widget elementor-widget-text-editor\" data-id=\"f209609\" data-element_type=\"widget\" data-widget_type=\"text-editor.default\">\n\t\t\t\t<div class=\"elementor-widget-container\">\n\t\t\t\t\t\t\t<p>Un plan de cuisine rev\u00eatu de dalles en c\u00e9ramique est : <\/p>\n\t\t\t\t\t\t<\/div>\n\t\t\t\t<\/div>\n\t\t\t\t<div class=\"elementor-element elementor-element-8837341 elementor-position-left elementor-mobile-position-left elementor-view-default elementor-vertical-align-top elementor-widget elementor-widget-icon-box\" data-id=\"8837341\" data-element_type=\"widget\" data-widget_type=\"icon-box.default\">\n\t\t\t\t<div class=\"elementor-widget-container\">\n\t\t\t\t\t<div class=\"elementor-icon-box-wrapper\">\n\t\t\t\t\t\t<div class=\"elementor-icon-box-icon\">\n\t\t\t\t<span  class=\"elementor-icon elementor-animation-\">\n\t\t\t\t<i aria-hidden=\"true\" class=\"fas fa-check\"><\/i>\t\t\t\t<\/span>\n\t\t\t<\/div>\n\t\t\t\t\t\t<div class=\"elementor-icon-box-content\">\n\t\t\t\t<h4 class=\"elementor-icon-box-title\">\n\t\t\t\t\t<span  >\n\t\t\t\t\t\tR\u00e9sistant aux rayures\t\t\t\t\t<\/span>\n\t\t\t\t<\/h4>\n\t\t\t\t\t\t\t\t\t<p class=\"elementor-icon-box-description\">\n\t\t\t\t\t\t\n\t\t\t\t\t<\/p>\n\t\t\t\t\t\t\t<\/div>\n\t\t<\/div>\n\t\t\t\t<\/div>\n\t\t\t\t<\/div>\n\t\t\t\t<div class=\"elementor-element elementor-element-4e625e3 elementor-position-left elementor-mobile-position-left elementor-view-default elementor-vertical-align-top elementor-widget elementor-widget-icon-box\" data-id=\"4e625e3\" data-element_type=\"widget\" data-widget_type=\"icon-box.default\">\n\t\t\t\t<div class=\"elementor-widget-container\">\n\t\t\t\t\t<div class=\"elementor-icon-box-wrapper\">\n\t\t\t\t\t\t<div class=\"elementor-icon-box-icon\">\n\t\t\t\t<span  class=\"elementor-icon elementor-animation-\">\n\t\t\t\t<i aria-hidden=\"true\" class=\"fas fa-check\"><\/i>\t\t\t\t<\/span>\n\t\t\t<\/div>\n\t\t\t\t\t\t<div class=\"elementor-icon-box-content\">\n\t\t\t\t<h4 class=\"elementor-icon-box-title\">\n\t\t\t\t\t<span  >\n\t\t\t\t\t\tHygi\u00e9nique et facile \u00e0 nettoyer\t\t\t\t\t<\/span>\n\t\t\t\t<\/h4>\n\t\t\t\t\t\t\t\t\t<p class=\"elementor-icon-box-description\">\n\t\t\t\t\t\t\n\t\t\t\t\t<\/p>\n\t\t\t\t\t\t\t<\/div>\n\t\t<\/div>\n\t\t\t\t<\/div>\n\t\t\t\t<\/div>\n\t\t\t\t<div class=\"elementor-element elementor-element-fd18efe elementor-position-left elementor-mobile-position-left elementor-view-default elementor-vertical-align-top elementor-widget elementor-widget-icon-box\" data-id=\"fd18efe\" data-element_type=\"widget\" data-widget_type=\"icon-box.default\">\n\t\t\t\t<div class=\"elementor-widget-container\">\n\t\t\t\t\t<div class=\"elementor-icon-box-wrapper\">\n\t\t\t\t\t\t<div class=\"elementor-icon-box-icon\">\n\t\t\t\t<span  class=\"elementor-icon elementor-animation-\">\n\t\t\t\t<i aria-hidden=\"true\" class=\"fas fa-check\"><\/i>\t\t\t\t<\/span>\n\t\t\t<\/div>\n\t\t\t\t\t\t<div class=\"elementor-icon-box-content\">\n\t\t\t\t<h4 class=\"elementor-icon-box-title\">\n\t\t\t\t\t<span  >\n\t\t\t\t\t\tR\u00e9sistant \u00e0 la chaleur \t\t\t\t\t<\/span>\n\t\t\t\t<\/h4>\n\t\t\t\t\t\t\t\t\t<p class=\"elementor-icon-box-description\">\n\t\t\t\t\t\t\n\t\t\t\t\t<\/p>\n\t\t\t\t\t\t\t<\/div>\n\t\t<\/div>\n\t\t\t\t<\/div>\n\t\t\t\t<\/div>\n\t\t\t\t<div class=\"elementor-element elementor-element-46cb08f elementor-position-left elementor-mobile-position-left elementor-view-default elementor-vertical-align-top elementor-widget elementor-widget-icon-box\" data-id=\"46cb08f\" data-element_type=\"widget\" data-widget_type=\"icon-box.default\">\n\t\t\t\t<div class=\"elementor-widget-container\">\n\t\t\t\t\t<div class=\"elementor-icon-box-wrapper\">\n\t\t\t\t\t\t<div class=\"elementor-icon-box-icon\">\n\t\t\t\t<span  class=\"elementor-icon elementor-animation-\">\n\t\t\t\t<i aria-hidden=\"true\" class=\"fas fa-check\"><\/i>\t\t\t\t<\/span>\n\t\t\t<\/div>\n\t\t\t\t\t\t<div class=\"elementor-icon-box-content\">\n\t\t\t\t<h4 class=\"elementor-icon-box-title\">\n\t\t\t\t\t<span  >\n\t\t\t\t\t\tDurable dans le temps \t\t\t\t\t<\/span>\n\t\t\t\t<\/h4>\n\t\t\t\t\t\t\t\t\t<p class=\"elementor-icon-box-description\">\n\t\t\t\t\t\t\n\t\t\t\t\t<\/p>\n\t\t\t\t\t\t\t<\/div>\n\t\t<\/div>\n\t\t\t\t<\/div>\n\t\t\t\t<\/div>\n\t\t\t\t<div class=\"elementor-element elementor-element-f500d20 elementor-widget elementor-widget-heading\" data-id=\"f500d20\" data-element_type=\"widget\" data-widget_type=\"heading.default\">\n\t\t\t\t<div class=\"elementor-widget-container\">\n\t\t\t<h3 class=\"elementor-heading-title elementor-size-default\">AVASTONE : nouvelles maxi dallesdesign<\/h3>\t\t<\/div>\n\t\t\t\t<\/div>\n\t\t\t\t<div class=\"elementor-element elementor-element-53a2402 elementor-widget elementor-widget-text-editor\" data-id=\"53a2402\" data-element_type=\"widget\" data-widget_type=\"text-editor.default\">\n\t\t\t\t<div class=\"elementor-widget-container\">\n\t\t\t\t\t\t\t<p><strong>AVASTONE<\/strong> pr\u00e9sente certaines des dalles les plus innovantes et fascinantes du march\u00e9. Parmi les collections phares, on trouve :<\/p>\n\t\t\t\t\t\t<\/div>\n\t\t\t\t<\/div>\n\t\t\t\t<div class=\"elementor-element elementor-element-b9a9fdf elementor-position-left elementor-mobile-position-left elementor-view-default elementor-vertical-align-top elementor-widget elementor-widget-icon-box\" data-id=\"b9a9fdf\" data-element_type=\"widget\" data-widget_type=\"icon-box.default\">\n\t\t\t\t<div class=\"elementor-widget-container\">\n\t\t\t\t\t<div class=\"elementor-icon-box-wrapper\">\n\t\t\t\t\t\t<div class=\"elementor-icon-box-icon\">\n\t\t\t\t<span  class=\"elementor-icon elementor-animation-\">\n\t\t\t\t<i aria-hidden=\"true\" class=\"fas fa-check\"><\/i>\t\t\t\t<\/span>\n\t\t\t<\/div>\n\t\t\t\t\t\t<div class=\"elementor-icon-box-content\">\n\t\t\t\t<h4 class=\"elementor-icon-box-title\">\n\t\t\t\t\t<span  >\n\t\t\t\t\t\t<a href=\"https:\/\/www.lafabbrica.it\/fr\/collections\/sahara-noir\/\">Sahara Noir<\/a>, <a href=\"https:\/\/www.lafabbrica.it\/fr\/avastone_collections\/eos\/\">Eos<\/a>, <a href=\"https:\/\/www.lafabbrica.it\/fr\/avastone_collections\/aragon\/\">Aragon<\/a>\t\t\t\t\t<\/span>\n\t\t\t\t<\/h4>\n\t\t\t\t\t\t\t\t\t<p class=\"elementor-icon-box-description\">\n\t\t\t\t\t\tdes marbres noirs caract\u00e9ris\u00e9s par des veines distinctives et sophistiqu\u00e9es. \r\n\r\n\t\t\t\t\t<\/p>\n\t\t\t\t\t\t\t<\/div>\n\t\t<\/div>\n\t\t\t\t<\/div>\n\t\t\t\t<\/div>\n\t\t\t\t<div class=\"elementor-element elementor-element-4d55018 elementor-position-left elementor-mobile-position-left elementor-view-default elementor-vertical-align-top elementor-widget elementor-widget-icon-box\" data-id=\"4d55018\" data-element_type=\"widget\" data-widget_type=\"icon-box.default\">\n\t\t\t\t<div class=\"elementor-widget-container\">\n\t\t\t\t\t<div class=\"elementor-icon-box-wrapper\">\n\t\t\t\t\t\t<div class=\"elementor-icon-box-icon\">\n\t\t\t\t<span  class=\"elementor-icon elementor-animation-\">\n\t\t\t\t<i aria-hidden=\"true\" class=\"fas fa-check\"><\/i>\t\t\t\t<\/span>\n\t\t\t<\/div>\n\t\t\t\t\t\t<div class=\"elementor-icon-box-content\">\n\t\t\t\t<h4 class=\"elementor-icon-box-title\">\n\t\t\t\t\t<span  >\n\t\t\t\t\t\t<a href=\"https:\/\/www.lafabbrica.it\/fr\/avastone_collections\/macchia-antica\/\">Macchia Antica<\/a>, <a href=\"https:\/\/www.lafabbrica.it\/fr\/avastone_collections\/statuario-reale\/\">Statuario Reale<\/a>, <a href=\"https:\/\/www.lafabbrica.it\/fr\/avastone_collections\/calacatta-oro\/\">Calacatta Oro<\/a>\t\t\t\t\t<\/span>\n\t\t\t\t<\/h4>\n\t\t\t\t\t\t\t\t\t<p class=\"elementor-icon-box-description\">\n\t\t\t\t\t\tdes marbres blancs vein\u00e9s capables de combiner \u00e9l\u00e9gance classique et design moderne. \r\n\t\t\t\t\t<\/p>\n\t\t\t\t\t\t\t<\/div>\n\t\t<\/div>\n\t\t\t\t<\/div>\n\t\t\t\t<\/div>\n\t\t\t\t<div class=\"elementor-element elementor-element-8454fe4 elementor-position-left elementor-mobile-position-left elementor-view-default elementor-vertical-align-top elementor-widget elementor-widget-icon-box\" data-id=\"8454fe4\" data-element_type=\"widget\" data-widget_type=\"icon-box.default\">\n\t\t\t\t<div class=\"elementor-widget-container\">\n\t\t\t\t\t<div class=\"elementor-icon-box-wrapper\">\n\t\t\t\t\t\t<div class=\"elementor-icon-box-icon\">\n\t\t\t\t<span  class=\"elementor-icon elementor-animation-\">\n\t\t\t\t<i aria-hidden=\"true\" class=\"fas fa-check\"><\/i>\t\t\t\t<\/span>\n\t\t\t<\/div>\n\t\t\t\t\t\t<div class=\"elementor-icon-box-content\">\n\t\t\t\t<h4 class=\"elementor-icon-box-title\">\n\t\t\t\t\t<span  >\n\t\t\t\t\t\t<a href=\"https:\/\/www.lafabbrica.it\/fr\/avastone_collections\/magellano\/\">Magellano<\/a>\t\t\t\t\t<\/span>\n\t\t\t\t<\/h4>\n\t\t\t\t\t\t\t\t\t<p class=\"elementor-icon-box-description\">\n\t\t\t\t\t\t\u00e9galement connu sous le nom de vert Patagonie, cette collection se distingue par ses nuances vertes uniques.\r\n\r\n\r\n\t\t\t\t\t<\/p>\n\t\t\t\t\t\t\t<\/div>\n\t\t<\/div>\n\t\t\t\t<\/div>\n\t\t\t\t<\/div>\n\t\t\t\t<div class=\"elementor-element elementor-element-b1dbab8 elementor-align-center elementor-widget elementor-widget-button\" data-id=\"b1dbab8\" data-element_type=\"widget\" data-widget_type=\"button.default\">\n\t\t\t\t<div class=\"elementor-widget-container\">\n\t\t\t\t\t<div class=\"elementor-button-wrapper\">\n\t\t\t<a class=\"elementor-button elementor-button-link elementor-size-md\" href=\"https:\/\/www.lafabbrica.it\/fr\/news-blog\/\">\n\t\t\t\t\t\t<span class=\"elementor-button-content-wrapper\">\n\t\t\t\t\t\t<span class=\"elementor-button-text\">D\u00e9couvrez-en plus sur nos conseils de style!<\/span>\n\t\t<\/span>\n\t\t\t\t\t<\/a>\n\t\t<\/div>\n\t\t\t\t<\/div>\n\t\t\t\t<\/div>\n\t\t\t\t<\/div>\n\t\t\t\t<\/div>\n\t\t","protected":false},"excerpt":{"rendered":"<p>Les dalles c\u00e9ramiques \u00e9paisses repr\u00e9sentent une v\u00e9ritable innovation dans le domaine du design d&#8217;int\u00e9rieur, offrant une combinaison parfaite de r\u00e9sistance, d&#8217;esth\u00e9tique raffin\u00e9e et de polyvalence d&#8217;application.<\/p>\n","protected":false},"author":1,"featured_media":18628,"comment_status":"closed","ping_status":"closed","sticky":false,"template":"","format":"standard","meta":{"_acf_changed":false,"site-sidebar-layout":"default","site-content-layout":"","ast-site-content-layout":"default","site-content-style":"default","site-sidebar-style":"default","ast-global-header-display":"","ast-banner-title-visibility":"","ast-main-header-display":"","ast-hfb-above-header-display":"","ast-hfb-below-header-display":"","ast-hfb-mobile-header-display":"","site-post-title":"","ast-breadcrumbs-content":"","ast-featured-img":"","footer-sml-layout":"","theme-transparent-header-meta":"","adv-header-id-meta":"","stick-header-meta":"","header-above-stick-meta":"","header-main-stick-meta":"","header-below-stick-meta":"","astra-migrate-meta-layouts":"set","ast-page-background-enabled":"default","ast-page-background-meta":{"desktop":{"background-color":"var(--ast-global-color-4)","background-image":"","background-repeat":"repeat","background-position":"center center","background-size":"auto","background-attachment":"scroll","background-type":"","background-media":"","overlay-type":"","overlay-color":"","overlay-gradient":""},"tablet":{"background-color":"","background-image":"","background-repeat":"repeat","background-position":"center center","background-size":"auto","background-attachment":"scroll","background-type":"","background-media":"","overlay-type":"","overlay-color":"","overlay-gradient":""},"mobile":{"background-color":"","background-image":"","background-repeat":"repeat","background-position":"center center","background-size":"auto","background-attachment":"scroll","background-type":"","background-media":"","overlay-type":"","overlay-color":"","overlay-gradient":""}},"ast-content-background-meta":{"desktop":{"background-color":"var(--ast-global-color-5)","background-image":"","background-repeat":"repeat","background-position":"center center","background-size":"auto","background-attachment":"scroll","background-type":"","background-media":"","overlay-type":"","overlay-color":"","overlay-gradient":""},"tablet":{"background-color":"var(--ast-global-color-5)","background-image":"","background-repeat":"repeat","background-position":"center center","background-size":"auto","background-attachment":"scroll","background-type":"","background-media":"","overlay-type":"","overlay-color":"","overlay-gradient":""},"mobile":{"background-color":"var(--ast-global-color-5)","background-image":"","background-repeat":"repeat","background-position":"center center","background-size":"auto","background-attachment":"scroll","background-type":"","background-media":"","overlay-type":"","overlay-color":"","overlay-gradient":""}},"footnotes":""},"categories":[1241],"tags":[],"class_list":["post-18598","post","type-post","status-publish","format-standard","has-post-thumbnail","hentry","category-blog-fr"],"acf":[],"yoast_head":"<!-- This site is optimized with the Yoast SEO plugin v22.0 - https:\/\/yoast.com\/wordpress\/plugins\/seo\/ -->\n<title>Les dalles c\u00e9ramiques \u00e9paisses : une r\u00e9volution du design d&#039;int\u00e9rieur - La Fabbrica AVA<\/title>\n<meta name=\"description\" content=\"Les dalles c\u00e9ramiques \u00e9paisses repr\u00e9sentent une v\u00e9ritable innovation dans le domaine du design d&#039;int\u00e9rieur, offrant une combinaison parfaite de r\u00e9sistance, d&#039;esth\u00e9tique raffin\u00e9e et de polyvalence d&#039;application.\" \/>\n<meta name=\"robots\" content=\"index, follow, max-snippet:-1, max-image-preview:large, max-video-preview:-1\" \/>\n<link rel=\"canonical\" href=\"https:\/\/www.lafabbrica.it\/fr\/les-dalles-ceramiques-epaisses-une-revolution-du-design-dinterieur\/\" \/>\n<meta property=\"og:locale\" content=\"fr_FR\" \/>\n<meta property=\"og:type\" content=\"article\" \/>\n<meta property=\"og:title\" content=\"Les dalles c\u00e9ramiques \u00e9paisses : une r\u00e9volution du design d&#039;int\u00e9rieur - La Fabbrica AVA\" \/>\n<meta property=\"og:description\" content=\"Les dalles c\u00e9ramiques \u00e9paisses repr\u00e9sentent une v\u00e9ritable innovation dans le domaine du design d&#039;int\u00e9rieur, offrant une combinaison parfaite de r\u00e9sistance, d&#039;esth\u00e9tique raffin\u00e9e et de polyvalence d&#039;application.\" \/>\n<meta property=\"og:url\" content=\"https:\/\/www.lafabbrica.it\/fr\/les-dalles-ceramiques-epaisses-une-revolution-du-design-dinterieur\/\" \/>\n<meta property=\"og:site_name\" content=\"La Fabbrica AVA\" \/>\n<meta property=\"article:published_time\" content=\"2024-06-17T08:16:32+00:00\" \/>\n<meta property=\"article:modified_time\" content=\"2024-06-18T07:32:41+00:00\" \/>\n<meta property=\"og:image\" content=\"https:\/\/www.lafabbrica.it\/wp-content\/uploads\/2024\/06\/main-list.jpg\" \/>\n\t<meta property=\"og:image:width\" content=\"880\" \/>\n\t<meta property=\"og:image:height\" content=\"860\" \/>\n\t<meta property=\"og:image:type\" content=\"image\/jpeg\" \/>\n<meta name=\"author\" content=\"admin\" \/>\n<meta name=\"twitter:card\" content=\"summary_large_image\" \/>\n<meta name=\"twitter:label1\" content=\"\u00c9crit par\" \/>\n\t<meta name=\"twitter:data1\" content=\"admin\" \/>\n\t<meta name=\"twitter:label2\" content=\"Dur\u00e9e de lecture estim\u00e9e\" \/>\n\t<meta name=\"twitter:data2\" content=\"5 minutes\" \/>\n<script type=\"application\/ld+json\" class=\"yoast-schema-graph\">{\"@context\":\"https:\/\/schema.org\",\"@graph\":[{\"@type\":\"Article\",\"@id\":\"https:\/\/www.lafabbrica.it\/fr\/les-dalles-ceramiques-epaisses-une-revolution-du-design-dinterieur\/#article\",\"isPartOf\":{\"@id\":\"https:\/\/www.lafabbrica.it\/fr\/les-dalles-ceramiques-epaisses-une-revolution-du-design-dinterieur\/\"},\"author\":{\"name\":\"admin\",\"@id\":\"https:\/\/www.lafabbrica.it\/fr\/#\/schema\/person\/9854f3650eab7e4334e66d22de09296a\"},\"headline\":\"Les dalles c\u00e9ramiques \u00e9paisses : une r\u00e9volution du design d&#8217;int\u00e9rieur\",\"datePublished\":\"2024-06-17T08:16:32+00:00\",\"dateModified\":\"2024-06-18T07:32:41+00:00\",\"mainEntityOfPage\":{\"@id\":\"https:\/\/www.lafabbrica.it\/fr\/les-dalles-ceramiques-epaisses-une-revolution-du-design-dinterieur\/\"},\"wordCount\":816,\"publisher\":{\"@id\":\"https:\/\/www.lafabbrica.it\/fr\/#organization\"},\"articleSection\":[\"Blog\"],\"inLanguage\":\"fr-FR\"},{\"@type\":\"WebPage\",\"@id\":\"https:\/\/www.lafabbrica.it\/fr\/les-dalles-ceramiques-epaisses-une-revolution-du-design-dinterieur\/\",\"url\":\"https:\/\/www.lafabbrica.it\/fr\/les-dalles-ceramiques-epaisses-une-revolution-du-design-dinterieur\/\",\"name\":\"Les dalles c\u00e9ramiques \u00e9paisses : une r\u00e9volution du design d'int\u00e9rieur - La Fabbrica AVA\",\"isPartOf\":{\"@id\":\"https:\/\/www.lafabbrica.it\/fr\/#website\"},\"datePublished\":\"2024-06-17T08:16:32+00:00\",\"dateModified\":\"2024-06-18T07:32:41+00:00\",\"description\":\"Les dalles c\u00e9ramiques \u00e9paisses repr\u00e9sentent une v\u00e9ritable innovation dans le domaine du design d'int\u00e9rieur, offrant une combinaison parfaite de r\u00e9sistance, d'esth\u00e9tique raffin\u00e9e et de polyvalence d'application.\",\"breadcrumb\":{\"@id\":\"https:\/\/www.lafabbrica.it\/fr\/les-dalles-ceramiques-epaisses-une-revolution-du-design-dinterieur\/#breadcrumb\"},\"inLanguage\":\"fr-FR\",\"potentialAction\":[{\"@type\":\"ReadAction\",\"target\":[\"https:\/\/www.lafabbrica.it\/fr\/les-dalles-ceramiques-epaisses-une-revolution-du-design-dinterieur\/\"]}]},{\"@type\":\"BreadcrumbList\",\"@id\":\"https:\/\/www.lafabbrica.it\/fr\/les-dalles-ceramiques-epaisses-une-revolution-du-design-dinterieur\/#breadcrumb\",\"itemListElement\":[{\"@type\":\"ListItem\",\"position\":1,\"name\":\"Home\",\"item\":\"https:\/\/www.lafabbrica.it\/fr\/\"},{\"@type\":\"ListItem\",\"position\":2,\"name\":\"Les dalles c\u00e9ramiques \u00e9paisses : une r\u00e9volution du design d&#8217;int\u00e9rieur\"}]},{\"@type\":\"WebSite\",\"@id\":\"https:\/\/www.lafabbrica.it\/fr\/#website\",\"url\":\"https:\/\/www.lafabbrica.it\/fr\/\",\"name\":\"La Fabbrica AVA\",\"description\":\"\",\"publisher\":{\"@id\":\"https:\/\/www.lafabbrica.it\/fr\/#organization\"},\"potentialAction\":[{\"@type\":\"SearchAction\",\"target\":{\"@type\":\"EntryPoint\",\"urlTemplate\":\"https:\/\/www.lafabbrica.it\/fr\/?s={search_term_string}\"},\"query-input\":\"required name=search_term_string\"}],\"inLanguage\":\"fr-FR\"},{\"@type\":\"Organization\",\"@id\":\"https:\/\/www.lafabbrica.it\/fr\/#organization\",\"name\":\"La Fabbrica AVA\",\"url\":\"https:\/\/www.lafabbrica.it\/fr\/\",\"logo\":{\"@type\":\"ImageObject\",\"inLanguage\":\"fr-FR\",\"@id\":\"https:\/\/www.lafabbrica.it\/fr\/#\/schema\/logo\/image\/\",\"url\":\"https:\/\/www.lafabbrica.it\/wp-content\/uploads\/2023\/08\/Senza-titolo-1.png\",\"contentUrl\":\"https:\/\/www.lafabbrica.it\/wp-content\/uploads\/2023\/08\/Senza-titolo-1.png\",\"width\":567,\"height\":240,\"caption\":\"La Fabbrica AVA\"},\"image\":{\"@id\":\"https:\/\/www.lafabbrica.it\/fr\/#\/schema\/logo\/image\/\"}},{\"@type\":\"Person\",\"@id\":\"https:\/\/www.lafabbrica.it\/fr\/#\/schema\/person\/9854f3650eab7e4334e66d22de09296a\",\"name\":\"admin\",\"sameAs\":[\"http:\/\/www.lafabbrica.it\"],\"url\":\"https:\/\/www.lafabbrica.it\/fr\/author\/admin\/\"}]}<\/script>\n<!-- \/ Yoast SEO plugin. -->","yoast_head_json":{"title":"Les dalles c\u00e9ramiques \u00e9paisses : une r\u00e9volution du design d'int\u00e9rieur - La Fabbrica AVA","description":"Les dalles c\u00e9ramiques \u00e9paisses repr\u00e9sentent une v\u00e9ritable innovation dans le domaine du design d'int\u00e9rieur, offrant une combinaison parfaite de r\u00e9sistance, d'esth\u00e9tique raffin\u00e9e et de polyvalence d'application.","robots":{"index":"index","follow":"follow","max-snippet":"max-snippet:-1","max-image-preview":"max-image-preview:large","max-video-preview":"max-video-preview:-1"},"canonical":"https:\/\/www.lafabbrica.it\/fr\/les-dalles-ceramiques-epaisses-une-revolution-du-design-dinterieur\/","og_locale":"fr_FR","og_type":"article","og_title":"Les dalles c\u00e9ramiques \u00e9paisses : une r\u00e9volution du design d'int\u00e9rieur - La Fabbrica AVA","og_description":"Les dalles c\u00e9ramiques \u00e9paisses repr\u00e9sentent une v\u00e9ritable innovation dans le domaine du design d'int\u00e9rieur, offrant une combinaison parfaite de r\u00e9sistance, d'esth\u00e9tique raffin\u00e9e et de polyvalence d'application.","og_url":"https:\/\/www.lafabbrica.it\/fr\/les-dalles-ceramiques-epaisses-une-revolution-du-design-dinterieur\/","og_site_name":"La Fabbrica AVA","article_published_time":"2024-06-17T08:16:32+00:00","article_modified_time":"2024-06-18T07:32:41+00:00","og_image":[{"width":880,"height":860,"url":"https:\/\/www.lafabbrica.it\/wp-content\/uploads\/2024\/06\/main-list.jpg","type":"image\/jpeg"}],"author":"admin","twitter_card":"summary_large_image","twitter_misc":{"\u00c9crit par":"admin","Dur\u00e9e de lecture estim\u00e9e":"5 minutes"},"schema":{"@context":"https:\/\/schema.org","@graph":[{"@type":"Article","@id":"https:\/\/www.lafabbrica.it\/fr\/les-dalles-ceramiques-epaisses-une-revolution-du-design-dinterieur\/#article","isPartOf":{"@id":"https:\/\/www.lafabbrica.it\/fr\/les-dalles-ceramiques-epaisses-une-revolution-du-design-dinterieur\/"},"author":{"name":"admin","@id":"https:\/\/www.lafabbrica.it\/fr\/#\/schema\/person\/9854f3650eab7e4334e66d22de09296a"},"headline":"Les dalles c\u00e9ramiques \u00e9paisses : une r\u00e9volution du design d&#8217;int\u00e9rieur","datePublished":"2024-06-17T08:16:32+00:00","dateModified":"2024-06-18T07:32:41+00:00","mainEntityOfPage":{"@id":"https:\/\/www.lafabbrica.it\/fr\/les-dalles-ceramiques-epaisses-une-revolution-du-design-dinterieur\/"},"wordCount":816,"publisher":{"@id":"https:\/\/www.lafabbrica.it\/fr\/#organization"},"articleSection":["Blog"],"inLanguage":"fr-FR"},{"@type":"WebPage","@id":"https:\/\/www.lafabbrica.it\/fr\/les-dalles-ceramiques-epaisses-une-revolution-du-design-dinterieur\/","url":"https:\/\/www.lafabbrica.it\/fr\/les-dalles-ceramiques-epaisses-une-revolution-du-design-dinterieur\/","name":"Les dalles c\u00e9ramiques \u00e9paisses : une r\u00e9volution du design d'int\u00e9rieur - La Fabbrica AVA","isPartOf":{"@id":"https:\/\/www.lafabbrica.it\/fr\/#website"},"datePublished":"2024-06-17T08:16:32+00:00","dateModified":"2024-06-18T07:32:41+00:00","description":"Les dalles c\u00e9ramiques \u00e9paisses repr\u00e9sentent une v\u00e9ritable innovation dans le domaine du design d'int\u00e9rieur, offrant une combinaison parfaite de r\u00e9sistance, d'esth\u00e9tique raffin\u00e9e et de polyvalence d'application.","breadcrumb":{"@id":"https:\/\/www.lafabbrica.it\/fr\/les-dalles-ceramiques-epaisses-une-revolution-du-design-dinterieur\/#breadcrumb"},"inLanguage":"fr-FR","potentialAction":[{"@type":"ReadAction","target":["https:\/\/www.lafabbrica.it\/fr\/les-dalles-ceramiques-epaisses-une-revolution-du-design-dinterieur\/"]}]},{"@type":"BreadcrumbList","@id":"https:\/\/www.lafabbrica.it\/fr\/les-dalles-ceramiques-epaisses-une-revolution-du-design-dinterieur\/#breadcrumb","itemListElement":[{"@type":"ListItem","position":1,"name":"Home","item":"https:\/\/www.lafabbrica.it\/fr\/"},{"@type":"ListItem","position":2,"name":"Les dalles c\u00e9ramiques \u00e9paisses : une r\u00e9volution du design d&#8217;int\u00e9rieur"}]},{"@type":"WebSite","@id":"https:\/\/www.lafabbrica.it\/fr\/#website","url":"https:\/\/www.lafabbrica.it\/fr\/","name":"La Fabbrica AVA","description":"","publisher":{"@id":"https:\/\/www.lafabbrica.it\/fr\/#organization"},"potentialAction":[{"@type":"SearchAction","target":{"@type":"EntryPoint","urlTemplate":"https:\/\/www.lafabbrica.it\/fr\/?s={search_term_string}"},"query-input":"required name=search_term_string"}],"inLanguage":"fr-FR"},{"@type":"Organization","@id":"https:\/\/www.lafabbrica.it\/fr\/#organization","name":"La Fabbrica AVA","url":"https:\/\/www.lafabbrica.it\/fr\/","logo":{"@type":"ImageObject","inLanguage":"fr-FR","@id":"https:\/\/www.lafabbrica.it\/fr\/#\/schema\/logo\/image\/","url":"https:\/\/www.lafabbrica.it\/wp-content\/uploads\/2023\/08\/Senza-titolo-1.png","contentUrl":"https:\/\/www.lafabbrica.it\/wp-content\/uploads\/2023\/08\/Senza-titolo-1.png","width":567,"height":240,"caption":"La Fabbrica AVA"},"image":{"@id":"https:\/\/www.lafabbrica.it\/fr\/#\/schema\/logo\/image\/"}},{"@type":"Person","@id":"https:\/\/www.lafabbrica.it\/fr\/#\/schema\/person\/9854f3650eab7e4334e66d22de09296a","name":"admin","sameAs":["http:\/\/www.lafabbrica.it"],"url":"https:\/\/www.lafabbrica.it\/fr\/author\/admin\/"}]}},"_links":{"self":[{"href":"https:\/\/www.lafabbrica.it\/fr\/wp-json\/wp\/v2\/posts\/18598","targetHints":{"allow":["GET"]}}],"collection":[{"href":"https:\/\/www.lafabbrica.it\/fr\/wp-json\/wp\/v2\/posts"}],"about":[{"href":"https:\/\/www.lafabbrica.it\/fr\/wp-json\/wp\/v2\/types\/post"}],"author":[{"embeddable":true,"href":"https:\/\/www.lafabbrica.it\/fr\/wp-json\/wp\/v2\/users\/1"}],"replies":[{"embeddable":true,"href":"https:\/\/www.lafabbrica.it\/fr\/wp-json\/wp\/v2\/comments?post=18598"}],"version-history":[{"count":0,"href":"https:\/\/www.lafabbrica.it\/fr\/wp-json\/wp\/v2\/posts\/18598\/revisions"}],"wp:featuredmedia":[{"embeddable":true,"href":"https:\/\/www.lafabbrica.it\/fr\/wp-json\/wp\/v2\/media\/18628"}],"wp:attachment":[{"href":"https:\/\/www.lafabbrica.it\/fr\/wp-json\/wp\/v2\/media?parent=18598"}],"wp:term":[{"taxonomy":"category","embeddable":true,"href":"https:\/\/www.lafabbrica.it\/fr\/wp-json\/wp\/v2\/categories?post=18598"},{"taxonomy":"post_tag","embeddable":true,"href":"https:\/\/www.lafabbrica.it\/fr\/wp-json\/wp\/v2\/tags?post=18598"}],"curies":[{"name":"wp","href":"https:\/\/api.w.org\/{rel}","templated":true}]}}