{"id":18321,"date":"2024-05-02T09:17:59","date_gmt":"2024-05-02T09:17:59","guid":{"rendered":"https:\/\/www.lafabbrica.it\/design-moderne-et-contemporain-pourquoi-choisir-le-gres-cerame\/"},"modified":"2024-05-30T15:34:35","modified_gmt":"2024-05-30T15:34:35","slug":"design-moderne-et-contemporain-pourquoi-choisir-le-gres-cerame","status":"publish","type":"post","link":"https:\/\/www.lafabbrica.it\/fr\/design-moderne-et-contemporain-pourquoi-choisir-le-gres-cerame\/","title":{"rendered":"Design Moderne et Contemporain: Pourquoi Choisir le Gr\u00e8s C\u00e9rame"},"content":{"rendered":"\t\t<div data-elementor-type=\"wp-post\" data-elementor-id=\"18321\" class=\"elementor elementor-18321 elementor-18247\" data-elementor-post-type=\"post\">\n\t\t\t\t<div data-dce-background-color=\"#FFFFFF\" class=\"elementor-element elementor-element-41f545f e-con-full e-flex e-con e-parent\" data-id=\"41f545f\" data-element_type=\"container\" data-settings=\"{&quot;content_width&quot;:&quot;full&quot;,&quot;background_background&quot;:&quot;classic&quot;}\" data-core-v316-plus=\"true\">\n\t\t\t\t<div class=\"elementor-element elementor-element-11f0209 elementor-widget elementor-widget-heading\" data-id=\"11f0209\" data-element_type=\"widget\" data-widget_type=\"heading.default\">\n\t\t\t\t<div class=\"elementor-widget-container\">\n\t\t\t<h1 class=\"elementor-heading-title elementor-size-default\">Design Moderne et Contemporain: Pourquoi Choisir le Gr\u00e8s C\u00e9rame<\/h1>\t\t<\/div>\n\t\t\t\t<\/div>\n\t\t\t\t<div class=\"elementor-element elementor-element-6e1eeda elementor-widget elementor-widget-text-editor\" data-id=\"6e1eeda\" data-element_type=\"widget\" data-widget_type=\"text-editor.default\">\n\t\t\t\t<div class=\"elementor-widget-container\">\n\t\t\t\t\t\t\t<p><strong>Le gr\u00e8s c\u00e9rame moderne repr\u00e9sente l&#8217;un des choix les plus valables et polyvalents pour ceux qui souhaitent\u00a0conjuguer\u00a0esth\u00e9tique et fonctionnalit\u00e9 dans le design d&#8217;int\u00e9rieur et d&#8217;ext\u00e9rieur.<\/strong> Il s&#8217;agit en effet d&#8217;un mat\u00e9riau\u00a0capable de garantir des performances exceptionnelles\u00a0alli\u00e9es \u00e0 un aspect versatile et \u00e9l\u00e9gant, ce qui en fait la solution\u00a0parfaite pour un sol moderne et durable m\u00eame \u00e0 long terme.<\/p>\n\t\t\t\t\t\t<\/div>\n\t\t\t\t<\/div>\n\t\t\t\t<div class=\"elementor-element elementor-element-63ac007 elementor-widget elementor-widget-heading\" data-id=\"63ac007\" data-element_type=\"widget\" data-widget_type=\"heading.default\">\n\t\t\t\t<div class=\"elementor-widget-container\">\n\t\t\t<h2 class=\"elementor-heading-title elementor-size-default\">Caract\u00e9ristiques Techniques et Esth\u00e9tiques du Gr\u00e8s C\u00e9rame<\/h2>\t\t<\/div>\n\t\t\t\t<\/div>\n\t\t\t\t<div class=\"elementor-element elementor-element-2bb7905 elementor-widget elementor-widget-text-editor\" data-id=\"2bb7905\" data-element_type=\"widget\" data-widget_type=\"text-editor.default\">\n\t\t\t\t<div class=\"elementor-widget-container\">\n\t\t\t\t\t\t\t<p><strong>Les surfaces rev\u00eatues de gr\u00e8s c\u00e9rame se distinguent par leur\u00a0facilit\u00e9 de nettoyage et une r\u00e9sistance\u00a0extraordinaire \u00e0 l&#8217;usure.<\/strong> Parfait pour rev\u00eatir aussi bien les surfaces int\u00e9rieures qu&#8217;ext\u00e9rieures, ce mat\u00e9riau offre une r\u00e9sistance \u00e9lev\u00e9e aux rayures et aux abrasions dues au contact fr\u00e9quent. Il est \u00e9galement r\u00e9sistant au pi\u00e9tinement intense et aux chocs qui peuvent \u00eatre caus\u00e9s par des objets lourds.<\/p>\n<p><strong>Le gr\u00e8s c\u00e9rame est \u00e9galement insensible aux effets des substances corrosives et des temp\u00e9ratures \u00e9lev\u00e9es<\/strong> et conserve ses qualit\u00e9s chromatiques dans le temps, ce qui en fait le choix id\u00e9al \u00e9galement pour les espaces ext\u00e9rieurs des habitations ou des zones commerciales.<\/p>\n\t\t\t\t\t\t<\/div>\n\t\t\t\t<\/div>\n\t\t\t\t<div class=\"elementor-element elementor-element-190954a elementor-widget elementor-widget-image\" data-id=\"190954a\" data-element_type=\"widget\" data-widget_type=\"image.default\">\n\t\t\t\t<div class=\"elementor-widget-container\">\n\t\t\t\t\t\t\t\t\t\t\t\t\t<img fetchpriority=\"high\" decoding=\"async\" width=\"1800\" height=\"870\" src=\"https:\/\/www.lafabbrica.it\/wp-content\/uploads\/2024\/05\/avastone_1.jpg\" class=\"attachment-full size-full wp-image-18258\" alt=\"\" srcset=\"https:\/\/www.lafabbrica.it\/wp-content\/uploads\/2024\/05\/avastone_1.jpg 1800w, https:\/\/www.lafabbrica.it\/wp-content\/uploads\/2024\/05\/avastone_1-300x145.jpg 300w, https:\/\/www.lafabbrica.it\/wp-content\/uploads\/2024\/05\/avastone_1-1024x495.jpg 1024w, https:\/\/www.lafabbrica.it\/wp-content\/uploads\/2024\/05\/avastone_1-768x371.jpg 768w, https:\/\/www.lafabbrica.it\/wp-content\/uploads\/2024\/05\/avastone_1-1536x742.jpg 1536w\" sizes=\"(max-width: 1800px) 100vw, 1800px\" \/>\t\t\t\t\t\t\t\t\t\t\t\t\t<\/div>\n\t\t\t\t<\/div>\n\t\t\t\t<div class=\"elementor-element elementor-element-8a8d82f elementor-widget elementor-widget-heading\" data-id=\"8a8d82f\" data-element_type=\"widget\" data-widget_type=\"heading.default\">\n\t\t\t\t<div class=\"elementor-widget-container\">\n\t\t\t<h2 class=\"elementor-heading-title elementor-size-default\">Produits AVASTONE:<br>unicit\u00e9 et design avec le gr\u00e8s c\u00e9rame en tant que compl\u00e9ment d'ameublement<\/h2>\t\t<\/div>\n\t\t\t\t<\/div>\n\t\t\t\t<div class=\"elementor-element elementor-element-1e65886 elementor-widget elementor-widget-text-editor\" data-id=\"1e65886\" data-element_type=\"widget\" data-widget_type=\"text-editor.default\">\n\t\t\t\t<div class=\"elementor-widget-container\">\n\t\t\t\t\t\t\t<p><strong>Les dalles en gr\u00e8s c\u00e9rame AVASTONE combinent\u00a0beaut\u00e9, fonctionnalit\u00e9, praticit\u00e9 et facilit\u00e9 de travail.<\/strong> Elles sont\u00a0id\u00e9ales pour cr\u00e9er des compl\u00e9ments d&#8217;ameublement de toute forme et dimension &#8211; tels\u00a0que plans de travail, plans de cuisines, meubles de salle de bain et de s\u00e9jour &#8211; en parfaite\u00a0coordination avec les sols et rev\u00eatements de LA FABBRICA AVA. Disponibles en grand format, ces\u00a0dalles\u00a0sont\u00a0propos\u00e9es dans une s\u00e9lection\u00a0exclusive qui comprend des vari\u00e9t\u00e9s\u00a0telles\u00a0que :<\/p>\n<ul>\n<li><a href=\"https:\/\/www.lafabbrica.it\/fr\/avastone_collections\/sahara-noir\/\">Sahara Noir<\/a>, <a href=\"https:\/\/www.lafabbrica.it\/fr\/avastone_collections\/eos\/\">Eos<\/a>, <a href=\"https:\/\/www.lafabbrica.it\/fr\/avastone_collections\/aragon\/\">Aragon<\/a> (marbres noirs),<\/li>\n<li><a href=\"https:\/\/www.lafabbrica.it\/fr\/avastone_collections\/macchia-antica\/\">Macchia Antica<\/a>, <a href=\"https:\/\/www.lafabbrica.it\/fr\/avastone_collections\/statuario-reale\/\">Statuario Reale<\/a>, <a href=\"https:\/\/www.lafabbrica.it\/fr\/avastone_collections\/calacatta-oro\/\">Calacatta Oro<\/a> (marbres\u00a0blancs\u00a0vein\u00e9s)<\/li>\n<li><a href=\"https:\/\/www.lafabbrica.it\/fr\/avastone_collections\/magellano\/\">Magellano<\/a> (patagonie verte).<\/li>\n<\/ul>\n<p><strong>Chaque dalle AVASTONE est le r\u00e9sultat d&#8217;un processus\u00a0minutieux de recherche et d\u00e9veloppement, des surfaces Made in Italy de qualit\u00e9\u00a0sup\u00e9rieure, qui associent les technologies de production les plus avanc\u00e9es \u00e0 un savoir-faire artisanal.<\/strong> Disponibles en finition\u00a0naturelle et polie, avec des \u00e9paisseurs de 12 et 20 mm, les dalles Avastone ouvrent un monde de possibilit\u00e9s\u00a0cr\u00e9atives. Cette\u00a0ligne\u00a0repr\u00e9sente en effet la solution\u00a0parfaite pour ceux qui souhaitent cr\u00e9er des espaces \u00e0 l&#8217;aspect\u00a0contemporain et raffin\u00e9, en conf\u00e9rant une unicit\u00e9\u00a0visuelle \u00e0 chaque environnement.<\/p>\n\t\t\t\t\t\t<\/div>\n\t\t\t\t<\/div>\n\t\t\t\t<\/div>\n\t\t<div class=\"elementor-element elementor-element-6b46401 e-con-full e-flex e-con e-parent\" data-id=\"6b46401\" data-element_type=\"container\" data-settings=\"{&quot;content_width&quot;:&quot;full&quot;}\" data-core-v316-plus=\"true\">\n\t\t\t\t<div class=\"elementor-element elementor-element-c46718c elementor-widget elementor-widget-image\" data-id=\"c46718c\" data-element_type=\"widget\" data-widget_type=\"image.default\">\n\t\t\t\t<div class=\"elementor-widget-container\">\n\t\t\t\t\t\t\t\t\t\t\t\t\t<img decoding=\"async\" width=\"1800\" height=\"870\" src=\"https:\/\/www.lafabbrica.it\/wp-content\/uploads\/2024\/05\/avastone_2.jpg\" class=\"attachment-full size-full wp-image-18254\" alt=\"\" srcset=\"https:\/\/www.lafabbrica.it\/wp-content\/uploads\/2024\/05\/avastone_2.jpg 1800w, https:\/\/www.lafabbrica.it\/wp-content\/uploads\/2024\/05\/avastone_2-300x145.jpg 300w, https:\/\/www.lafabbrica.it\/wp-content\/uploads\/2024\/05\/avastone_2-1024x495.jpg 1024w, https:\/\/www.lafabbrica.it\/wp-content\/uploads\/2024\/05\/avastone_2-768x371.jpg 768w, https:\/\/www.lafabbrica.it\/wp-content\/uploads\/2024\/05\/avastone_2-1536x742.jpg 1536w\" sizes=\"(max-width: 1800px) 100vw, 1800px\" \/>\t\t\t\t\t\t\t\t\t\t\t\t\t<\/div>\n\t\t\t\t<\/div>\n\t\t\t\t<div class=\"elementor-element elementor-element-e878c4e elementor-widget elementor-widget-heading\" data-id=\"e878c4e\" data-element_type=\"widget\" data-widget_type=\"heading.default\">\n\t\t\t\t<div class=\"elementor-widget-container\">\n\t\t\t<h2 class=\"elementor-heading-title elementor-size-default\">Avantages du gr\u00e8s c\u00e9rame moderne pour les projets de design d'int\u00e9rieur<\/h2>\t\t<\/div>\n\t\t\t\t<\/div>\n\t\t\t\t<div class=\"elementor-element elementor-element-34d1b40 elementor-widget elementor-widget-heading\" data-id=\"34d1b40\" data-element_type=\"widget\" data-widget_type=\"heading.default\">\n\t\t\t\t<div class=\"elementor-widget-container\">\n\t\t\t<h3 class=\"elementor-heading-title elementor-size-default\">Durabilit\u00e9 et entretien<\/h3>\t\t<\/div>\n\t\t\t\t<\/div>\n\t\t\t\t<div class=\"elementor-element elementor-element-920beb9 elementor-widget elementor-widget-text-editor\" data-id=\"920beb9\" data-element_type=\"widget\" data-widget_type=\"text-editor.default\">\n\t\t\t\t<div class=\"elementor-widget-container\">\n\t\t\t\t\t\t\t<p>Comme anticip\u00e9, le <strong>gr\u00e8s c\u00e9rame moderne<\/strong> est c\u00e9l\u00e9br\u00e9 pour sa durabilit\u00e9 exceptionnelle, un attribut qui le rend particuli\u00e8rement adapt\u00e9 aux projets architecturaux contemporains. Les avantages de ce choix de mat\u00e9riau incluent:<\/p>\n<ul>\n<li><strong>Pr\u00e9servation<\/strong><strong> de l&#8217;<\/strong><strong>aspect<\/strong><strong> dans le <\/strong><strong>temps<\/strong><strong>:<\/strong> Les surfaces c\u00e9ramiques d&#8217;Avastone conservent leur splendeur m\u00eame \u00e0 long terme, en r\u00e9sistant efficacement aux d\u00e9colorations et \u00e0 l&#8217;usure m\u00e9canique.<\/li>\n<li><strong>Entretien<\/strong><strong> minimal:<\/strong>\u00a0Contrairement \u00e0 de nombreux\u00a0autres\u00a0mat\u00e9riaux qui n\u00e9cessitent des traitements\u00a0p\u00e9riodiques, le gr\u00e8s c\u00e9rame ne n\u00e9cessite\u00a0qu&#8217;un\u00a0nettoyage\u00a0r\u00e9gulier pour conserver sa beaut\u00e9.<\/li>\n<li><strong>Durabilit\u00e9<\/strong><strong>\u00a0<\/strong><strong>prolong\u00e9e<\/strong><strong>:<\/strong> Choisir le gr\u00e8s c\u00e9rame signifie investir dans des \u00e9conomies \u00e0 long terme, en s&#8217;assurant des surfaces qui ne n\u00e9cessitent ni d&#8217;entretien particulier ni de remplacements fr\u00e9quents.<\/li>\n<\/ul>\n\t\t\t\t\t\t<\/div>\n\t\t\t\t<\/div>\n\t\t\t\t<div class=\"elementor-element elementor-element-2eaf0e9 elementor-widget elementor-widget-image\" data-id=\"2eaf0e9\" data-element_type=\"widget\" data-widget_type=\"image.default\">\n\t\t\t\t<div class=\"elementor-widget-container\">\n\t\t\t\t\t\t\t\t\t\t\t\t\t<img decoding=\"async\" width=\"1800\" height=\"870\" src=\"https:\/\/www.lafabbrica.it\/wp-content\/uploads\/2024\/05\/avastone_3.jpg\" class=\"attachment-full size-full wp-image-18250\" alt=\"\" srcset=\"https:\/\/www.lafabbrica.it\/wp-content\/uploads\/2024\/05\/avastone_3.jpg 1800w, https:\/\/www.lafabbrica.it\/wp-content\/uploads\/2024\/05\/avastone_3-300x145.jpg 300w, https:\/\/www.lafabbrica.it\/wp-content\/uploads\/2024\/05\/avastone_3-1024x495.jpg 1024w, https:\/\/www.lafabbrica.it\/wp-content\/uploads\/2024\/05\/avastone_3-768x371.jpg 768w, https:\/\/www.lafabbrica.it\/wp-content\/uploads\/2024\/05\/avastone_3-1536x742.jpg 1536w\" sizes=\"(max-width: 1800px) 100vw, 1800px\" \/>\t\t\t\t\t\t\t\t\t\t\t\t\t<\/div>\n\t\t\t\t<\/div>\n\t\t\t\t<div class=\"elementor-element elementor-element-702645b elementor-widget elementor-widget-heading\" data-id=\"702645b\" data-element_type=\"widget\" data-widget_type=\"heading.default\">\n\t\t\t\t<div class=\"elementor-widget-container\">\n\t\t\t<h3 class=\"elementor-heading-title elementor-size-default\">S\u00e9curit\u00e9 et hygi\u00e8ne<\/h3>\t\t<\/div>\n\t\t\t\t<\/div>\n\t\t\t\t<div class=\"elementor-element elementor-element-9eef559 elementor-widget elementor-widget-text-editor\" data-id=\"9eef559\" data-element_type=\"widget\" data-widget_type=\"text-editor.default\">\n\t\t\t\t<div class=\"elementor-widget-container\">\n\t\t\t\t\t\t\t<p><strong>Garder les environnements\u00a0propres et s\u00fbrs d&#8217;un point de vue\u00a0sanitaire est un aspect\u00a0essentiel\u00a0tant dans les habitations priv\u00e9es que dans les espaces publics<\/strong> &#8211; comme par exemple les activit\u00e9s\u00a0commerciales, les restaurants\u00a0ou les locaux. Les dalles Avastone ont \u00e9t\u00e9 d\u00e9velopp\u00e9es\u00a0pr\u00e9cis\u00e9ment dans le but de r\u00e9pondre \u00e0 des besoins\u00a0fondamentaux:<\/p>\n<ul>\n<li><strong>Surfaces <\/strong><strong>faciles<\/strong><strong> \u00e0 <\/strong><strong>assainir<\/strong><strong>:<\/strong> La nature non poreuse du gr\u00e8s c\u00e9rame emp\u00eache l&#8217;accumulation de bact\u00e9ries et de salet\u00e9s, rendant les op\u00e9rations de nettoyage\u00a0quotidiennes\u00a0simples et efficaces.<\/li>\n<li><strong>Certification <\/strong><strong>MOCA:<\/strong>\u00a0 Cette certification garantit que les produits Avastone sont fabriqu\u00e9s selon des normes strictes de s\u00e9curit\u00e9 et d&#8217;hygi\u00e8ne, r\u00e9duisant consid\u00e9rablement les risques de contamination tout au long de la cha\u00eene de production.<\/li>\n<li><strong>Id\u00e9al<\/strong><strong> pour <\/strong><strong>tous<\/strong><strong> les <\/strong><strong>environnements<\/strong><strong>:<\/strong>\u00a0Qu&#8217;il s&#8217;agisse d&#8217;une cuisine, d&#8217;une salle de bain\u00a0ou d&#8217;une zone \u00e0 fort\u00a0trafic, les surfaces en gr\u00e8s c\u00e9rame offrent un environnement s\u00fbr et hygi\u00e9nique, id\u00e9al pour tout environnement moderne.<\/li>\n<\/ul>\n\t\t\t\t\t\t<\/div>\n\t\t\t\t<\/div>\n\t\t\t\t<div class=\"elementor-element elementor-element-c06cf34 elementor-widget elementor-widget-gallery\" data-id=\"c06cf34\" data-element_type=\"widget\" data-settings=\"{&quot;columns&quot;:3,&quot;columns_tablet&quot;:3,&quot;aspect_ratio&quot;:&quot;1:1&quot;,&quot;lazyload&quot;:&quot;yes&quot;,&quot;gallery_layout&quot;:&quot;grid&quot;,&quot;columns_mobile&quot;:1,&quot;gap&quot;:{&quot;unit&quot;:&quot;px&quot;,&quot;size&quot;:10,&quot;sizes&quot;:[]},&quot;gap_tablet&quot;:{&quot;unit&quot;:&quot;px&quot;,&quot;size&quot;:10,&quot;sizes&quot;:[]},&quot;gap_mobile&quot;:{&quot;unit&quot;:&quot;px&quot;,&quot;size&quot;:10,&quot;sizes&quot;:[]},&quot;link_to&quot;:&quot;file&quot;,&quot;overlay_background&quot;:&quot;yes&quot;,&quot;content_hover_animation&quot;:&quot;fade-in&quot;}\" data-widget_type=\"gallery.default\">\n\t\t\t\t<div class=\"elementor-widget-container\">\n\t\t\t\t\t<div class=\"elementor-gallery__container\">\n\t\t\t\t\t\t\t<a class=\"e-gallery-item elementor-gallery-item elementor-animated-content\" href=\"https:\/\/www.lafabbrica.it\/wp-content\/uploads\/2024\/05\/avastone_4.jpg\" data-elementor-open-lightbox=\"yes\" data-elementor-lightbox-slideshow=\"c06cf34\" data-e-action-hash=\"#elementor-action%3Aaction%3Dlightbox%26settings%3DeyJpZCI6MTgyODIsInVybCI6Imh0dHBzOlwvXC93d3cubGFmYWJicmljYS5pdFwvd3AtY29udGVudFwvdXBsb2Fkc1wvMjAyNFwvMDVcL2F2YXN0b25lXzQuanBnIiwic2xpZGVzaG93IjoiYzA2Y2YzNCJ9\">\n\t\t\t\t\t<div class=\"e-gallery-image elementor-gallery-item__image\" data-thumbnail=\"https:\/\/www.lafabbrica.it\/wp-content\/uploads\/2024\/05\/avastone_4.jpg\" data-width=\"699\" data-height=\"870\" aria-label=\"\" role=\"img\" ><\/div>\n\t\t\t\t\t\t\t\t\t\t\t<div class=\"elementor-gallery-item__overlay\"><\/div>\n\t\t\t\t\t\t\t\t\t\t\t\t\t\t<\/a>\n\t\t\t\t\t\t\t<a class=\"e-gallery-item elementor-gallery-item elementor-animated-content\" href=\"https:\/\/www.lafabbrica.it\/wp-content\/uploads\/2024\/05\/avastone_5.jpg\" data-elementor-open-lightbox=\"yes\" data-elementor-lightbox-slideshow=\"c06cf34\" data-e-action-hash=\"#elementor-action%3Aaction%3Dlightbox%26settings%3DeyJpZCI6MTgyNzgsInVybCI6Imh0dHBzOlwvXC93d3cubGFmYWJicmljYS5pdFwvd3AtY29udGVudFwvdXBsb2Fkc1wvMjAyNFwvMDVcL2F2YXN0b25lXzUuanBnIiwic2xpZGVzaG93IjoiYzA2Y2YzNCJ9\">\n\t\t\t\t\t<div class=\"e-gallery-image elementor-gallery-item__image\" data-thumbnail=\"https:\/\/www.lafabbrica.it\/wp-content\/uploads\/2024\/05\/avastone_5.jpg\" data-width=\"699\" data-height=\"870\" aria-label=\"\" role=\"img\" ><\/div>\n\t\t\t\t\t\t\t\t\t\t\t<div class=\"elementor-gallery-item__overlay\"><\/div>\n\t\t\t\t\t\t\t\t\t\t\t\t\t\t<\/a>\n\t\t\t\t\t\t\t<a class=\"e-gallery-item elementor-gallery-item elementor-animated-content\" href=\"https:\/\/www.lafabbrica.it\/wp-content\/uploads\/2024\/05\/avastone_6.jpg\" data-elementor-open-lightbox=\"yes\" data-elementor-lightbox-slideshow=\"c06cf34\" data-e-action-hash=\"#elementor-action%3Aaction%3Dlightbox%26settings%3DeyJpZCI6MTgyNzQsInVybCI6Imh0dHBzOlwvXC93d3cubGFmYWJicmljYS5pdFwvd3AtY29udGVudFwvdXBsb2Fkc1wvMjAyNFwvMDVcL2F2YXN0b25lXzYuanBnIiwic2xpZGVzaG93IjoiYzA2Y2YzNCJ9\">\n\t\t\t\t\t<div class=\"e-gallery-image elementor-gallery-item__image\" data-thumbnail=\"https:\/\/www.lafabbrica.it\/wp-content\/uploads\/2024\/05\/avastone_6.jpg\" data-width=\"699\" data-height=\"870\" aria-label=\"\" role=\"img\" ><\/div>\n\t\t\t\t\t\t\t\t\t\t\t<div class=\"elementor-gallery-item__overlay\"><\/div>\n\t\t\t\t\t\t\t\t\t\t\t\t\t\t<\/a>\n\t\t\t\t\t<\/div>\n\t\t\t<\/div>\n\t\t\t\t<\/div>\n\t\t\t\t<\/div>\n\t\t<div class=\"elementor-element elementor-element-33a64a9 e-con-full e-flex e-con e-parent\" data-id=\"33a64a9\" data-element_type=\"container\" data-settings=\"{&quot;content_width&quot;:&quot;full&quot;}\" data-core-v316-plus=\"true\">\n\t\t\t\t<div class=\"elementor-element elementor-element-b1dbab8 elementor-align-center elementor-widget elementor-widget-button\" data-id=\"b1dbab8\" data-element_type=\"widget\" data-widget_type=\"button.default\">\n\t\t\t\t<div class=\"elementor-widget-container\">\n\t\t\t\t\t<div class=\"elementor-button-wrapper\">\n\t\t\t<a class=\"elementor-button elementor-button-link elementor-size-md\" href=\"https:\/\/www.lafabbrica.it\/fr\/avastone\/\">\n\t\t\t\t\t\t<span class=\"elementor-button-content-wrapper\">\n\t\t\t\t\t\t<span class=\"elementor-button-text\">En savoir plus sur AVASTONE<\/span>\n\t\t<\/span>\n\t\t\t\t\t<\/a>\n\t\t<\/div>\n\t\t\t\t<\/div>\n\t\t\t\t<\/div>\n\t\t\t\t<\/div>\n\t\t\t\t<\/div>\n\t\t","protected":false},"excerpt":{"rendered":"<p>Le gr\u00e8s c\u00e9rame moderne repr\u00e9sente l&#8217;un des choix les plus valables et polyvalents pour ceux qui souhaitent conjuguer esth\u00e9tique et fonctionnalit\u00e9 dans le design d&#8217;int\u00e9rieur et d&#8217;ext\u00e9rieur.<\/p>\n","protected":false},"author":1,"featured_media":14511,"comment_status":"closed","ping_status":"closed","sticky":false,"template":"","format":"standard","meta":{"_acf_changed":false,"site-sidebar-layout":"default","site-content-layout":"","ast-site-content-layout":"default","site-content-style":"default","site-sidebar-style":"default","ast-global-header-display":"","ast-banner-title-visibility":"","ast-main-header-display":"","ast-hfb-above-header-display":"","ast-hfb-below-header-display":"","ast-hfb-mobile-header-display":"","site-post-title":"","ast-breadcrumbs-content":"","ast-featured-img":"","footer-sml-layout":"","theme-transparent-header-meta":"","adv-header-id-meta":"","stick-header-meta":"","header-above-stick-meta":"","header-main-stick-meta":"","header-below-stick-meta":"","astra-migrate-meta-layouts":"default","ast-page-background-enabled":"default","ast-page-background-meta":{"desktop":{"background-color":"var(--ast-global-color-4)","background-image":"","background-repeat":"repeat","background-position":"center center","background-size":"auto","background-attachment":"scroll","background-type":"","background-media":"","overlay-type":"","overlay-color":"","overlay-gradient":""},"tablet":{"background-color":"","background-image":"","background-repeat":"repeat","background-position":"center center","background-size":"auto","background-attachment":"scroll","background-type":"","background-media":"","overlay-type":"","overlay-color":"","overlay-gradient":""},"mobile":{"background-color":"","background-image":"","background-repeat":"repeat","background-position":"center center","background-size":"auto","background-attachment":"scroll","background-type":"","background-media":"","overlay-type":"","overlay-color":"","overlay-gradient":""}},"ast-content-background-meta":{"desktop":{"background-color":"var(--ast-global-color-5)","background-image":"","background-repeat":"repeat","background-position":"center center","background-size":"auto","background-attachment":"scroll","background-type":"","background-media":"","overlay-type":"","overlay-color":"","overlay-gradient":""},"tablet":{"background-color":"var(--ast-global-color-5)","background-image":"","background-repeat":"repeat","background-position":"center center","background-size":"auto","background-attachment":"scroll","background-type":"","background-media":"","overlay-type":"","overlay-color":"","overlay-gradient":""},"mobile":{"background-color":"var(--ast-global-color-5)","background-image":"","background-repeat":"repeat","background-position":"center center","background-size":"auto","background-attachment":"scroll","background-type":"","background-media":"","overlay-type":"","overlay-color":"","overlay-gradient":""}},"footnotes":""},"categories":[1241],"tags":[],"class_list":["post-18321","post","type-post","status-publish","format-standard","has-post-thumbnail","hentry","category-blog-fr"],"acf":[],"yoast_head":"<!-- This site is optimized with the Yoast SEO plugin v22.0 - https:\/\/yoast.com\/wordpress\/plugins\/seo\/ -->\n<title>Design Moderne et Contemporain: Pourquoi Choisir le Gr\u00e8s C\u00e9rame - La Fabbrica AVA<\/title>\n<meta name=\"description\" content=\"Le gr\u00e8s c\u00e9rame moderne repr\u00e9sente l&#039;un des choix les plus valables et polyvalents pour ceux qui souhaitent conjuguer esth\u00e9tique et fonctionnalit\u00e9 dans le design d&#039;int\u00e9rieur et d&#039;ext\u00e9rieur.\" \/>\n<meta name=\"robots\" content=\"index, follow, max-snippet:-1, max-image-preview:large, max-video-preview:-1\" \/>\n<link rel=\"canonical\" href=\"https:\/\/www.lafabbrica.it\/fr\/design-moderne-et-contemporain-pourquoi-choisir-le-gres-cerame\/\" \/>\n<meta property=\"og:locale\" content=\"fr_FR\" \/>\n<meta property=\"og:type\" content=\"article\" \/>\n<meta property=\"og:title\" content=\"Design Moderne et Contemporain: Pourquoi Choisir le Gr\u00e8s C\u00e9rame - La Fabbrica AVA\" \/>\n<meta property=\"og:description\" content=\"Le gr\u00e8s c\u00e9rame moderne repr\u00e9sente l&#039;un des choix les plus valables et polyvalents pour ceux qui souhaitent conjuguer esth\u00e9tique et fonctionnalit\u00e9 dans le design d&#039;int\u00e9rieur et d&#039;ext\u00e9rieur.\" \/>\n<meta property=\"og:url\" content=\"https:\/\/www.lafabbrica.it\/fr\/design-moderne-et-contemporain-pourquoi-choisir-le-gres-cerame\/\" \/>\n<meta property=\"og:site_name\" content=\"La Fabbrica AVA\" \/>\n<meta property=\"article:published_time\" content=\"2024-05-02T09:17:59+00:00\" \/>\n<meta property=\"article:modified_time\" content=\"2024-05-30T15:34:35+00:00\" \/>\n<meta property=\"og:image\" content=\"https:\/\/www.lafabbrica.it\/wp-content\/uploads\/2023\/09\/NOBLE_FOCUS.jpg\" \/>\n\t<meta property=\"og:image:width\" content=\"880\" \/>\n\t<meta property=\"og:image:height\" content=\"860\" \/>\n\t<meta property=\"og:image:type\" content=\"image\/jpeg\" \/>\n<meta name=\"author\" content=\"admin\" \/>\n<meta name=\"twitter:card\" content=\"summary_large_image\" \/>\n<meta name=\"twitter:label1\" content=\"\u00c9crit par\" \/>\n\t<meta name=\"twitter:data1\" content=\"admin\" \/>\n\t<meta name=\"twitter:label2\" content=\"Dur\u00e9e de lecture estim\u00e9e\" \/>\n\t<meta name=\"twitter:data2\" content=\"4 minutes\" \/>\n<script type=\"application\/ld+json\" class=\"yoast-schema-graph\">{\"@context\":\"https:\/\/schema.org\",\"@graph\":[{\"@type\":\"Article\",\"@id\":\"https:\/\/www.lafabbrica.it\/fr\/design-moderne-et-contemporain-pourquoi-choisir-le-gres-cerame\/#article\",\"isPartOf\":{\"@id\":\"https:\/\/www.lafabbrica.it\/fr\/design-moderne-et-contemporain-pourquoi-choisir-le-gres-cerame\/\"},\"author\":{\"name\":\"admin\",\"@id\":\"https:\/\/www.lafabbrica.it\/fr\/#\/schema\/person\/9854f3650eab7e4334e66d22de09296a\"},\"headline\":\"Design Moderne et Contemporain: Pourquoi Choisir le Gr\u00e8s C\u00e9rame\",\"datePublished\":\"2024-05-02T09:17:59+00:00\",\"dateModified\":\"2024-05-30T15:34:35+00:00\",\"mainEntityOfPage\":{\"@id\":\"https:\/\/www.lafabbrica.it\/fr\/design-moderne-et-contemporain-pourquoi-choisir-le-gres-cerame\/\"},\"wordCount\":791,\"publisher\":{\"@id\":\"https:\/\/www.lafabbrica.it\/fr\/#organization\"},\"articleSection\":[\"Blog\"],\"inLanguage\":\"fr-FR\"},{\"@type\":\"WebPage\",\"@id\":\"https:\/\/www.lafabbrica.it\/fr\/design-moderne-et-contemporain-pourquoi-choisir-le-gres-cerame\/\",\"url\":\"https:\/\/www.lafabbrica.it\/fr\/design-moderne-et-contemporain-pourquoi-choisir-le-gres-cerame\/\",\"name\":\"Design Moderne et Contemporain: Pourquoi Choisir le Gr\u00e8s C\u00e9rame - La Fabbrica AVA\",\"isPartOf\":{\"@id\":\"https:\/\/www.lafabbrica.it\/fr\/#website\"},\"datePublished\":\"2024-05-02T09:17:59+00:00\",\"dateModified\":\"2024-05-30T15:34:35+00:00\",\"description\":\"Le gr\u00e8s c\u00e9rame moderne repr\u00e9sente l'un des choix les plus valables et polyvalents pour ceux qui souhaitent conjuguer esth\u00e9tique et fonctionnalit\u00e9 dans le design d'int\u00e9rieur et d'ext\u00e9rieur.\",\"breadcrumb\":{\"@id\":\"https:\/\/www.lafabbrica.it\/fr\/design-moderne-et-contemporain-pourquoi-choisir-le-gres-cerame\/#breadcrumb\"},\"inLanguage\":\"fr-FR\",\"potentialAction\":[{\"@type\":\"ReadAction\",\"target\":[\"https:\/\/www.lafabbrica.it\/fr\/design-moderne-et-contemporain-pourquoi-choisir-le-gres-cerame\/\"]}]},{\"@type\":\"BreadcrumbList\",\"@id\":\"https:\/\/www.lafabbrica.it\/fr\/design-moderne-et-contemporain-pourquoi-choisir-le-gres-cerame\/#breadcrumb\",\"itemListElement\":[{\"@type\":\"ListItem\",\"position\":1,\"name\":\"Home\",\"item\":\"https:\/\/www.lafabbrica.it\/fr\/\"},{\"@type\":\"ListItem\",\"position\":2,\"name\":\"Design Moderne et Contemporain: Pourquoi Choisir le Gr\u00e8s C\u00e9rame\"}]},{\"@type\":\"WebSite\",\"@id\":\"https:\/\/www.lafabbrica.it\/fr\/#website\",\"url\":\"https:\/\/www.lafabbrica.it\/fr\/\",\"name\":\"La Fabbrica AVA\",\"description\":\"\",\"publisher\":{\"@id\":\"https:\/\/www.lafabbrica.it\/fr\/#organization\"},\"potentialAction\":[{\"@type\":\"SearchAction\",\"target\":{\"@type\":\"EntryPoint\",\"urlTemplate\":\"https:\/\/www.lafabbrica.it\/fr\/?s={search_term_string}\"},\"query-input\":\"required name=search_term_string\"}],\"inLanguage\":\"fr-FR\"},{\"@type\":\"Organization\",\"@id\":\"https:\/\/www.lafabbrica.it\/fr\/#organization\",\"name\":\"La Fabbrica AVA\",\"url\":\"https:\/\/www.lafabbrica.it\/fr\/\",\"logo\":{\"@type\":\"ImageObject\",\"inLanguage\":\"fr-FR\",\"@id\":\"https:\/\/www.lafabbrica.it\/fr\/#\/schema\/logo\/image\/\",\"url\":\"https:\/\/www.lafabbrica.it\/wp-content\/uploads\/2023\/08\/Senza-titolo-1.png\",\"contentUrl\":\"https:\/\/www.lafabbrica.it\/wp-content\/uploads\/2023\/08\/Senza-titolo-1.png\",\"width\":567,\"height\":240,\"caption\":\"La Fabbrica AVA\"},\"image\":{\"@id\":\"https:\/\/www.lafabbrica.it\/fr\/#\/schema\/logo\/image\/\"}},{\"@type\":\"Person\",\"@id\":\"https:\/\/www.lafabbrica.it\/fr\/#\/schema\/person\/9854f3650eab7e4334e66d22de09296a\",\"name\":\"admin\",\"sameAs\":[\"http:\/\/www.lafabbrica.it\"],\"url\":\"https:\/\/www.lafabbrica.it\/fr\/author\/admin\/\"}]}<\/script>\n<!-- \/ Yoast SEO plugin. -->","yoast_head_json":{"title":"Design Moderne et Contemporain: Pourquoi Choisir le Gr\u00e8s C\u00e9rame - La Fabbrica AVA","description":"Le gr\u00e8s c\u00e9rame moderne repr\u00e9sente l'un des choix les plus valables et polyvalents pour ceux qui souhaitent conjuguer esth\u00e9tique et fonctionnalit\u00e9 dans le design d'int\u00e9rieur et d'ext\u00e9rieur.","robots":{"index":"index","follow":"follow","max-snippet":"max-snippet:-1","max-image-preview":"max-image-preview:large","max-video-preview":"max-video-preview:-1"},"canonical":"https:\/\/www.lafabbrica.it\/fr\/design-moderne-et-contemporain-pourquoi-choisir-le-gres-cerame\/","og_locale":"fr_FR","og_type":"article","og_title":"Design Moderne et Contemporain: Pourquoi Choisir le Gr\u00e8s C\u00e9rame - La Fabbrica AVA","og_description":"Le gr\u00e8s c\u00e9rame moderne repr\u00e9sente l'un des choix les plus valables et polyvalents pour ceux qui souhaitent conjuguer esth\u00e9tique et fonctionnalit\u00e9 dans le design d'int\u00e9rieur et d'ext\u00e9rieur.","og_url":"https:\/\/www.lafabbrica.it\/fr\/design-moderne-et-contemporain-pourquoi-choisir-le-gres-cerame\/","og_site_name":"La Fabbrica AVA","article_published_time":"2024-05-02T09:17:59+00:00","article_modified_time":"2024-05-30T15:34:35+00:00","og_image":[{"width":880,"height":860,"url":"https:\/\/www.lafabbrica.it\/wp-content\/uploads\/2023\/09\/NOBLE_FOCUS.jpg","type":"image\/jpeg"}],"author":"admin","twitter_card":"summary_large_image","twitter_misc":{"\u00c9crit par":"admin","Dur\u00e9e de lecture estim\u00e9e":"4 minutes"},"schema":{"@context":"https:\/\/schema.org","@graph":[{"@type":"Article","@id":"https:\/\/www.lafabbrica.it\/fr\/design-moderne-et-contemporain-pourquoi-choisir-le-gres-cerame\/#article","isPartOf":{"@id":"https:\/\/www.lafabbrica.it\/fr\/design-moderne-et-contemporain-pourquoi-choisir-le-gres-cerame\/"},"author":{"name":"admin","@id":"https:\/\/www.lafabbrica.it\/fr\/#\/schema\/person\/9854f3650eab7e4334e66d22de09296a"},"headline":"Design Moderne et Contemporain: Pourquoi Choisir le Gr\u00e8s C\u00e9rame","datePublished":"2024-05-02T09:17:59+00:00","dateModified":"2024-05-30T15:34:35+00:00","mainEntityOfPage":{"@id":"https:\/\/www.lafabbrica.it\/fr\/design-moderne-et-contemporain-pourquoi-choisir-le-gres-cerame\/"},"wordCount":791,"publisher":{"@id":"https:\/\/www.lafabbrica.it\/fr\/#organization"},"articleSection":["Blog"],"inLanguage":"fr-FR"},{"@type":"WebPage","@id":"https:\/\/www.lafabbrica.it\/fr\/design-moderne-et-contemporain-pourquoi-choisir-le-gres-cerame\/","url":"https:\/\/www.lafabbrica.it\/fr\/design-moderne-et-contemporain-pourquoi-choisir-le-gres-cerame\/","name":"Design Moderne et Contemporain: Pourquoi Choisir le Gr\u00e8s C\u00e9rame - La Fabbrica AVA","isPartOf":{"@id":"https:\/\/www.lafabbrica.it\/fr\/#website"},"datePublished":"2024-05-02T09:17:59+00:00","dateModified":"2024-05-30T15:34:35+00:00","description":"Le gr\u00e8s c\u00e9rame moderne repr\u00e9sente l'un des choix les plus valables et polyvalents pour ceux qui souhaitent conjuguer esth\u00e9tique et fonctionnalit\u00e9 dans le design d'int\u00e9rieur et d'ext\u00e9rieur.","breadcrumb":{"@id":"https:\/\/www.lafabbrica.it\/fr\/design-moderne-et-contemporain-pourquoi-choisir-le-gres-cerame\/#breadcrumb"},"inLanguage":"fr-FR","potentialAction":[{"@type":"ReadAction","target":["https:\/\/www.lafabbrica.it\/fr\/design-moderne-et-contemporain-pourquoi-choisir-le-gres-cerame\/"]}]},{"@type":"BreadcrumbList","@id":"https:\/\/www.lafabbrica.it\/fr\/design-moderne-et-contemporain-pourquoi-choisir-le-gres-cerame\/#breadcrumb","itemListElement":[{"@type":"ListItem","position":1,"name":"Home","item":"https:\/\/www.lafabbrica.it\/fr\/"},{"@type":"ListItem","position":2,"name":"Design Moderne et Contemporain: Pourquoi Choisir le Gr\u00e8s C\u00e9rame"}]},{"@type":"WebSite","@id":"https:\/\/www.lafabbrica.it\/fr\/#website","url":"https:\/\/www.lafabbrica.it\/fr\/","name":"La Fabbrica AVA","description":"","publisher":{"@id":"https:\/\/www.lafabbrica.it\/fr\/#organization"},"potentialAction":[{"@type":"SearchAction","target":{"@type":"EntryPoint","urlTemplate":"https:\/\/www.lafabbrica.it\/fr\/?s={search_term_string}"},"query-input":"required name=search_term_string"}],"inLanguage":"fr-FR"},{"@type":"Organization","@id":"https:\/\/www.lafabbrica.it\/fr\/#organization","name":"La Fabbrica AVA","url":"https:\/\/www.lafabbrica.it\/fr\/","logo":{"@type":"ImageObject","inLanguage":"fr-FR","@id":"https:\/\/www.lafabbrica.it\/fr\/#\/schema\/logo\/image\/","url":"https:\/\/www.lafabbrica.it\/wp-content\/uploads\/2023\/08\/Senza-titolo-1.png","contentUrl":"https:\/\/www.lafabbrica.it\/wp-content\/uploads\/2023\/08\/Senza-titolo-1.png","width":567,"height":240,"caption":"La Fabbrica AVA"},"image":{"@id":"https:\/\/www.lafabbrica.it\/fr\/#\/schema\/logo\/image\/"}},{"@type":"Person","@id":"https:\/\/www.lafabbrica.it\/fr\/#\/schema\/person\/9854f3650eab7e4334e66d22de09296a","name":"admin","sameAs":["http:\/\/www.lafabbrica.it"],"url":"https:\/\/www.lafabbrica.it\/fr\/author\/admin\/"}]}},"_links":{"self":[{"href":"https:\/\/www.lafabbrica.it\/fr\/wp-json\/wp\/v2\/posts\/18321","targetHints":{"allow":["GET"]}}],"collection":[{"href":"https:\/\/www.lafabbrica.it\/fr\/wp-json\/wp\/v2\/posts"}],"about":[{"href":"https:\/\/www.lafabbrica.it\/fr\/wp-json\/wp\/v2\/types\/post"}],"author":[{"embeddable":true,"href":"https:\/\/www.lafabbrica.it\/fr\/wp-json\/wp\/v2\/users\/1"}],"replies":[{"embeddable":true,"href":"https:\/\/www.lafabbrica.it\/fr\/wp-json\/wp\/v2\/comments?post=18321"}],"version-history":[{"count":0,"href":"https:\/\/www.lafabbrica.it\/fr\/wp-json\/wp\/v2\/posts\/18321\/revisions"}],"wp:featuredmedia":[{"embeddable":true,"href":"https:\/\/www.lafabbrica.it\/fr\/wp-json\/wp\/v2\/media\/14511"}],"wp:attachment":[{"href":"https:\/\/www.lafabbrica.it\/fr\/wp-json\/wp\/v2\/media?parent=18321"}],"wp:term":[{"taxonomy":"category","embeddable":true,"href":"https:\/\/www.lafabbrica.it\/fr\/wp-json\/wp\/v2\/categories?post=18321"},{"taxonomy":"post_tag","embeddable":true,"href":"https:\/\/www.lafabbrica.it\/fr\/wp-json\/wp\/v2\/tags?post=18321"}],"curies":[{"name":"wp","href":"https:\/\/api.w.org\/{rel}","templated":true}]}}