{"id":18315,"date":"2024-04-10T13:29:02","date_gmt":"2024-04-10T13:29:02","guid":{"rendered":"https:\/\/www.lafabbrica.it\/conception-harmonieuse-pour-les-maisons-modernes-allier-les-espaces-exterieurs-et-interieurs\/"},"modified":"2024-05-10T09:10:49","modified_gmt":"2024-05-10T09:10:49","slug":"conception-harmonieuse-pour-les-maisons-modernes-allier-les-espaces-exterieurs-et-interieurs","status":"publish","type":"post","link":"https:\/\/www.lafabbrica.it\/fr\/conception-harmonieuse-pour-les-maisons-modernes-allier-les-espaces-exterieurs-et-interieurs\/","title":{"rendered":"Conception harmonieuse pour les maisons modernes :  Allier les espaces ext\u00e9rieurs et int\u00e9rieurs"},"content":{"rendered":"\t\t<div data-elementor-type=\"wp-post\" data-elementor-id=\"18315\" class=\"elementor elementor-18315 elementor-17498\" data-elementor-post-type=\"post\">\n\t\t\t\t<div data-dce-background-color=\"#FFFFFF\" class=\"elementor-element elementor-element-41f545f e-con-full e-flex e-con e-parent\" data-id=\"41f545f\" data-element_type=\"container\" data-settings=\"{&quot;content_width&quot;:&quot;full&quot;,&quot;background_background&quot;:&quot;classic&quot;}\" data-core-v316-plus=\"true\">\n\t\t\t\t<div class=\"elementor-element elementor-element-11f0209 elementor-widget elementor-widget-heading\" data-id=\"11f0209\" data-element_type=\"widget\" data-widget_type=\"heading.default\">\n\t\t\t\t<div class=\"elementor-widget-container\">\n\t\t\t<h1 class=\"elementor-heading-title elementor-size-default\">Conception harmonieuse pour les maisons modernes :  Allier les espaces ext\u00e9rieurs et int\u00e9rieurs<\/h1>\t\t<\/div>\n\t\t\t\t<\/div>\n\t\t\t\t<div class=\"elementor-element elementor-element-6e1eeda elementor-widget elementor-widget-text-editor\" data-id=\"6e1eeda\" data-element_type=\"widget\" data-widget_type=\"text-editor.default\">\n\t\t\t\t<div class=\"elementor-widget-container\">\n\t\t\t\t\t\t\t<p><strong>Le concept de conception harmonieuse pour les maisons modernes vise \u00e0 cr\u00e9er une synergie entre les espaces de vie ext\u00e9rieurs et int\u00e9rieurs, en r\u00e9alisant un flux ininterrompu qui va au-del\u00e0 de la simple continuit\u00e9 visuelle. <\/strong><span style=\"font-weight: 400;\">Dans ce contexte, le choix des mat\u00e9riaux joue un r\u00f4le crucial, le gr\u00e8s c\u00e9rame s&#8217;imposant comme le protagoniste incontest\u00e9 du rev\u00eatement de sol ext\u00e9rieur.<\/span><\/p>\n\t\t\t\t\t\t<\/div>\n\t\t\t\t<\/div>\n\t\t\t\t<div class=\"elementor-element elementor-element-63ac007 elementor-widget elementor-widget-heading\" data-id=\"63ac007\" data-element_type=\"widget\" data-widget_type=\"heading.default\">\n\t\t\t\t<div class=\"elementor-widget-container\">\n\t\t\t<h3 class=\"elementor-heading-title elementor-size-default\">Les fondations : Choisir les couleurs ext\u00e9rieures pour un design moderne<\/h3>\t\t<\/div>\n\t\t\t\t<\/div>\n\t\t\t\t<div class=\"elementor-element elementor-element-2bb7905 elementor-widget elementor-widget-text-editor\" data-id=\"2bb7905\" data-element_type=\"widget\" data-widget_type=\"text-editor.default\">\n\t\t\t\t<div class=\"elementor-widget-container\">\n\t\t\t\t\t\t\t<p><span style=\"font-weight: 400;\"><strong>L&#8217;ext\u00e9rieur d&#8217;une maison &#8211; ou d&#8217;un b\u00e2timent commercial &#8211; repr\u00e9sente la carte de visite de tout visiteur.<\/strong> Les espaces ext\u00e9rieurs exigent une apparence impeccable, mais aussi des qualit\u00e9s de haute performance. Les carreaux en gr\u00e8s c\u00e9rame, alliant esth\u00e9tique et performances techniques, sont le choix id\u00e9al pour cr\u00e9er un habitat fonctionnel et raffin\u00e9, r\u00e9sistant aux agents atmosph\u00e9riques et durable dans le temps.<\/span><\/p>\n\t\t\t\t\t\t<\/div>\n\t\t\t\t<\/div>\n\t\t\t\t<div class=\"elementor-element elementor-element-190954a elementor-widget elementor-widget-image\" data-id=\"190954a\" data-element_type=\"widget\" data-widget_type=\"image.default\">\n\t\t\t\t<div class=\"elementor-widget-container\">\n\t\t\t\t\t\t\t\t\t\t\t\t\t<img fetchpriority=\"high\" decoding=\"async\" width=\"1800\" height=\"870\" src=\"https:\/\/www.lafabbrica.it\/wp-content\/uploads\/2024\/04\/hurban-full.jpg\" class=\"attachment-full size-full wp-image-17801\" alt=\"\" srcset=\"https:\/\/www.lafabbrica.it\/wp-content\/uploads\/2024\/04\/hurban-full.jpg 1800w, https:\/\/www.lafabbrica.it\/wp-content\/uploads\/2024\/04\/hurban-full-300x145.jpg 300w, https:\/\/www.lafabbrica.it\/wp-content\/uploads\/2024\/04\/hurban-full-1024x495.jpg 1024w, https:\/\/www.lafabbrica.it\/wp-content\/uploads\/2024\/04\/hurban-full-768x371.jpg 768w, https:\/\/www.lafabbrica.it\/wp-content\/uploads\/2024\/04\/hurban-full-1536x742.jpg 1536w\" sizes=\"(max-width: 1800px) 100vw, 1800px\" \/>\t\t\t\t\t\t\t\t\t\t\t\t\t<\/div>\n\t\t\t\t<\/div>\n\t\t\t\t<\/div>\n\t\t<div data-dce-background-color=\"#F7F7F8\" class=\"elementor-element elementor-element-67babd6 e-con-full e-flex e-con e-parent\" data-id=\"67babd6\" data-element_type=\"container\" data-settings=\"{&quot;content_width&quot;:&quot;full&quot;,&quot;background_background&quot;:&quot;classic&quot;}\" data-core-v316-plus=\"true\">\n\t\t\t\t<div class=\"elementor-element elementor-element-5634998 elementor-widget elementor-widget-heading\" data-id=\"5634998\" data-element_type=\"widget\" data-widget_type=\"heading.default\">\n\t\t\t\t<div class=\"elementor-widget-container\">\n\t\t\t<h3 class=\"elementor-heading-title elementor-size-default\">Correspondance des couleurs pour les murs ext\u00e9rieurs : Exemples et id\u00e9es en gr\u00e8s c\u00e9rame<\/h3>\t\t<\/div>\n\t\t\t\t<\/div>\n\t\t\t\t<div class=\"elementor-element elementor-element-72c2193 elementor-widget elementor-widget-text-editor\" data-id=\"72c2193\" data-element_type=\"widget\" data-widget_type=\"text-editor.default\">\n\t\t\t\t<div class=\"elementor-widget-container\">\n\t\t\t\t\t\t\t<p><span style=\"font-weight: 400;\"><strong>LA FABBRICA AVA met en valeur les espaces ext\u00e9rieurs avec des solutions en gr\u00e8s c\u00e9rame qui englobent \u00e0 la fois l&#8217;esth\u00e9tique et la fonctionnalit\u00e9,<\/strong> enrichissant les cours, les terrasses, les piscines et les jardins d&#8217;une large gamme d&#8217;effets et de textures.<\/span><\/p>\n\t\t\t\t\t\t<\/div>\n\t\t\t\t<\/div>\n\t\t<div class=\"elementor-element elementor-element-c91c342 e-flex e-con-boxed e-con e-child\" data-id=\"c91c342\" data-element_type=\"container\" data-settings=\"{&quot;content_width&quot;:&quot;boxed&quot;}\">\n\t\t\t\t\t<div class=\"e-con-inner\">\n\t\t<div class=\"elementor-element elementor-element-bca15ab e-con-full e-flex e-con e-child\" data-id=\"bca15ab\" data-element_type=\"container\" data-settings=\"{&quot;content_width&quot;:&quot;full&quot;}\">\n\t\t\t\t<div class=\"elementor-element elementor-element-4efae69 elementor-widget elementor-widget-image\" data-id=\"4efae69\" data-element_type=\"widget\" data-widget_type=\"image.default\">\n\t\t\t\t<div class=\"elementor-widget-container\">\n\t\t\t\t\t\t\t\t\t\t\t\t\t\t<a href=\"https:\/\/www.lafabbrica.it\/fr\/collections\/cotto-del-casale\/\">\n\t\t\t\t\t\t\t<img decoding=\"async\" width=\"819\" height=\"1024\" src=\"https:\/\/www.lafabbrica.it\/wp-content\/uploads\/2024\/04\/cotto.jpg\" class=\"attachment-large size-large wp-image-17534\" alt=\"\" srcset=\"https:\/\/www.lafabbrica.it\/wp-content\/uploads\/2024\/04\/cotto.jpg 819w, https:\/\/www.lafabbrica.it\/wp-content\/uploads\/2024\/04\/cotto-240x300.jpg 240w, https:\/\/www.lafabbrica.it\/wp-content\/uploads\/2024\/04\/cotto-768x960.jpg 768w\" sizes=\"(max-width: 819px) 100vw, 819px\" \/>\t\t\t\t\t\t\t\t<\/a>\n\t\t\t\t\t\t\t\t\t\t\t\t\t<\/div>\n\t\t\t\t<\/div>\n\t\t\t\t<\/div>\n\t\t<div class=\"elementor-element elementor-element-03c568e e-con-full e-flex e-con e-child\" data-id=\"03c568e\" data-element_type=\"container\" data-settings=\"{&quot;content_width&quot;:&quot;full&quot;}\">\n\t\t\t\t<div class=\"elementor-element elementor-element-6d7f25c elementor-widget elementor-widget-heading\" data-id=\"6d7f25c\" data-element_type=\"widget\" data-widget_type=\"heading.default\">\n\t\t\t\t<div class=\"elementor-widget-container\">\n\t\t\t<h4 class=\"elementor-heading-title elementor-size-default\">Cotto del Casale<\/h4>\t\t<\/div>\n\t\t\t\t<\/div>\n\t\t\t\t<div class=\"elementor-element elementor-element-3a760e0 elementor-widget elementor-widget-text-editor\" data-id=\"3a760e0\" data-element_type=\"widget\" data-widget_type=\"text-editor.default\">\n\t\t\t\t<div class=\"elementor-widget-container\">\n\t\t\t\t\t\t\t<p><b><a href=\"https:\/\/www.lafabbrica.it\/fr\/collections\/cotto-del-casale\/\">Cotto del Casale<\/a>: <\/b>c<span style=\"font-weight: 400;\">ette collection exclusive s&#8217;inspire de la beaut\u00e9 intemporelle et de la tradition des anciens corps de ferme italiens, en proposant des carreaux en gr\u00e8s c\u00e9rame qui rappellent la chaleur et l&#8217;authenticit\u00e9 du terracotta. Propos\u00e9e en quatre teintes terreuses, cette ligne est un hommage \u00e0 la nature et \u00e0 sa palette de couleurs chaudes. La force de Cotto del Casale r\u00e9side dans son syst\u00e8me modulaire, qui permet une large gamme de combinaisons et de configurations.<\/span><\/p>\n\t\t\t\t\t\t<\/div>\n\t\t\t\t<\/div>\n\t\t\t\t<\/div>\n\t\t\t\t\t<\/div>\n\t\t\t\t<\/div>\n\t\t<div class=\"elementor-element elementor-element-bc91477 e-flex e-con-boxed e-con e-child\" data-id=\"bc91477\" data-element_type=\"container\" data-settings=\"{&quot;content_width&quot;:&quot;boxed&quot;}\">\n\t\t\t\t\t<div class=\"e-con-inner\">\n\t\t<div class=\"elementor-element elementor-element-0c47e79 e-con-full e-flex e-con e-child\" data-id=\"0c47e79\" data-element_type=\"container\" data-settings=\"{&quot;content_width&quot;:&quot;full&quot;}\">\n\t\t\t\t<div class=\"elementor-element elementor-element-7d2ea1a elementor-widget elementor-widget-heading\" data-id=\"7d2ea1a\" data-element_type=\"widget\" data-widget_type=\"heading.default\">\n\t\t\t\t<div class=\"elementor-widget-container\">\n\t\t\t<h4 class=\"elementor-heading-title elementor-size-default\">Noble Stone<\/h4>\t\t<\/div>\n\t\t\t\t<\/div>\n\t\t\t\t<div class=\"elementor-element elementor-element-9c0f9bd elementor-widget elementor-widget-text-editor\" data-id=\"9c0f9bd\" data-element_type=\"widget\" data-widget_type=\"text-editor.default\">\n\t\t\t\t<div class=\"elementor-widget-container\">\n\t\t\t\t\t\t\t<p><b><a href=\"https:\/\/www.lafabbrica.it\/fr\/collections\/noble-stone\/\">Noble Stone<\/a>: <\/b>c<span style=\"font-weight: 400;\">ette collection repr\u00e9sente le summum du raffinement, inspir\u00e9e de c\u00e9l\u00e8bres formations calcaires naturelles. Son gr\u00e8s c\u00e9rame effet marbre propose une vari\u00e9t\u00e9 de couleurs et de formats, enrichi par la finition 3D Satin pour l&#8217;int\u00e9rieur et la finition Nat Ret pour l&#8217;ext\u00e9rieur. La particularit\u00e9 du Noble Stone outdoor de 8,8 mm est son graphisme : une technologie digitale enrichit la surface, cr\u00e9ant par des jeux de clair-obscur un effet de mati\u00e8re et de tridimensionnalit\u00e9 capable d&#8217;\u00e9muler le bouchardage typique des marbres naturels.<\/span><\/p>\n\t\t\t\t\t\t<\/div>\n\t\t\t\t<\/div>\n\t\t\t\t<\/div>\n\t\t<div class=\"elementor-element elementor-element-6316c2b e-con-full e-flex e-con e-child\" data-id=\"6316c2b\" data-element_type=\"container\" data-settings=\"{&quot;content_width&quot;:&quot;full&quot;}\">\n\t\t\t\t<div class=\"elementor-element elementor-element-a3d6a8f elementor-widget elementor-widget-image\" data-id=\"a3d6a8f\" data-element_type=\"widget\" data-widget_type=\"image.default\">\n\t\t\t\t<div class=\"elementor-widget-container\">\n\t\t\t\t\t\t\t\t\t\t\t\t\t\t<a href=\"https:\/\/www.lafabbrica.it\/fr\/collections\/noble-stone\/\">\n\t\t\t\t\t\t\t<img decoding=\"async\" width=\"819\" height=\"1024\" src=\"https:\/\/www.lafabbrica.it\/wp-content\/uploads\/2024\/04\/noble.jpg\" class=\"attachment-large size-large wp-image-17781\" alt=\"\" srcset=\"https:\/\/www.lafabbrica.it\/wp-content\/uploads\/2024\/04\/noble.jpg 819w, https:\/\/www.lafabbrica.it\/wp-content\/uploads\/2024\/04\/noble-240x300.jpg 240w, https:\/\/www.lafabbrica.it\/wp-content\/uploads\/2024\/04\/noble-768x960.jpg 768w\" sizes=\"(max-width: 819px) 100vw, 819px\" \/>\t\t\t\t\t\t\t\t<\/a>\n\t\t\t\t\t\t\t\t\t\t\t\t\t<\/div>\n\t\t\t\t<\/div>\n\t\t\t\t<\/div>\n\t\t\t\t\t<\/div>\n\t\t\t\t<\/div>\n\t\t<div class=\"elementor-element elementor-element-3892d69 e-flex e-con-boxed e-con e-child\" data-id=\"3892d69\" data-element_type=\"container\" data-settings=\"{&quot;content_width&quot;:&quot;boxed&quot;}\">\n\t\t\t\t\t<div class=\"e-con-inner\">\n\t\t<div class=\"elementor-element elementor-element-852a062 e-con-full e-flex e-con e-child\" data-id=\"852a062\" data-element_type=\"container\" data-settings=\"{&quot;content_width&quot;:&quot;full&quot;}\">\n\t\t\t\t<div class=\"elementor-element elementor-element-4adc6de elementor-widget elementor-widget-image\" data-id=\"4adc6de\" data-element_type=\"widget\" data-widget_type=\"image.default\">\n\t\t\t\t<div class=\"elementor-widget-container\">\n\t\t\t\t\t\t\t\t\t\t\t\t\t\t<a href=\"https:\/\/www.lafabbrica.it\/fr\/collections\/hurban\/\">\n\t\t\t\t\t\t\t<img loading=\"lazy\" decoding=\"async\" width=\"819\" height=\"1024\" src=\"https:\/\/www.lafabbrica.it\/wp-content\/uploads\/2024\/04\/hurban.jpg\" class=\"attachment-large size-large wp-image-17785\" alt=\"\" srcset=\"https:\/\/www.lafabbrica.it\/wp-content\/uploads\/2024\/04\/hurban.jpg 819w, https:\/\/www.lafabbrica.it\/wp-content\/uploads\/2024\/04\/hurban-240x300.jpg 240w, https:\/\/www.lafabbrica.it\/wp-content\/uploads\/2024\/04\/hurban-768x960.jpg 768w\" sizes=\"(max-width: 819px) 100vw, 819px\" \/>\t\t\t\t\t\t\t\t<\/a>\n\t\t\t\t\t\t\t\t\t\t\t\t\t<\/div>\n\t\t\t\t<\/div>\n\t\t\t\t<\/div>\n\t\t<div class=\"elementor-element elementor-element-282033c e-con-full e-flex e-con e-child\" data-id=\"282033c\" data-element_type=\"container\" data-settings=\"{&quot;content_width&quot;:&quot;full&quot;}\">\n\t\t\t\t<div class=\"elementor-element elementor-element-7827a03 elementor-widget elementor-widget-heading\" data-id=\"7827a03\" data-element_type=\"widget\" data-widget_type=\"heading.default\">\n\t\t\t\t<div class=\"elementor-widget-container\">\n\t\t\t<h4 class=\"elementor-heading-title elementor-size-default\">Hurban<\/h4>\t\t<\/div>\n\t\t\t\t<\/div>\n\t\t\t\t<div class=\"elementor-element elementor-element-1f72469 elementor-widget elementor-widget-text-editor\" data-id=\"1f72469\" data-element_type=\"widget\" data-widget_type=\"text-editor.default\">\n\t\t\t\t<div class=\"elementor-widget-container\">\n\t\t\t\t\t\t\t<p><b><a href=\"https:\/\/www.lafabbrica.it\/fr\/collections\/hurban\/\">Hurban<\/a>: <\/b><span style=\"font-weight: 400;\">une finition exclusive effet ciment doux et crayeux, inspir\u00e9e des architectures m\u00e9tropolitaines et enrichie d&#8217;une palette \u00e9vocatrice de 6 couleurs pastel &#8211; avec son d\u00e9cor caract\u00e9ristique Queens au format 100&#215;100. La surface est \u00e9quilibr\u00e9e par de d\u00e9licats clairs-obscurs, pour conf\u00e9rer aux espaces un design urbain sophistiqu\u00e9.<\/span><\/p>\n\t\t\t\t\t\t<\/div>\n\t\t\t\t<\/div>\n\t\t\t\t<\/div>\n\t\t\t\t\t<\/div>\n\t\t\t\t<\/div>\n\t\t\t\t<\/div>\n\t\t<div class=\"elementor-element elementor-element-6b46401 e-con-full e-flex e-con e-parent\" data-id=\"6b46401\" data-element_type=\"container\" data-settings=\"{&quot;content_width&quot;:&quot;full&quot;}\" data-core-v316-plus=\"true\">\n\t\t\t\t<div class=\"elementor-element elementor-element-34d1b40 elementor-widget elementor-widget-heading\" data-id=\"34d1b40\" data-element_type=\"widget\" data-widget_type=\"heading.default\">\n\t\t\t\t<div class=\"elementor-widget-container\">\n\t\t\t<h2 class=\"elementor-heading-title elementor-size-default\">Cr\u00e9er une connexion : Conception harmonieuse de l'ext\u00e9rieur vers l'int\u00e9rieur<\/h2>\t\t<\/div>\n\t\t\t\t<\/div>\n\t\t\t\t<div class=\"elementor-element elementor-element-920beb9 elementor-widget elementor-widget-text-editor\" data-id=\"920beb9\" data-element_type=\"widget\" data-widget_type=\"text-editor.default\">\n\t\t\t\t<div class=\"elementor-widget-container\">\n\t\t\t\t\t\t\t<p><span style=\"font-weight: 400;\"><strong>La r\u00e9ussite d&#8217;une conception harmonieuse d\u00e9pend de la cr\u00e9ation d&#8217;un lien visuel et mat\u00e9riel entre l&#8217;ext\u00e9rieur et l&#8217;int\u00e9rieur<\/strong>, o\u00f9 le gr\u00e8s c\u00e9rame joue un r\u00f4le fondamental. Pour cr\u00e9er un bon design, il est n\u00e9cessaire d&#8217;int\u00e9grer les deux dans un ensemble \u00e0 la fois fonctionnel et esth\u00e9tique. Tout comme l&#8217;architecture est con\u00e7ue en suivant une direction sp\u00e9cifique, l&#8217;am\u00e9nagement int\u00e9rieur doit \u00e9galement utiliser des concepts li\u00e9s \u00e0 l&#8217;architecture, afin que la valeur esth\u00e9tique soit coh\u00e9rente.<\/span><\/p>\n<p><span style=\"font-weight: 400;\"><strong>Tous les aspects des principes et des \u00e9l\u00e9ments du design doivent \u00eatre pris en compte<\/strong>. Les id\u00e9es, les couleurs, les mat\u00e9riaux, les textures, le style et les formes de l&#8217;int\u00e9rieur doivent \u00eatre int\u00e9gr\u00e9s \u00e0 l&#8217;ext\u00e9rieur.<\/span><\/p>\n<p><span style=\"font-weight: 400;\">Il est donc fortement recommand\u00e9 de surveiller certains param\u00e8tres pour maintenir le style souhait\u00e9 :<br \/>\n<\/span><\/p>\n<ul>\n<li><b>Unit\u00e9:<\/b><span style=\"font-weight: 400;\"> Chaque \u00e9l\u00e9ment de design doit se fondre harmonieusement avec les autres, en soutenant un th\u00e8me unitaire gr\u00e2ce \u00e0 des couleurs, des motifs, des formes et des mat\u00e9riaux compatibles entre l&#8217;int\u00e9rieur et l&#8217;architecture.<\/span><\/li>\n<li><b>\u00c9quilibre:<\/b><span style=\"font-weight: 400;\"> Un design d&#8217;int\u00e9rieur bien con\u00e7u montre un \u00e9quilibre o\u00f9 chaque \u00e9l\u00e9ment contribue de mani\u00e8re \u00e9gale \u00e0 la composition globale, sans dominer les autres.<\/span><\/li>\n<li><b>Rythme:<\/b><span style=\"font-weight: 400;\"> Le rythme cr\u00e9e un sentiment d&#8217;harmonie gr\u00e2ce \u00e0 un ordre et un agencement bien coordonn\u00e9s, tous deux essentiels pour le confort et la valeur esth\u00e9tique de l&#8217;ensemble.<\/span><\/li>\n<li><b>\u00c9chelle et proportion:<\/b><span style=\"font-weight: 400;\"> Importantes pour l&#8217;impression spatiale de chaque pi\u00e8ce, l&#8217;\u00e9chelle et la proportion des \u00e9l\u00e9ments int\u00e9rieurs doivent s&#8217;harmoniser avec l&#8217;architecture du b\u00e2timent.<\/span><\/li>\n<li><b>Points focaux:<\/b><span style=\"font-weight: 400;\"> \u00c9l\u00e9ments cl\u00e9s qui attirent l&#8217;attention, les points focaux doivent \u00eatre choisis et con\u00e7us de mani\u00e8re \u00e0 refl\u00e9ter et compl\u00e9ter le style architectural du b\u00e2timent.<\/span><\/li>\n<\/ul>\n\t\t\t\t\t\t<\/div>\n\t\t\t\t<\/div>\n\t\t\t\t<div class=\"elementor-element elementor-element-c46718c elementor-widget elementor-widget-image\" data-id=\"c46718c\" data-element_type=\"widget\" data-widget_type=\"image.default\">\n\t\t\t\t<div class=\"elementor-widget-container\">\n\t\t\t\t\t\t\t\t\t\t\t\t\t<img loading=\"lazy\" decoding=\"async\" width=\"1800\" height=\"870\" src=\"https:\/\/www.lafabbrica.it\/wp-content\/uploads\/2024\/04\/hurban1.jpg\" class=\"attachment-full size-full wp-image-17806\" alt=\"\" srcset=\"https:\/\/www.lafabbrica.it\/wp-content\/uploads\/2024\/04\/hurban1.jpg 1800w, https:\/\/www.lafabbrica.it\/wp-content\/uploads\/2024\/04\/hurban1-300x145.jpg 300w, https:\/\/www.lafabbrica.it\/wp-content\/uploads\/2024\/04\/hurban1-1024x495.jpg 1024w, https:\/\/www.lafabbrica.it\/wp-content\/uploads\/2024\/04\/hurban1-768x371.jpg 768w, https:\/\/www.lafabbrica.it\/wp-content\/uploads\/2024\/04\/hurban1-1536x742.jpg 1536w\" sizes=\"(max-width: 1800px) 100vw, 1800px\" \/>\t\t\t\t\t\t\t\t\t\t\t\t\t<\/div>\n\t\t\t\t<\/div>\n\t\t\t\t<div class=\"elementor-element elementor-element-fdb9c95 elementor-widget elementor-widget-heading\" data-id=\"fdb9c95\" data-element_type=\"widget\" data-widget_type=\"heading.default\">\n\t\t\t\t<div class=\"elementor-widget-container\">\n\t\t\t<h3 class=\"elementor-heading-title elementor-size-default\">Mat\u00e9riaux, textures, lumi\u00e8res et couleurs pour un design ext\u00e9rieur harmonieux<\/h3>\t\t<\/div>\n\t\t\t\t<\/div>\n\t\t\t\t<div class=\"elementor-element elementor-element-db89a1c elementor-widget elementor-widget-text-editor\" data-id=\"db89a1c\" data-element_type=\"widget\" data-widget_type=\"text-editor.default\">\n\t\t\t\t<div class=\"elementor-widget-container\">\n\t\t\t\t\t\t\t<p><span style=\"font-weight: 400;\">Le gr\u00e8s c\u00e9rame pour le rev\u00eatement ext\u00e9rieur, associ\u00e9 \u00e0 un choix judicieux de couleurs et de finitions, peut d\u00e9finir un design qui embrasse pleinement le concept de continuit\u00e9 entre les espaces ext\u00e9rieurs et int\u00e9rieurs, pour une exp\u00e9rience de vie fluide et profond\u00e9ment coh\u00e9rente.<\/span><\/p>\n<p><b>De m\u00eame, la coh\u00e9rence des couleurs est essentielle pour un design harmonieux.<\/b><span style=\"font-weight: 400;\"> L&#8217;int\u00e9gration des tons dominants du gr\u00e8s c\u00e9rame ext\u00e9rieur dans les int\u00e9rieurs par le biais de d\u00e9tails d\u00e9coratifs ou d&#8217;accents de couleur contribue \u00e0 cr\u00e9er un sentiment d&#8217;unit\u00e9.<\/span><\/p>\n<p><b>L&#8217;\u00e9clairage, s&#8217;il est con\u00e7u pour refl\u00e9ter la qualit\u00e9 de la lumi\u00e8re naturelle, peut \u00e9galement jouer un r\u00f4le cl\u00e9 dans l&#8217;unification visuelle des espaces de vie ext\u00e9rieurs et int\u00e9rieurs.<\/b><\/p>\n\t\t\t\t\t\t<\/div>\n\t\t\t\t<\/div>\n\t\t\t\t<\/div>\n\t\t<div class=\"elementor-element elementor-element-f250bb1 e-con-full e-flex e-con e-child\" data-id=\"f250bb1\" data-element_type=\"container\" data-settings=\"{&quot;content_width&quot;:&quot;full&quot;}\">\n\t\t<div class=\"elementor-element elementor-element-09dab8d e-con-full e-flex e-con e-child\" data-id=\"09dab8d\" data-element_type=\"container\" data-settings=\"{&quot;content_width&quot;:&quot;full&quot;}\">\n\t\t\t\t<div class=\"elementor-element elementor-element-61c8433 elementor-widget elementor-widget-image\" data-id=\"61c8433\" data-element_type=\"widget\" data-widget_type=\"image.default\">\n\t\t\t\t<div class=\"elementor-widget-container\">\n\t\t\t\t\t\t\t\t\t\t\t\t\t<img loading=\"lazy\" decoding=\"async\" width=\"819\" height=\"1024\" src=\"https:\/\/www.lafabbrica.it\/wp-content\/uploads\/2024\/04\/arredi.jpg\" class=\"attachment-large size-large wp-image-17813\" alt=\"\" srcset=\"https:\/\/www.lafabbrica.it\/wp-content\/uploads\/2024\/04\/arredi.jpg 819w, https:\/\/www.lafabbrica.it\/wp-content\/uploads\/2024\/04\/arredi-240x300.jpg 240w, https:\/\/www.lafabbrica.it\/wp-content\/uploads\/2024\/04\/arredi-768x960.jpg 768w\" sizes=\"(max-width: 819px) 100vw, 819px\" \/>\t\t\t\t\t\t\t\t\t\t\t\t\t<\/div>\n\t\t\t\t<\/div>\n\t\t\t\t<\/div>\n\t\t<div class=\"elementor-element elementor-element-9b02cde e-con-full e-flex e-con e-child\" data-id=\"9b02cde\" data-element_type=\"container\" data-settings=\"{&quot;content_width&quot;:&quot;full&quot;}\">\n\t\t\t\t<div class=\"elementor-element elementor-element-5aa6f14 elementor-widget elementor-widget-heading\" data-id=\"5aa6f14\" data-element_type=\"widget\" data-widget_type=\"heading.default\">\n\t\t\t\t<div class=\"elementor-widget-container\">\n\t\t\t<h4 class=\"elementor-heading-title elementor-size-default\">La touche finale:  accessoires et mobilier d'ext\u00e9rieur pour assortir l'ext\u00e9rieur et l'int\u00e9rieur d'une maison moderne<\/h4>\t\t<\/div>\n\t\t\t\t<\/div>\n\t\t\t\t<div class=\"elementor-element elementor-element-ced55a1 elementor-widget elementor-widget-text-editor\" data-id=\"ced55a1\" data-element_type=\"widget\" data-widget_type=\"text-editor.default\">\n\t\t\t\t<div class=\"elementor-widget-container\">\n\t\t\t\t\t\t\t<p><span style=\"font-weight: 400;\">Le mobilier et les accessoires d&#8217;ext\u00e9rieur, soigneusement s\u00e9lectionn\u00e9s pour s&#8217;harmoniser avec le style de l&#8217;int\u00e9rieur tout en \u00e9tant r\u00e9sistants aux intemp\u00e9ries, enrichissent l&#8217;environnement ext\u00e9rieur. L&#8217;utilisation de mat\u00e9riaux et de couleurs en harmonie avec le gr\u00e8s c\u00e9rame des rev\u00eatements ext\u00e9rieurs fusionne visuellement les espaces ext\u00e9rieurs et int\u00e9rieurs, favorisant un concept d&#8217;habitat moderne bas\u00e9 sur la continuit\u00e9 et l&#8217;harmonie.<\/span><\/p>\n\t\t\t\t\t\t<\/div>\n\t\t\t\t<\/div>\n\t\t\t\t<\/div>\n\t\t\t\t<\/div>\n\t\t<div class=\"elementor-element elementor-element-33a64a9 e-con-full e-flex e-con e-parent\" data-id=\"33a64a9\" data-element_type=\"container\" data-settings=\"{&quot;content_width&quot;:&quot;full&quot;}\" data-core-v316-plus=\"true\">\n\t\t\t\t<div class=\"elementor-element elementor-element-88de302 elementor-widget elementor-widget-text-editor\" data-id=\"88de302\" data-element_type=\"widget\" data-widget_type=\"text-editor.default\">\n\t\t\t\t<div class=\"elementor-widget-container\">\n\t\t\t\t\t\t\t<ul>\n<li><b>Mobilier de jardin en mat\u00e9riaux naturels :<\/b><span style=\"font-weight: 400;\"> Choisir du mobilier d&#8217;ext\u00e9rieur en bois ou en rotin peut cr\u00e9er un lien visuel avec la nature environnante, en reprenant les tons chauds et les textures du gr\u00e8s c\u00e9rame, et offrir une oasis de d\u00e9tente qui s&#8217;int\u00e8gre parfaitement \u00e0 l&#8217;esth\u00e9tique de la maison.<\/span><\/li>\n<li><b style=\"font-style: inherit;\">\u00c9clairage d&#8217;ambiance :<\/b><span style=\"font-weight: 400;\"> L&#8217;\u00e9clairage ext\u00e9rieur joue un r\u00f4le crucial dans l&#8217;union de l&#8217;esth\u00e9tique int\u00e9rieure et ext\u00e9rieure. Une lumi\u00e8re tamis\u00e9e, des lanternes d&#8217;ext\u00e9rieur ou des projecteurs plac\u00e9s de mani\u00e8re strat\u00e9gique peuvent mettre en valeur les chemins et les textures du gr\u00e8s c\u00e9rame, cr\u00e9ant une ambiance accueillante et conviviale.<\/span><\/li>\n<li><b style=\"font-style: inherit;\">\u00c9l\u00e9ments d\u00e9coratifs :<\/b><span style=\"font-weight: 400;\"> Des pots et des conteneurs pour plantes fabriqu\u00e9s dans des mat\u00e9riaux qui reprennent les couleurs et les finitions du gr\u00e8s c\u00e9rame, comme la c\u00e9ramique ou le m\u00e9tal peint, peuvent ajouter des touches de couleur et de vitalit\u00e9 aux espaces ext\u00e9rieurs, tout en refl\u00e9tant le style et l&#8217;\u00e9l\u00e9gance de l&#8217;int\u00e9rieur.<\/span><\/li>\n<\/ul>\n<p><b>Ces \u00e9l\u00e9ments, en plus de rehausser l&#8217;aspect esth\u00e9tique de la zone ext\u00e9rieure, renforcent \u00e9galement sa fonctionnalit\u00e9, transformant les jardins, les terrasses et les balcons en v\u00e9ritables extensions des espaces de vie int\u00e9rieurs.<\/b><\/p>\n\t\t\t\t\t\t<\/div>\n\t\t\t\t<\/div>\n\t\t\t\t<div class=\"elementor-element elementor-element-b1dbab8 elementor-align-center elementor-widget elementor-widget-button\" data-id=\"b1dbab8\" data-element_type=\"widget\" data-widget_type=\"button.default\">\n\t\t\t\t<div class=\"elementor-widget-container\">\n\t\t\t\t\t<div class=\"elementor-button-wrapper\">\n\t\t\t<a class=\"elementor-button elementor-button-link elementor-size-md\" href=\"https:\/\/www.lafabbrica.it\/fr\/news\/\">\n\t\t\t\t\t\t<span class=\"elementor-button-content-wrapper\">\n\t\t\t\t\t\t<span class=\"elementor-button-text\">D\u00e9couvrez tous nos conseils pour votre design<\/span>\n\t\t<\/span>\n\t\t\t\t\t<\/a>\n\t\t<\/div>\n\t\t\t\t<\/div>\n\t\t\t\t<\/div>\n\t\t\t\t<\/div>\n\t\t\t\t<\/div>\n\t\t","protected":false},"excerpt":{"rendered":"<p>Le concept de conception harmonieuse pour les maisons modernes vise \u00e0 cr\u00e9er une synergie entre les espaces de vie ext\u00e9rieurs et int\u00e9rieurs, en r\u00e9alisant un flux ininterrompu qui va au-del\u00e0 de la simple continuit\u00e9 visuelle. <\/p>\n","protected":false},"author":1,"featured_media":17795,"comment_status":"closed","ping_status":"closed","sticky":false,"template":"","format":"standard","meta":{"_acf_changed":false,"site-sidebar-layout":"default","site-content-layout":"","ast-site-content-layout":"default","site-content-style":"default","site-sidebar-style":"default","ast-global-header-display":"","ast-banner-title-visibility":"","ast-main-header-display":"","ast-hfb-above-header-display":"","ast-hfb-below-header-display":"","ast-hfb-mobile-header-display":"","site-post-title":"","ast-breadcrumbs-content":"","ast-featured-img":"","footer-sml-layout":"","theme-transparent-header-meta":"","adv-header-id-meta":"","stick-header-meta":"","header-above-stick-meta":"","header-main-stick-meta":"","header-below-stick-meta":"","astra-migrate-meta-layouts":"default","ast-page-background-enabled":"default","ast-page-background-meta":{"desktop":{"background-color":"var(--ast-global-color-4)","background-image":"","background-repeat":"repeat","background-position":"center center","background-size":"auto","background-attachment":"scroll","background-type":"","background-media":"","overlay-type":"","overlay-color":"","overlay-gradient":""},"tablet":{"background-color":"","background-image":"","background-repeat":"repeat","background-position":"center center","background-size":"auto","background-attachment":"scroll","background-type":"","background-media":"","overlay-type":"","overlay-color":"","overlay-gradient":""},"mobile":{"background-color":"","background-image":"","background-repeat":"repeat","background-position":"center center","background-size":"auto","background-attachment":"scroll","background-type":"","background-media":"","overlay-type":"","overlay-color":"","overlay-gradient":""}},"ast-content-background-meta":{"desktop":{"background-color":"var(--ast-global-color-5)","background-image":"","background-repeat":"repeat","background-position":"center center","background-size":"auto","background-attachment":"scroll","background-type":"","background-media":"","overlay-type":"","overlay-color":"","overlay-gradient":""},"tablet":{"background-color":"var(--ast-global-color-5)","background-image":"","background-repeat":"repeat","background-position":"center center","background-size":"auto","background-attachment":"scroll","background-type":"","background-media":"","overlay-type":"","overlay-color":"","overlay-gradient":""},"mobile":{"background-color":"var(--ast-global-color-5)","background-image":"","background-repeat":"repeat","background-position":"center center","background-size":"auto","background-attachment":"scroll","background-type":"","background-media":"","overlay-type":"","overlay-color":"","overlay-gradient":""}},"footnotes":""},"categories":[1241],"tags":[],"class_list":["post-18315","post","type-post","status-publish","format-standard","has-post-thumbnail","hentry","category-blog-fr"],"acf":[],"yoast_head":"<!-- This site is optimized with the Yoast SEO plugin v22.0 - https:\/\/yoast.com\/wordpress\/plugins\/seo\/ -->\n<title>Conception harmonieuse pour les maisons modernes : Allier les espaces ext\u00e9rieurs et int\u00e9rieurs - La Fabbrica AVA<\/title>\n<meta name=\"description\" content=\"Le concept de conception harmonieuse pour les maisons modernes vise \u00e0 cr\u00e9er une synergie entre les espaces de vie ext\u00e9rieurs et int\u00e9rieurs, en r\u00e9alisant un flux ininterrompu qui va au-del\u00e0 de la simple continuit\u00e9 visuelle.\" \/>\n<meta name=\"robots\" content=\"index, follow, max-snippet:-1, max-image-preview:large, max-video-preview:-1\" \/>\n<link rel=\"canonical\" href=\"https:\/\/www.lafabbrica.it\/fr\/conception-harmonieuse-pour-les-maisons-modernes-allier-les-espaces-exterieurs-et-interieurs\/\" \/>\n<meta property=\"og:locale\" content=\"fr_FR\" \/>\n<meta property=\"og:type\" content=\"article\" \/>\n<meta property=\"og:title\" content=\"Conception harmonieuse pour les maisons modernes : Allier les espaces ext\u00e9rieurs et int\u00e9rieurs - La Fabbrica AVA\" \/>\n<meta property=\"og:description\" content=\"Le concept de conception harmonieuse pour les maisons modernes vise \u00e0 cr\u00e9er une synergie entre les espaces de vie ext\u00e9rieurs et int\u00e9rieurs, en r\u00e9alisant un flux ininterrompu qui va au-del\u00e0 de la simple continuit\u00e9 visuelle.\" \/>\n<meta property=\"og:url\" content=\"https:\/\/www.lafabbrica.it\/fr\/conception-harmonieuse-pour-les-maisons-modernes-allier-les-espaces-exterieurs-et-interieurs\/\" \/>\n<meta property=\"og:site_name\" content=\"La Fabbrica AVA\" \/>\n<meta property=\"article:published_time\" content=\"2024-04-10T13:29:02+00:00\" \/>\n<meta property=\"article:modified_time\" content=\"2024-05-10T09:10:49+00:00\" \/>\n<meta property=\"og:image\" content=\"https:\/\/www.lafabbrica.it\/wp-content\/uploads\/2024\/04\/main-outdoor-mobile.jpg\" \/>\n\t<meta property=\"og:image:width\" content=\"858\" \/>\n\t<meta property=\"og:image:height\" content=\"811\" \/>\n\t<meta property=\"og:image:type\" content=\"image\/jpeg\" \/>\n<meta name=\"author\" content=\"admin\" \/>\n<meta name=\"twitter:card\" content=\"summary_large_image\" \/>\n<meta name=\"twitter:label1\" content=\"\u00c9crit par\" \/>\n\t<meta name=\"twitter:data1\" content=\"admin\" \/>\n\t<meta name=\"twitter:label2\" content=\"Dur\u00e9e de lecture estim\u00e9e\" \/>\n\t<meta name=\"twitter:data2\" content=\"6 minutes\" \/>\n<script type=\"application\/ld+json\" class=\"yoast-schema-graph\">{\"@context\":\"https:\/\/schema.org\",\"@graph\":[{\"@type\":\"Article\",\"@id\":\"https:\/\/www.lafabbrica.it\/fr\/conception-harmonieuse-pour-les-maisons-modernes-allier-les-espaces-exterieurs-et-interieurs\/#article\",\"isPartOf\":{\"@id\":\"https:\/\/www.lafabbrica.it\/fr\/conception-harmonieuse-pour-les-maisons-modernes-allier-les-espaces-exterieurs-et-interieurs\/\"},\"author\":{\"name\":\"admin\",\"@id\":\"https:\/\/www.lafabbrica.it\/fr\/#\/schema\/person\/9854f3650eab7e4334e66d22de09296a\"},\"headline\":\"Conception harmonieuse pour les maisons modernes : Allier les espaces ext\u00e9rieurs et int\u00e9rieurs\",\"datePublished\":\"2024-04-10T13:29:02+00:00\",\"dateModified\":\"2024-05-10T09:10:49+00:00\",\"mainEntityOfPage\":{\"@id\":\"https:\/\/www.lafabbrica.it\/fr\/conception-harmonieuse-pour-les-maisons-modernes-allier-les-espaces-exterieurs-et-interieurs\/\"},\"wordCount\":1308,\"publisher\":{\"@id\":\"https:\/\/www.lafabbrica.it\/fr\/#organization\"},\"articleSection\":[\"Blog\"],\"inLanguage\":\"fr-FR\"},{\"@type\":\"WebPage\",\"@id\":\"https:\/\/www.lafabbrica.it\/fr\/conception-harmonieuse-pour-les-maisons-modernes-allier-les-espaces-exterieurs-et-interieurs\/\",\"url\":\"https:\/\/www.lafabbrica.it\/fr\/conception-harmonieuse-pour-les-maisons-modernes-allier-les-espaces-exterieurs-et-interieurs\/\",\"name\":\"Conception harmonieuse pour les maisons modernes : Allier les espaces ext\u00e9rieurs et int\u00e9rieurs - La Fabbrica AVA\",\"isPartOf\":{\"@id\":\"https:\/\/www.lafabbrica.it\/fr\/#website\"},\"datePublished\":\"2024-04-10T13:29:02+00:00\",\"dateModified\":\"2024-05-10T09:10:49+00:00\",\"description\":\"Le concept de conception harmonieuse pour les maisons modernes vise \u00e0 cr\u00e9er une synergie entre les espaces de vie ext\u00e9rieurs et int\u00e9rieurs, en r\u00e9alisant un flux ininterrompu qui va au-del\u00e0 de la simple continuit\u00e9 visuelle.\",\"breadcrumb\":{\"@id\":\"https:\/\/www.lafabbrica.it\/fr\/conception-harmonieuse-pour-les-maisons-modernes-allier-les-espaces-exterieurs-et-interieurs\/#breadcrumb\"},\"inLanguage\":\"fr-FR\",\"potentialAction\":[{\"@type\":\"ReadAction\",\"target\":[\"https:\/\/www.lafabbrica.it\/fr\/conception-harmonieuse-pour-les-maisons-modernes-allier-les-espaces-exterieurs-et-interieurs\/\"]}]},{\"@type\":\"BreadcrumbList\",\"@id\":\"https:\/\/www.lafabbrica.it\/fr\/conception-harmonieuse-pour-les-maisons-modernes-allier-les-espaces-exterieurs-et-interieurs\/#breadcrumb\",\"itemListElement\":[{\"@type\":\"ListItem\",\"position\":1,\"name\":\"Home\",\"item\":\"https:\/\/www.lafabbrica.it\/fr\/\"},{\"@type\":\"ListItem\",\"position\":2,\"name\":\"Conception harmonieuse pour les maisons modernes : Allier les espaces ext\u00e9rieurs et int\u00e9rieurs\"}]},{\"@type\":\"WebSite\",\"@id\":\"https:\/\/www.lafabbrica.it\/fr\/#website\",\"url\":\"https:\/\/www.lafabbrica.it\/fr\/\",\"name\":\"La Fabbrica AVA\",\"description\":\"\",\"publisher\":{\"@id\":\"https:\/\/www.lafabbrica.it\/fr\/#organization\"},\"potentialAction\":[{\"@type\":\"SearchAction\",\"target\":{\"@type\":\"EntryPoint\",\"urlTemplate\":\"https:\/\/www.lafabbrica.it\/fr\/?s={search_term_string}\"},\"query-input\":\"required name=search_term_string\"}],\"inLanguage\":\"fr-FR\"},{\"@type\":\"Organization\",\"@id\":\"https:\/\/www.lafabbrica.it\/fr\/#organization\",\"name\":\"La Fabbrica AVA\",\"url\":\"https:\/\/www.lafabbrica.it\/fr\/\",\"logo\":{\"@type\":\"ImageObject\",\"inLanguage\":\"fr-FR\",\"@id\":\"https:\/\/www.lafabbrica.it\/fr\/#\/schema\/logo\/image\/\",\"url\":\"https:\/\/www.lafabbrica.it\/wp-content\/uploads\/2023\/08\/Senza-titolo-1.png\",\"contentUrl\":\"https:\/\/www.lafabbrica.it\/wp-content\/uploads\/2023\/08\/Senza-titolo-1.png\",\"width\":567,\"height\":240,\"caption\":\"La Fabbrica AVA\"},\"image\":{\"@id\":\"https:\/\/www.lafabbrica.it\/fr\/#\/schema\/logo\/image\/\"}},{\"@type\":\"Person\",\"@id\":\"https:\/\/www.lafabbrica.it\/fr\/#\/schema\/person\/9854f3650eab7e4334e66d22de09296a\",\"name\":\"admin\",\"sameAs\":[\"http:\/\/www.lafabbrica.it\"],\"url\":\"https:\/\/www.lafabbrica.it\/fr\/author\/admin\/\"}]}<\/script>\n<!-- \/ Yoast SEO plugin. -->","yoast_head_json":{"title":"Conception harmonieuse pour les maisons modernes : Allier les espaces ext\u00e9rieurs et int\u00e9rieurs - La Fabbrica AVA","description":"Le concept de conception harmonieuse pour les maisons modernes vise \u00e0 cr\u00e9er une synergie entre les espaces de vie ext\u00e9rieurs et int\u00e9rieurs, en r\u00e9alisant un flux ininterrompu qui va au-del\u00e0 de la simple continuit\u00e9 visuelle.","robots":{"index":"index","follow":"follow","max-snippet":"max-snippet:-1","max-image-preview":"max-image-preview:large","max-video-preview":"max-video-preview:-1"},"canonical":"https:\/\/www.lafabbrica.it\/fr\/conception-harmonieuse-pour-les-maisons-modernes-allier-les-espaces-exterieurs-et-interieurs\/","og_locale":"fr_FR","og_type":"article","og_title":"Conception harmonieuse pour les maisons modernes : Allier les espaces ext\u00e9rieurs et int\u00e9rieurs - La Fabbrica AVA","og_description":"Le concept de conception harmonieuse pour les maisons modernes vise \u00e0 cr\u00e9er une synergie entre les espaces de vie ext\u00e9rieurs et int\u00e9rieurs, en r\u00e9alisant un flux ininterrompu qui va au-del\u00e0 de la simple continuit\u00e9 visuelle.","og_url":"https:\/\/www.lafabbrica.it\/fr\/conception-harmonieuse-pour-les-maisons-modernes-allier-les-espaces-exterieurs-et-interieurs\/","og_site_name":"La Fabbrica AVA","article_published_time":"2024-04-10T13:29:02+00:00","article_modified_time":"2024-05-10T09:10:49+00:00","og_image":[{"width":858,"height":811,"url":"https:\/\/www.lafabbrica.it\/wp-content\/uploads\/2024\/04\/main-outdoor-mobile.jpg","type":"image\/jpeg"}],"author":"admin","twitter_card":"summary_large_image","twitter_misc":{"\u00c9crit par":"admin","Dur\u00e9e de lecture estim\u00e9e":"6 minutes"},"schema":{"@context":"https:\/\/schema.org","@graph":[{"@type":"Article","@id":"https:\/\/www.lafabbrica.it\/fr\/conception-harmonieuse-pour-les-maisons-modernes-allier-les-espaces-exterieurs-et-interieurs\/#article","isPartOf":{"@id":"https:\/\/www.lafabbrica.it\/fr\/conception-harmonieuse-pour-les-maisons-modernes-allier-les-espaces-exterieurs-et-interieurs\/"},"author":{"name":"admin","@id":"https:\/\/www.lafabbrica.it\/fr\/#\/schema\/person\/9854f3650eab7e4334e66d22de09296a"},"headline":"Conception harmonieuse pour les maisons modernes : Allier les espaces ext\u00e9rieurs et int\u00e9rieurs","datePublished":"2024-04-10T13:29:02+00:00","dateModified":"2024-05-10T09:10:49+00:00","mainEntityOfPage":{"@id":"https:\/\/www.lafabbrica.it\/fr\/conception-harmonieuse-pour-les-maisons-modernes-allier-les-espaces-exterieurs-et-interieurs\/"},"wordCount":1308,"publisher":{"@id":"https:\/\/www.lafabbrica.it\/fr\/#organization"},"articleSection":["Blog"],"inLanguage":"fr-FR"},{"@type":"WebPage","@id":"https:\/\/www.lafabbrica.it\/fr\/conception-harmonieuse-pour-les-maisons-modernes-allier-les-espaces-exterieurs-et-interieurs\/","url":"https:\/\/www.lafabbrica.it\/fr\/conception-harmonieuse-pour-les-maisons-modernes-allier-les-espaces-exterieurs-et-interieurs\/","name":"Conception harmonieuse pour les maisons modernes : Allier les espaces ext\u00e9rieurs et int\u00e9rieurs - La Fabbrica AVA","isPartOf":{"@id":"https:\/\/www.lafabbrica.it\/fr\/#website"},"datePublished":"2024-04-10T13:29:02+00:00","dateModified":"2024-05-10T09:10:49+00:00","description":"Le concept de conception harmonieuse pour les maisons modernes vise \u00e0 cr\u00e9er une synergie entre les espaces de vie ext\u00e9rieurs et int\u00e9rieurs, en r\u00e9alisant un flux ininterrompu qui va au-del\u00e0 de la simple continuit\u00e9 visuelle.","breadcrumb":{"@id":"https:\/\/www.lafabbrica.it\/fr\/conception-harmonieuse-pour-les-maisons-modernes-allier-les-espaces-exterieurs-et-interieurs\/#breadcrumb"},"inLanguage":"fr-FR","potentialAction":[{"@type":"ReadAction","target":["https:\/\/www.lafabbrica.it\/fr\/conception-harmonieuse-pour-les-maisons-modernes-allier-les-espaces-exterieurs-et-interieurs\/"]}]},{"@type":"BreadcrumbList","@id":"https:\/\/www.lafabbrica.it\/fr\/conception-harmonieuse-pour-les-maisons-modernes-allier-les-espaces-exterieurs-et-interieurs\/#breadcrumb","itemListElement":[{"@type":"ListItem","position":1,"name":"Home","item":"https:\/\/www.lafabbrica.it\/fr\/"},{"@type":"ListItem","position":2,"name":"Conception harmonieuse pour les maisons modernes : Allier les espaces ext\u00e9rieurs et int\u00e9rieurs"}]},{"@type":"WebSite","@id":"https:\/\/www.lafabbrica.it\/fr\/#website","url":"https:\/\/www.lafabbrica.it\/fr\/","name":"La Fabbrica AVA","description":"","publisher":{"@id":"https:\/\/www.lafabbrica.it\/fr\/#organization"},"potentialAction":[{"@type":"SearchAction","target":{"@type":"EntryPoint","urlTemplate":"https:\/\/www.lafabbrica.it\/fr\/?s={search_term_string}"},"query-input":"required name=search_term_string"}],"inLanguage":"fr-FR"},{"@type":"Organization","@id":"https:\/\/www.lafabbrica.it\/fr\/#organization","name":"La Fabbrica AVA","url":"https:\/\/www.lafabbrica.it\/fr\/","logo":{"@type":"ImageObject","inLanguage":"fr-FR","@id":"https:\/\/www.lafabbrica.it\/fr\/#\/schema\/logo\/image\/","url":"https:\/\/www.lafabbrica.it\/wp-content\/uploads\/2023\/08\/Senza-titolo-1.png","contentUrl":"https:\/\/www.lafabbrica.it\/wp-content\/uploads\/2023\/08\/Senza-titolo-1.png","width":567,"height":240,"caption":"La Fabbrica AVA"},"image":{"@id":"https:\/\/www.lafabbrica.it\/fr\/#\/schema\/logo\/image\/"}},{"@type":"Person","@id":"https:\/\/www.lafabbrica.it\/fr\/#\/schema\/person\/9854f3650eab7e4334e66d22de09296a","name":"admin","sameAs":["http:\/\/www.lafabbrica.it"],"url":"https:\/\/www.lafabbrica.it\/fr\/author\/admin\/"}]}},"_links":{"self":[{"href":"https:\/\/www.lafabbrica.it\/fr\/wp-json\/wp\/v2\/posts\/18315","targetHints":{"allow":["GET"]}}],"collection":[{"href":"https:\/\/www.lafabbrica.it\/fr\/wp-json\/wp\/v2\/posts"}],"about":[{"href":"https:\/\/www.lafabbrica.it\/fr\/wp-json\/wp\/v2\/types\/post"}],"author":[{"embeddable":true,"href":"https:\/\/www.lafabbrica.it\/fr\/wp-json\/wp\/v2\/users\/1"}],"replies":[{"embeddable":true,"href":"https:\/\/www.lafabbrica.it\/fr\/wp-json\/wp\/v2\/comments?post=18315"}],"version-history":[{"count":0,"href":"https:\/\/www.lafabbrica.it\/fr\/wp-json\/wp\/v2\/posts\/18315\/revisions"}],"wp:featuredmedia":[{"embeddable":true,"href":"https:\/\/www.lafabbrica.it\/fr\/wp-json\/wp\/v2\/media\/17795"}],"wp:attachment":[{"href":"https:\/\/www.lafabbrica.it\/fr\/wp-json\/wp\/v2\/media?parent=18315"}],"wp:term":[{"taxonomy":"category","embeddable":true,"href":"https:\/\/www.lafabbrica.it\/fr\/wp-json\/wp\/v2\/categories?post=18315"},{"taxonomy":"post_tag","embeddable":true,"href":"https:\/\/www.lafabbrica.it\/fr\/wp-json\/wp\/v2\/tags?post=18315"}],"curies":[{"name":"wp","href":"https:\/\/api.w.org\/{rel}","templated":true}]}}