{"id":18307,"date":"2024-05-01T08:15:18","date_gmt":"2024-05-01T08:15:18","guid":{"rendered":"https:\/\/www.lafabbrica.it\/meubles-classiques-ou-modernes-trouvez-le-style-de-votre-salon\/"},"modified":"2024-05-14T10:17:05","modified_gmt":"2024-05-14T10:17:05","slug":"meubles-classiques-ou-modernes-trouvez-le-style-de-votre-salon","status":"publish","type":"post","link":"https:\/\/www.lafabbrica.it\/fr\/meubles-classiques-ou-modernes-trouvez-le-style-de-votre-salon\/","title":{"rendered":"Meubles Classiques ou Modernes ? Trouvez le style de votre salon"},"content":{"rendered":"\t\t<div data-elementor-type=\"wp-post\" data-elementor-id=\"18307\" class=\"elementor elementor-18307 elementor-18198\" data-elementor-post-type=\"post\">\n\t\t\t\t<div data-dce-background-color=\"#FFFFFF\" class=\"elementor-element elementor-element-41f545f e-con-full e-flex e-con e-parent\" data-id=\"41f545f\" data-element_type=\"container\" data-settings=\"{&quot;content_width&quot;:&quot;full&quot;,&quot;background_background&quot;:&quot;classic&quot;}\" data-core-v316-plus=\"true\">\n\t\t\t\t<div class=\"elementor-element elementor-element-11f0209 elementor-widget elementor-widget-heading\" data-id=\"11f0209\" data-element_type=\"widget\" data-widget_type=\"heading.default\">\n\t\t\t\t<div class=\"elementor-widget-container\">\n\t\t\t<h1 class=\"elementor-heading-title elementor-size-default\">Meubles Classiques ou Modernes ?<br>Trouvez le style de votre salon<\/h1>\t\t<\/div>\n\t\t\t\t<\/div>\n\t\t\t\t<div class=\"elementor-element elementor-element-6e1eeda elementor-widget elementor-widget-text-editor\" data-id=\"6e1eeda\" data-element_type=\"widget\" data-widget_type=\"text-editor.default\">\n\t\t\t\t<div class=\"elementor-widget-container\">\n\t\t\t\t\t\t\t<p><strong>Lorsqu&#8217;il s&#8217;agit d&#8217;am\u00e9nager un salon classique &#8211; mais contemporain\u00a0&#8211; ,\u00a0beaucoup de gens se trouvent \u00e0 la crois\u00e9e des chemins : choisir la tradition\u00a0ou\u00a0embrasser la modernit\u00e9 ?<\/strong> Le salon est le c\u0153ur de la maison, l&#8217;endroit o\u00f9 l&#8217;on se d\u00e9tend et accueille les invit\u00e9s, il est\u00a0donc\u00a0essentiel de choisir un mobilier qui refl\u00e8te son style personnel et r\u00e9ponde \u00e0 ses\u00a0besoins.<\/p>\n<p>Dans cet\u00a0article, nous explorerons les caract\u00e9ristiques des <strong>meubles\u00a0classiques et modernes<\/strong>, afin de vous\u00a0fournir des inspirations sur la fa\u00e7on de combiner\u00a0ces\u00a0deux styles, en vous\u00a0offrant\u00a0\u00e9galement des conseils et des r\u00e9flexions pour vous\u00a0aider \u00e0 comprendre\u00a0lequel est le plus adapt\u00e9 \u00e0 votre\u00a0espace de vie.<\/p>\n\t\t\t\t\t\t<\/div>\n\t\t\t\t<\/div>\n\t\t\t\t<div class=\"elementor-element elementor-element-63ac007 elementor-widget elementor-widget-heading\" data-id=\"63ac007\" data-element_type=\"widget\" data-widget_type=\"heading.default\">\n\t\t\t\t<div class=\"elementor-widget-container\">\n\t\t\t<h2 class=\"elementor-heading-title elementor-size-default\">Classique ou Moderne ? <br>Comment meubler un salon design<\/h2>\t\t<\/div>\n\t\t\t\t<\/div>\n\t\t\t\t<div class=\"elementor-element elementor-element-2bb7905 elementor-widget elementor-widget-text-editor\" data-id=\"2bb7905\" data-element_type=\"widget\" data-widget_type=\"text-editor.default\">\n\t\t\t\t<div class=\"elementor-widget-container\">\n\t\t\t\t\t\t\t<p><strong>Le choix\u00a0entre un mobilier classique et moderne doit\u00a0\u00eatre\u00a0consid\u00e9r\u00e9 \u00e0 travers de multiples\u00a0facteurs<\/strong>, dont, bien s\u00fbr, le go\u00fbt personnel et la fonctionnalit\u00e9 souhait\u00e9e. Les meubles classiques et modernes peuvent en effet coexister harmonieusement, ou dominer individuellement, et cela d\u00e9pend de l&#8217;atmosph\u00e8re souhait\u00e9e.<\/p>\n<p><strong>Toute approche de l&#8217;am\u00e9nagement int\u00e9rieur parle diff\u00e9remment \u00e0 chaque individu<\/strong> : tandis qu&#8217;un mobilier classique peut transmettre des sensations de solidit\u00e9 et de permanence, un design moderne peut \u00eatre choisi pour le d\u00e9sir de s&#8217;adapter aux tendances et aux technologies contemporaines.<\/p>\n\t\t\t\t\t\t<\/div>\n\t\t\t\t<\/div>\n\t\t\t\t<div class=\"elementor-element elementor-element-190954a elementor-widget elementor-widget-image\" data-id=\"190954a\" data-element_type=\"widget\" data-widget_type=\"image.default\">\n\t\t\t\t<div class=\"elementor-widget-container\">\n\t\t\t\t\t\t\t\t\t\t\t\t\t<img fetchpriority=\"high\" decoding=\"async\" width=\"1800\" height=\"870\" src=\"https:\/\/www.lafabbrica.it\/wp-content\/uploads\/2024\/05\/full1.jpg\" class=\"attachment-full size-full wp-image-18200\" alt=\"\" srcset=\"https:\/\/www.lafabbrica.it\/wp-content\/uploads\/2024\/05\/full1.jpg 1800w, https:\/\/www.lafabbrica.it\/wp-content\/uploads\/2024\/05\/full1-300x145.jpg 300w, https:\/\/www.lafabbrica.it\/wp-content\/uploads\/2024\/05\/full1-1024x495.jpg 1024w, https:\/\/www.lafabbrica.it\/wp-content\/uploads\/2024\/05\/full1-768x371.jpg 768w, https:\/\/www.lafabbrica.it\/wp-content\/uploads\/2024\/05\/full1-1536x742.jpg 1536w\" sizes=\"(max-width: 1800px) 100vw, 1800px\" \/>\t\t\t\t\t\t\t\t\t\t\t\t\t<\/div>\n\t\t\t\t<\/div>\n\t\t\t\t<div class=\"elementor-element elementor-element-8a8d82f elementor-widget elementor-widget-heading\" data-id=\"8a8d82f\" data-element_type=\"widget\" data-widget_type=\"heading.default\">\n\t\t\t\t<div class=\"elementor-widget-container\">\n\t\t\t<h3 class=\"elementor-heading-title elementor-size-default\">Caract\u00e9ristiques principales du mobilier classique<\/h3>\t\t<\/div>\n\t\t\t\t<\/div>\n\t\t\t\t<div class=\"elementor-element elementor-element-1e65886 elementor-widget elementor-widget-text-editor\" data-id=\"1e65886\" data-element_type=\"widget\" data-widget_type=\"text-editor.default\">\n\t\t\t\t<div class=\"elementor-widget-container\">\n\t\t\t\t\t\t\t<p><strong>Am\u00e9nager sa maison dans un style classique\u00a0signifie\u00a0privil\u00e9gier des meubles\u00a0\u00e9l\u00e9gants, aux lignes\u00a0orn\u00e9es et aux mat\u00e9riaux\u00a0pr\u00e9cieux comme le bois\u00a0massif.<\/strong> Les \u00e9l\u00e9ments d&#8217;ameublement classiques correspondent souvent \u00e0 des d\u00e9corations complexes, \u00e0 des tissus luxueux &#8211; en particulier la soie et le velours &#8211; et \u00e0 une empreinte visuelle orient\u00e9e vers l&#8217;\u00e9vocation de l&#8217;histoire et de la tradition.<\/p>\n<p><strong>Un exemple\u00a0embl\u00e9matique de ce style se trouve dans les miroirs vintage aux cadres\u00a0dor\u00e9s\u00a0\u00e9labor\u00e9s.<\/strong> Ces\u00a0miroirs, en plus de servir de pi\u00e8ces\u00a0fonctionnelles, sont\u00a0\u00e9galement des d\u00e9clarations d&#8217;art capables d&#8217;ajouter de l&#8217;\u00e9l\u00e9gance et un charme historique \u00e0 n&#8217;importe quel salon.<\/p>\n\t\t\t\t\t\t<\/div>\n\t\t\t\t<\/div>\n\t\t\t\t<div class=\"elementor-element elementor-element-6cf083c elementor-widget elementor-widget-image\" data-id=\"6cf083c\" data-element_type=\"widget\" data-widget_type=\"image.default\">\n\t\t\t\t<div class=\"elementor-widget-container\">\n\t\t\t\t\t\t\t\t\t\t\t\t\t<img decoding=\"async\" width=\"1800\" height=\"870\" src=\"https:\/\/www.lafabbrica.it\/wp-content\/uploads\/2024\/05\/full.jpg\" class=\"attachment-full size-full wp-image-18204\" alt=\"\" srcset=\"https:\/\/www.lafabbrica.it\/wp-content\/uploads\/2024\/05\/full.jpg 1800w, https:\/\/www.lafabbrica.it\/wp-content\/uploads\/2024\/05\/full-300x145.jpg 300w, https:\/\/www.lafabbrica.it\/wp-content\/uploads\/2024\/05\/full-1024x495.jpg 1024w, https:\/\/www.lafabbrica.it\/wp-content\/uploads\/2024\/05\/full-768x371.jpg 768w, https:\/\/www.lafabbrica.it\/wp-content\/uploads\/2024\/05\/full-1536x742.jpg 1536w\" sizes=\"(max-width: 1800px) 100vw, 1800px\" \/>\t\t\t\t\t\t\t\t\t\t\t\t\t<\/div>\n\t\t\t\t<\/div>\n\t\t\t\t<div class=\"elementor-element elementor-element-3989dd9 elementor-widget elementor-widget-heading\" data-id=\"3989dd9\" data-element_type=\"widget\" data-widget_type=\"heading.default\">\n\t\t\t\t<div class=\"elementor-widget-container\">\n\t\t\t<h3 class=\"elementor-heading-title elementor-size-default\">Caract\u00e9ristiques distinctives d'un salon moderne<\/h3>\t\t<\/div>\n\t\t\t\t<\/div>\n\t\t\t\t<div class=\"elementor-element elementor-element-a871e02 elementor-widget elementor-widget-text-editor\" data-id=\"a871e02\" data-element_type=\"widget\" data-widget_type=\"text-editor.default\">\n\t\t\t\t<div class=\"elementor-widget-container\">\n\t\t\t\t\t\t\t<p><strong>Am\u00e9nager sa maison dans un style moderne signifie privil\u00e9gier les lignes \u00e9pur\u00e9es, les formes simples et les palettes de couleurs neutres enrichies de nuances vives.<\/strong> Les meubles modernes pr\u00e9sentent donc des designs minimalistes, avec moins de d\u00e9tails et plus d&#8217;espace pour le mouvement. Des mat\u00e9riaux comme le m\u00e9tal, le verre et le plastique sont courants dans les meubles modernes, et les espaces sont souvent fonctionnels et modulaires.<\/p>\n<p><strong>Un \u00e9l\u00e9ment d&#8217;ameublement\u00a0typique de ce style pourrait\u00a0\u00eatre un canap\u00e9\u00a0sectionnel en tissu neutre, aux lignes\u00a0droites\u00a0et \u00e0 la forme \u00e9l\u00e9gante et compacte.<\/strong> Ce type d&#8217;\u00e9l\u00e9ment d&#8217;ameublement optimise l&#8217;espace tout en ajoutant une touche de modernit\u00e9, parfait pour ceux qui d\u00e9sirent un environnement accueillant et avant-gardiste.<\/p>\n\t\t\t\t\t\t<\/div>\n\t\t\t\t<\/div>\n\t\t\t\t<\/div>\n\t\t<div data-dce-background-color=\"#F7F7F8\" class=\"elementor-element elementor-element-67babd6 e-con-full e-flex e-con e-parent\" data-id=\"67babd6\" data-element_type=\"container\" data-settings=\"{&quot;content_width&quot;:&quot;full&quot;,&quot;background_background&quot;:&quot;classic&quot;}\" data-core-v316-plus=\"true\">\n\t\t\t\t<div class=\"elementor-element elementor-element-5634998 elementor-widget elementor-widget-heading\" data-id=\"5634998\" data-element_type=\"widget\" data-widget_type=\"heading.default\">\n\t\t\t\t<div class=\"elementor-widget-container\">\n\t\t\t<h2 class=\"elementor-heading-title elementor-size-default\">Classique et Moderne Ensemble : Est-ce possible ?<\/h2>\t\t<\/div>\n\t\t\t\t<\/div>\n\t\t\t\t<div class=\"elementor-element elementor-element-72c2193 elementor-widget elementor-widget-text-editor\" data-id=\"72c2193\" data-element_type=\"widget\" data-widget_type=\"text-editor.default\">\n\t\t\t\t<div class=\"elementor-widget-container\">\n\t\t\t\t\t\t\t<p><strong>Combiner des meubles classiques et modernes, en plus d&#8217;\u00eatre possible, peut \u00e9galement s&#8217;av\u00e9rer extr\u00eamement \u00e9l\u00e9gant.<\/strong> L&#8217;un des premiers choix \u00e0 consid\u00e9rer dans ce processus de fusion est certainement\u00a0celui des <a href=\"https:\/\/www.lafabbrica.it\/fr\/toutes-les-collections\/salon\/\">carreaux de salon<\/a>, qui repr\u00e9sentent l&#8217;\u00e9l\u00e9ment de base sur lequel\u00a0construire le reste de l&#8217;ameublement. En effet, les carreaux, avec leurs\u00a0diff\u00e9rents formats et finitions, d\u00e9finissent le ton de l&#8217;environnement, offrant un fond qui peut\u00a0harmoniser des meubles d&#8217;\u00e9poques et de styles diff\u00e9rents.<\/p>\n<p><strong>Le sol et les murs sont les premiers \u00e9l\u00e9ments qui attirent l&#8217;attention lorsque l&#8217;on entre dans un environnement.<\/strong> Choisir des carreaux qui s&#8217;adaptent \u00e0 la fois au style classique et moderne peut faciliter la transition entre les diff\u00e9rents meubles, en contribuant \u00e0 cr\u00e9er un flux naturel et coh\u00e9rent. <strong>LA FABBRICA AVA<\/strong> propose, \u00e0 titre d&#8217;exemples, trois s\u00e9ries diff\u00e9rentes parfaites pour combiner des styles classiques et modernes.<\/p>\n\t\t\t\t\t\t<\/div>\n\t\t\t\t<\/div>\n\t\t<div class=\"elementor-element elementor-element-c91c342 e-flex e-con-boxed e-con e-child\" data-id=\"c91c342\" data-element_type=\"container\" data-settings=\"{&quot;content_width&quot;:&quot;boxed&quot;}\">\n\t\t\t\t\t<div class=\"e-con-inner\">\n\t\t<div class=\"elementor-element elementor-element-bca15ab e-con-full e-flex e-con e-child\" data-id=\"bca15ab\" data-element_type=\"container\" data-settings=\"{&quot;content_width&quot;:&quot;full&quot;}\">\n\t\t\t\t<div class=\"elementor-element elementor-element-4efae69 elementor-widget elementor-widget-image\" data-id=\"4efae69\" data-element_type=\"widget\" data-widget_type=\"image.default\">\n\t\t\t\t<div class=\"elementor-widget-container\">\n\t\t\t\t\t\t\t\t\t\t\t\t\t\t<a href=\"https:\/\/www.lafabbrica.it\/fr\/collections\/le-malte\/\">\n\t\t\t\t\t\t\t<img decoding=\"async\" width=\"819\" height=\"1024\" src=\"https:\/\/www.lafabbrica.it\/wp-content\/uploads\/2024\/05\/malte.jpg\" class=\"attachment-large size-large wp-image-18220\" alt=\"\" srcset=\"https:\/\/www.lafabbrica.it\/wp-content\/uploads\/2024\/05\/malte.jpg 819w, https:\/\/www.lafabbrica.it\/wp-content\/uploads\/2024\/05\/malte-240x300.jpg 240w, https:\/\/www.lafabbrica.it\/wp-content\/uploads\/2024\/05\/malte-768x960.jpg 768w\" sizes=\"(max-width: 819px) 100vw, 819px\" \/>\t\t\t\t\t\t\t\t<\/a>\n\t\t\t\t\t\t\t\t\t\t\t\t\t<\/div>\n\t\t\t\t<\/div>\n\t\t\t\t<\/div>\n\t\t<div class=\"elementor-element elementor-element-03c568e e-con-full e-flex e-con e-child\" data-id=\"03c568e\" data-element_type=\"container\" data-settings=\"{&quot;content_width&quot;:&quot;full&quot;}\">\n\t\t\t\t<div class=\"elementor-element elementor-element-6d7f25c elementor-widget elementor-widget-heading\" data-id=\"6d7f25c\" data-element_type=\"widget\" data-widget_type=\"heading.default\">\n\t\t\t\t<div class=\"elementor-widget-container\">\n\t\t\t<h4 class=\"elementor-heading-title elementor-size-default\">Le Malte<\/h4>\t\t<\/div>\n\t\t\t\t<\/div>\n\t\t\t\t<div class=\"elementor-element elementor-element-3a760e0 elementor-widget elementor-widget-text-editor\" data-id=\"3a760e0\" data-element_type=\"widget\" data-widget_type=\"text-editor.default\">\n\t\t\t\t<div class=\"elementor-widget-container\">\n\t\t\t\t\t\t\t<p>Innovante et tendance dans le monde de l&#8217;am\u00e9nagement int\u00e9rieur, cette s\u00e9rie interpr\u00e8te la r\u00e9sine dans ses aspects esth\u00e9tiques les plus authentiques. Avec des jeux de lumi\u00e8re qui dessinent une structure douce \u00e0 effet spatul\u00e9 et dans des couleurs pleines, ces carreaux grand format, comme les dalles de gr\u00e8s c\u00e9rame 120&#215;120 cm, sont parfaits pour cr\u00e9er cette continuit\u00e9 visuelle et cette amplitude d&#8217;espace typiques des designs modernes. Mais en m\u00eame temps, avec son esth\u00e9tique minimaliste et polyvalente, elle sait cr\u00e9er une atmosph\u00e8re d&#8217;\u00e9quilibre raffin\u00e9 entre les deux mondes esth\u00e9tiques distincts, une harmonie parfaite entre minimalisme et opulence, repr\u00e9sentant le compl\u00e9ment parfait pour chaque style.<\/p>\n\t\t\t\t\t\t<\/div>\n\t\t\t\t<\/div>\n\t\t\t\t<\/div>\n\t\t\t\t\t<\/div>\n\t\t\t\t<\/div>\n\t\t<div class=\"elementor-element elementor-element-bc91477 e-flex e-con-boxed e-con e-child\" data-id=\"bc91477\" data-element_type=\"container\" data-settings=\"{&quot;content_width&quot;:&quot;boxed&quot;}\">\n\t\t\t\t\t<div class=\"e-con-inner\">\n\t\t<div class=\"elementor-element elementor-element-0c47e79 e-con-full e-flex e-con e-child\" data-id=\"0c47e79\" data-element_type=\"container\" data-settings=\"{&quot;content_width&quot;:&quot;full&quot;}\">\n\t\t\t\t<div class=\"elementor-element elementor-element-7d2ea1a elementor-widget elementor-widget-heading\" data-id=\"7d2ea1a\" data-element_type=\"widget\" data-widget_type=\"heading.default\">\n\t\t\t\t<div class=\"elementor-widget-container\">\n\t\t\t<h4 class=\"elementor-heading-title elementor-size-default\">Noble Stone<\/h4>\t\t<\/div>\n\t\t\t\t<\/div>\n\t\t\t\t<div class=\"elementor-element elementor-element-9c0f9bd elementor-widget elementor-widget-text-editor\" data-id=\"9c0f9bd\" data-element_type=\"widget\" data-widget_type=\"text-editor.default\">\n\t\t\t\t<div class=\"elementor-widget-container\">\n\t\t\t\t\t\t\t<p>Cette s\u00e9rie pr\u00e9sente des physionomies\u00a0min\u00e9rales aux veinures\u00a0subtiles et aux l\u00e9gers\u00a0contrastes de couleur, une interpr\u00e9tation\u00a0parfaite des formations\u00a0calcaires\u00a0fa\u00e7onn\u00e9es par la nature dans des paysages\u00a0vierges. Le gr\u00e8s c\u00e9rame effet pierre Noble Stone, gr\u00e2ce \u00e0 son esth\u00e9tique\u00a0essentielle et mat\u00e9rielle, sait\u00a0combiner l&#8217;\u00e9l\u00e9gance du classique avec la modernit\u00e9 des mat\u00e9riaux et des finitions. Id\u00e9al pour les espaces qui d\u00e9sirent une impression de luxe intemporel, avec une touche de modernit\u00e9 gr\u00e2ce aux jeux de clair-obscur\u00a0particuliers du 3D Stripes, une d\u00e9coration\u00a0tridimensionnelle\u00a0sillonn\u00e9e de g\u00e9om\u00e9tries\u00a0ondul\u00e9es, et aux pr\u00e9cieux\u00a0reflets\u00a0sculpt\u00e9s sur la surface\u00a0satin\u00e9e du 3D Satin, qui ajoute un niveau\u00a0suppl\u00e9mentaire de raffinement.<\/p>\n\t\t\t\t\t\t<\/div>\n\t\t\t\t<\/div>\n\t\t\t\t<\/div>\n\t\t<div class=\"elementor-element elementor-element-6316c2b e-con-full e-flex e-con e-child\" data-id=\"6316c2b\" data-element_type=\"container\" data-settings=\"{&quot;content_width&quot;:&quot;full&quot;}\">\n\t\t\t\t<div class=\"elementor-element elementor-element-a3d6a8f elementor-widget elementor-widget-image\" data-id=\"a3d6a8f\" data-element_type=\"widget\" data-widget_type=\"image.default\">\n\t\t\t\t<div class=\"elementor-widget-container\">\n\t\t\t\t\t\t\t\t\t\t\t\t\t\t<a href=\"https:\/\/www.lafabbrica.it\/fr\/collections\/noble-stone\/\">\n\t\t\t\t\t\t\t<img loading=\"lazy\" decoding=\"async\" width=\"819\" height=\"1024\" src=\"https:\/\/www.lafabbrica.it\/wp-content\/uploads\/2024\/05\/noble.jpg\" class=\"attachment-large size-large wp-image-18216\" alt=\"\" srcset=\"https:\/\/www.lafabbrica.it\/wp-content\/uploads\/2024\/05\/noble.jpg 819w, https:\/\/www.lafabbrica.it\/wp-content\/uploads\/2024\/05\/noble-240x300.jpg 240w, https:\/\/www.lafabbrica.it\/wp-content\/uploads\/2024\/05\/noble-768x960.jpg 768w\" sizes=\"(max-width: 819px) 100vw, 819px\" \/>\t\t\t\t\t\t\t\t<\/a>\n\t\t\t\t\t\t\t\t\t\t\t\t\t<\/div>\n\t\t\t\t<\/div>\n\t\t\t\t<\/div>\n\t\t\t\t\t<\/div>\n\t\t\t\t<\/div>\n\t\t<div class=\"elementor-element elementor-element-3892d69 e-flex e-con-boxed e-con e-child\" data-id=\"3892d69\" data-element_type=\"container\" data-settings=\"{&quot;content_width&quot;:&quot;boxed&quot;}\">\n\t\t\t\t\t<div class=\"e-con-inner\">\n\t\t<div class=\"elementor-element elementor-element-852a062 e-con-full e-flex e-con e-child\" data-id=\"852a062\" data-element_type=\"container\" data-settings=\"{&quot;content_width&quot;:&quot;full&quot;}\">\n\t\t\t\t<div class=\"elementor-element elementor-element-4adc6de elementor-widget elementor-widget-image\" data-id=\"4adc6de\" data-element_type=\"widget\" data-widget_type=\"image.default\">\n\t\t\t\t<div class=\"elementor-widget-container\">\n\t\t\t\t\t\t\t\t\t\t\t\t\t\t<a href=\"https:\/\/www.lafabbrica.it\/fr\/collections\/honey-wood\/\">\n\t\t\t\t\t\t\t<img loading=\"lazy\" decoding=\"async\" width=\"819\" height=\"1024\" src=\"https:\/\/www.lafabbrica.it\/wp-content\/uploads\/2024\/05\/honey.jpg\" class=\"attachment-large size-large wp-image-18212\" alt=\"\" srcset=\"https:\/\/www.lafabbrica.it\/wp-content\/uploads\/2024\/05\/honey.jpg 819w, https:\/\/www.lafabbrica.it\/wp-content\/uploads\/2024\/05\/honey-240x300.jpg 240w, https:\/\/www.lafabbrica.it\/wp-content\/uploads\/2024\/05\/honey-768x960.jpg 768w\" sizes=\"(max-width: 819px) 100vw, 819px\" \/>\t\t\t\t\t\t\t\t<\/a>\n\t\t\t\t\t\t\t\t\t\t\t\t\t<\/div>\n\t\t\t\t<\/div>\n\t\t\t\t<\/div>\n\t\t<div class=\"elementor-element elementor-element-282033c e-con-full e-flex e-con e-child\" data-id=\"282033c\" data-element_type=\"container\" data-settings=\"{&quot;content_width&quot;:&quot;full&quot;}\">\n\t\t\t\t<div class=\"elementor-element elementor-element-7827a03 elementor-widget elementor-widget-heading\" data-id=\"7827a03\" data-element_type=\"widget\" data-widget_type=\"heading.default\">\n\t\t\t\t<div class=\"elementor-widget-container\">\n\t\t\t<h4 class=\"elementor-heading-title elementor-size-default\">Honey Wood<\/h4>\t\t<\/div>\n\t\t\t\t<\/div>\n\t\t\t\t<div class=\"elementor-element elementor-element-1f72469 elementor-widget elementor-widget-text-editor\" data-id=\"1f72469\" data-element_type=\"widget\" data-widget_type=\"text-editor.default\">\n\t\t\t\t<div class=\"elementor-widget-container\">\n\t\t\t\t\t\t\t<p>Choix\u00a0id\u00e9al pour ceux qui appr\u00e9cient la chaleur du bois mais recherchent les performances du gr\u00e8s c\u00e9rame. Cinq\u00a0essences de bois\u00a0diff\u00e9rentes, chacune se distinguant par son propre design et sa texture, une combinaison de r\u00e9alisme et de praticit\u00e9. Disponible dans divers formats, cette s\u00e9rie apporte\u00a0l&#8217;essence du bois dans un contexte moderne, permettant de combiner des meubles\u00a0classiques et contemporains.<\/p>\n\t\t\t\t\t\t<\/div>\n\t\t\t\t<\/div>\n\t\t\t\t<\/div>\n\t\t\t\t\t<\/div>\n\t\t\t\t<\/div>\n\t\t\t\t<\/div>\n\t\t<div class=\"elementor-element elementor-element-6b46401 e-con-full e-flex e-con e-parent\" data-id=\"6b46401\" data-element_type=\"container\" data-settings=\"{&quot;content_width&quot;:&quot;full&quot;}\" data-core-v316-plus=\"true\">\n\t\t\t\t<div class=\"elementor-element elementor-element-34d1b40 elementor-widget elementor-widget-heading\" data-id=\"34d1b40\" data-element_type=\"widget\" data-widget_type=\"heading.default\">\n\t\t\t\t<div class=\"elementor-widget-container\">\n\t\t\t<h3 class=\"elementor-heading-title elementor-size-default\">Comment choisir le style le plus adapt\u00e9 \u00e0 votre salon<\/h3>\t\t<\/div>\n\t\t\t\t<\/div>\n\t\t\t\t<div class=\"elementor-element elementor-element-920beb9 elementor-widget elementor-widget-text-editor\" data-id=\"920beb9\" data-element_type=\"widget\" data-widget_type=\"text-editor.default\">\n\t\t\t\t<div class=\"elementor-widget-container\">\n\t\t\t\t\t\t\t<p><strong>La d\u00e9cision finale quant \u00e0 l&#8217;ameublement de votre salon d\u00e9pend de vos\u00a0pr\u00e9f\u00e9rences\u00a0personnelles et des besoins\u00a0sp\u00e9cifiques de l&#8217;espace.<\/strong> Consid\u00e9rez le type d&#8217;atmosph\u00e8re que vous souhaitez cr\u00e9er : relaxante, formelle, accueillante ou dynamique. \u00c9valuez \u00e9galement l&#8217;influence des diff\u00e9rents styles d&#8217;ameublement sur la perception de l&#8217;espace. Un <strong>salon moderne<\/strong> peut para\u00eetre plus ouvert et lumineux, tandis qu&#8217;un <strong>salon classique<\/strong> est id\u00e9al pour transmettre chaleur et histoire.<\/p>\n<p>En r\u00e9sum\u00e9, l&#8217;essentiel est que le r\u00e9sultat final refl\u00e8te votre personnalit\u00e9 et vous permette de vous sentir parfaitement \u00e0 l&#8217;aise chez vous. Avec une touche de cr\u00e9ativit\u00e9 et de planification, vous pouvez donner vie au salon dont vous avez toujours r\u00eav\u00e9 : esth\u00e9tique, fonctionnel et accueillant.<\/p>\n\t\t\t\t\t\t<\/div>\n\t\t\t\t<\/div>\n\t\t\t\t<div class=\"elementor-element elementor-element-c46718c elementor-widget elementor-widget-image\" data-id=\"c46718c\" data-element_type=\"widget\" data-widget_type=\"image.default\">\n\t\t\t\t<div class=\"elementor-widget-container\">\n\t\t\t\t\t\t\t\t\t\t\t\t\t<img loading=\"lazy\" decoding=\"async\" width=\"1800\" height=\"870\" src=\"https:\/\/www.lafabbrica.it\/wp-content\/uploads\/2024\/05\/full2.jpg\" class=\"attachment-full size-full wp-image-18234\" alt=\"\" srcset=\"https:\/\/www.lafabbrica.it\/wp-content\/uploads\/2024\/05\/full2.jpg 1800w, https:\/\/www.lafabbrica.it\/wp-content\/uploads\/2024\/05\/full2-300x145.jpg 300w, https:\/\/www.lafabbrica.it\/wp-content\/uploads\/2024\/05\/full2-1024x495.jpg 1024w, https:\/\/www.lafabbrica.it\/wp-content\/uploads\/2024\/05\/full2-768x371.jpg 768w, https:\/\/www.lafabbrica.it\/wp-content\/uploads\/2024\/05\/full2-1536x742.jpg 1536w\" sizes=\"(max-width: 1800px) 100vw, 1800px\" \/>\t\t\t\t\t\t\t\t\t\t\t\t\t<\/div>\n\t\t\t\t<\/div>\n\t\t\t\t<\/div>\n\t\t<div class=\"elementor-element elementor-element-33a64a9 e-con-full e-flex e-con e-parent\" data-id=\"33a64a9\" data-element_type=\"container\" data-settings=\"{&quot;content_width&quot;:&quot;full&quot;}\" data-core-v316-plus=\"true\">\n\t\t\t\t<div class=\"elementor-element elementor-element-b1dbab8 elementor-align-center elementor-widget elementor-widget-button\" data-id=\"b1dbab8\" data-element_type=\"widget\" data-widget_type=\"button.default\">\n\t\t\t\t<div class=\"elementor-widget-container\">\n\t\t\t\t\t<div class=\"elementor-button-wrapper\">\n\t\t\t<a class=\"elementor-button elementor-button-link elementor-size-md\" href=\"https:\/\/www.lafabbrica.it\/fr\/news-blog\/\">\n\t\t\t\t\t\t<span class=\"elementor-button-content-wrapper\">\n\t\t\t\t\t\t<span class=\"elementor-button-text\">D\u00e9couvrez toutes les suggestions de LA FABBRICA AVA<\/span>\n\t\t<\/span>\n\t\t\t\t\t<\/a>\n\t\t<\/div>\n\t\t\t\t<\/div>\n\t\t\t\t<\/div>\n\t\t\t\t<\/div>\n\t\t\t\t<\/div>\n\t\t","protected":false},"excerpt":{"rendered":"<p>Lorsqu&#8217;il s&#8217;agit d&#8217;am\u00e9nager un salon classique &#8211; mais contemporain &#8211; , beaucoup de gens se trouvent \u00e0 la crois\u00e9e des chemins : choisir la tradition ou embrasser la modernit\u00e9 ? <\/p>\n","protected":false},"author":1,"featured_media":18227,"comment_status":"closed","ping_status":"closed","sticky":false,"template":"","format":"standard","meta":{"_acf_changed":false,"site-sidebar-layout":"default","site-content-layout":"","ast-site-content-layout":"default","site-content-style":"default","site-sidebar-style":"default","ast-global-header-display":"","ast-banner-title-visibility":"","ast-main-header-display":"","ast-hfb-above-header-display":"","ast-hfb-below-header-display":"","ast-hfb-mobile-header-display":"","site-post-title":"","ast-breadcrumbs-content":"","ast-featured-img":"","footer-sml-layout":"","theme-transparent-header-meta":"","adv-header-id-meta":"","stick-header-meta":"","header-above-stick-meta":"","header-main-stick-meta":"","header-below-stick-meta":"","astra-migrate-meta-layouts":"default","ast-page-background-enabled":"default","ast-page-background-meta":{"desktop":{"background-color":"var(--ast-global-color-4)","background-image":"","background-repeat":"repeat","background-position":"center center","background-size":"auto","background-attachment":"scroll","background-type":"","background-media":"","overlay-type":"","overlay-color":"","overlay-gradient":""},"tablet":{"background-color":"","background-image":"","background-repeat":"repeat","background-position":"center center","background-size":"auto","background-attachment":"scroll","background-type":"","background-media":"","overlay-type":"","overlay-color":"","overlay-gradient":""},"mobile":{"background-color":"","background-image":"","background-repeat":"repeat","background-position":"center center","background-size":"auto","background-attachment":"scroll","background-type":"","background-media":"","overlay-type":"","overlay-color":"","overlay-gradient":""}},"ast-content-background-meta":{"desktop":{"background-color":"var(--ast-global-color-5)","background-image":"","background-repeat":"repeat","background-position":"center center","background-size":"auto","background-attachment":"scroll","background-type":"","background-media":"","overlay-type":"","overlay-color":"","overlay-gradient":""},"tablet":{"background-color":"var(--ast-global-color-5)","background-image":"","background-repeat":"repeat","background-position":"center center","background-size":"auto","background-attachment":"scroll","background-type":"","background-media":"","overlay-type":"","overlay-color":"","overlay-gradient":""},"mobile":{"background-color":"var(--ast-global-color-5)","background-image":"","background-repeat":"repeat","background-position":"center center","background-size":"auto","background-attachment":"scroll","background-type":"","background-media":"","overlay-type":"","overlay-color":"","overlay-gradient":""}},"footnotes":""},"categories":[1241],"tags":[],"class_list":["post-18307","post","type-post","status-publish","format-standard","has-post-thumbnail","hentry","category-blog-fr"],"acf":[],"yoast_head":"<!-- This site is optimized with the Yoast SEO plugin v22.0 - https:\/\/yoast.com\/wordpress\/plugins\/seo\/ -->\n<title>Meubles Classiques ou Modernes ? Trouvez le style de votre salon - La Fabbrica AVA<\/title>\n<meta name=\"description\" content=\"Lorsqu&#039;il s&#039;agit d&#039;am\u00e9nager un salon classique - mais contemporain - , beaucoup de gens se trouvent \u00e0 la crois\u00e9e des chemins : choisir la tradition ou embrasser la modernit\u00e9 ?\" \/>\n<meta name=\"robots\" content=\"index, follow, max-snippet:-1, max-image-preview:large, max-video-preview:-1\" \/>\n<link rel=\"canonical\" href=\"https:\/\/www.lafabbrica.it\/fr\/meubles-classiques-ou-modernes-trouvez-le-style-de-votre-salon\/\" \/>\n<meta property=\"og:locale\" content=\"fr_FR\" \/>\n<meta property=\"og:type\" content=\"article\" \/>\n<meta property=\"og:title\" content=\"Meubles Classiques ou Modernes ? Trouvez le style de votre salon - La Fabbrica AVA\" \/>\n<meta property=\"og:description\" content=\"Lorsqu&#039;il s&#039;agit d&#039;am\u00e9nager un salon classique - mais contemporain - , beaucoup de gens se trouvent \u00e0 la crois\u00e9e des chemins : choisir la tradition ou embrasser la modernit\u00e9 ?\" \/>\n<meta property=\"og:url\" content=\"https:\/\/www.lafabbrica.it\/fr\/meubles-classiques-ou-modernes-trouvez-le-style-de-votre-salon\/\" \/>\n<meta property=\"og:site_name\" content=\"La Fabbrica AVA\" \/>\n<meta property=\"article:published_time\" content=\"2024-05-01T08:15:18+00:00\" \/>\n<meta property=\"article:modified_time\" content=\"2024-05-14T10:17:05+00:00\" \/>\n<meta property=\"og:image\" content=\"https:\/\/www.lafabbrica.it\/wp-content\/uploads\/2024\/05\/list.jpg\" \/>\n\t<meta property=\"og:image:width\" content=\"858\" \/>\n\t<meta property=\"og:image:height\" content=\"811\" \/>\n\t<meta property=\"og:image:type\" content=\"image\/jpeg\" \/>\n<meta name=\"author\" content=\"admin\" \/>\n<meta name=\"twitter:card\" content=\"summary_large_image\" \/>\n<meta name=\"twitter:label1\" content=\"\u00c9crit par\" \/>\n\t<meta name=\"twitter:data1\" content=\"admin\" \/>\n\t<meta name=\"twitter:label2\" content=\"Dur\u00e9e de lecture estim\u00e9e\" \/>\n\t<meta name=\"twitter:data2\" content=\"7 minutes\" \/>\n<script type=\"application\/ld+json\" class=\"yoast-schema-graph\">{\"@context\":\"https:\/\/schema.org\",\"@graph\":[{\"@type\":\"Article\",\"@id\":\"https:\/\/www.lafabbrica.it\/fr\/meubles-classiques-ou-modernes-trouvez-le-style-de-votre-salon\/#article\",\"isPartOf\":{\"@id\":\"https:\/\/www.lafabbrica.it\/fr\/meubles-classiques-ou-modernes-trouvez-le-style-de-votre-salon\/\"},\"author\":{\"name\":\"admin\",\"@id\":\"https:\/\/www.lafabbrica.it\/fr\/#\/schema\/person\/9854f3650eab7e4334e66d22de09296a\"},\"headline\":\"Meubles Classiques ou Modernes ? Trouvez le style de votre salon\",\"datePublished\":\"2024-05-01T08:15:18+00:00\",\"dateModified\":\"2024-05-14T10:17:05+00:00\",\"mainEntityOfPage\":{\"@id\":\"https:\/\/www.lafabbrica.it\/fr\/meubles-classiques-ou-modernes-trouvez-le-style-de-votre-salon\/\"},\"wordCount\":1161,\"publisher\":{\"@id\":\"https:\/\/www.lafabbrica.it\/fr\/#organization\"},\"articleSection\":[\"Blog\"],\"inLanguage\":\"fr-FR\"},{\"@type\":\"WebPage\",\"@id\":\"https:\/\/www.lafabbrica.it\/fr\/meubles-classiques-ou-modernes-trouvez-le-style-de-votre-salon\/\",\"url\":\"https:\/\/www.lafabbrica.it\/fr\/meubles-classiques-ou-modernes-trouvez-le-style-de-votre-salon\/\",\"name\":\"Meubles Classiques ou Modernes ? Trouvez le style de votre salon - La Fabbrica AVA\",\"isPartOf\":{\"@id\":\"https:\/\/www.lafabbrica.it\/fr\/#website\"},\"datePublished\":\"2024-05-01T08:15:18+00:00\",\"dateModified\":\"2024-05-14T10:17:05+00:00\",\"description\":\"Lorsqu'il s'agit d'am\u00e9nager un salon classique - mais contemporain - , beaucoup de gens se trouvent \u00e0 la crois\u00e9e des chemins : choisir la tradition ou embrasser la modernit\u00e9 ?\",\"breadcrumb\":{\"@id\":\"https:\/\/www.lafabbrica.it\/fr\/meubles-classiques-ou-modernes-trouvez-le-style-de-votre-salon\/#breadcrumb\"},\"inLanguage\":\"fr-FR\",\"potentialAction\":[{\"@type\":\"ReadAction\",\"target\":[\"https:\/\/www.lafabbrica.it\/fr\/meubles-classiques-ou-modernes-trouvez-le-style-de-votre-salon\/\"]}]},{\"@type\":\"BreadcrumbList\",\"@id\":\"https:\/\/www.lafabbrica.it\/fr\/meubles-classiques-ou-modernes-trouvez-le-style-de-votre-salon\/#breadcrumb\",\"itemListElement\":[{\"@type\":\"ListItem\",\"position\":1,\"name\":\"Home\",\"item\":\"https:\/\/www.lafabbrica.it\/fr\/\"},{\"@type\":\"ListItem\",\"position\":2,\"name\":\"Meubles Classiques ou Modernes ? Trouvez le style de votre salon\"}]},{\"@type\":\"WebSite\",\"@id\":\"https:\/\/www.lafabbrica.it\/fr\/#website\",\"url\":\"https:\/\/www.lafabbrica.it\/fr\/\",\"name\":\"La Fabbrica AVA\",\"description\":\"\",\"publisher\":{\"@id\":\"https:\/\/www.lafabbrica.it\/fr\/#organization\"},\"potentialAction\":[{\"@type\":\"SearchAction\",\"target\":{\"@type\":\"EntryPoint\",\"urlTemplate\":\"https:\/\/www.lafabbrica.it\/fr\/?s={search_term_string}\"},\"query-input\":\"required name=search_term_string\"}],\"inLanguage\":\"fr-FR\"},{\"@type\":\"Organization\",\"@id\":\"https:\/\/www.lafabbrica.it\/fr\/#organization\",\"name\":\"La Fabbrica AVA\",\"url\":\"https:\/\/www.lafabbrica.it\/fr\/\",\"logo\":{\"@type\":\"ImageObject\",\"inLanguage\":\"fr-FR\",\"@id\":\"https:\/\/www.lafabbrica.it\/fr\/#\/schema\/logo\/image\/\",\"url\":\"https:\/\/www.lafabbrica.it\/wp-content\/uploads\/2023\/08\/Senza-titolo-1.png\",\"contentUrl\":\"https:\/\/www.lafabbrica.it\/wp-content\/uploads\/2023\/08\/Senza-titolo-1.png\",\"width\":567,\"height\":240,\"caption\":\"La Fabbrica AVA\"},\"image\":{\"@id\":\"https:\/\/www.lafabbrica.it\/fr\/#\/schema\/logo\/image\/\"}},{\"@type\":\"Person\",\"@id\":\"https:\/\/www.lafabbrica.it\/fr\/#\/schema\/person\/9854f3650eab7e4334e66d22de09296a\",\"name\":\"admin\",\"sameAs\":[\"http:\/\/www.lafabbrica.it\"],\"url\":\"https:\/\/www.lafabbrica.it\/fr\/author\/admin\/\"}]}<\/script>\n<!-- \/ Yoast SEO plugin. -->","yoast_head_json":{"title":"Meubles Classiques ou Modernes ? Trouvez le style de votre salon - La Fabbrica AVA","description":"Lorsqu'il s'agit d'am\u00e9nager un salon classique - mais contemporain - , beaucoup de gens se trouvent \u00e0 la crois\u00e9e des chemins : choisir la tradition ou embrasser la modernit\u00e9 ?","robots":{"index":"index","follow":"follow","max-snippet":"max-snippet:-1","max-image-preview":"max-image-preview:large","max-video-preview":"max-video-preview:-1"},"canonical":"https:\/\/www.lafabbrica.it\/fr\/meubles-classiques-ou-modernes-trouvez-le-style-de-votre-salon\/","og_locale":"fr_FR","og_type":"article","og_title":"Meubles Classiques ou Modernes ? Trouvez le style de votre salon - La Fabbrica AVA","og_description":"Lorsqu'il s'agit d'am\u00e9nager un salon classique - mais contemporain - , beaucoup de gens se trouvent \u00e0 la crois\u00e9e des chemins : choisir la tradition ou embrasser la modernit\u00e9 ?","og_url":"https:\/\/www.lafabbrica.it\/fr\/meubles-classiques-ou-modernes-trouvez-le-style-de-votre-salon\/","og_site_name":"La Fabbrica AVA","article_published_time":"2024-05-01T08:15:18+00:00","article_modified_time":"2024-05-14T10:17:05+00:00","og_image":[{"width":858,"height":811,"url":"https:\/\/www.lafabbrica.it\/wp-content\/uploads\/2024\/05\/list.jpg","type":"image\/jpeg"}],"author":"admin","twitter_card":"summary_large_image","twitter_misc":{"\u00c9crit par":"admin","Dur\u00e9e de lecture estim\u00e9e":"7 minutes"},"schema":{"@context":"https:\/\/schema.org","@graph":[{"@type":"Article","@id":"https:\/\/www.lafabbrica.it\/fr\/meubles-classiques-ou-modernes-trouvez-le-style-de-votre-salon\/#article","isPartOf":{"@id":"https:\/\/www.lafabbrica.it\/fr\/meubles-classiques-ou-modernes-trouvez-le-style-de-votre-salon\/"},"author":{"name":"admin","@id":"https:\/\/www.lafabbrica.it\/fr\/#\/schema\/person\/9854f3650eab7e4334e66d22de09296a"},"headline":"Meubles Classiques ou Modernes ? Trouvez le style de votre salon","datePublished":"2024-05-01T08:15:18+00:00","dateModified":"2024-05-14T10:17:05+00:00","mainEntityOfPage":{"@id":"https:\/\/www.lafabbrica.it\/fr\/meubles-classiques-ou-modernes-trouvez-le-style-de-votre-salon\/"},"wordCount":1161,"publisher":{"@id":"https:\/\/www.lafabbrica.it\/fr\/#organization"},"articleSection":["Blog"],"inLanguage":"fr-FR"},{"@type":"WebPage","@id":"https:\/\/www.lafabbrica.it\/fr\/meubles-classiques-ou-modernes-trouvez-le-style-de-votre-salon\/","url":"https:\/\/www.lafabbrica.it\/fr\/meubles-classiques-ou-modernes-trouvez-le-style-de-votre-salon\/","name":"Meubles Classiques ou Modernes ? Trouvez le style de votre salon - La Fabbrica AVA","isPartOf":{"@id":"https:\/\/www.lafabbrica.it\/fr\/#website"},"datePublished":"2024-05-01T08:15:18+00:00","dateModified":"2024-05-14T10:17:05+00:00","description":"Lorsqu'il s'agit d'am\u00e9nager un salon classique - mais contemporain - , beaucoup de gens se trouvent \u00e0 la crois\u00e9e des chemins : choisir la tradition ou embrasser la modernit\u00e9 ?","breadcrumb":{"@id":"https:\/\/www.lafabbrica.it\/fr\/meubles-classiques-ou-modernes-trouvez-le-style-de-votre-salon\/#breadcrumb"},"inLanguage":"fr-FR","potentialAction":[{"@type":"ReadAction","target":["https:\/\/www.lafabbrica.it\/fr\/meubles-classiques-ou-modernes-trouvez-le-style-de-votre-salon\/"]}]},{"@type":"BreadcrumbList","@id":"https:\/\/www.lafabbrica.it\/fr\/meubles-classiques-ou-modernes-trouvez-le-style-de-votre-salon\/#breadcrumb","itemListElement":[{"@type":"ListItem","position":1,"name":"Home","item":"https:\/\/www.lafabbrica.it\/fr\/"},{"@type":"ListItem","position":2,"name":"Meubles Classiques ou Modernes ? Trouvez le style de votre salon"}]},{"@type":"WebSite","@id":"https:\/\/www.lafabbrica.it\/fr\/#website","url":"https:\/\/www.lafabbrica.it\/fr\/","name":"La Fabbrica AVA","description":"","publisher":{"@id":"https:\/\/www.lafabbrica.it\/fr\/#organization"},"potentialAction":[{"@type":"SearchAction","target":{"@type":"EntryPoint","urlTemplate":"https:\/\/www.lafabbrica.it\/fr\/?s={search_term_string}"},"query-input":"required name=search_term_string"}],"inLanguage":"fr-FR"},{"@type":"Organization","@id":"https:\/\/www.lafabbrica.it\/fr\/#organization","name":"La Fabbrica AVA","url":"https:\/\/www.lafabbrica.it\/fr\/","logo":{"@type":"ImageObject","inLanguage":"fr-FR","@id":"https:\/\/www.lafabbrica.it\/fr\/#\/schema\/logo\/image\/","url":"https:\/\/www.lafabbrica.it\/wp-content\/uploads\/2023\/08\/Senza-titolo-1.png","contentUrl":"https:\/\/www.lafabbrica.it\/wp-content\/uploads\/2023\/08\/Senza-titolo-1.png","width":567,"height":240,"caption":"La Fabbrica AVA"},"image":{"@id":"https:\/\/www.lafabbrica.it\/fr\/#\/schema\/logo\/image\/"}},{"@type":"Person","@id":"https:\/\/www.lafabbrica.it\/fr\/#\/schema\/person\/9854f3650eab7e4334e66d22de09296a","name":"admin","sameAs":["http:\/\/www.lafabbrica.it"],"url":"https:\/\/www.lafabbrica.it\/fr\/author\/admin\/"}]}},"_links":{"self":[{"href":"https:\/\/www.lafabbrica.it\/fr\/wp-json\/wp\/v2\/posts\/18307","targetHints":{"allow":["GET"]}}],"collection":[{"href":"https:\/\/www.lafabbrica.it\/fr\/wp-json\/wp\/v2\/posts"}],"about":[{"href":"https:\/\/www.lafabbrica.it\/fr\/wp-json\/wp\/v2\/types\/post"}],"author":[{"embeddable":true,"href":"https:\/\/www.lafabbrica.it\/fr\/wp-json\/wp\/v2\/users\/1"}],"replies":[{"embeddable":true,"href":"https:\/\/www.lafabbrica.it\/fr\/wp-json\/wp\/v2\/comments?post=18307"}],"version-history":[{"count":0,"href":"https:\/\/www.lafabbrica.it\/fr\/wp-json\/wp\/v2\/posts\/18307\/revisions"}],"wp:featuredmedia":[{"embeddable":true,"href":"https:\/\/www.lafabbrica.it\/fr\/wp-json\/wp\/v2\/media\/18227"}],"wp:attachment":[{"href":"https:\/\/www.lafabbrica.it\/fr\/wp-json\/wp\/v2\/media?parent=18307"}],"wp:term":[{"taxonomy":"category","embeddable":true,"href":"https:\/\/www.lafabbrica.it\/fr\/wp-json\/wp\/v2\/categories?post=18307"},{"taxonomy":"post_tag","embeddable":true,"href":"https:\/\/www.lafabbrica.it\/fr\/wp-json\/wp\/v2\/tags?post=18307"}],"curies":[{"name":"wp","href":"https:\/\/api.w.org\/{rel}","templated":true}]}}