{"id":32049,"date":"2026-01-23T11:33:12","date_gmt":"2026-01-23T10:33:12","guid":{"rendered":"https:\/\/www.lafabbrica.it\/?p=32049"},"modified":"2026-02-10T10:57:09","modified_gmt":"2026-02-10T09:57:09","slug":"moderne-esstische-der-materielle-wert-von-3d-oberflaechen","status":"publish","type":"post","link":"https:\/\/www.lafabbrica.it\/de\/moderne-esstische-der-materielle-wert-von-3d-oberflaechen\/","title":{"rendered":"Moderne Esstische: der materielle Wert von 3D-Oberfl\u00e4chen"},"content":{"rendered":"\t\t<div data-elementor-type=\"wp-post\" data-elementor-id=\"32049\" class=\"elementor elementor-32049 elementor-32048\" data-elementor-post-type=\"post\">\n\t\t\t\t<div data-dce-background-color=\"#FFFFFF\" class=\"elementor-element elementor-element-99db600 e-con-full e-flex e-con e-parent\" data-id=\"99db600\" data-element_type=\"container\" data-settings=\"{&quot;content_width&quot;:&quot;full&quot;,&quot;background_background&quot;:&quot;classic&quot;}\" data-core-v316-plus=\"true\">\n\t\t\t\t<div class=\"elementor-element elementor-element-af233c5 elementor-widget elementor-widget-heading\" data-id=\"af233c5\" data-element_type=\"widget\" data-widget_type=\"heading.default\">\n\t\t\t\t<div class=\"elementor-widget-container\">\n\t\t\t<h1 class=\"elementor-heading-title elementor-size-default\">Moderne Esstische: der materielle Wert von 3D-Oberfl\u00e4chen<\/h1>\t\t<\/div>\n\t\t\t\t<\/div>\n\t\t\t\t<div class=\"elementor-element elementor-element-2399bc4 elementor-widget elementor-widget-text-editor\" data-id=\"2399bc4\" data-element_type=\"widget\" data-widget_type=\"text-editor.default\">\n\t\t\t\t<div class=\"elementor-widget-container\">\n\t\t\t\t\t\t\t<p><strong>IIm zeitgen\u00f6ssischen\u00a0Interior Design \u00fcbernehmen moderne Esstische die Rolle echter\u00a0architektonischer\u00a0Oberfl\u00e4chen.<\/strong> Die Tischplatte wird zum Protagonisten: eine materielle Platte, die mit Licht, Raum und umliegenden Materialien interagiert.<\/p>\n<p>In diesem Zusammenhang entwickelt sich <strong>Feinsteinzeug<\/strong>\u00a0vom\u00a0einfachen\u00a0Belag\u00a0zu\u00a0einem\u00a0Einrichtungselement, dank\u00a0dreidimensionaler\u00a0Verarbeitung und moderner\u00a0Technologien.<\/p>\n\t\t\t\t\t\t<\/div>\n\t\t\t\t<\/div>\n\t\t\t\t<div class=\"elementor-element elementor-element-746b0db elementor-widget elementor-widget-heading\" data-id=\"746b0db\" data-element_type=\"widget\" data-widget_type=\"heading.default\">\n\t\t\t\t<div class=\"elementor-widget-container\">\n\t\t\t<h2 class=\"elementor-heading-title elementor-size-default\">Moderner Esstisch: die Platte als architektonische Oberfl\u00e4che<\/h2>\t\t<\/div>\n\t\t\t\t<\/div>\n\t\t\t\t<div class=\"elementor-element elementor-element-6e7f467 elementor-widget elementor-widget-text-editor\" data-id=\"6e7f467\" data-element_type=\"widget\" data-widget_type=\"text-editor.default\">\n\t\t\t\t<div class=\"elementor-widget-container\">\n\t\t\t\t\t\t\t<p><strong>Ein<\/strong><strong>\u00a0<\/strong><strong>moderner<\/strong><strong>\u00a0<\/strong><strong>Esstisch<\/strong><strong>\u00a0<\/strong><strong>entsteht<\/strong><strong>\u00a0<\/strong><strong>heute<\/strong><strong>\u00a0<\/strong><strong>aus<\/strong><strong>\u00a0<\/strong><strong>der<\/strong><strong>\u00a0<\/strong><strong>Zentralit\u00e4t<\/strong><strong>\u00a0<\/strong><strong>der<\/strong><strong> Platte.<\/strong> Es handelt sich nicht mehr nur um eine Abstellfl\u00e4che, sondern um eine strukturierende Oberfl\u00e4che, die f\u00fcr Langlebigkeit und verschiedene Momente des Alltags konzipiert ist.<\/p>\n<p><strong>Bei ELEMENTA TABLES beginnt das Projekt genau bei der Feinsteinzeugplatte::<\/strong> Gro\u00dfformat, kalibrierte St\u00e4rken, veredelte Kanten und \u00e4sthetische Kontinuit\u00e4t zwischen Tischplatte und Seiten. Standardmodelle, anpassbar im Erscheinungsbild durch die Wahl der Oberfl\u00e4che, sind auch in <strong>gro\u00dfen<\/strong><strong> und <\/strong><strong>ausziehbaren<\/strong><strong>\u00a0<\/strong><strong>Versionen<\/strong> verf\u00fcgbar, ideal f\u00fcr gesellige Anl\u00e4sse und festliche Momente, ohne formale Koh\u00e4renz und visuelle Klarheit zu verlieren.<\/p>\n\t\t\t\t\t\t<\/div>\n\t\t\t\t<\/div>\n\t\t\t\t<div class=\"elementor-element elementor-element-ce33142 elementor-widget elementor-widget-image-carousel\" data-id=\"ce33142\" data-element_type=\"widget\" data-settings=\"{&quot;slides_to_show&quot;:&quot;1&quot;,&quot;navigation&quot;:&quot;none&quot;,&quot;autoplay_speed&quot;:1000,&quot;autoplay&quot;:&quot;yes&quot;,&quot;pause_on_hover&quot;:&quot;yes&quot;,&quot;pause_on_interaction&quot;:&quot;yes&quot;,&quot;infinite&quot;:&quot;yes&quot;,&quot;effect&quot;:&quot;slide&quot;,&quot;speed&quot;:500}\" data-widget_type=\"image-carousel.default\">\n\t\t\t\t<div class=\"elementor-widget-container\">\n\t\t\t\t\t<div class=\"elementor-image-carousel-wrapper swiper-container\" dir=\"ltr\">\n\t\t\t<div class=\"elementor-image-carousel swiper-wrapper\" aria-live=\"off\">\n\t\t\t\t\t\t\t\t<div class=\"swiper-slide\" role=\"group\" aria-roledescription=\"slide\" aria-label=\"1 von 3\"><figure class=\"swiper-slide-inner\"><img decoding=\"async\" class=\"swiper-slide-image\" src=\"https:\/\/www.lafabbrica.it\/wp-content\/uploads\/2026\/01\/t-3.jpg\" alt=\"t-3\" \/><\/figure><\/div><div class=\"swiper-slide\" role=\"group\" aria-roledescription=\"slide\" aria-label=\"2 von 3\"><figure class=\"swiper-slide-inner\"><img decoding=\"async\" class=\"swiper-slide-image\" src=\"https:\/\/www.lafabbrica.it\/wp-content\/uploads\/2026\/01\/t-2.jpg\" alt=\"t-2\" \/><\/figure><\/div><div class=\"swiper-slide\" role=\"group\" aria-roledescription=\"slide\" aria-label=\"3 von 3\"><figure class=\"swiper-slide-inner\"><img decoding=\"async\" class=\"swiper-slide-image\" src=\"https:\/\/www.lafabbrica.it\/wp-content\/uploads\/2026\/01\/t-3.jpg\" alt=\"t-3\" \/><\/figure><\/div>\t\t\t<\/div>\n\t\t\t\t\t\t\t\n\t\t\t\t\t\t\t\t\t<\/div>\n\t\t\t\t<\/div>\n\t\t\t\t<\/div>\n\t\t\t\t<\/div>\n\t\t<div data-dce-background-color=\"#F7F7F8\" class=\"elementor-element elementor-element-d3c0ce1 e-con-full e-flex e-con e-parent\" data-id=\"d3c0ce1\" data-element_type=\"container\" data-settings=\"{&quot;content_width&quot;:&quot;full&quot;,&quot;background_background&quot;:&quot;classic&quot;}\" data-core-v316-plus=\"true\">\n\t\t<div class=\"elementor-element elementor-element-1636cdb e-flex e-con-boxed e-con e-child\" data-id=\"1636cdb\" data-element_type=\"container\" data-settings=\"{&quot;content_width&quot;:&quot;boxed&quot;}\">\n\t\t\t\t\t<div class=\"e-con-inner\">\n\t\t<div class=\"elementor-element elementor-element-ad3018d e-con-full e-flex e-con e-child\" data-id=\"ad3018d\" data-element_type=\"container\" data-settings=\"{&quot;content_width&quot;:&quot;full&quot;}\">\n\t\t\t\t<div class=\"elementor-element elementor-element-8f1e566 elementor-widget elementor-widget-image\" data-id=\"8f1e566\" data-element_type=\"widget\" data-widget_type=\"image.default\">\n\t\t\t\t<div class=\"elementor-widget-container\">\n\t\t\t\t\t\t\t\t\t\t\t\t\t\t<a href=\"https:\/\/www.lafabbrica.it\/de\/elementa-tables\/\">\n\t\t\t\t\t\t\t<img fetchpriority=\"high\" decoding=\"async\" width=\"680\" height=\"962\" src=\"https:\/\/www.lafabbrica.it\/wp-content\/uploads\/2026\/01\/top.jpg\" class=\"attachment-full size-full wp-image-32085\" alt=\"\" srcset=\"https:\/\/www.lafabbrica.it\/wp-content\/uploads\/2026\/01\/top.jpg 680w, https:\/\/www.lafabbrica.it\/wp-content\/uploads\/2026\/01\/top-212x300.jpg 212w\" sizes=\"(max-width: 680px) 100vw, 680px\" \/>\t\t\t\t\t\t\t\t<\/a>\n\t\t\t\t\t\t\t\t\t\t\t\t\t<\/div>\n\t\t\t\t<\/div>\n\t\t\t\t<\/div>\n\t\t<div class=\"elementor-element elementor-element-bce2513 e-con-full e-flex e-con e-child\" data-id=\"bce2513\" data-element_type=\"container\" data-settings=\"{&quot;content_width&quot;:&quot;full&quot;}\">\n\t\t\t\t<div class=\"elementor-element elementor-element-f7b6417 elementor-widget elementor-widget-heading\" data-id=\"f7b6417\" data-element_type=\"widget\" data-widget_type=\"heading.default\">\n\t\t\t\t<div class=\"elementor-widget-container\">\n\t\t\t<h3 class=\"elementor-heading-title elementor-size-default\">3D-Oberfl\u00e4chen und Materic Touch: Dreidimensionalit\u00e4t, die den Raum w\u00e4rmt<\/h3>\t\t<\/div>\n\t\t\t\t<\/div>\n\t\t\t\t<div class=\"elementor-element elementor-element-612c92d elementor-widget elementor-widget-text-editor\" data-id=\"612c92d\" data-element_type=\"widget\" data-widget_type=\"text-editor.default\">\n\t\t\t\t<div class=\"elementor-widget-container\">\n\t\t\t\t\t\t\t<p><strong>Die <\/strong><strong>Materic<\/strong><strong> Touch-<\/strong><strong>Technologie<\/strong><strong>\u00a0<\/strong><strong>vereint<\/strong><strong>\u00a0<\/strong><strong>technische<\/strong><strong>\u00a0<\/strong><strong>Pr\u00e4zision<\/strong><strong>\u00a0<\/strong><strong>mit<\/strong><strong>\u00a0<\/strong><strong>materialer<\/strong><strong>\u00a0<\/strong><strong>Sensibilit\u00e4t<\/strong><strong>:<\/strong> Eine strukturierende Applikation pr\u00e4gt Adern und Details direkt auf der Oberfl\u00e4che und erzeugt einen Flachrelief-Effekt, perfekt auf das Texturmuster abgestimmt. Die Platte erh\u00e4lt so <strong>echte<\/strong><strong>\u00a0<\/strong><strong>Dreidimensionalit\u00e4t<\/strong>, die sowohl visuell als auch haptisch wahrnehmbar ist, mit Nuancen von strukturiert bis samtig.<\/p>\n<p><strong>Das<\/strong><strong>\u00a0<\/strong><strong>Ergebnis<\/strong><strong>\u00a0<\/strong><strong>ist<\/strong><strong>\u00a0<\/strong><strong>eine<\/strong><strong>\u00a0<\/strong><strong>Oberfl\u00e4che<\/strong><strong>, die <\/strong><strong>Natursteine<\/strong><strong> und <\/strong><strong>Marmor<\/strong><strong>\u00a0<\/strong><strong>realistisch<\/strong><strong>\u00a0<\/strong><strong>nachbildet<\/strong> und eine\u00a0unerwartete\u00a0visuelle\u00a0W\u00e4rme\u00a0f\u00fcr\u00a0ein\u00a0technisches\u00a0Material\u00a0wie\u00a0Feinsteinzeug\u00a0vermittelt.<\/p>\n\t\t\t\t\t\t<\/div>\n\t\t\t\t<\/div>\n\t\t\t\t<\/div>\n\t\t\t\t\t<\/div>\n\t\t\t\t<\/div>\n\t\t<div class=\"elementor-element elementor-element-e3faaaf e-flex e-con-boxed e-con e-child\" data-id=\"e3faaaf\" data-element_type=\"container\" data-settings=\"{&quot;content_width&quot;:&quot;boxed&quot;}\">\n\t\t\t\t\t<div class=\"e-con-inner\">\n\t\t<div class=\"elementor-element elementor-element-492f299 e-con-full e-flex e-con e-child\" data-id=\"492f299\" data-element_type=\"container\" data-settings=\"{&quot;content_width&quot;:&quot;full&quot;}\">\n\t\t\t\t<div class=\"elementor-element elementor-element-f6ac6c1 elementor-widget elementor-widget-heading\" data-id=\"f6ac6c1\" data-element_type=\"widget\" data-widget_type=\"heading.default\">\n\t\t\t\t<div class=\"elementor-widget-container\">\n\t\t\t<h3 class=\"elementor-heading-title elementor-size-default\">ALL-OVER-Technologie und grafische Kontinuit\u00e4t der Tischplatte<\/h3>\t\t<\/div>\n\t\t\t\t<\/div>\n\t\t\t\t<div class=\"elementor-element elementor-element-1c1b1aa elementor-widget elementor-widget-text-editor\" data-id=\"1c1b1aa\" data-element_type=\"widget\" data-widget_type=\"text-editor.default\">\n\t\t\t\t<div class=\"elementor-widget-container\">\n\t\t\t\t\t\t\t<p><strong>Neben<\/strong><strong>\u00a0<\/strong><strong>der<\/strong><strong>\u00a0<\/strong><strong>taktilen<\/strong><strong>\u00a0<\/strong><strong>Dreidimensionalit\u00e4t<\/strong><strong>\u00a0<\/strong><strong>ist<\/strong><strong>\u00a0<\/strong><strong>visuelle<\/strong><strong>\u00a0<\/strong><strong>Kontinuit\u00e4t<\/strong><strong>\u00a0<\/strong><strong>ein<\/strong><strong>\u00a0<\/strong><strong>zentrales<\/strong><strong>\u00a0<\/strong><strong>Gestaltungselement<\/strong><strong>.<\/strong> Bei <strong>ELEMENTA<\/strong>\u00a0wird\u00a0diese\u00a0Kontinuit\u00e4t\u00a0auf\u00a0zwei\u00a0unterschiedliche Arten umgesetzt.<\/p>\n<p><strong>Di<\/strong><strong>e ALL-OVER-<\/strong><strong>Technologie<\/strong><strong>, <\/strong><strong>anwendbar<\/strong><strong>\u00a0<\/strong><strong>auf<\/strong><strong> 20 mm <\/strong><strong>Platten<\/strong><strong>, <\/strong><strong>erm\u00f6glicht<\/strong><strong>, <\/strong><strong>dass<\/strong><strong>\u00a0<\/strong><strong>das<\/strong><strong> Muster <\/strong><strong>nahtlos<\/strong><strong> von <\/strong><strong>der<\/strong><strong>\u00a0<\/strong><strong>Tischplatte<\/strong><strong> bis zur Kante <\/strong><strong>verl\u00e4uft<\/strong>, wodurch\u00a0visuelle\u00a0Unterbrechungen\u00a0vermieden\u00a0werden und die Wahrnehmung\u00a0eines\u00a0einzigen, koh\u00e4renten\u00a0Materialblocks\u00a0gest\u00e4rkt\u00a0wird: Das Muster umh\u00fcllt Platte und Kante bei perfekter\u00a0visueller\u00a0Konsistenz.<\/p>\n<p>Bei <strong>6 mm <\/strong><strong>Platten<\/strong>\u00a0wird die Kontinuit\u00e4t\u00a0durch die Kombination\u00a0mit Glas erreicht: Ein\u00a0<strong>8 mm Glas<\/strong>, in Wei\u00df\u00a0oder Schwarz erh\u00e4ltlich, mit\u00a0<strong>45\u00b0-<\/strong><strong>Schnitt<\/strong> und vakuumverklebt\u00a0auf\u00a0der Platte. Bei dieser\u00a0L\u00f6sung\u00a0liegt\u00a0der\u00a0Effekt von D\u00fcnne und Pr\u00e4zision\u00a0ausschlie\u00dflich\u00a0beim Glas, w\u00e4hrend die Platten\u00a0gerade\u00a0Kanten\u00a0behalten.<\/p>\n<p><strong>Die <\/strong><strong>Tischplatte<\/strong><strong>\u00a0<\/strong><strong>wirkt<\/strong><strong>\u00a0<\/strong><strong>d\u00fcnn<\/strong><strong>, <\/strong><strong>pr\u00e4zise<\/strong><strong> und <\/strong><strong>extrem<\/strong><strong>\u00a0<\/strong><strong>sorgf\u00e4ltig<\/strong>, wobei das Material f\u00fcr sich sprechen darf, ohne die Gesamtstruktur zu beschweren.<\/p>\n\t\t\t\t\t\t<\/div>\n\t\t\t\t<\/div>\n\t\t\t\t<\/div>\n\t\t<div class=\"elementor-element elementor-element-1b8be73 e-con-full e-flex e-con e-child\" data-id=\"1b8be73\" data-element_type=\"container\" data-settings=\"{&quot;content_width&quot;:&quot;full&quot;}\">\n\t\t\t\t<div class=\"elementor-element elementor-element-95afbfe elementor-widget elementor-widget-image\" data-id=\"95afbfe\" data-element_type=\"widget\" data-widget_type=\"image.default\">\n\t\t\t\t<div class=\"elementor-widget-container\">\n\t\t\t\t\t\t\t\t\t\t\t\t\t\t<a href=\"https:\/\/www.lafabbrica.it\/de\/elementa-tables\/\">\n\t\t\t\t\t\t\t<img decoding=\"async\" width=\"680\" height=\"962\" src=\"https:\/\/www.lafabbrica.it\/wp-content\/uploads\/2026\/01\/all-over.jpg\" class=\"attachment-full size-full wp-image-32164\" alt=\"\" srcset=\"https:\/\/www.lafabbrica.it\/wp-content\/uploads\/2026\/01\/all-over.jpg 680w, https:\/\/www.lafabbrica.it\/wp-content\/uploads\/2026\/01\/all-over-212x300.jpg 212w\" sizes=\"(max-width: 680px) 100vw, 680px\" \/>\t\t\t\t\t\t\t\t<\/a>\n\t\t\t\t\t\t\t\t\t\t\t\t\t<\/div>\n\t\t\t\t<\/div>\n\t\t\t\t<\/div>\n\t\t\t\t\t<\/div>\n\t\t\t\t<\/div>\n\t\t\t\t<\/div>\n\t\t<div class=\"elementor-element elementor-element-e34f0bb e-con-full e-flex e-con e-parent\" data-id=\"e34f0bb\" data-element_type=\"container\" data-settings=\"{&quot;content_width&quot;:&quot;full&quot;}\" data-core-v316-plus=\"true\">\n\t\t\t\t<div class=\"elementor-element elementor-element-6774888 elementor-widget elementor-widget-heading\" data-id=\"6774888\" data-element_type=\"widget\" data-widget_type=\"heading.default\">\n\t\t\t\t<div class=\"elementor-widget-container\">\n\t\t\t<h2 class=\"elementor-heading-title elementor-size-default\">Gro\u00dfe Tische und koordinierte Elemente: der Tisch als geselliger Mittelpunkt<\/h2>\t\t<\/div>\n\t\t\t\t<\/div>\n\t\t\t\t<div class=\"elementor-element elementor-element-2971401 elementor-widget elementor-widget-text-editor\" data-id=\"2971401\" data-element_type=\"widget\" data-widget_type=\"text-editor.default\">\n\t\t\t\t<div class=\"elementor-widget-container\">\n\t\t\t\t\t\t\t<p>Gr\u00f6\u00dfe\u00a0z\u00e4hlt, besonders\u00a0wenn\u00a0der Tisch als\u00a0Zentrum\u00a0des\u00a0h\u00e4uslichen\u00a0Lebens\u00a0gedacht\u00a0ist: <strong>ELEMENTA-Modelle <\/strong><strong>umfassen<\/strong><strong>\u00a0<\/strong><strong>gro\u00dfe<\/strong><strong>\u00a0<\/strong><strong>Tische<\/strong><strong> und <\/strong><strong>ein<\/strong><strong>\u00a0<\/strong><strong>ausziehbares<\/strong><strong> Modell<\/strong>, konzipiert\u00a0f\u00fcr\u00a0gesellige\u00a0Zusammenk\u00fcnfte, gro\u00dfe\u00a0Dinner und besondere\u00a0Anl\u00e4sse.<\/p>\n<p>Die M\u00f6glichkeit, <strong>den<\/strong><strong> Tisch <\/strong><strong>mit<\/strong><strong>\u00a0<\/strong><strong>B\u00f6den<\/strong><strong>, <\/strong><strong>Wandbel\u00e4gen<\/strong><strong> und <\/strong><strong>anderen<\/strong><strong>\u00a0<\/strong><strong>M\u00f6beln<\/strong><strong>\u00a0<\/strong><strong>aus<\/strong><strong>\u00a0<\/strong><strong>denselben<\/strong><strong>\u00a0<\/strong><strong>Feinsteinzeugplatten<\/strong><strong>\u00a0<\/strong><strong>zu<\/strong><strong>\u00a0<\/strong><strong>koordinieren<\/strong>, schafft koh\u00e4rente R\u00e4ume, in denen der Tisch zum visuellen und funktionalen Mittelpunkt wird, ohne isoliert oder fremd zu wirken.<\/p>\n\t\t\t\t\t\t<\/div>\n\t\t\t\t<\/div>\n\t\t\t\t<div class=\"elementor-element elementor-element-d9beb32 elementor-widget elementor-widget-image\" data-id=\"d9beb32\" data-element_type=\"widget\" data-widget_type=\"image.default\">\n\t\t\t\t<div class=\"elementor-widget-container\">\n\t\t\t\t\t\t\t\t\t\t\t\t\t<img decoding=\"async\" width=\"1440\" height=\"811\" src=\"https:\/\/www.lafabbrica.it\/wp-content\/uploads\/2026\/01\/tavolo1.jpg\" class=\"attachment-full size-full wp-image-32066\" alt=\"\" srcset=\"https:\/\/www.lafabbrica.it\/wp-content\/uploads\/2026\/01\/tavolo1.jpg 1440w, https:\/\/www.lafabbrica.it\/wp-content\/uploads\/2026\/01\/tavolo1-300x169.jpg 300w, https:\/\/www.lafabbrica.it\/wp-content\/uploads\/2026\/01\/tavolo1-1024x577.jpg 1024w, https:\/\/www.lafabbrica.it\/wp-content\/uploads\/2026\/01\/tavolo1-768x433.jpg 768w\" sizes=\"(max-width: 1440px) 100vw, 1440px\" \/>\t\t\t\t\t\t\t\t\t\t\t\t\t<\/div>\n\t\t\t\t<\/div>\n\t\t\t\t<div class=\"elementor-element elementor-element-28a84dd elementor-widget elementor-widget-heading\" data-id=\"28a84dd\" data-element_type=\"widget\" data-widget_type=\"heading.default\">\n\t\t\t\t<div class=\"elementor-widget-container\">\n\t\t\t<h2 class=\"elementor-heading-title elementor-size-default\">ELEMENTA-Tische: neue Modelle und Konfigurationen auf der Cersaie 2025 vorgestellt<\/h2>\t\t<\/div>\n\t\t\t\t<\/div>\n\t\t\t\t<div class=\"elementor-element elementor-element-0425906 elementor-widget elementor-widget-text-editor\" data-id=\"0425906\" data-element_type=\"widget\" data-widget_type=\"text-editor.default\">\n\t\t\t\t<div class=\"elementor-widget-container\">\n\t\t\t\t\t\t\t<p><strong>ELEMENTA TABLES <\/strong><strong>zeichnet<\/strong><strong>\u00a0<\/strong><strong>sich<\/strong><strong>\u00a0<\/strong><strong>durch<\/strong><strong> die Integration <\/strong><strong>fortschrittlicher<\/strong><strong>\u00a0<\/strong><strong>Keramiktechnologien<\/strong><strong>\u00a0<\/strong><strong>auf<\/strong><strong>\u00a0<\/strong><strong>Feinsteinzeugplatten<\/strong><strong>\u00a0<\/strong><strong>aus<\/strong><strong>:<\/strong> Materic Touch f\u00fcr echte Dreidimensionalit\u00e4t und nat\u00fcrliche haptische Wahrnehmung, ALL-OVER f\u00fcr grafische Kontinuit\u00e4t zwischen Platte und Kante, Feinsteinzeug\/Glas-Kopplung f\u00fcr d\u00fcnne, pr\u00e4zise und strukturell leistungsf\u00e4hige Platten.<\/p>\n<p>Diese L\u00f6sungen, bereits in den im letzten Jahr vorgestellten Modellen eingef\u00fchrt, finden nun ihre Weiterf\u00fchrung und Entwicklung in den neuen Modellen <strong>Rectangular<\/strong><strong>\u00a0<\/strong><strong>Extending<\/strong><strong> 250<\/strong> und <strong>Oval<\/strong><strong> 260<\/strong>, wodurch die Kollektion in Vielseitigkeit, Proportionen und gestalterischen\u00a0M\u00f6glichkeiten\u00a0erweitert\u00a0wird.<\/p>\n<ul>\n<li><strong>RECTANGULAR EXTENDING 250:<\/strong>ausziehbarerrechteckiger Gro\u00dftisch (250 \u00d7 100 cm), f\u00fcr gesellige Anl\u00e4sse und Festlichkeiten, erh\u00e4ltlich mit Feinsteinzeug\/Glas-Tischplatte.<\/li>\n<li><strong>OVAL 260:<\/strong>gro\u00dferovaler Tisch (260 \u00d7 115 cm), mit\u00a0durchgehender, weicher\u00a0Oberfl\u00e4che, erh\u00e4ltlich\u00a0mit ALL-OVER-Technologie und Feinsteinzeug\/Glas-Tischplatte.<\/li>\n<li><strong>ELEMENTA FEINSTEINZEUG-PLATTEN:<\/strong>gro\u00dfeAuswahl an keramischen Oberfl\u00e4chen, inspiriert von Marmor, Stein und Zement, erh\u00e4ltlich in nat\u00fcrlicher, gl\u00e4nzender oder polierter Ausf\u00fchrung. Die Plattengattung wurde mit neuen Oberfl\u00e4chen mit Materic Touch-Technologie erweitert, die realistische Dreidimensionalit\u00e4t und nat\u00fcrliche haptische Wahrnehmung bieten.<\/li>\n<\/ul>\n\t\t\t\t\t\t<\/div>\n\t\t\t\t<\/div>\n\t\t\t\t<div class=\"elementor-element elementor-element-58b0bd1 elementor-widget elementor-widget-image\" data-id=\"58b0bd1\" data-element_type=\"widget\" data-widget_type=\"image.default\">\n\t\t\t\t<div class=\"elementor-widget-container\">\n\t\t\t\t\t\t\t\t\t\t\t\t\t<img loading=\"lazy\" decoding=\"async\" width=\"1440\" height=\"811\" src=\"https:\/\/www.lafabbrica.it\/wp-content\/uploads\/2026\/01\/main-o.jpg\" class=\"attachment-full size-full wp-image-32074\" alt=\"\" srcset=\"https:\/\/www.lafabbrica.it\/wp-content\/uploads\/2026\/01\/main-o.jpg 1440w, https:\/\/www.lafabbrica.it\/wp-content\/uploads\/2026\/01\/main-o-300x169.jpg 300w, https:\/\/www.lafabbrica.it\/wp-content\/uploads\/2026\/01\/main-o-1024x577.jpg 1024w, https:\/\/www.lafabbrica.it\/wp-content\/uploads\/2026\/01\/main-o-768x433.jpg 768w\" sizes=\"(max-width: 1440px) 100vw, 1440px\" \/>\t\t\t\t\t\t\t\t\t\t\t\t\t<\/div>\n\t\t\t\t<\/div>\n\t\t\t\t<div class=\"elementor-element elementor-element-ed90ff5 elementor-align-center elementor-widget elementor-widget-button\" data-id=\"ed90ff5\" data-element_type=\"widget\" data-widget_type=\"button.default\">\n\t\t\t\t<div class=\"elementor-widget-container\">\n\t\t\t\t\t<div class=\"elementor-button-wrapper\">\n\t\t\t<a class=\"elementor-button elementor-button-link elementor-size-md\" href=\"https:\/\/www.lafabbrica.it\/de\/elementa-tables\/\">\n\t\t\t\t\t\t<span class=\"elementor-button-content-wrapper\">\n\t\t\t\t\t\t<span class=\"elementor-button-text\">Erfahren Sie mehr \u00fcber ELEMENTA TABLES<\/span>\n\t\t<\/span>\n\t\t\t\t\t<\/a>\n\t\t<\/div>\n\t\t\t\t<\/div>\n\t\t\t\t<\/div>\n\t\t\t\t<\/div>\n\t\t\t\t<\/div>\n\t\t","protected":false},"excerpt":{"rendered":"<p>Im zeitgen\u00f6ssischen Interior Design \u00fcbernehmen moderne Esstische die Rolle echter architektonischer Oberfl\u00e4chen.<\/p>\n","protected":false},"author":1,"featured_media":32176,"comment_status":"closed","ping_status":"closed","sticky":false,"template":"","format":"standard","meta":{"_acf_changed":false,"site-sidebar-layout":"default","site-content-layout":"","ast-site-content-layout":"default","site-content-style":"default","site-sidebar-style":"default","ast-global-header-display":"","ast-banner-title-visibility":"","ast-main-header-display":"","ast-hfb-above-header-display":"","ast-hfb-below-header-display":"","ast-hfb-mobile-header-display":"","site-post-title":"","ast-breadcrumbs-content":"","ast-featured-img":"","footer-sml-layout":"","theme-transparent-header-meta":"","adv-header-id-meta":"","stick-header-meta":"","header-above-stick-meta":"","header-main-stick-meta":"","header-below-stick-meta":"","astra-migrate-meta-layouts":"default","ast-page-background-enabled":"default","ast-page-background-meta":{"desktop":{"background-color":"var(--ast-global-color-4)","background-image":"","background-repeat":"repeat","background-position":"center center","background-size":"auto","background-attachment":"scroll","background-type":"","background-media":"","overlay-type":"","overlay-color":"","overlay-gradient":""},"tablet":{"background-color":"","background-image":"","background-repeat":"repeat","background-position":"center center","background-size":"auto","background-attachment":"scroll","background-type":"","background-media":"","overlay-type":"","overlay-color":"","overlay-gradient":""},"mobile":{"background-color":"","background-image":"","background-repeat":"repeat","background-position":"center center","background-size":"auto","background-attachment":"scroll","background-type":"","background-media":"","overlay-type":"","overlay-color":"","overlay-gradient":""}},"ast-content-background-meta":{"desktop":{"background-color":"var(--ast-global-color-5)","background-image":"","background-repeat":"repeat","background-position":"center center","background-size":"auto","background-attachment":"scroll","background-type":"","background-media":"","overlay-type":"","overlay-color":"","overlay-gradient":""},"tablet":{"background-color":"var(--ast-global-color-5)","background-image":"","background-repeat":"repeat","background-position":"center center","background-size":"auto","background-attachment":"scroll","background-type":"","background-media":"","overlay-type":"","overlay-color":"","overlay-gradient":""},"mobile":{"background-color":"var(--ast-global-color-5)","background-image":"","background-repeat":"repeat","background-position":"center center","background-size":"auto","background-attachment":"scroll","background-type":"","background-media":"","overlay-type":"","overlay-color":"","overlay-gradient":""}},"footnotes":""},"categories":[1242],"tags":[],"class_list":["post-32049","post","type-post","status-publish","format-standard","has-post-thumbnail","hentry","category-blog-de"],"acf":[],"yoast_head":"<!-- This site is optimized with the Yoast SEO plugin v22.0 - https:\/\/yoast.com\/wordpress\/plugins\/seo\/ -->\n<title>Moderne Esstische: der materielle Wert von 3D-Oberfl\u00e4chen - La Fabbrica AVA<\/title>\n<meta name=\"description\" content=\"Im zeitgen\u00f6ssischen Interior Design \u00fcbernehmen moderne Esstische die Rolle echter architektonischer Oberfl\u00e4chen.\" \/>\n<meta name=\"robots\" content=\"index, follow, max-snippet:-1, max-image-preview:large, max-video-preview:-1\" \/>\n<link rel=\"canonical\" href=\"https:\/\/www.lafabbrica.it\/de\/moderne-esstische-der-materielle-wert-von-3d-oberflaechen\/\" \/>\n<meta property=\"og:locale\" content=\"de_DE\" \/>\n<meta property=\"og:type\" content=\"article\" \/>\n<meta property=\"og:title\" content=\"Moderne Esstische: der materielle Wert von 3D-Oberfl\u00e4chen - La Fabbrica AVA\" \/>\n<meta property=\"og:description\" content=\"Im zeitgen\u00f6ssischen Interior Design \u00fcbernehmen moderne Esstische die Rolle echter architektonischer Oberfl\u00e4chen.\" \/>\n<meta property=\"og:url\" content=\"https:\/\/www.lafabbrica.it\/de\/moderne-esstische-der-materielle-wert-von-3d-oberflaechen\/\" \/>\n<meta property=\"og:site_name\" content=\"La Fabbrica AVA\" \/>\n<meta property=\"article:published_time\" content=\"2026-01-23T10:33:12+00:00\" \/>\n<meta property=\"article:modified_time\" content=\"2026-02-10T09:57:09+00:00\" \/>\n<meta property=\"og:image\" content=\"https:\/\/www.lafabbrica.it\/wp-content\/uploads\/2026\/01\/listt.jpg\" \/>\n\t<meta property=\"og:image:width\" content=\"880\" \/>\n\t<meta property=\"og:image:height\" content=\"860\" \/>\n\t<meta property=\"og:image:type\" content=\"image\/jpeg\" \/>\n<meta name=\"author\" content=\"admin\" \/>\n<meta name=\"twitter:card\" content=\"summary_large_image\" \/>\n<meta name=\"twitter:label1\" content=\"Verfasst von\" \/>\n\t<meta name=\"twitter:data1\" content=\"admin\" \/>\n\t<meta name=\"twitter:label2\" content=\"Gesch\u00e4tzte Lesezeit\" \/>\n\t<meta name=\"twitter:data2\" content=\"6\u00a0Minuten\" \/>\n<script type=\"application\/ld+json\" class=\"yoast-schema-graph\">{\"@context\":\"https:\/\/schema.org\",\"@graph\":[{\"@type\":\"Article\",\"@id\":\"https:\/\/www.lafabbrica.it\/de\/moderne-esstische-der-materielle-wert-von-3d-oberflaechen\/#article\",\"isPartOf\":{\"@id\":\"https:\/\/www.lafabbrica.it\/de\/moderne-esstische-der-materielle-wert-von-3d-oberflaechen\/\"},\"author\":{\"name\":\"admin\",\"@id\":\"https:\/\/www.lafabbrica.it\/de\/#\/schema\/person\/9854f3650eab7e4334e66d22de09296a\"},\"headline\":\"Moderne Esstische: der materielle Wert von 3D-Oberfl\u00e4chen\",\"datePublished\":\"2026-01-23T10:33:12+00:00\",\"dateModified\":\"2026-02-10T09:57:09+00:00\",\"mainEntityOfPage\":{\"@id\":\"https:\/\/www.lafabbrica.it\/de\/moderne-esstische-der-materielle-wert-von-3d-oberflaechen\/\"},\"wordCount\":696,\"publisher\":{\"@id\":\"https:\/\/www.lafabbrica.it\/de\/#organization\"},\"articleSection\":[\"Blog\"],\"inLanguage\":\"de\"},{\"@type\":\"WebPage\",\"@id\":\"https:\/\/www.lafabbrica.it\/de\/moderne-esstische-der-materielle-wert-von-3d-oberflaechen\/\",\"url\":\"https:\/\/www.lafabbrica.it\/de\/moderne-esstische-der-materielle-wert-von-3d-oberflaechen\/\",\"name\":\"Moderne Esstische: der materielle Wert von 3D-Oberfl\u00e4chen - La Fabbrica AVA\",\"isPartOf\":{\"@id\":\"https:\/\/www.lafabbrica.it\/de\/#website\"},\"datePublished\":\"2026-01-23T10:33:12+00:00\",\"dateModified\":\"2026-02-10T09:57:09+00:00\",\"description\":\"Im zeitgen\u00f6ssischen Interior Design \u00fcbernehmen moderne Esstische die Rolle echter architektonischer Oberfl\u00e4chen.\",\"breadcrumb\":{\"@id\":\"https:\/\/www.lafabbrica.it\/de\/moderne-esstische-der-materielle-wert-von-3d-oberflaechen\/#breadcrumb\"},\"inLanguage\":\"de\",\"potentialAction\":[{\"@type\":\"ReadAction\",\"target\":[\"https:\/\/www.lafabbrica.it\/de\/moderne-esstische-der-materielle-wert-von-3d-oberflaechen\/\"]}]},{\"@type\":\"BreadcrumbList\",\"@id\":\"https:\/\/www.lafabbrica.it\/de\/moderne-esstische-der-materielle-wert-von-3d-oberflaechen\/#breadcrumb\",\"itemListElement\":[{\"@type\":\"ListItem\",\"position\":1,\"name\":\"Home\",\"item\":\"https:\/\/www.lafabbrica.it\/de\/\"},{\"@type\":\"ListItem\",\"position\":2,\"name\":\"Moderne Esstische: der materielle Wert von 3D-Oberfl\u00e4chen\"}]},{\"@type\":\"WebSite\",\"@id\":\"https:\/\/www.lafabbrica.it\/de\/#website\",\"url\":\"https:\/\/www.lafabbrica.it\/de\/\",\"name\":\"La Fabbrica AVA\",\"description\":\"\",\"publisher\":{\"@id\":\"https:\/\/www.lafabbrica.it\/de\/#organization\"},\"potentialAction\":[{\"@type\":\"SearchAction\",\"target\":{\"@type\":\"EntryPoint\",\"urlTemplate\":\"https:\/\/www.lafabbrica.it\/de\/?s={search_term_string}\"},\"query-input\":\"required name=search_term_string\"}],\"inLanguage\":\"de\"},{\"@type\":\"Organization\",\"@id\":\"https:\/\/www.lafabbrica.it\/de\/#organization\",\"name\":\"La Fabbrica AVA\",\"url\":\"https:\/\/www.lafabbrica.it\/de\/\",\"logo\":{\"@type\":\"ImageObject\",\"inLanguage\":\"de\",\"@id\":\"https:\/\/www.lafabbrica.it\/de\/#\/schema\/logo\/image\/\",\"url\":\"https:\/\/www.lafabbrica.it\/wp-content\/uploads\/2023\/08\/Senza-titolo-1.png\",\"contentUrl\":\"https:\/\/www.lafabbrica.it\/wp-content\/uploads\/2023\/08\/Senza-titolo-1.png\",\"width\":567,\"height\":240,\"caption\":\"La Fabbrica AVA\"},\"image\":{\"@id\":\"https:\/\/www.lafabbrica.it\/de\/#\/schema\/logo\/image\/\"}},{\"@type\":\"Person\",\"@id\":\"https:\/\/www.lafabbrica.it\/de\/#\/schema\/person\/9854f3650eab7e4334e66d22de09296a\",\"name\":\"admin\",\"sameAs\":[\"http:\/\/www.lafabbrica.it\"],\"url\":\"https:\/\/www.lafabbrica.it\/de\/author\/admin\/\"}]}<\/script>\n<!-- \/ Yoast SEO plugin. -->","yoast_head_json":{"title":"Moderne Esstische: der materielle Wert von 3D-Oberfl\u00e4chen - La Fabbrica AVA","description":"Im zeitgen\u00f6ssischen Interior Design \u00fcbernehmen moderne Esstische die Rolle echter architektonischer Oberfl\u00e4chen.","robots":{"index":"index","follow":"follow","max-snippet":"max-snippet:-1","max-image-preview":"max-image-preview:large","max-video-preview":"max-video-preview:-1"},"canonical":"https:\/\/www.lafabbrica.it\/de\/moderne-esstische-der-materielle-wert-von-3d-oberflaechen\/","og_locale":"de_DE","og_type":"article","og_title":"Moderne Esstische: der materielle Wert von 3D-Oberfl\u00e4chen - La Fabbrica AVA","og_description":"Im zeitgen\u00f6ssischen Interior Design \u00fcbernehmen moderne Esstische die Rolle echter architektonischer Oberfl\u00e4chen.","og_url":"https:\/\/www.lafabbrica.it\/de\/moderne-esstische-der-materielle-wert-von-3d-oberflaechen\/","og_site_name":"La Fabbrica AVA","article_published_time":"2026-01-23T10:33:12+00:00","article_modified_time":"2026-02-10T09:57:09+00:00","og_image":[{"width":880,"height":860,"url":"https:\/\/www.lafabbrica.it\/wp-content\/uploads\/2026\/01\/listt.jpg","type":"image\/jpeg"}],"author":"admin","twitter_card":"summary_large_image","twitter_misc":{"Verfasst von":"admin","Gesch\u00e4tzte Lesezeit":"6\u00a0Minuten"},"schema":{"@context":"https:\/\/schema.org","@graph":[{"@type":"Article","@id":"https:\/\/www.lafabbrica.it\/de\/moderne-esstische-der-materielle-wert-von-3d-oberflaechen\/#article","isPartOf":{"@id":"https:\/\/www.lafabbrica.it\/de\/moderne-esstische-der-materielle-wert-von-3d-oberflaechen\/"},"author":{"name":"admin","@id":"https:\/\/www.lafabbrica.it\/de\/#\/schema\/person\/9854f3650eab7e4334e66d22de09296a"},"headline":"Moderne Esstische: der materielle Wert von 3D-Oberfl\u00e4chen","datePublished":"2026-01-23T10:33:12+00:00","dateModified":"2026-02-10T09:57:09+00:00","mainEntityOfPage":{"@id":"https:\/\/www.lafabbrica.it\/de\/moderne-esstische-der-materielle-wert-von-3d-oberflaechen\/"},"wordCount":696,"publisher":{"@id":"https:\/\/www.lafabbrica.it\/de\/#organization"},"articleSection":["Blog"],"inLanguage":"de"},{"@type":"WebPage","@id":"https:\/\/www.lafabbrica.it\/de\/moderne-esstische-der-materielle-wert-von-3d-oberflaechen\/","url":"https:\/\/www.lafabbrica.it\/de\/moderne-esstische-der-materielle-wert-von-3d-oberflaechen\/","name":"Moderne Esstische: der materielle Wert von 3D-Oberfl\u00e4chen - La Fabbrica AVA","isPartOf":{"@id":"https:\/\/www.lafabbrica.it\/de\/#website"},"datePublished":"2026-01-23T10:33:12+00:00","dateModified":"2026-02-10T09:57:09+00:00","description":"Im zeitgen\u00f6ssischen Interior Design \u00fcbernehmen moderne Esstische die Rolle echter architektonischer Oberfl\u00e4chen.","breadcrumb":{"@id":"https:\/\/www.lafabbrica.it\/de\/moderne-esstische-der-materielle-wert-von-3d-oberflaechen\/#breadcrumb"},"inLanguage":"de","potentialAction":[{"@type":"ReadAction","target":["https:\/\/www.lafabbrica.it\/de\/moderne-esstische-der-materielle-wert-von-3d-oberflaechen\/"]}]},{"@type":"BreadcrumbList","@id":"https:\/\/www.lafabbrica.it\/de\/moderne-esstische-der-materielle-wert-von-3d-oberflaechen\/#breadcrumb","itemListElement":[{"@type":"ListItem","position":1,"name":"Home","item":"https:\/\/www.lafabbrica.it\/de\/"},{"@type":"ListItem","position":2,"name":"Moderne Esstische: der materielle Wert von 3D-Oberfl\u00e4chen"}]},{"@type":"WebSite","@id":"https:\/\/www.lafabbrica.it\/de\/#website","url":"https:\/\/www.lafabbrica.it\/de\/","name":"La Fabbrica AVA","description":"","publisher":{"@id":"https:\/\/www.lafabbrica.it\/de\/#organization"},"potentialAction":[{"@type":"SearchAction","target":{"@type":"EntryPoint","urlTemplate":"https:\/\/www.lafabbrica.it\/de\/?s={search_term_string}"},"query-input":"required name=search_term_string"}],"inLanguage":"de"},{"@type":"Organization","@id":"https:\/\/www.lafabbrica.it\/de\/#organization","name":"La Fabbrica AVA","url":"https:\/\/www.lafabbrica.it\/de\/","logo":{"@type":"ImageObject","inLanguage":"de","@id":"https:\/\/www.lafabbrica.it\/de\/#\/schema\/logo\/image\/","url":"https:\/\/www.lafabbrica.it\/wp-content\/uploads\/2023\/08\/Senza-titolo-1.png","contentUrl":"https:\/\/www.lafabbrica.it\/wp-content\/uploads\/2023\/08\/Senza-titolo-1.png","width":567,"height":240,"caption":"La Fabbrica AVA"},"image":{"@id":"https:\/\/www.lafabbrica.it\/de\/#\/schema\/logo\/image\/"}},{"@type":"Person","@id":"https:\/\/www.lafabbrica.it\/de\/#\/schema\/person\/9854f3650eab7e4334e66d22de09296a","name":"admin","sameAs":["http:\/\/www.lafabbrica.it"],"url":"https:\/\/www.lafabbrica.it\/de\/author\/admin\/"}]}},"_links":{"self":[{"href":"https:\/\/www.lafabbrica.it\/de\/wp-json\/wp\/v2\/posts\/32049","targetHints":{"allow":["GET"]}}],"collection":[{"href":"https:\/\/www.lafabbrica.it\/de\/wp-json\/wp\/v2\/posts"}],"about":[{"href":"https:\/\/www.lafabbrica.it\/de\/wp-json\/wp\/v2\/types\/post"}],"author":[{"embeddable":true,"href":"https:\/\/www.lafabbrica.it\/de\/wp-json\/wp\/v2\/users\/1"}],"replies":[{"embeddable":true,"href":"https:\/\/www.lafabbrica.it\/de\/wp-json\/wp\/v2\/comments?post=32049"}],"version-history":[{"count":2,"href":"https:\/\/www.lafabbrica.it\/de\/wp-json\/wp\/v2\/posts\/32049\/revisions"}],"predecessor-version":[{"id":32345,"href":"https:\/\/www.lafabbrica.it\/de\/wp-json\/wp\/v2\/posts\/32049\/revisions\/32345"}],"wp:featuredmedia":[{"embeddable":true,"href":"https:\/\/www.lafabbrica.it\/de\/wp-json\/wp\/v2\/media\/32176"}],"wp:attachment":[{"href":"https:\/\/www.lafabbrica.it\/de\/wp-json\/wp\/v2\/media?parent=32049"}],"wp:term":[{"taxonomy":"category","embeddable":true,"href":"https:\/\/www.lafabbrica.it\/de\/wp-json\/wp\/v2\/categories?post=32049"},{"taxonomy":"post_tag","embeddable":true,"href":"https:\/\/www.lafabbrica.it\/de\/wp-json\/wp\/v2\/tags?post=32049"}],"curies":[{"name":"wp","href":"https:\/\/api.w.org\/{rel}","templated":true}]}}