{"id":27173,"date":"2025-06-05T11:23:29","date_gmt":"2025-06-05T10:23:29","guid":{"rendered":"https:\/\/www.lafabbrica.it\/?p=27173"},"modified":"2025-06-06T08:49:55","modified_gmt":"2025-06-06T07:49:55","slug":"die-aesthetik-des-industrial-style-zwischen-pop-art-und-amerikanischen-tv-serien","status":"publish","type":"post","link":"https:\/\/www.lafabbrica.it\/de\/die-aesthetik-des-industrial-style-zwischen-pop-art-und-amerikanischen-tv-serien\/","title":{"rendered":"Die \u00c4sthetik des Industrial Style: Zwischen Pop-Art und amerikanischen TV-Serien"},"content":{"rendered":"\t\t<div data-elementor-type=\"wp-post\" data-elementor-id=\"27173\" class=\"elementor elementor-27173 elementor-27172\" data-elementor-post-type=\"post\">\n\t\t\t\t<div data-dce-background-color=\"#FFFFFF\" class=\"elementor-element elementor-element-99db600 e-con-full e-flex e-con e-parent\" data-id=\"99db600\" data-element_type=\"container\" data-settings=\"{&quot;content_width&quot;:&quot;full&quot;,&quot;background_background&quot;:&quot;classic&quot;}\" data-core-v316-plus=\"true\">\n\t\t\t\t<div class=\"elementor-element elementor-element-af233c5 elementor-widget elementor-widget-heading\" data-id=\"af233c5\" data-element_type=\"widget\" data-widget_type=\"heading.default\">\n\t\t\t\t<div class=\"elementor-widget-container\">\n\t\t\t<h1 class=\"elementor-heading-title elementor-size-default\">Die \u00c4sthetik des Industrial Style: Zwischen Pop-Art und amerikanischen TV-Serien<\/h1>\t\t<\/div>\n\t\t\t\t<\/div>\n\t\t\t\t<div class=\"elementor-element elementor-element-ace6ad3 elementor-widget elementor-widget-heading\" data-id=\"ace6ad3\" data-element_type=\"widget\" data-widget_type=\"heading.default\">\n\t\t\t\t<div class=\"elementor-widget-container\">\n\t\t\t<h2 class=\"elementor-heading-title elementor-size-default\">Pop-Art und Industrial Style: Eine gelungene Verbindung<\/h2>\t\t<\/div>\n\t\t\t\t<\/div>\n\t\t\t\t<div class=\"elementor-element elementor-element-2399bc4 elementor-widget elementor-widget-text-editor\" data-id=\"2399bc4\" data-element_type=\"widget\" data-widget_type=\"text-editor.default\">\n\t\t\t\t<div class=\"elementor-widget-container\">\n\t\t\t\t\t\t\t<strong>Pop-Art und Industrial Style <\/strong><strong>scheinen<\/strong><strong>\u00a0<\/strong><strong>auf<\/strong><strong>\u00a0<\/strong><strong>den<\/strong><strong>\u00a0<\/strong><strong>ersten<\/strong><strong> Blick <\/strong><strong>zwei<\/strong><strong>\u00a0<\/strong><strong>weit<\/strong><strong>\u00a0<\/strong><strong>entfernte<\/strong><strong>\u00a0<\/strong><strong>Welten<\/strong><strong>\u00a0<\/strong><strong>zu<\/strong><strong>\u00a0<\/strong><strong>sein<\/strong><strong>. <\/strong><strong>Tats\u00e4chlich<\/strong><strong>\u00a0<\/strong><strong>bilden<\/strong><strong>\u00a0<\/strong><strong>sie<\/strong><strong>\u00a0<\/strong><strong>eine<\/strong><strong>\u00a0<\/strong><strong>gelungene<\/strong><strong>\u00a0<\/strong><strong>Verbindung<\/strong><strong>\u00a0<\/strong><strong>im<\/strong><strong>\u00a0<\/strong><strong>Interior<\/strong><strong> Design<\/strong>, eine Begegnung von Kunst und urbaner Architektur, die originelle und charakterstarke R\u00e4ume hervorgebracht hat.\r\n\r\n<strong>Die <\/strong><strong>Pop-Art<\/strong><strong>, <\/strong><strong>entstanden<\/strong><strong> in <\/strong><strong>den<\/strong><strong> 1960er <\/strong><strong>Jahren<\/strong><strong>, <\/strong><strong>feiert<\/strong><strong>\u00a0<\/strong><strong>das<\/strong><strong>\u00a0<\/strong><strong>Allt\u00e4gliche<\/strong><strong>\u00a0<\/strong><strong>mit<\/strong><strong>\u00a0<\/strong><strong>lebendigen<\/strong><strong>\u00a0<\/strong><strong>Farben<\/strong><strong> und <\/strong><strong>Bildern<\/strong><strong>\u00a0<\/strong><strong>aus<\/strong><strong>\u00a0<\/strong><strong>der<\/strong><strong>\u00a0<\/strong><strong>Massenkultur<\/strong><strong>.<\/strong> Die Werke von Andy Warhol, Roy Lichtenstein und Keith Haring \u2013 herausragende\u00a0Vertreter\u00a0der\u00a0amerikanischen Pop-Art \u2013 verwandeln\u00a0Konsumg\u00fcter, Comics und Graffiti in ikonische Kunst.\r\n\r\nDer\u00a0<strong>Industrial Style<\/strong>\u00a0im\u00a0Interior Design hingegen\u00a0ist\u00a0inspiriert von New Yorker Lofts und umgenutzten\u00a0Lagerhallen: gro\u00dfe, <strong>offene<\/strong><strong>\u00a0<\/strong><strong>R\u00e4ume<\/strong>, gepr\u00e4gt von rohen\u00a0Materialien und urbaner\u00a0Atmosph\u00e4re.\r\n\r\n<strong>Feinsteinzeugplatten<\/strong><strong>\u00a0<\/strong><strong>mit<\/strong><strong> Beton- <\/strong><strong>oder<\/strong><strong>\u00a0<\/strong><strong>Metalleffekt-Oberfl\u00e4chen<\/strong><strong>\u00a0<\/strong><strong>sind<\/strong><strong>\u00a0<\/strong><strong>ideal<\/strong><strong>, <\/strong><strong>um<\/strong><strong>\u00a0<\/strong><strong>diesen<\/strong><strong> Stil <\/strong><strong>zu<\/strong><strong>\u00a0<\/strong><strong>unterstreichen<\/strong><strong>: <\/strong>widerstandsf\u00e4hig, haptisch und visuell beeindruckend, erinnert es an die gelebten Oberfl\u00e4chen typischer Industrieumgebungen. Gro\u00dfe Platten mit matten oder leicht unregelm\u00e4\u00dfigen Oberfl\u00e4chen verst\u00e4rken die urbane und zeitgen\u00f6ssische \u00c4sthetik und schaffen eine neutrale Basis, die M\u00f6bel und Kunstwerke hervorhebt.\t\t\t\t\t\t<\/div>\n\t\t\t\t<\/div>\n\t\t\t\t<div class=\"elementor-element elementor-element-3a85176 elementor-widget elementor-widget-image\" data-id=\"3a85176\" data-element_type=\"widget\" data-widget_type=\"image.default\">\n\t\t\t\t<div class=\"elementor-widget-container\">\n\t\t\t\t\t\t\t\t\t\t\t\t\t<img fetchpriority=\"high\" decoding=\"async\" width=\"1440\" height=\"811\" src=\"https:\/\/www.lafabbrica.it\/wp-content\/uploads\/2025\/06\/loft-1.jpg\" class=\"attachment-full size-full wp-image-27193\" alt=\"\" srcset=\"https:\/\/www.lafabbrica.it\/wp-content\/uploads\/2025\/06\/loft-1.jpg 1440w, https:\/\/www.lafabbrica.it\/wp-content\/uploads\/2025\/06\/loft-1-300x169.jpg 300w, https:\/\/www.lafabbrica.it\/wp-content\/uploads\/2025\/06\/loft-1-1024x577.jpg 1024w, https:\/\/www.lafabbrica.it\/wp-content\/uploads\/2025\/06\/loft-1-768x433.jpg 768w\" sizes=\"(max-width: 1440px) 100vw, 1440px\" \/>\t\t\t\t\t\t\t\t\t\t\t\t\t<\/div>\n\t\t\t\t<\/div>\n\t\t\t\t<div class=\"elementor-element elementor-element-746b0db elementor-widget elementor-widget-heading\" data-id=\"746b0db\" data-element_type=\"widget\" data-widget_type=\"heading.default\">\n\t\t\t\t<div class=\"elementor-widget-container\">\n\t\t\t<h2 class=\"elementor-heading-title elementor-size-default\">Andy Warhols Factory und ihr visueller Einfluss<\/h2>\t\t<\/div>\n\t\t\t\t<\/div>\n\t\t\t\t<div class=\"elementor-element elementor-element-6e7f467 elementor-widget elementor-widget-text-editor\" data-id=\"6e7f467\" data-element_type=\"widget\" data-widget_type=\"text-editor.default\">\n\t\t\t\t<div class=\"elementor-widget-container\">\n\t\t\t\t\t\t\t<strong>Eines<\/strong><strong>\u00a0<\/strong><strong>der<\/strong><strong>\u00a0<\/strong><strong>pr\u00e4gnantesten<\/strong><strong>\u00a0<\/strong><strong>Beispiele<\/strong><strong>\u00a0<\/strong><strong>f\u00fcr<\/strong><strong> die <\/strong><strong>Verbindung<\/strong><strong> von Pop-Art und <\/strong><strong>Industrieambiente<\/strong><strong>\u00a0<\/strong><strong>ist<\/strong><strong> Andy <\/strong><strong>Warhols<\/strong><strong>\u00a0<\/strong><strong>Factory<\/strong><strong>.<\/strong> Mitte der 1960er Jahre\u00a0verwandelte Warhol eine\u00a0ehemalige\u00a0Industriehalle in New York in sein\u00a0kreatives Studio, das\u00a0er \u201eThe Factory\u201c nannte.\r\n\r\nDieser\u00a0legend\u00e4re\u00a0Ort\u00a0mit\u00a0silberbeschichteten\u00a0W\u00e4nden und sichtbaren\u00a0Rohren war weit\u00a0mehr\u00a0als\u00a0ein Atelier: Er war ein\u00a0Treffpunkt\u00a0f\u00fcr\u00a0K\u00fcnstler, Musiker und Filmstars und verk\u00f6rperte die Idee von <strong>Kunst <\/strong><strong>als<\/strong><strong>\u00a0<\/strong><strong>Industrieprodukt<\/strong><strong>.<\/strong>\r\n\r\nIn der Factory herrschte eine Atmosph\u00e4re kreativer Unkonventionalit\u00e4t, in der <strong>Pop-<\/strong><strong>Ikonen<\/strong>\u00a0wie die Campbell-Suppendosen\u00a0oder\u00a0das\u00a0Gesicht von Marilyn Monroe in Serien-Siebdrucken fast wie von einem\u00a0k\u00fcnstlerischen\u00a0Flie\u00dfband\u00a0entstanden.\r\n\r\nDas Ambiente selbst \u2013 ein\u00a0rohes Loft mit\u00a0Betonboden und Backsteinw\u00e4nden \u2013 bildete die perfekte\u00a0<strong>industrielle<\/strong><strong>\u00a0<\/strong><strong>Kulisse<\/strong>\u00a0f\u00fcr\u00a0Warhols Pop-Kreationen. Seine Factory\u00a0hatte\u00a0enormen\u00a0<strong>visuellen<\/strong><strong>\u00a0<\/strong><strong>Einfluss<\/strong>: Sie\u00a0zeigte, wie\u00a0ein Industrie-Raum zur Brutst\u00e4tte\u00a0avantgardistischer Kunst werden\u00a0kann, indem\u00a0sie\u00a0Kreativit\u00e4t und \u201eraw\u201c-Atmosph\u00e4re\u00a0verbindet.\t\t\t\t\t\t<\/div>\n\t\t\t\t<\/div>\n\t\t\t\t<div class=\"elementor-element elementor-element-80ac150 elementor-widget elementor-widget-heading\" data-id=\"80ac150\" data-element_type=\"widget\" data-widget_type=\"heading.default\">\n\t\t\t\t<div class=\"elementor-widget-container\">\n\t\t\t<h3 class=\"elementor-heading-title elementor-size-default\">Die Verbreitung der Pop-Art durch Lichtenstein und Haring<\/h3>\t\t<\/div>\n\t\t\t\t<\/div>\n\t\t\t\t<div class=\"elementor-element elementor-element-12be81f elementor-widget elementor-widget-text-editor\" data-id=\"12be81f\" data-element_type=\"widget\" data-widget_type=\"text-editor.default\">\n\t\t\t\t<div class=\"elementor-widget-container\">\n\t\t\t\t\t\t\t<strong>Gleichzeitig<\/strong><strong>\u00a0<\/strong><strong>lie\u00dfen<\/strong><strong>\u00a0<\/strong><strong>sich<\/strong><strong>\u00a0<\/strong><strong>K\u00fcnstler<\/strong><strong>\u00a0<\/strong><strong>wie<\/strong><strong>\u00a0<\/strong><strong>Roy<\/strong><strong> Lichtenstein und Keith Haring von <\/strong><strong>der<\/strong><strong>\u00a0<\/strong><strong>Stadt<\/strong><strong> und <\/strong><strong>ihren<\/strong><strong>\u00a0<\/strong><strong>visuellen<\/strong><strong>\u00a0<\/strong><strong>Elementen<\/strong><strong>\u00a0<\/strong><strong>inspirieren<\/strong><strong>.<\/strong> Lichtenstein brachte Comics auf Leinw\u00e4nde mit seinen fl\u00e4chigen, gepunkteten Gem\u00e4lden, w\u00e4hrend Haring seine dynamischen Figuren auf U-Bahn-W\u00e4nde malte.\r\n\r\nDiese\u00a0Werke \u2013 farbenfroh, grafisch, sofort\u00a0erkennbar \u2013 verk\u00f6rperten die <strong>Merkmale<\/strong><strong>\u00a0<\/strong><strong>der<\/strong><strong> Pop-Art<\/strong> (leuchtende Farben, klare Linien, Pop-Symbole) und erschienen oft in heruntergekommenen urbanen Kontexten, <strong>Industriefl\u00e4chen<\/strong>\u00a0oder\u00a0auf\u00a0Stadtstra\u00dfen.\t\t\t\t\t\t<\/div>\n\t\t\t\t<\/div>\n\t\t\t\t<div class=\"elementor-element elementor-element-dde4849 elementor-widget elementor-widget-image\" data-id=\"dde4849\" data-element_type=\"widget\" data-widget_type=\"image.default\">\n\t\t\t\t<div class=\"elementor-widget-container\">\n\t\t\t\t\t\t\t\t\t\t\t\t\t<img decoding=\"async\" width=\"1440\" height=\"811\" src=\"https:\/\/www.lafabbrica.it\/wp-content\/uploads\/2025\/06\/BATH.jpg\" class=\"attachment-full size-full wp-image-27242\" alt=\"\" srcset=\"https:\/\/www.lafabbrica.it\/wp-content\/uploads\/2025\/06\/BATH.jpg 1440w, https:\/\/www.lafabbrica.it\/wp-content\/uploads\/2025\/06\/BATH-300x169.jpg 300w, https:\/\/www.lafabbrica.it\/wp-content\/uploads\/2025\/06\/BATH-1024x577.jpg 1024w, https:\/\/www.lafabbrica.it\/wp-content\/uploads\/2025\/06\/BATH-768x433.jpg 768w\" sizes=\"(max-width: 1440px) 100vw, 1440px\" \/>\t\t\t\t\t\t\t\t\t\t\t\t\t<\/div>\n\t\t\t\t<\/div>\n\t\t\t\t<div class=\"elementor-element elementor-element-c30e70e elementor-widget elementor-widget-heading\" data-id=\"c30e70e\" data-element_type=\"widget\" data-widget_type=\"heading.default\">\n\t\t\t\t<div class=\"elementor-widget-container\">\n\t\t\t<h3 class=\"elementor-heading-title elementor-size-default\">Industriem\u00f6bel: Die Merkmale des Stils<\/h3>\t\t<\/div>\n\t\t\t\t<\/div>\n\t\t\t\t<div class=\"elementor-element elementor-element-b3fb2ad elementor-widget elementor-widget-text-editor\" data-id=\"b3fb2ad\" data-element_type=\"widget\" data-widget_type=\"text-editor.default\">\n\t\t\t\t<div class=\"elementor-widget-container\">\n\t\t\t\t\t\t\tDer\u00a0<strong>Industrial Style <\/strong>entstand aus der Faszination f\u00fcr alte urbane Geb\u00e4ude, die zu Wohnungen umgebaut wurden: stillgelegte Fabriken, Lagerh\u00e4user, Werkst\u00e4tten, die zu Lofts und Ateliers werden.\r\n\r\nWas sind die Merkmale des Industrial Style? Im Allgemeinen bevorzugt dieser Stil rohe und funktionale Elemente, offene R\u00e4ume und recycelte M\u00f6bel.\r\n\r\nHier\u00a0einige\u00a0markante\u00a0Merkmale:\r\n<ul>\r\n \t<li><strong>Offene<\/strong><strong>\u00a0<\/strong><strong>R\u00e4ume<\/strong>: Wohnungen im Industrial Style sind oft gro\u00dfz\u00fcgige, luftige Open Spaces mit wenigen Trennw\u00e4nden. Wohnbereich, K\u00fcche und manchmal auch das Schlafzimmer befinden sich in einem einzigen Raum.<\/li>\r\n \t<li><strong>Sichtbare<\/strong><strong>, <\/strong><strong>rohe<\/strong><strong>\u00a0<\/strong><strong>Materialien<\/strong>: Backstein, Beton und Metall stehen im Mittelpunkt. Sichtmauerwerk oder roher Beton an den W\u00e4nden, B\u00f6den aus Beton oder abgenutztem Holz, freiliegende Rohre und Metalltr\u00e4ger verleihen den typischen \u201eunfinished\u201c-Charakter.<\/li>\r\n \t<li><strong>Neutrale <\/strong><strong>Farbpalette<\/strong><strong> und <\/strong><strong>dunkle<\/strong><strong>\u00a0<\/strong><strong>T\u00f6ne<\/strong>: Die vorherrschenden Farben im Industrial Style sind neutral und erdig. Beton-Grau, Rostbraun, Eisen-Schwarz und schmutziges Wei\u00df dominieren den Raum.<\/li>\r\n \t<li><strong>Funktionale<\/strong><strong> und Vintage-<\/strong><strong>M\u00f6bel<\/strong>: Der Industrial Style liebt Vintage- und Recyclingobjekte. Metallm\u00f6bel\u00a0im Retro-Look, Spinde\u00a0wie\u00a0aus\u00a0alten\u00a0Werkst\u00e4tten, Massivholztische\u00a0mit\u00a0Gusseisenr\u00e4dern, Laborhocker, alte Werbeschilder\u00a0aus\u00a0Blech, gro\u00dfe Fabrik-Pendelleuchten\u00a0mit\u00a0Gl\u00fchfadenlampen.<\/li>\r\n \t<li><strong>Werkstattbeleuchtung<\/strong>: Wichtig\u00a0f\u00fcr die Atmosph\u00e4re. Gro\u00dfe\u00a0Metallpendelleuchten, umfunktionierte\u00a0Theaterscheinwerfer, Wandleuchten\u00a0aus\u00a0Wasserrohren\u00a0geh\u00f6ren zur \u00c4sthetik. Das\u00a0Licht\u00a0ist\u00a0warm, aber\u00a0direkt und hebt die rauen\u00a0Texturen\u00a0hervor.<\/li>\r\n<\/ul>\t\t\t\t\t\t<\/div>\n\t\t\t\t<\/div>\n\t\t\t\t<div class=\"elementor-element elementor-element-048cb19 elementor-widget elementor-widget-heading\" data-id=\"048cb19\" data-element_type=\"widget\" data-widget_type=\"heading.default\">\n\t\t\t\t<div class=\"elementor-widget-container\">\n\t\t\t<h2 class=\"elementor-heading-title elementor-size-default\">Die Rolle von Farben und Pop-Ikonen in Industrie-R\u00e4umen<\/h2>\t\t<\/div>\n\t\t\t\t<\/div>\n\t\t\t\t<div class=\"elementor-element elementor-element-15f5678 elementor-widget elementor-widget-text-editor\" data-id=\"15f5678\" data-element_type=\"widget\" data-widget_type=\"text-editor.default\">\n\t\t\t\t<div class=\"elementor-widget-container\">\n\t\t\t\t\t\t\t<strong>In <\/strong><strong>einem<\/strong><strong>\u00a0<\/strong><strong>neutral<\/strong><strong>\u00a0<\/strong><strong>gehaltenen<\/strong><strong> Industrie-Loft <\/strong><strong>kann<\/strong><strong>\u00a0<\/strong><strong>das<\/strong><strong>\u00a0<\/strong><strong>Hinzuf\u00fcgen<\/strong><strong> von <\/strong><strong>kr\u00e4ftigen<\/strong><strong>\u00a0<\/strong><strong>Farben<\/strong><strong> und Pop-<\/strong><strong>Referenzen<\/strong><strong>\u00a0<\/strong><strong>den<\/strong><strong>\u00a0<\/strong><strong>Raum<\/strong><strong>\u00a0<\/strong><strong>verwandeln<\/strong><strong> und <\/strong><strong>ihm<\/strong><strong>\u00a0<\/strong><strong>Charakter<\/strong><strong>\u00a0<\/strong><strong>verleihen<\/strong><strong>.<\/strong> Die Rolle von Farben und Pop-Ikonen ist entscheidend, um spannende Kontraste zu schaffen.\r\n\r\nMan denke an einen\u00a0gro\u00dfen\u00a0<strong>Open Space<\/strong>\u00a0mit\u00a0Betonw\u00e4nden und sichtbaren\u00a0Metallrohren: Ein Pop-Art-Gem\u00e4lde\u00a0mit\u00a0Lichtensteins\u00a0typischen Comics oder\u00a0ein Warhol-Marilyn-Print, an einer\u00a0dieser\u00a0rohen\u00a0W\u00e4nde\u00a0aufgeh\u00e4ngt, wird\u00a0sofort zum Mittelpunkt\u00a0des\u00a0Raums.\t\t\t\t\t\t<\/div>\n\t\t\t\t<\/div>\n\t\t\t\t<div class=\"elementor-element elementor-element-3ec7cb8 elementor-widget elementor-widget-heading\" data-id=\"3ec7cb8\" data-element_type=\"widget\" data-widget_type=\"heading.default\">\n\t\t\t\t<div class=\"elementor-widget-container\">\n\t\t\t<h3 class=\"elementor-heading-title elementor-size-default\">Wie man ein Wohnzimmer im Industrial Style mit Pop-Art-Akzenten einrichtet<\/h3>\t\t<\/div>\n\t\t\t\t<\/div>\n\t\t\t\t<div class=\"elementor-element elementor-element-b37fbe0 elementor-widget elementor-widget-text-editor\" data-id=\"b37fbe0\" data-element_type=\"widget\" data-widget_type=\"text-editor.default\">\n\t\t\t\t<div class=\"elementor-widget-container\">\n\t\t\t\t\t\t\t<strong>In einem\u00a0industriellen\u00a0Wohnzimmer\u00a0kann\u00a0ein\u00a0schwarzes\u00a0Ledersofa\u00a0durch\u00a0neonfarbene\u00a0Kissen\u00a0oder Pop-Art-Drucke\u00a0aufgepeppt\u00a0werden.\r\n<\/strong>Auch kleine Vintage-Objekte aus der Popkultur machen den Unterschied: etwa eine alte Jukebox, eine E-Gitarre an der Wand, ein Neon-Schild im Miami-Vice-Stil der 80er oder emaillierte Coca-Cola-Blechschild-Werbetafeln.\r\n\r\n<strong>Die <\/strong><strong>kr\u00e4ftigen<\/strong><strong>\u00a0<\/strong><strong>Farben<\/strong><strong>\u00a0<\/strong><strong>der<\/strong><strong> Pop-Art (Rot, <\/strong><strong>Gelb<\/strong><strong>, <\/strong><strong>Prim\u00e4rblau<\/strong><strong>)<\/strong>\u00a0stechen\u00a0vor\u00a0der\u00a0Kulisse\u00a0aus\u00a0Backstein und Beton hervor und verleihen dem Raum Energie, ohne\u00a0ihn\u00a0zu\u00a0\u00fcberladen.\t\t\t\t\t\t<\/div>\n\t\t\t\t<\/div>\n\t\t\t\t<div class=\"elementor-element elementor-element-362ae55 elementor-widget elementor-widget-image\" data-id=\"362ae55\" data-element_type=\"widget\" data-widget_type=\"image.default\">\n\t\t\t\t<div class=\"elementor-widget-container\">\n\t\t\t\t\t\t\t\t\t\t\t\t\t<img decoding=\"async\" width=\"1440\" height=\"811\" src=\"https:\/\/www.lafabbrica.it\/wp-content\/uploads\/2025\/06\/loft-3.jpg\" class=\"attachment-full size-full wp-image-27201\" alt=\"\" srcset=\"https:\/\/www.lafabbrica.it\/wp-content\/uploads\/2025\/06\/loft-3.jpg 1440w, https:\/\/www.lafabbrica.it\/wp-content\/uploads\/2025\/06\/loft-3-300x169.jpg 300w, https:\/\/www.lafabbrica.it\/wp-content\/uploads\/2025\/06\/loft-3-1024x577.jpg 1024w, https:\/\/www.lafabbrica.it\/wp-content\/uploads\/2025\/06\/loft-3-768x433.jpg 768w\" sizes=\"(max-width: 1440px) 100vw, 1440px\" \/>\t\t\t\t\t\t\t\t\t\t\t\t\t<\/div>\n\t\t\t\t<\/div>\n\t\t\t\t<div class=\"elementor-element elementor-element-3fb9c9a elementor-widget elementor-widget-heading\" data-id=\"3fb9c9a\" data-element_type=\"widget\" data-widget_type=\"heading.default\">\n\t\t\t\t<div class=\"elementor-widget-container\">\n\t\t\t<h2 class=\"elementor-heading-title elementor-size-default\">Das \u00e4sthetische Bild amerikanischer TV-Serien<\/h2>\t\t<\/div>\n\t\t\t\t<\/div>\n\t\t\t\t<div class=\"elementor-element elementor-element-0cfb974 elementor-widget elementor-widget-text-editor\" data-id=\"0cfb974\" data-element_type=\"widget\" data-widget_type=\"text-editor.default\">\n\t\t\t\t<div class=\"elementor-widget-container\">\n\t\t\t\t\t\t\t<p><strong>In <\/strong><strong>den<\/strong><strong> 80er und 90er <\/strong><strong>Jahren<\/strong><strong>\u00a0<\/strong><strong>trugen<\/strong><strong> viele <\/strong><strong>amerikanische<\/strong><strong> TV-<\/strong><strong>Serien<\/strong><strong>\u00a0<\/strong><strong>dazu<\/strong><strong> bei, <\/strong><strong>eine<\/strong><strong>\u00a0<\/strong><strong>bestimmte<\/strong><strong>\u00a0<\/strong><strong>\u00e4sthetische<\/strong>\u00a0Vorstellung\u00a0zu\u00a0verbreiten, die urbane R\u00e4ume, Pop-Art und Industrial Style mischt und das\u00a0internationale\u00a0Publikum\u00a0fasziniert.<\/p>\n\t\t\t\t\t\t<\/div>\n\t\t\t\t<\/div>\n\t\t\t\t<\/div>\n\t\t<div data-dce-background-color=\"#F7F7F8\" class=\"elementor-element elementor-element-d3c0ce1 e-con-full e-flex e-con e-parent\" data-id=\"d3c0ce1\" data-element_type=\"container\" data-settings=\"{&quot;content_width&quot;:&quot;full&quot;,&quot;background_background&quot;:&quot;classic&quot;}\" data-core-v316-plus=\"true\">\n\t\t<div class=\"elementor-element elementor-element-1636cdb e-flex e-con-boxed e-con e-child\" data-id=\"1636cdb\" data-element_type=\"container\" data-settings=\"{&quot;content_width&quot;:&quot;boxed&quot;}\">\n\t\t\t\t\t<div class=\"e-con-inner\">\n\t\t<div class=\"elementor-element elementor-element-ad3018d e-con-full e-flex e-con e-child\" data-id=\"ad3018d\" data-element_type=\"container\" data-settings=\"{&quot;content_width&quot;:&quot;full&quot;}\">\n\t\t\t\t<div class=\"elementor-element elementor-element-8f1e566 elementor-widget elementor-widget-image\" data-id=\"8f1e566\" data-element_type=\"widget\" data-widget_type=\"image.default\">\n\t\t\t\t<div class=\"elementor-widget-container\">\n\t\t\t\t\t\t\t\t\t\t\t\t\t<img loading=\"lazy\" decoding=\"async\" width=\"800\" height=\"1100\" src=\"https:\/\/www.lafabbrica.it\/wp-content\/uploads\/2025\/06\/v1.jpg\" class=\"attachment-full size-full wp-image-27256\" alt=\"\" srcset=\"https:\/\/www.lafabbrica.it\/wp-content\/uploads\/2025\/06\/v1.jpg 800w, https:\/\/www.lafabbrica.it\/wp-content\/uploads\/2025\/06\/v1-218x300.jpg 218w, https:\/\/www.lafabbrica.it\/wp-content\/uploads\/2025\/06\/v1-745x1024.jpg 745w, https:\/\/www.lafabbrica.it\/wp-content\/uploads\/2025\/06\/v1-768x1056.jpg 768w\" sizes=\"(max-width: 800px) 100vw, 800px\" \/>\t\t\t\t\t\t\t\t\t\t\t\t\t<\/div>\n\t\t\t\t<\/div>\n\t\t\t\t<\/div>\n\t\t<div class=\"elementor-element elementor-element-bce2513 e-con-full e-flex e-con e-child\" data-id=\"bce2513\" data-element_type=\"container\" data-settings=\"{&quot;content_width&quot;:&quot;full&quot;}\">\n\t\t\t\t<div class=\"elementor-element elementor-element-ff24a59 elementor-widget elementor-widget-heading\" data-id=\"ff24a59\" data-element_type=\"widget\" data-widget_type=\"heading.default\">\n\t\t\t\t<div class=\"elementor-widget-container\">\n\t\t\t<h3 class=\"elementor-heading-title elementor-size-default\">Miami Vice<\/h3>\t\t<\/div>\n\t\t\t\t<\/div>\n\t\t\t\t<div class=\"elementor-element elementor-element-61b66a4 elementor-widget elementor-widget-text-editor\" data-id=\"61b66a4\" data-element_type=\"widget\" data-widget_type=\"text-editor.default\">\n\t\t\t\t<div class=\"elementor-widget-container\">\n\t\t\t\t\t\t\t<p><strong style=\"font-size: 16px;\">Man <\/strong><strong style=\"font-size: 16px;\">denke<\/strong><strong style=\"font-size: 16px;\"> an Miami Vice: Die Serie war <\/strong><strong style=\"font-size: 16px;\">ber\u00fchmt<\/strong><strong style=\"font-size: 16px;\">\u00a0<\/strong><strong style=\"font-size: 16px;\">f\u00fcr<\/strong><strong style=\"font-size: 16px;\">\u00a0<\/strong><strong style=\"font-size: 16px;\">ihre<\/strong><strong style=\"font-size: 16px;\">\u00a0<\/strong><strong style=\"font-size: 16px;\">Pastell<\/strong><strong style=\"font-size: 16px;\">&#8211; und <\/strong><strong style=\"font-size: 16px;\">Neonfarben<\/strong><strong style=\"font-size: 16px;\">, <\/strong><strong style=\"font-size: 16px;\">Interieurs<\/strong><strong style=\"font-size: 16px;\">\u00a0<\/strong><strong style=\"font-size: 16px;\">mit<\/strong><strong style=\"font-size: 16px;\"> Art-d\u00e9co-<\/strong><strong style=\"font-size: 16px;\">Details<\/strong><strong style=\"font-size: 16px;\"> und <\/strong><strong style=\"font-size: 16px;\">Neonlichter<\/strong><strong style=\"font-size: 16px;\">, die <\/strong><strong style=\"font-size: 16px;\">die<\/strong><strong style=\"font-size: 16px;\">\u00a0<\/strong><strong style=\"font-size: 16px;\">Nachtszenen<\/strong><strong style=\"font-size: 16px;\"> von Miami in Rosa und <\/strong><strong style=\"font-size: 16px;\">Blau<\/strong><strong style=\"font-size: 16px;\">\u00a0<\/strong><strong style=\"font-size: 16px;\">tauchten<\/strong><strong style=\"font-size: 16px;\">. <\/strong><span style=\"font-size: 16px;\">Ihr\u00a0visueller\u00a0Einfluss \u2013 von auff\u00e4lligen\u00a0Sportwagen bis zu\u00a0leuchtenden\u00a0Schildern \u2013 machte\u00a0mutige\u00a0Deko-Elemente\u00a0wie Neon sp\u00e4ter\u00a0auch\u00a0im Industrial Chic popul\u00e4r.<\/span><\/p>\n\t\t\t\t\t\t<\/div>\n\t\t\t\t<\/div>\n\t\t\t\t<\/div>\n\t\t\t\t\t<\/div>\n\t\t\t\t<\/div>\n\t\t<div class=\"elementor-element elementor-element-e3faaaf e-flex e-con-boxed e-con e-child\" data-id=\"e3faaaf\" data-element_type=\"container\" data-settings=\"{&quot;content_width&quot;:&quot;boxed&quot;}\">\n\t\t\t\t\t<div class=\"e-con-inner\">\n\t\t<div class=\"elementor-element elementor-element-492f299 e-con-full e-flex e-con e-child\" data-id=\"492f299\" data-element_type=\"container\" data-settings=\"{&quot;content_width&quot;:&quot;full&quot;}\">\n\t\t\t\t<div class=\"elementor-element elementor-element-451370d elementor-widget elementor-widget-heading\" data-id=\"451370d\" data-element_type=\"widget\" data-widget_type=\"heading.default\">\n\t\t\t\t<div class=\"elementor-widget-container\">\n\t\t\t<h3 class=\"elementor-heading-title elementor-size-default\">Moonlighting<\/h3>\t\t<\/div>\n\t\t\t\t<\/div>\n\t\t\t\t<div class=\"elementor-element elementor-element-c1667bb elementor-widget elementor-widget-text-editor\" data-id=\"c1667bb\" data-element_type=\"widget\" data-widget_type=\"text-editor.default\">\n\t\t\t\t<div class=\"elementor-widget-container\">\n\t\t\t\t\t\t\t<p><strong>Andererseits\u00a0brachte\u00a0Moonlighting (in Deutschland als\u00a0Das Model und der\u00a0Schn\u00fcffler\u00a0bekannt) einen Mix aus\u00a0Eleganz und Modernit\u00e4t\u00a0auf\u00a0den\u00a0Bildschirm:<\/strong> Maddie Hayes\u2019 Detektei zeigte moderne B\u00fcros mit gro\u00dfen urbanen Fenstern und manchmal moderner Kunst an den W\u00e4nden.<\/p>\n\t\t\t\t\t\t<\/div>\n\t\t\t\t<\/div>\n\t\t\t\t<\/div>\n\t\t<div class=\"elementor-element elementor-element-1b8be73 e-con-full e-flex e-con e-child\" data-id=\"1b8be73\" data-element_type=\"container\" data-settings=\"{&quot;content_width&quot;:&quot;full&quot;}\">\n\t\t\t\t<div class=\"elementor-element elementor-element-073cdbb elementor-widget elementor-widget-image\" data-id=\"073cdbb\" data-element_type=\"widget\" data-widget_type=\"image.default\">\n\t\t\t\t<div class=\"elementor-widget-container\">\n\t\t\t\t\t\t\t\t\t\t\t\t\t<img loading=\"lazy\" decoding=\"async\" width=\"800\" height=\"1100\" src=\"https:\/\/www.lafabbrica.it\/wp-content\/uploads\/2025\/06\/v3.jpg\" class=\"attachment-full size-full wp-image-27264\" alt=\"\" srcset=\"https:\/\/www.lafabbrica.it\/wp-content\/uploads\/2025\/06\/v3.jpg 800w, https:\/\/www.lafabbrica.it\/wp-content\/uploads\/2025\/06\/v3-218x300.jpg 218w, https:\/\/www.lafabbrica.it\/wp-content\/uploads\/2025\/06\/v3-745x1024.jpg 745w, https:\/\/www.lafabbrica.it\/wp-content\/uploads\/2025\/06\/v3-768x1056.jpg 768w\" sizes=\"(max-width: 800px) 100vw, 800px\" \/>\t\t\t\t\t\t\t\t\t\t\t\t\t<\/div>\n\t\t\t\t<\/div>\n\t\t\t\t<\/div>\n\t\t\t\t\t<\/div>\n\t\t\t\t<\/div>\n\t\t<div class=\"elementor-element elementor-element-507d74e e-flex e-con-boxed e-con e-child\" data-id=\"507d74e\" data-element_type=\"container\" data-settings=\"{&quot;content_width&quot;:&quot;boxed&quot;}\">\n\t\t\t\t\t<div class=\"e-con-inner\">\n\t\t<div class=\"elementor-element elementor-element-e0c320c e-con-full e-flex e-con e-child\" data-id=\"e0c320c\" data-element_type=\"container\" data-settings=\"{&quot;content_width&quot;:&quot;full&quot;}\">\n\t\t\t\t<div class=\"elementor-element elementor-element-024ac76 elementor-widget elementor-widget-image\" data-id=\"024ac76\" data-element_type=\"widget\" data-widget_type=\"image.default\">\n\t\t\t\t<div class=\"elementor-widget-container\">\n\t\t\t\t\t\t\t\t\t\t\t\t\t<img loading=\"lazy\" decoding=\"async\" width=\"800\" height=\"1100\" src=\"https:\/\/www.lafabbrica.it\/wp-content\/uploads\/2025\/06\/v2.jpg\" class=\"attachment-full size-full wp-image-27260\" alt=\"\" srcset=\"https:\/\/www.lafabbrica.it\/wp-content\/uploads\/2025\/06\/v2.jpg 800w, https:\/\/www.lafabbrica.it\/wp-content\/uploads\/2025\/06\/v2-218x300.jpg 218w, https:\/\/www.lafabbrica.it\/wp-content\/uploads\/2025\/06\/v2-745x1024.jpg 745w, https:\/\/www.lafabbrica.it\/wp-content\/uploads\/2025\/06\/v2-768x1056.jpg 768w\" sizes=\"(max-width: 800px) 100vw, 800px\" \/>\t\t\t\t\t\t\t\t\t\t\t\t\t<\/div>\n\t\t\t\t<\/div>\n\t\t\t\t<\/div>\n\t\t<div class=\"elementor-element elementor-element-b4eb40a e-con-full e-flex e-con e-child\" data-id=\"b4eb40a\" data-element_type=\"container\" data-settings=\"{&quot;content_width&quot;:&quot;full&quot;}\">\n\t\t\t\t<div class=\"elementor-element elementor-element-cd5684f elementor-widget elementor-widget-heading\" data-id=\"cd5684f\" data-element_type=\"widget\" data-widget_type=\"heading.default\">\n\t\t\t\t<div class=\"elementor-widget-container\">\n\t\t\t<h3 class=\"elementor-heading-title elementor-size-default\">Magnum P.I.<\/h3>\t\t<\/div>\n\t\t\t\t<\/div>\n\t\t\t\t<div class=\"elementor-element elementor-element-ba1acb8 elementor-widget elementor-widget-text-editor\" data-id=\"ba1acb8\" data-element_type=\"widget\" data-widget_type=\"text-editor.default\">\n\t\t\t\t<div class=\"elementor-widget-container\">\n\t\t\t\t\t\t\t<strong>Und <\/strong><strong>dann<\/strong><strong> war da <\/strong><strong>noch<\/strong><strong> Magnum P.I.: <\/strong><strong>auf<\/strong><strong> Hawaii<\/strong>\u00a0<strong>angesiedelt<\/strong>, fernab\u00a0urbaner\u00a0Fabriken, aber\u00a0ikonisch\u00a0f\u00fcr die Pop-\u00c4sthetik\u00a0der 80er. Die Villa von Robin Masters, in der Magnum lebte, war tropisch\u00a0eingerichtet, aber\u00a0das\u00a0ikonische Ensemble aus\u00a0<strong>rotem<\/strong><strong> Ferrari<\/strong>, bunten\u00a0Hawaiihemden, Postern und Popkultur-Referenzen\u00a0pr\u00e4gte\u00a0das\u00a0kollektive Bild.\r\n\r\n<strong>Auch<\/strong><strong> in <\/strong><strong>anderem<\/strong><strong>\u00a0<\/strong><strong>Kontext<\/strong><strong>\u00a0<\/strong><strong>trug<\/strong><strong> Magnum P.I. <\/strong><strong>dazu<\/strong><strong> bei, die <\/strong><strong>Faszination<\/strong><strong>\u00a0<\/strong><strong>f\u00fcr<\/strong><strong>\u00a0<\/strong><strong>den<\/strong><strong> Mix <\/strong><strong>aus<\/strong><strong> Vintage-<\/strong><strong>Elementen<\/strong><strong>, <\/strong><strong>kr\u00e4ftigen<\/strong><strong>\u00a0<\/strong><strong>Farben<\/strong><strong> und <\/strong><strong>Kultobjekten<\/strong><strong>\u00a0<\/strong><strong>zu<\/strong><strong>\u00a0<\/strong><strong>festigen<\/strong><strong>.<\/strong>\t\t\t\t\t\t<\/div>\n\t\t\t\t<\/div>\n\t\t\t\t<\/div>\n\t\t\t\t\t<\/div>\n\t\t\t\t<\/div>\n\t\t\t\t<\/div>\n\t\t<div class=\"elementor-element elementor-element-1652870 e-con-full e-flex e-con e-parent\" data-id=\"1652870\" data-element_type=\"container\" data-settings=\"{&quot;content_width&quot;:&quot;full&quot;}\" data-core-v316-plus=\"true\">\n\t\t\t\t<div class=\"elementor-element elementor-element-130366a elementor-widget elementor-widget-heading\" data-id=\"130366a\" data-element_type=\"widget\" data-widget_type=\"heading.default\">\n\t\t\t\t<div class=\"elementor-widget-container\">\n\t\t\t<h2 class=\"elementor-heading-title elementor-size-default\">Keramik und Industrial Style: Texturen und Oberfl\u00e4chen mit Geschichte<\/h2>\t\t<\/div>\n\t\t\t\t<\/div>\n\t\t\t\t<div class=\"elementor-element elementor-element-be75bff elementor-widget elementor-widget-text-editor\" data-id=\"be75bff\" data-element_type=\"widget\" data-widget_type=\"text-editor.default\">\n\t\t\t\t<div class=\"elementor-widget-container\">\n\t\t\t\t\t\t\t<strong>Heute<\/strong><strong>\u00a0<\/strong><strong>l\u00e4sst<\/strong><strong>\u00a0<\/strong><strong>sich<\/strong><strong> die <\/strong><strong>faszinierende<\/strong><strong>\u00a0<\/strong><strong>Atmosph\u00e4re<\/strong><strong>\u00a0<\/strong><strong>des<\/strong><strong> Industrial Style, <\/strong><strong>bereichert<\/strong><strong>\u00a0<\/strong><strong>um<\/strong><strong> Pop-Art-<\/strong><strong>Elemente<\/strong>, dank\u00a0moderner\u00a0keramischer\u00a0Materialien\u00a0leichter\u00a0denn je ins\u00a0eigene\u00a0Zuhause\u00a0holen. Besonders die Kollektionen von <strong>La Fabbrica AVA<\/strong> \u2013 KIST, KIST LUX, Skyline, Hurban und Le Malte \u2013 interpretieren\u00a0diese\u00a0Bildwelt\u00a0visuell und materiell\u00a0neu, mit\u00a0<strong>Texturen<\/strong><strong> und <\/strong><strong>Oberfl\u00e4chen<\/strong>, die Geschichten erz\u00e4hlen.\r\n\r\nJede\u00a0Linie\u00a0evoziert\u00a0ein\u00a0zentrales\u00a0Element\u00a0der Industrial-Pop-\u00c4sthetik\u00a0durch\u00a0<strong>Beton-, <\/strong><strong>Metall<\/strong><strong>&#8211; <\/strong><strong>oder<\/strong><strong>\u00a0<\/strong><strong>Harzoptik<\/strong>, mit\u00a0viel\u00a0Liebe zum Detail.\t\t\t\t\t\t<\/div>\n\t\t\t\t<\/div>\n\t\t\t\t<\/div>\n\t\t<div class=\"elementor-element elementor-element-5ebdd55 e-con-full e-flex e-con e-parent\" data-id=\"5ebdd55\" data-element_type=\"container\" data-settings=\"{&quot;content_width&quot;:&quot;full&quot;}\" data-core-v316-plus=\"true\">\n\t\t\t\t<div class=\"elementor-element elementor-element-43a3f47 elementor-widget elementor-widget-image\" data-id=\"43a3f47\" data-element_type=\"widget\" data-widget_type=\"image.default\">\n\t\t\t\t<div class=\"elementor-widget-container\">\n\t\t\t\t\t\t\t\t\t\t\t\t\t<img loading=\"lazy\" decoding=\"async\" width=\"1440\" height=\"811\" src=\"https:\/\/www.lafabbrica.it\/wp-content\/uploads\/2025\/06\/loft.jpg\" class=\"attachment-full size-full wp-image-27249\" alt=\"\" srcset=\"https:\/\/www.lafabbrica.it\/wp-content\/uploads\/2025\/06\/loft.jpg 1440w, https:\/\/www.lafabbrica.it\/wp-content\/uploads\/2025\/06\/loft-300x169.jpg 300w, https:\/\/www.lafabbrica.it\/wp-content\/uploads\/2025\/06\/loft-1024x577.jpg 1024w, https:\/\/www.lafabbrica.it\/wp-content\/uploads\/2025\/06\/loft-768x433.jpg 768w\" sizes=\"(max-width: 1440px) 100vw, 1440px\" \/>\t\t\t\t\t\t\t\t\t\t\t\t\t<\/div>\n\t\t\t\t<\/div>\n\t\t\t\t<\/div>\n\t\t<div class=\"elementor-element elementor-element-9b45e18 e-flex e-con-boxed e-con e-parent\" data-id=\"9b45e18\" data-element_type=\"container\" data-settings=\"{&quot;content_width&quot;:&quot;boxed&quot;}\" data-core-v316-plus=\"true\">\n\t\t\t\t\t<div class=\"e-con-inner\">\n\t\t\t\t<div class=\"elementor-element elementor-element-db27c4c elementor-widget elementor-widget-heading\" data-id=\"db27c4c\" data-element_type=\"widget\" data-widget_type=\"heading.default\">\n\t\t\t\t<div class=\"elementor-widget-container\">\n\t\t\t<h3 class=\"elementor-heading-title elementor-size-default\">Feinsteinzeug: Vom Brick-Effekt zur Beton-Eleganz<\/h3>\t\t<\/div>\n\t\t\t\t<\/div>\n\t\t\t\t<div class=\"elementor-element elementor-element-f8263bd elementor-widget elementor-widget-text-editor\" data-id=\"f8263bd\" data-element_type=\"widget\" data-widget_type=\"text-editor.default\">\n\t\t\t\t<div class=\"elementor-widget-container\">\n\t\t\t\t\t\t\tSo bieten die Serien\u00a0<span style=\"text-decoration: underline;\"><a href=\"https:\/\/www.lafabbrica.it\/de\/collections\/kist\/\"><strong>KIST<\/strong><\/a><\/span> und <a href=\"https:\/\/www.lafabbrica.it\/de\/collections\/kist-lux\/\"><span style=\"text-decoration: underline;\"><strong>KIST LUX<\/strong><\/span><\/a>\u00a0Feinsteinzeug\u00a0mit Brick-Effekt, inspiriert von den\u00a0Sichtziegeln\u00a0der\u00a0Gro\u00dfst\u00e4dte.\r\n\r\n<strong>KIST-<\/strong><strong>Fliesen<\/strong><strong>\u00a0<\/strong><strong>erinnern<\/strong><strong> an <\/strong><strong>diese<\/strong><strong> vintage-<\/strong><strong>industriellen<\/strong><strong>\u00a0<\/strong><strong>Backsteinw\u00e4nde<\/strong>, als w\u00e4ren sie gerade in einem Soho-Loft oder Warhols Factory entdeckt worden.\r\n\r\n<strong>KIST LUX <\/strong><strong>verleiht<\/strong><strong>\u00a0<\/strong><strong>einen<\/strong><strong>\u00a0<\/strong><strong>Hauch<\/strong><strong> von <\/strong><strong>Helligkeit<\/strong><strong>, <\/strong><strong>mit<\/strong><strong>\u00a0<\/strong><strong>glasierten<\/strong><strong>\u00a0<\/strong><strong>oder<\/strong><strong>\u00a0<\/strong><strong>gl\u00e4nzenden<\/strong><strong>\u00a0<\/strong><strong>Oberfl\u00e4chen<\/strong><strong>,<\/strong> die an glasierte\u00a0Ziegel\u00a0typischer\u00a0K\u00fcnstlerlofts\u00a0erinnern und den\u00a0rohen Look mit\u00a0Raffinesse\u00a0kombinieren.\r\n\r\n<strong>Wer<\/strong><strong> die <\/strong><strong>Materialit\u00e4t<\/strong><strong> von Beton <\/strong><strong>liebt<\/strong><strong>, <\/strong><strong>findet<\/strong><strong> in <\/strong><strong>der<\/strong><strong>\u00a0<\/strong><strong>Kollektion<\/strong><strong>\u00a0<\/strong><span style=\"text-decoration: underline;\"><a href=\"https:\/\/www.lafabbrica.it\/de\/collections\/skyline\/\"><strong>Skyline<\/strong><strong>\u00a0<\/strong><\/a><\/span><strong>Zementoptik-<\/strong><strong>Platten<\/strong>, inspiriert von urbanen\u00a0Panoramen: Hier\u00a0wird Beton elegant, die Platten\u00a0reproduzieren die materielle\u00a0Strenge von Beton mit\u00a0zarten\u00a0Nuancen, ideal\u00a0f\u00fcr\u00a0zeitgen\u00f6ssische, minimalistische\u00a0R\u00e4ume.\r\n\r\n<strong>Auch<\/strong>\u00a0<a href=\"https:\/\/www.lafabbrica.it\/de\/collections\/hurban\/\"><span style=\"text-decoration: underline;\"><strong>Hurban<\/strong><\/span><\/a>\u00a0<strong>erforscht<\/strong><strong>\u00a0<\/strong><strong>den<\/strong><strong>\u00a0<\/strong><strong>Betoneffekt<\/strong><strong>, <\/strong><strong>aber<\/strong><strong>\u00a0<\/strong><strong>auf<\/strong><strong>\u00a0<\/strong><strong>andere<\/strong><strong>\u00a0<\/strong><strong>Weise<\/strong><strong>:<\/strong>\u00a0Diese\u00a0Linie\u00a0ist\u00a0darauf\u00a0ausgelegt, von der Zeit gealterten Beton zu\u00a0evozieren, fast \u201eweichgesp\u00fclt\u201c durch\u00a0Tritte und Jahre. Die Hurban-Oberfl\u00e4chen\u00a0haben\u00a0einen\u00a0besonderen\u00a0pudrigen und kreidigen\u00a0Effekt, mit\u00a0erdigen\u00a0Pastellt\u00f6nen (von Staubgrau\u00a0\u00fcber\u00a0Ockerbeige bis zu\u00a0zartem\u00a0Blau), die an abgenutzte\u00a0W\u00e4nde alter Industriefl\u00e4chen\u00a0erinnern, die zu\u00a0neuem\u00a0Leben\u00a0erwachen.\t\t\t\t\t\t<\/div>\n\t\t\t\t<\/div>\n\t\t\t\t<div class=\"elementor-element elementor-element-7ce3123 elementor-widget elementor-widget-heading\" data-id=\"7ce3123\" data-element_type=\"widget\" data-widget_type=\"heading.default\">\n\t\t\t\t<div class=\"elementor-widget-container\">\n\t\t\t<h3 class=\"elementor-heading-title elementor-size-default\">Harzoptik im Industrial Style: Le Malte<\/h3>\t\t<\/div>\n\t\t\t\t<\/div>\n\t\t\t\t<div class=\"elementor-element elementor-element-5044e92 elementor-widget elementor-widget-text-editor\" data-id=\"5044e92\" data-element_type=\"widget\" data-widget_type=\"text-editor.default\">\n\t\t\t\t<div class=\"elementor-widget-container\">\n\t\t\t\t\t\t\t<span style=\"text-decoration: underline;\"><a href=\"https:\/\/www.lafabbrica.it\/de\/collections\/le-malte\/\"><strong>Le Malte<\/strong><\/a><\/span>\u00a0<strong>bringt<\/strong><strong>\u00a0<\/strong><strong>den<\/strong><strong>\u00a0<\/strong><strong>Harzeffekt<\/strong><strong>: <\/strong><strong>durchgehende<\/strong><strong>, <\/strong><strong>leicht<\/strong><strong>\u00a0<\/strong><strong>satinierte<\/strong><strong>\u00a0<\/strong><strong>Oberfl\u00e4chen<\/strong>, die eine\u00a0perfekte\u00a0visuelle\u00a0Kontinuit\u00e4t\u00a0schaffen, um\u00a0R\u00e4ume und Licht\u00a0zu\u00a0betonen. Die Kollektion\u00a0erinnert an jene\u00a0Harzb\u00f6den\u00a0zeitgen\u00f6ssischer\u00a0Galerien\u00a0oder High-Tech-Lofts, wo\u00a0ein\u00a0gleichm\u00e4\u00dfiger, gl\u00e4nzender Grund jeden\u00a0Deko-Akzent\u00a0hervorhebt.\r\n\r\n<strong>Der<\/strong><strong>\u00a0<\/strong><strong>Reiz<\/strong><strong>\u00a0<\/strong><strong>des<\/strong><strong>\u00a0<\/strong><strong>Harzes<\/strong><strong> in <\/strong><strong>Keramik<\/strong><strong>\u00a0<\/strong><strong>liegt<\/strong><strong> in <\/strong><strong>der<\/strong><strong>\u00a0<\/strong><strong>Verbindung<\/strong><strong>\u00a0<\/strong><strong>moderner<\/strong><strong>, <\/strong><strong>minimalistischer<\/strong><strong>\u00a0<\/strong><strong>\u00c4sthetik<\/strong><strong>\u00a0<\/strong><strong>mit<\/strong><strong>\u00a0<\/strong><strong>der<\/strong><strong>\u00a0<\/strong><strong>Praktikabilit\u00e4t<\/strong><strong> von <\/strong><strong>Feinsteinzeug<\/strong><strong>:<\/strong>\u00a0Das\u00a0Ergebnis\u00a0sind\u00a0raffinierte\u00a0R\u00e4ume\u00a0mit\u00a0metropolitanem Glamour.\t\t\t\t\t\t<\/div>\n\t\t\t\t<\/div>\n\t\t\t\t<div class=\"elementor-element elementor-element-92ae42d elementor-widget elementor-widget-heading\" data-id=\"92ae42d\" data-element_type=\"widget\" data-widget_type=\"heading.default\">\n\t\t\t\t<div class=\"elementor-widget-container\">\n\t\t\t<h3 class=\"elementor-heading-title elementor-size-default\">Die visuelle Wirkung von Feinsteinzeug<\/h3>\t\t<\/div>\n\t\t\t\t<\/div>\n\t\t\t\t<div class=\"elementor-element elementor-element-8aaa89e elementor-widget elementor-widget-text-editor\" data-id=\"8aaa89e\" data-element_type=\"widget\" data-widget_type=\"text-editor.default\">\n\t\t\t\t<div class=\"elementor-widget-container\">\n\t\t\t\t\t\t\t<strong>Keramische<\/strong><strong>\u00a0<\/strong><strong>Oberfl\u00e4chen<\/strong><strong>\u00a0<\/strong><strong>sind<\/strong><strong> die <\/strong><strong>perfekte<\/strong><strong>\u00a0<\/strong><strong>Leinwand<\/strong><strong>, <\/strong><strong>um<\/strong><strong> die <\/strong><strong>eigene<\/strong><strong>\u00a0<\/strong><strong>Pers\u00f6nlichkeit<\/strong><strong>\u00a0<\/strong><strong>auszudr\u00fccken<\/strong><strong>:<\/strong> Man kann\u00a0einen\u00a0Betonboden\u00a0mit Vintage-M\u00f6beln\u00a0kombinieren\u00a0oder\u00a0eine\u00a0Wand\u00a0mit KIST-Keramikziegeln\u00a0verkleiden und eine\u00a0Sammlung\u00a0bunter Pop-Art-Prints\u00a0aufh\u00e4ngen.\r\n\r\n<strong>Die <\/strong><strong>visuelle<\/strong><strong>\u00a0<\/strong><strong>Wirkung<\/strong><strong>\u00a0<\/strong><strong>ist<\/strong><strong>\u00a0<\/strong><strong>garantiert<\/strong><strong>:<\/strong> Die Materialit\u00e4t\u00a0des Industrial Style trifft\u00a0auf Pop-Kreativit\u00e4t, in einem\u00a0einladenden, originellen und kosmopolitischen Ambiente \u2013 eine\u00a0Reise\u00a0zwischen\u00a0Vergangenheit und Gegenwart, in der\u00a0jedes\u00a0Detail \u2013 von Beton bis Pop-Farbe \u2013 dazu\u00a0beitr\u00e4gt, wirklich\u00a0einzigartige\u00a0R\u00e4ume\u00a0zu\u00a0schaffen.\t\t\t\t\t\t<\/div>\n\t\t\t\t<\/div>\n\t\t\t\t\t<\/div>\n\t\t\t\t<\/div>\n\t\t<div class=\"elementor-element elementor-element-e34f0bb e-con-full e-flex e-con e-parent\" data-id=\"e34f0bb\" data-element_type=\"container\" data-settings=\"{&quot;content_width&quot;:&quot;full&quot;}\" data-core-v316-plus=\"true\">\n\t\t\t\t<div class=\"elementor-element elementor-element-ed90ff5 elementor-align-center elementor-widget elementor-widget-button\" data-id=\"ed90ff5\" data-element_type=\"widget\" data-widget_type=\"button.default\">\n\t\t\t\t<div class=\"elementor-widget-container\">\n\t\t\t\t\t<div class=\"elementor-button-wrapper\">\n\t\t\t<a class=\"elementor-button elementor-button-link elementor-size-md\" href=\"https:\/\/www.lafabbrica.it\/de\/blog-2024\/\">\n\t\t\t\t\t\t<span class=\"elementor-button-content-wrapper\">\n\t\t\t\t\t\t<span class=\"elementor-button-text\">Weiterlesen auf La Fabbrica Ava<\/span>\n\t\t<\/span>\n\t\t\t\t\t<\/a>\n\t\t<\/div>\n\t\t\t\t<\/div>\n\t\t\t\t<\/div>\n\t\t\t\t<\/div>\n\t\t\t\t<\/div>\n\t\t","protected":false},"excerpt":{"rendered":"<p>Pop-Art und Industrial Style scheinen auf den ersten Blick zwei weit entfernte Welten zu sein.<\/p>\n","protected":false},"author":1,"featured_media":27240,"comment_status":"closed","ping_status":"closed","sticky":false,"template":"","format":"standard","meta":{"_acf_changed":false,"site-sidebar-layout":"default","site-content-layout":"","ast-site-content-layout":"default","site-content-style":"default","site-sidebar-style":"default","ast-global-header-display":"","ast-banner-title-visibility":"","ast-main-header-display":"","ast-hfb-above-header-display":"","ast-hfb-below-header-display":"","ast-hfb-mobile-header-display":"","site-post-title":"","ast-breadcrumbs-content":"","ast-featured-img":"","footer-sml-layout":"","theme-transparent-header-meta":"","adv-header-id-meta":"","stick-header-meta":"","header-above-stick-meta":"","header-main-stick-meta":"","header-below-stick-meta":"","astra-migrate-meta-layouts":"default","ast-page-background-enabled":"default","ast-page-background-meta":{"desktop":{"background-color":"var(--ast-global-color-4)","background-image":"","background-repeat":"repeat","background-position":"center center","background-size":"auto","background-attachment":"scroll","background-type":"","background-media":"","overlay-type":"","overlay-color":"","overlay-gradient":""},"tablet":{"background-color":"","background-image":"","background-repeat":"repeat","background-position":"center center","background-size":"auto","background-attachment":"scroll","background-type":"","background-media":"","overlay-type":"","overlay-color":"","overlay-gradient":""},"mobile":{"background-color":"","background-image":"","background-repeat":"repeat","background-position":"center center","background-size":"auto","background-attachment":"scroll","background-type":"","background-media":"","overlay-type":"","overlay-color":"","overlay-gradient":""}},"ast-content-background-meta":{"desktop":{"background-color":"var(--ast-global-color-5)","background-image":"","background-repeat":"repeat","background-position":"center center","background-size":"auto","background-attachment":"scroll","background-type":"","background-media":"","overlay-type":"","overlay-color":"","overlay-gradient":""},"tablet":{"background-color":"var(--ast-global-color-5)","background-image":"","background-repeat":"repeat","background-position":"center center","background-size":"auto","background-attachment":"scroll","background-type":"","background-media":"","overlay-type":"","overlay-color":"","overlay-gradient":""},"mobile":{"background-color":"var(--ast-global-color-5)","background-image":"","background-repeat":"repeat","background-position":"center center","background-size":"auto","background-attachment":"scroll","background-type":"","background-media":"","overlay-type":"","overlay-color":"","overlay-gradient":""}},"footnotes":""},"categories":[1242],"tags":[],"class_list":["post-27173","post","type-post","status-publish","format-standard","has-post-thumbnail","hentry","category-blog-de"],"acf":[],"yoast_head":"<!-- This site is optimized with the Yoast SEO plugin v22.0 - https:\/\/yoast.com\/wordpress\/plugins\/seo\/ -->\n<title>Die \u00c4sthetik des Industrial Style: Zwischen Pop-Art und amerikanischen TV-Serien - La Fabbrica AVA<\/title>\n<meta name=\"description\" content=\"Pop-Art und Industrial Style scheinen auf den ersten Blick zwei weit entfernte Welten zu sein.\" \/>\n<meta name=\"robots\" content=\"index, follow, max-snippet:-1, max-image-preview:large, max-video-preview:-1\" \/>\n<link rel=\"canonical\" href=\"https:\/\/www.lafabbrica.it\/de\/die-aesthetik-des-industrial-style-zwischen-pop-art-und-amerikanischen-tv-serien\/\" \/>\n<meta property=\"og:locale\" content=\"de_DE\" \/>\n<meta property=\"og:type\" content=\"article\" \/>\n<meta property=\"og:title\" content=\"Die \u00c4sthetik des Industrial Style: Zwischen Pop-Art und amerikanischen TV-Serien - La Fabbrica AVA\" \/>\n<meta property=\"og:description\" content=\"Pop-Art und Industrial Style scheinen auf den ersten Blick zwei weit entfernte Welten zu sein.\" \/>\n<meta property=\"og:url\" content=\"https:\/\/www.lafabbrica.it\/de\/die-aesthetik-des-industrial-style-zwischen-pop-art-und-amerikanischen-tv-serien\/\" \/>\n<meta property=\"og:site_name\" content=\"La Fabbrica AVA\" \/>\n<meta property=\"article:published_time\" content=\"2025-06-05T10:23:29+00:00\" \/>\n<meta property=\"article:modified_time\" content=\"2025-06-06T07:49:55+00:00\" \/>\n<meta property=\"og:image\" content=\"https:\/\/www.lafabbrica.it\/wp-content\/uploads\/2025\/06\/list_loft.jpg\" \/>\n\t<meta property=\"og:image:width\" content=\"880\" \/>\n\t<meta property=\"og:image:height\" content=\"860\" \/>\n\t<meta property=\"og:image:type\" content=\"image\/jpeg\" \/>\n<meta name=\"author\" content=\"admin\" \/>\n<meta name=\"twitter:card\" content=\"summary_large_image\" \/>\n<meta name=\"twitter:label1\" content=\"Verfasst von\" \/>\n\t<meta name=\"twitter:data1\" content=\"admin\" \/>\n\t<meta name=\"twitter:label2\" content=\"Gesch\u00e4tzte Lesezeit\" \/>\n\t<meta name=\"twitter:data2\" content=\"9\u00a0Minuten\" \/>\n<script type=\"application\/ld+json\" class=\"yoast-schema-graph\">{\"@context\":\"https:\/\/schema.org\",\"@graph\":[{\"@type\":\"Article\",\"@id\":\"https:\/\/www.lafabbrica.it\/de\/die-aesthetik-des-industrial-style-zwischen-pop-art-und-amerikanischen-tv-serien\/#article\",\"isPartOf\":{\"@id\":\"https:\/\/www.lafabbrica.it\/de\/die-aesthetik-des-industrial-style-zwischen-pop-art-und-amerikanischen-tv-serien\/\"},\"author\":{\"name\":\"admin\",\"@id\":\"https:\/\/www.lafabbrica.it\/de\/#\/schema\/person\/9854f3650eab7e4334e66d22de09296a\"},\"headline\":\"Die \u00c4sthetik des Industrial Style: Zwischen Pop-Art und amerikanischen TV-Serien\",\"datePublished\":\"2025-06-05T10:23:29+00:00\",\"dateModified\":\"2025-06-06T07:49:55+00:00\",\"mainEntityOfPage\":{\"@id\":\"https:\/\/www.lafabbrica.it\/de\/die-aesthetik-des-industrial-style-zwischen-pop-art-und-amerikanischen-tv-serien\/\"},\"wordCount\":1489,\"publisher\":{\"@id\":\"https:\/\/www.lafabbrica.it\/de\/#organization\"},\"articleSection\":[\"Blog\"],\"inLanguage\":\"de\"},{\"@type\":\"WebPage\",\"@id\":\"https:\/\/www.lafabbrica.it\/de\/die-aesthetik-des-industrial-style-zwischen-pop-art-und-amerikanischen-tv-serien\/\",\"url\":\"https:\/\/www.lafabbrica.it\/de\/die-aesthetik-des-industrial-style-zwischen-pop-art-und-amerikanischen-tv-serien\/\",\"name\":\"Die \u00c4sthetik des Industrial Style: Zwischen Pop-Art und amerikanischen TV-Serien - La Fabbrica AVA\",\"isPartOf\":{\"@id\":\"https:\/\/www.lafabbrica.it\/de\/#website\"},\"datePublished\":\"2025-06-05T10:23:29+00:00\",\"dateModified\":\"2025-06-06T07:49:55+00:00\",\"description\":\"Pop-Art und Industrial Style scheinen auf den ersten Blick zwei weit entfernte Welten zu sein.\",\"breadcrumb\":{\"@id\":\"https:\/\/www.lafabbrica.it\/de\/die-aesthetik-des-industrial-style-zwischen-pop-art-und-amerikanischen-tv-serien\/#breadcrumb\"},\"inLanguage\":\"de\",\"potentialAction\":[{\"@type\":\"ReadAction\",\"target\":[\"https:\/\/www.lafabbrica.it\/de\/die-aesthetik-des-industrial-style-zwischen-pop-art-und-amerikanischen-tv-serien\/\"]}]},{\"@type\":\"BreadcrumbList\",\"@id\":\"https:\/\/www.lafabbrica.it\/de\/die-aesthetik-des-industrial-style-zwischen-pop-art-und-amerikanischen-tv-serien\/#breadcrumb\",\"itemListElement\":[{\"@type\":\"ListItem\",\"position\":1,\"name\":\"Home\",\"item\":\"https:\/\/www.lafabbrica.it\/de\/\"},{\"@type\":\"ListItem\",\"position\":2,\"name\":\"Die \u00c4sthetik des Industrial Style: Zwischen Pop-Art und amerikanischen TV-Serien\"}]},{\"@type\":\"WebSite\",\"@id\":\"https:\/\/www.lafabbrica.it\/de\/#website\",\"url\":\"https:\/\/www.lafabbrica.it\/de\/\",\"name\":\"La Fabbrica AVA\",\"description\":\"\",\"publisher\":{\"@id\":\"https:\/\/www.lafabbrica.it\/de\/#organization\"},\"potentialAction\":[{\"@type\":\"SearchAction\",\"target\":{\"@type\":\"EntryPoint\",\"urlTemplate\":\"https:\/\/www.lafabbrica.it\/de\/?s={search_term_string}\"},\"query-input\":\"required name=search_term_string\"}],\"inLanguage\":\"de\"},{\"@type\":\"Organization\",\"@id\":\"https:\/\/www.lafabbrica.it\/de\/#organization\",\"name\":\"La Fabbrica AVA\",\"url\":\"https:\/\/www.lafabbrica.it\/de\/\",\"logo\":{\"@type\":\"ImageObject\",\"inLanguage\":\"de\",\"@id\":\"https:\/\/www.lafabbrica.it\/de\/#\/schema\/logo\/image\/\",\"url\":\"https:\/\/www.lafabbrica.it\/wp-content\/uploads\/2023\/08\/Senza-titolo-1.png\",\"contentUrl\":\"https:\/\/www.lafabbrica.it\/wp-content\/uploads\/2023\/08\/Senza-titolo-1.png\",\"width\":567,\"height\":240,\"caption\":\"La Fabbrica AVA\"},\"image\":{\"@id\":\"https:\/\/www.lafabbrica.it\/de\/#\/schema\/logo\/image\/\"}},{\"@type\":\"Person\",\"@id\":\"https:\/\/www.lafabbrica.it\/de\/#\/schema\/person\/9854f3650eab7e4334e66d22de09296a\",\"name\":\"admin\",\"sameAs\":[\"http:\/\/www.lafabbrica.it\"],\"url\":\"https:\/\/www.lafabbrica.it\/de\/author\/admin\/\"}]}<\/script>\n<!-- \/ Yoast SEO plugin. -->","yoast_head_json":{"title":"Die \u00c4sthetik des Industrial Style: Zwischen Pop-Art und amerikanischen TV-Serien - La Fabbrica AVA","description":"Pop-Art und Industrial Style scheinen auf den ersten Blick zwei weit entfernte Welten zu sein.","robots":{"index":"index","follow":"follow","max-snippet":"max-snippet:-1","max-image-preview":"max-image-preview:large","max-video-preview":"max-video-preview:-1"},"canonical":"https:\/\/www.lafabbrica.it\/de\/die-aesthetik-des-industrial-style-zwischen-pop-art-und-amerikanischen-tv-serien\/","og_locale":"de_DE","og_type":"article","og_title":"Die \u00c4sthetik des Industrial Style: Zwischen Pop-Art und amerikanischen TV-Serien - La Fabbrica AVA","og_description":"Pop-Art und Industrial Style scheinen auf den ersten Blick zwei weit entfernte Welten zu sein.","og_url":"https:\/\/www.lafabbrica.it\/de\/die-aesthetik-des-industrial-style-zwischen-pop-art-und-amerikanischen-tv-serien\/","og_site_name":"La Fabbrica AVA","article_published_time":"2025-06-05T10:23:29+00:00","article_modified_time":"2025-06-06T07:49:55+00:00","og_image":[{"width":880,"height":860,"url":"https:\/\/www.lafabbrica.it\/wp-content\/uploads\/2025\/06\/list_loft.jpg","type":"image\/jpeg"}],"author":"admin","twitter_card":"summary_large_image","twitter_misc":{"Verfasst von":"admin","Gesch\u00e4tzte Lesezeit":"9\u00a0Minuten"},"schema":{"@context":"https:\/\/schema.org","@graph":[{"@type":"Article","@id":"https:\/\/www.lafabbrica.it\/de\/die-aesthetik-des-industrial-style-zwischen-pop-art-und-amerikanischen-tv-serien\/#article","isPartOf":{"@id":"https:\/\/www.lafabbrica.it\/de\/die-aesthetik-des-industrial-style-zwischen-pop-art-und-amerikanischen-tv-serien\/"},"author":{"name":"admin","@id":"https:\/\/www.lafabbrica.it\/de\/#\/schema\/person\/9854f3650eab7e4334e66d22de09296a"},"headline":"Die \u00c4sthetik des Industrial Style: Zwischen Pop-Art und amerikanischen TV-Serien","datePublished":"2025-06-05T10:23:29+00:00","dateModified":"2025-06-06T07:49:55+00:00","mainEntityOfPage":{"@id":"https:\/\/www.lafabbrica.it\/de\/die-aesthetik-des-industrial-style-zwischen-pop-art-und-amerikanischen-tv-serien\/"},"wordCount":1489,"publisher":{"@id":"https:\/\/www.lafabbrica.it\/de\/#organization"},"articleSection":["Blog"],"inLanguage":"de"},{"@type":"WebPage","@id":"https:\/\/www.lafabbrica.it\/de\/die-aesthetik-des-industrial-style-zwischen-pop-art-und-amerikanischen-tv-serien\/","url":"https:\/\/www.lafabbrica.it\/de\/die-aesthetik-des-industrial-style-zwischen-pop-art-und-amerikanischen-tv-serien\/","name":"Die \u00c4sthetik des Industrial Style: Zwischen Pop-Art und amerikanischen TV-Serien - La Fabbrica AVA","isPartOf":{"@id":"https:\/\/www.lafabbrica.it\/de\/#website"},"datePublished":"2025-06-05T10:23:29+00:00","dateModified":"2025-06-06T07:49:55+00:00","description":"Pop-Art und Industrial Style scheinen auf den ersten Blick zwei weit entfernte Welten zu sein.","breadcrumb":{"@id":"https:\/\/www.lafabbrica.it\/de\/die-aesthetik-des-industrial-style-zwischen-pop-art-und-amerikanischen-tv-serien\/#breadcrumb"},"inLanguage":"de","potentialAction":[{"@type":"ReadAction","target":["https:\/\/www.lafabbrica.it\/de\/die-aesthetik-des-industrial-style-zwischen-pop-art-und-amerikanischen-tv-serien\/"]}]},{"@type":"BreadcrumbList","@id":"https:\/\/www.lafabbrica.it\/de\/die-aesthetik-des-industrial-style-zwischen-pop-art-und-amerikanischen-tv-serien\/#breadcrumb","itemListElement":[{"@type":"ListItem","position":1,"name":"Home","item":"https:\/\/www.lafabbrica.it\/de\/"},{"@type":"ListItem","position":2,"name":"Die \u00c4sthetik des Industrial Style: Zwischen Pop-Art und amerikanischen TV-Serien"}]},{"@type":"WebSite","@id":"https:\/\/www.lafabbrica.it\/de\/#website","url":"https:\/\/www.lafabbrica.it\/de\/","name":"La Fabbrica AVA","description":"","publisher":{"@id":"https:\/\/www.lafabbrica.it\/de\/#organization"},"potentialAction":[{"@type":"SearchAction","target":{"@type":"EntryPoint","urlTemplate":"https:\/\/www.lafabbrica.it\/de\/?s={search_term_string}"},"query-input":"required name=search_term_string"}],"inLanguage":"de"},{"@type":"Organization","@id":"https:\/\/www.lafabbrica.it\/de\/#organization","name":"La Fabbrica AVA","url":"https:\/\/www.lafabbrica.it\/de\/","logo":{"@type":"ImageObject","inLanguage":"de","@id":"https:\/\/www.lafabbrica.it\/de\/#\/schema\/logo\/image\/","url":"https:\/\/www.lafabbrica.it\/wp-content\/uploads\/2023\/08\/Senza-titolo-1.png","contentUrl":"https:\/\/www.lafabbrica.it\/wp-content\/uploads\/2023\/08\/Senza-titolo-1.png","width":567,"height":240,"caption":"La Fabbrica AVA"},"image":{"@id":"https:\/\/www.lafabbrica.it\/de\/#\/schema\/logo\/image\/"}},{"@type":"Person","@id":"https:\/\/www.lafabbrica.it\/de\/#\/schema\/person\/9854f3650eab7e4334e66d22de09296a","name":"admin","sameAs":["http:\/\/www.lafabbrica.it"],"url":"https:\/\/www.lafabbrica.it\/de\/author\/admin\/"}]}},"_links":{"self":[{"href":"https:\/\/www.lafabbrica.it\/de\/wp-json\/wp\/v2\/posts\/27173","targetHints":{"allow":["GET"]}}],"collection":[{"href":"https:\/\/www.lafabbrica.it\/de\/wp-json\/wp\/v2\/posts"}],"about":[{"href":"https:\/\/www.lafabbrica.it\/de\/wp-json\/wp\/v2\/types\/post"}],"author":[{"embeddable":true,"href":"https:\/\/www.lafabbrica.it\/de\/wp-json\/wp\/v2\/users\/1"}],"replies":[{"embeddable":true,"href":"https:\/\/www.lafabbrica.it\/de\/wp-json\/wp\/v2\/comments?post=27173"}],"version-history":[{"count":0,"href":"https:\/\/www.lafabbrica.it\/de\/wp-json\/wp\/v2\/posts\/27173\/revisions"}],"wp:featuredmedia":[{"embeddable":true,"href":"https:\/\/www.lafabbrica.it\/de\/wp-json\/wp\/v2\/media\/27240"}],"wp:attachment":[{"href":"https:\/\/www.lafabbrica.it\/de\/wp-json\/wp\/v2\/media?parent=27173"}],"wp:term":[{"taxonomy":"category","embeddable":true,"href":"https:\/\/www.lafabbrica.it\/de\/wp-json\/wp\/v2\/categories?post=27173"},{"taxonomy":"post_tag","embeddable":true,"href":"https:\/\/www.lafabbrica.it\/de\/wp-json\/wp\/v2\/tags?post=27173"}],"curies":[{"name":"wp","href":"https:\/\/api.w.org\/{rel}","templated":true}]}}