{"id":26928,"date":"2025-05-05T09:38:08","date_gmt":"2025-05-05T08:38:08","guid":{"rendered":"https:\/\/www.lafabbrica.it\/?p=26928"},"modified":"2025-05-05T09:47:09","modified_gmt":"2025-05-05T08:47:09","slug":"marmormoebel-szenografische-eleganz-fuer-wohn-und-geschaeftsraeume","status":"publish","type":"post","link":"https:\/\/www.lafabbrica.it\/de\/marmormoebel-szenografische-eleganz-fuer-wohn-und-geschaeftsraeume\/","title":{"rendered":"Marmorm\u00f6bel: Szenografische Eleganz f\u00fcr Wohn- und Gesch\u00e4ftsr\u00e4ume"},"content":{"rendered":"\t\t<div data-elementor-type=\"wp-post\" data-elementor-id=\"26928\" class=\"elementor elementor-26928 elementor-26879\" data-elementor-post-type=\"post\">\n\t\t\t\t<div data-dce-background-color=\"#FFFFFF\" class=\"elementor-element elementor-element-a5e813b e-con-full e-flex e-con e-parent\" data-id=\"a5e813b\" data-element_type=\"container\" data-settings=\"{&quot;content_width&quot;:&quot;full&quot;,&quot;background_background&quot;:&quot;classic&quot;}\" data-core-v316-plus=\"true\">\n\t\t\t\t<div class=\"elementor-element elementor-element-a372fa7 elementor-widget elementor-widget-heading\" data-id=\"a372fa7\" data-element_type=\"widget\" data-widget_type=\"heading.default\">\n\t\t\t\t<div class=\"elementor-widget-container\">\n\t\t\t<h1 class=\"elementor-heading-title elementor-size-default\">Marmorm\u00f6bel: Szenografische Eleganz f\u00fcr Wohn- und Gesch\u00e4ftsr\u00e4ume<\/h1>\t\t<\/div>\n\t\t\t\t<\/div>\n\t\t\t\t<div class=\"elementor-element elementor-element-ff485df elementor-widget elementor-widget-text-editor\" data-id=\"ff485df\" data-element_type=\"widget\" data-widget_type=\"text-editor.default\">\n\t\t\t\t<div class=\"elementor-widget-container\">\n\t\t\t\t\t\t\t<p><strong>Marmor ist seit jeher ein Symbol f\u00fcr Luxus, Raffinesse und Haltbarkeit, Eigenschaften, die ihn perfekt machen, um jedes Umfeld in einen exklusiven Raum zu verwandeln.<\/strong> In luxuri\u00f6sen Interieurs, sei es in privaten Wohnh\u00e4usern oder gewerblichen Umgebungen, setzt sich der Marmor-Effekt als unangefochtener Protagonist durch, der zeitlose Eleganz und einen au\u00dfergew\u00f6hnlichen visuellen Eindruck verleiht.<\/p>\n<p>Entdecken Sie, wie <strong>marmoriertes Feinsteinzeug<\/strong> das Design von Wohnzimmern, modernen K\u00fcchen, Badezimmern und Gesch\u00e4ftsr\u00e4umen aufwerten kann, um einzigartige und raffinierte Atmosph\u00e4ren zu schaffen.<\/p>\n\t\t\t\t\t\t<\/div>\n\t\t\t\t<\/div>\n\t\t\t\t<div class=\"elementor-element elementor-element-50530a1 elementor-widget elementor-widget-image\" data-id=\"50530a1\" data-element_type=\"widget\" data-widget_type=\"image.default\">\n\t\t\t\t<div class=\"elementor-widget-container\">\n\t\t\t\t\t\t\t\t\t\t\t\t\t<img fetchpriority=\"high\" decoding=\"async\" width=\"1440\" height=\"811\" src=\"https:\/\/www.lafabbrica.it\/wp-content\/uploads\/2025\/05\/Arredamento-in-marmo-2.jpg\" class=\"attachment-full size-full wp-image-26890\" alt=\"\" srcset=\"https:\/\/www.lafabbrica.it\/wp-content\/uploads\/2025\/05\/Arredamento-in-marmo-2.jpg 1440w, https:\/\/www.lafabbrica.it\/wp-content\/uploads\/2025\/05\/Arredamento-in-marmo-2-300x169.jpg 300w, https:\/\/www.lafabbrica.it\/wp-content\/uploads\/2025\/05\/Arredamento-in-marmo-2-1024x577.jpg 1024w, https:\/\/www.lafabbrica.it\/wp-content\/uploads\/2025\/05\/Arredamento-in-marmo-2-768x433.jpg 768w\" sizes=\"(max-width: 1440px) 100vw, 1440px\" \/>\t\t\t\t\t\t\t\t\t\t\t\t\t<\/div>\n\t\t\t\t<\/div>\n\t\t\t\t<div class=\"elementor-element elementor-element-1b95496 elementor-widget elementor-widget-heading\" data-id=\"1b95496\" data-element_type=\"widget\" data-widget_type=\"heading.default\">\n\t\t\t\t<div class=\"elementor-widget-container\">\n\t\t\t<h2 class=\"elementor-heading-title elementor-size-default\">Der zeitlose Charme von Marmor<\/h2>\t\t<\/div>\n\t\t\t\t<\/div>\n\t\t\t\t<div class=\"elementor-element elementor-element-00d4c0b elementor-widget elementor-widget-text-editor\" data-id=\"00d4c0b\" data-element_type=\"widget\" data-widget_type=\"text-editor.default\">\n\t\t\t\t<div class=\"elementor-widget-container\">\n\t\t\t\t\t\t\t<p><strong>Der Marmor-Effekt verk\u00f6rpert das Wesen von Eleganz, vereint mit au\u00dfergew\u00f6hnlicher Vielseitigkeit.<\/strong> Im Laufe der Jahrhunderte wurde Marmor in zahlreichen Architekturwerken, Skulpturen und Oberfl\u00e4chen verwendet und ist zu einem Symbol gro\u00dfer Klasse geworden.<\/p>\n<p><strong>Heute kann Feinsteinzeug mit Marmor-Effekt in luxuri\u00f6sen Innenr\u00e4umen jedem Raum eine zeitlose Sch\u00f6nheit<\/strong> <strong>verleihen. <\/strong>Seine Farbt\u00f6ne, die von Wei\u00df bis Schwarz reichen und Grau-, Gr\u00fcn- und Rosat\u00f6ne umfassen, erm\u00f6glichen eine Anpassung an verschiedene Designstile, vom Klassischen bis zum Modernen.<\/p>\n<p><strong>Die 120&#215;280 cm gro\u00dfen Platten erm\u00f6glichen es beispielsweise, weite, nahtlose Fl\u00e4chen zu schaffen,<\/strong> die sowohl auf dem Boden als auch an der Wand einen beeindruckenden visuellen Effekt erzielen. Die M\u00f6glichkeit, ma\u00dfgeschneiderte M\u00f6bel wie Tische, Regale oder Wandverkleidungen zu fertigen, f\u00fcgt dem Raum eine weitere Dimension der Personalisierung.<\/p>\n\t\t\t\t\t\t<\/div>\n\t\t\t\t<\/div>\n\t\t\t\t<div class=\"elementor-element elementor-element-bc311c7 elementor-widget elementor-widget-heading\" data-id=\"bc311c7\" data-element_type=\"widget\" data-widget_type=\"heading.default\">\n\t\t\t\t<div class=\"elementor-widget-container\">\n\t\t\t<h2 class=\"elementor-heading-title elementor-size-default\">Wohnen und K\u00fcche: Marmor in den Alltagsr\u00e4umen<\/h2>\t\t<\/div>\n\t\t\t\t<\/div>\n\t\t\t\t<div class=\"elementor-element elementor-element-eee32f5 elementor-widget elementor-widget-text-editor\" data-id=\"eee32f5\" data-element_type=\"widget\" data-widget_type=\"text-editor.default\">\n\t\t\t\t<div class=\"elementor-widget-container\">\n\t\t\t\t\t\t\t<p><strong>Der Marmor-Effekt-Gres findet breite Anwendung in Wohn- und K\u00fcchenbereichen, wo \u00c4sthetik und Funktionalit\u00e4t miteinander verschmelzen.<\/strong> Im Wohnzimmer bietet der Marmor-Effekt-Boden eine solide und raffinierte Grundlage, die jeden Winkel erleuchtet. Seine Adern und Schattierungen bereichern den Raum und verleihen ihm einen Hauch von Klasse, ohne die M\u00f6bel zu \u00fcberladen.<\/p>\n<p>Er ist perfekt f\u00fcr <strong>Einrichtungsgegenst\u00e4nde wie Tische, Arbeitsplatten, Regale und Regalb\u00f6den,<\/strong> die dazu beitragen, die raffinierte und moderne Atmosph\u00e4re im Wohnzimmer zu definieren.<\/p>\n<p><strong>In der K\u00fcche eignet sich Feinsteinzeug mit Marmor-Effekt besonders f\u00fcr Arbeitsplatten, Inseln und Arbeitsfl\u00e4chen. <\/strong>Widerstandsf\u00e4hig und langlebig, ist es ideal, um den t\u00e4glichen Beanspruchungen standzuhalten und dabei seine Sch\u00f6nheit zu bewahren. Die Kombination mit Holz oder gl\u00e4nzenden Metallen schafft einen interessanten Kontrast, der sich hervorragend f\u00fcr ein luxuri\u00f6ses und modernes Design eignet. Durch den Einsatz gro\u00dfer Platten k\u00f6nnen nahtlose Oberfl\u00e4chen ohne Unterbrechungen geschaffen werden, was zu einem minimalistischen und harmonischen Look f\u00fchrt.<\/p>\n\t\t\t\t\t\t<\/div>\n\t\t\t\t<\/div>\n\t\t\t\t<\/div>\n\t\t<div data-dce-background-color=\"#F7F7F8\" class=\"elementor-element elementor-element-d0360f2 e-con-full e-flex e-con e-parent\" data-id=\"d0360f2\" data-element_type=\"container\" data-settings=\"{&quot;content_width&quot;:&quot;full&quot;,&quot;background_background&quot;:&quot;classic&quot;}\" data-core-v316-plus=\"true\">\n\t\t<div class=\"elementor-element elementor-element-c946e1b e-flex e-con-boxed e-con e-child\" data-id=\"c946e1b\" data-element_type=\"container\" data-settings=\"{&quot;content_width&quot;:&quot;boxed&quot;}\">\n\t\t\t\t\t<div class=\"e-con-inner\">\n\t\t<div class=\"elementor-element elementor-element-1e008e0 e-con-full e-flex e-con e-child\" data-id=\"1e008e0\" data-element_type=\"container\" data-settings=\"{&quot;content_width&quot;:&quot;full&quot;}\">\n\t\t\t\t<div class=\"elementor-element elementor-element-9d188c9 elementor-widget elementor-widget-image\" data-id=\"9d188c9\" data-element_type=\"widget\" data-widget_type=\"image.default\">\n\t\t\t\t<div class=\"elementor-widget-container\">\n\t\t\t\t\t\t\t\t\t\t\t\t\t<img decoding=\"async\" width=\"819\" height=\"858\" src=\"https:\/\/www.lafabbrica.it\/wp-content\/uploads\/2025\/05\/avorio-segesta.jpg\" class=\"attachment-full size-full wp-image-26894\" alt=\"\" srcset=\"https:\/\/www.lafabbrica.it\/wp-content\/uploads\/2025\/05\/avorio-segesta.jpg 819w, https:\/\/www.lafabbrica.it\/wp-content\/uploads\/2025\/05\/avorio-segesta-286x300.jpg 286w, https:\/\/www.lafabbrica.it\/wp-content\/uploads\/2025\/05\/avorio-segesta-768x805.jpg 768w\" sizes=\"(max-width: 819px) 100vw, 819px\" \/>\t\t\t\t\t\t\t\t\t\t\t\t\t<\/div>\n\t\t\t\t<\/div>\n\t\t\t\t<\/div>\n\t\t<div class=\"elementor-element elementor-element-bf58ba7 e-con-full e-flex e-con e-child\" data-id=\"bf58ba7\" data-element_type=\"container\" data-settings=\"{&quot;content_width&quot;:&quot;full&quot;}\">\n\t\t\t\t<div class=\"elementor-element elementor-element-edcc399 elementor-widget elementor-widget-heading\" data-id=\"edcc399\" data-element_type=\"widget\" data-widget_type=\"heading.default\">\n\t\t\t\t<div class=\"elementor-widget-container\">\n\t\t\t<h3 class=\"elementor-heading-title elementor-size-default\">AVORIO SEGESTA: Essenzielle Eleganz<\/h3>\t\t<\/div>\n\t\t\t\t<\/div>\n\t\t\t\t<div class=\"elementor-element elementor-element-cd66ef3 elementor-widget elementor-widget-text-editor\" data-id=\"cd66ef3\" data-element_type=\"widget\" data-widget_type=\"text-editor.default\">\n\t\t\t\t<div class=\"elementor-widget-container\">\n\t\t\t\t\t\t\t<p><strong>Avorio Segesta, vorgestellt auf der Cersaie 2024, ist eine Feinsteinzeugplatte mit Marmor-Effekt, die die Sch\u00f6nheit der Natur einf\u00e4ngt.<\/strong> Die feinen, dezenten Erdt\u00f6ne der Adern verweben sich zart und schaffen ein raffiniertes Spiel von Licht und Schatten. Ihre einzigartige Oberfl\u00e4che verleiht jedem Raum einen leuchtenden und verf\u00fchrerischen Effekt, ideal f\u00fcr diejenigen, die ein nat\u00fcrliches und raffiniertes Design suchen.<\/p>\n<p><strong>Perfekt f\u00fcr Umgebungen, die eine Atmosph\u00e4re von essenzieller Eleganz erfordern,<\/strong> passt <a href=\"https:\/\/www.lafabbrica.it\/de\/collections\/avorio-segesta\/\"><span style=\"text-decoration: underline;\">Avorio Segesta<\/span><\/a> hervorragend zu B\u00f6den und W\u00e4nden und verleiht jeder Oberfl\u00e4che Harmonie und Licht.<\/p>\n\t\t\t\t\t\t<\/div>\n\t\t\t\t<\/div>\n\t\t\t\t<\/div>\n\t\t\t\t\t<\/div>\n\t\t\t\t<\/div>\n\t\t\t\t<\/div>\n\t\t<div class=\"elementor-element elementor-element-5274b1d e-flex e-con-boxed e-con e-parent\" data-id=\"5274b1d\" data-element_type=\"container\" data-settings=\"{&quot;content_width&quot;:&quot;boxed&quot;}\" data-core-v316-plus=\"true\">\n\t\t\t\t\t<div class=\"e-con-inner\">\n\t\t\t\t<div class=\"elementor-element elementor-element-36b94d5 elementor-widget elementor-widget-heading\" data-id=\"36b94d5\" data-element_type=\"widget\" data-widget_type=\"heading.default\">\n\t\t\t\t<div class=\"elementor-widget-container\">\n\t\t\t<h2 class=\"elementor-heading-title elementor-size-default\">Das moderne Badezimmer: Luxus, Wellness, Materielle Oberfl\u00e4chen<\/h2>\t\t<\/div>\n\t\t\t\t<\/div>\n\t\t\t\t<div class=\"elementor-element elementor-element-183fa2f elementor-widget elementor-widget-text-editor\" data-id=\"183fa2f\" data-element_type=\"widget\" data-widget_type=\"text-editor.default\">\n\t\t\t\t<div class=\"elementor-widget-container\">\n\t\t\t\t\t\t\t<p><strong>Das Badezimmer ist einer der R\u00e4ume, in denen Feinsteinzeug mit Marmor-Effekt seine ganze Eleganz wirklich ausdr\u00fccken kann.<\/strong> Dank seiner gl\u00e4nzenden Oberfl\u00e4che und seines nat\u00fcrlichen Aussehens ist es perfekt, um eine luxuri\u00f6se und wohlf\u00fchlende Atmosph\u00e4re zu schaffen. Verwendet f\u00fcr B\u00f6den, W\u00e4nde und M\u00f6beloberfl\u00e4chen verwandelt es das Badezimmer in eine wahre Oase der Entspannung mit einem Spa-Effekt.<\/p>\n\t\t\t\t\t\t<\/div>\n\t\t\t\t<\/div>\n\t\t\t\t<div class=\"elementor-element elementor-element-bce4852 elementor-widget elementor-widget-heading\" data-id=\"bce4852\" data-element_type=\"widget\" data-widget_type=\"heading.default\">\n\t\t\t\t<div class=\"elementor-widget-container\">\n\t\t\t<h3 class=\"elementor-heading-title elementor-size-default\">Materielle Oberfl\u00e4chen f\u00fcr das Badezimmer<\/h3>\t\t<\/div>\n\t\t\t\t<\/div>\n\t\t\t\t<div class=\"elementor-element elementor-element-252f530 elementor-widget elementor-widget-text-editor\" data-id=\"252f530\" data-element_type=\"widget\" data-widget_type=\"text-editor.default\">\n\t\t\t\t<div class=\"elementor-widget-container\">\n\t\t\t\t\t\t\t<p><strong>Die Feinsteinzeug-Oberfl\u00e4chen mit Marmor-Effekt sind perfekt f\u00fcr luxuri\u00f6se Badezimmerdesigns,<\/strong> bei denen der Kontrast zwischen Glanz und Mattheit faszinierende visuelle Effekte erzeugt. Die Wandplatten, die verschiedene Texturen kombinieren, k\u00f6nnen zu wahren Gestaltungselementen werden und eine <strong>visuelle Kontinuit\u00e4t<\/strong> schaffen, die den Raum bereichert.<\/p>\n<p>Die M\u00f6glichkeit, <strong>Duschwannen<\/strong> oder <strong>ma\u00dfgeschneiderte Waschbecken<\/strong> zu fertigen, f\u00fcgt einen weiteren Hauch von Eleganz hinzu.<\/p>\n\t\t\t\t\t\t<\/div>\n\t\t\t\t<\/div>\n\t\t\t\t\t<\/div>\n\t\t\t\t<\/div>\n\t\t<div data-dce-background-color=\"#F7F7F8\" class=\"elementor-element elementor-element-bfb2377 e-flex e-con-boxed e-con e-child\" data-id=\"bfb2377\" data-element_type=\"container\" data-settings=\"{&quot;background_background&quot;:&quot;classic&quot;,&quot;content_width&quot;:&quot;boxed&quot;}\">\n\t\t\t\t\t<div class=\"e-con-inner\">\n\t\t<div class=\"elementor-element elementor-element-12e64b6 e-con-full e-flex e-con e-child\" data-id=\"12e64b6\" data-element_type=\"container\" data-settings=\"{&quot;content_width&quot;:&quot;full&quot;}\">\n\t\t\t\t<div class=\"elementor-element elementor-element-6cd8e58 elementor-widget elementor-widget-heading\" data-id=\"6cd8e58\" data-element_type=\"widget\" data-widget_type=\"heading.default\">\n\t\t\t\t<div class=\"elementor-widget-container\">\n\t\t\t<h3 class=\"elementor-heading-title elementor-size-default\">BIANCO IMPERIALE:<br>Licht und Stil in jedem Raum<\/h3>\t\t<\/div>\n\t\t\t\t<\/div>\n\t\t\t\t<div class=\"elementor-element elementor-element-f53b6d1 elementor-widget elementor-widget-text-editor\" data-id=\"f53b6d1\" data-element_type=\"widget\" data-widget_type=\"text-editor.default\">\n\t\t\t\t<div class=\"elementor-widget-container\">\n\t\t\t\t\t\t\t<p><strong>Bianco Imperiale, vorgestellt auf der Cersaie, ist eine Feinsteinzeugplatte mit Marmor-Effekt, die sich durch ihre rotbraunen Adern auszeichnet, <\/strong>die \u00fcber eine elfenbeinfarbene Oberfl\u00e4che verlaufen. Diese Kombination erzeugt goldene Reflexe, die das Licht auf faszinierende Weise einfangen und den R\u00e4umen eine einzigartige Eleganz verleihen.<\/p>\n<p>Perfekt f\u00fcr gro\u00dfe R\u00e4ume f\u00fcgt sich <span style=\"text-decoration: underline;\"><a href=\"https:\/\/www.lafabbrica.it\/de\/collections\/bianco-imperiale\/\">Bianco Imperiale<\/a><\/span> mit Klasse in <strong>elegante Umgebungen<\/strong> ein, in denen Licht und Design eine grundlegende Rolle spielen. Die nat\u00fcrlichen Adern machen es ideal f\u00fcr gro\u00dfz\u00fcgige R\u00e4ume wie Wohnzimmer und luxuri\u00f6se Hotel-Lobbys.<\/p>\n\t\t\t\t\t\t<\/div>\n\t\t\t\t<\/div>\n\t\t\t\t<\/div>\n\t\t<div class=\"elementor-element elementor-element-b2228c5 e-con-full e-flex e-con e-child\" data-id=\"b2228c5\" data-element_type=\"container\" data-settings=\"{&quot;content_width&quot;:&quot;full&quot;}\">\n\t\t\t\t<div class=\"elementor-element elementor-element-b0021fe elementor-widget elementor-widget-image\" data-id=\"b0021fe\" data-element_type=\"widget\" data-widget_type=\"image.default\">\n\t\t\t\t<div class=\"elementor-widget-container\">\n\t\t\t\t\t\t\t\t\t\t\t\t\t<img decoding=\"async\" width=\"819\" height=\"858\" src=\"https:\/\/www.lafabbrica.it\/wp-content\/uploads\/2025\/05\/bianco-imperiale.jpg\" class=\"attachment-full size-full wp-image-26898\" alt=\"\" srcset=\"https:\/\/www.lafabbrica.it\/wp-content\/uploads\/2025\/05\/bianco-imperiale.jpg 819w, https:\/\/www.lafabbrica.it\/wp-content\/uploads\/2025\/05\/bianco-imperiale-286x300.jpg 286w, https:\/\/www.lafabbrica.it\/wp-content\/uploads\/2025\/05\/bianco-imperiale-768x805.jpg 768w\" sizes=\"(max-width: 819px) 100vw, 819px\" \/>\t\t\t\t\t\t\t\t\t\t\t\t\t<\/div>\n\t\t\t\t<\/div>\n\t\t\t\t<\/div>\n\t\t\t\t\t<\/div>\n\t\t\t\t<\/div>\n\t\t<div class=\"elementor-element elementor-element-b27a222 e-flex e-con-boxed e-con e-parent\" data-id=\"b27a222\" data-element_type=\"container\" data-settings=\"{&quot;content_width&quot;:&quot;boxed&quot;}\" data-core-v316-plus=\"true\">\n\t\t\t\t\t<div class=\"e-con-inner\">\n\t\t\t\t<div class=\"elementor-element elementor-element-97eecbb elementor-widget elementor-widget-heading\" data-id=\"97eecbb\" data-element_type=\"widget\" data-widget_type=\"heading.default\">\n\t\t\t\t<div class=\"elementor-widget-container\">\n\t\t\t<h2 class=\"elementor-heading-title elementor-size-default\">Boutiquen, Hotels und Spas: Marmor definiert die Identit\u00e4t der R\u00e4ume<\/h2>\t\t<\/div>\n\t\t\t\t<\/div>\n\t\t\t\t<div class=\"elementor-element elementor-element-77b5cea elementor-widget elementor-widget-text-editor\" data-id=\"77b5cea\" data-element_type=\"widget\" data-widget_type=\"text-editor.default\">\n\t\t\t\t<div class=\"elementor-widget-container\">\n\t\t\t\t\t\t\t<p><strong>Feinsteinzeug mit Marmor-Effekt stellt einen Mehrwert f\u00fcr kommerzielle und luxuri\u00f6se Umgebungen wie Boutiquen, Hotels und Spas dar.<\/strong> In diesen R\u00e4umen wird es zu einem markanten Element, das sofort den Wert und die Exklusivit\u00e4t der Marke kommuniziert. Verwendet f\u00fcr B\u00f6den, Wandverkleidungen und M\u00f6bel, schafft es visuelle Eindr\u00fccke, die die Besucher faszinieren und jede Umgebung unvergesslich machen.<\/p>\n\t\t\t\t\t\t<\/div>\n\t\t\t\t<\/div>\n\t\t\t\t<div class=\"elementor-element elementor-element-af226e9 elementor-widget elementor-widget-heading\" data-id=\"af226e9\" data-element_type=\"widget\" data-widget_type=\"heading.default\">\n\t\t\t\t<div class=\"elementor-widget-container\">\n\t\t\t<h3 class=\"elementor-heading-title elementor-size-default\">Marmor als Branding-Element<\/h3>\t\t<\/div>\n\t\t\t\t<\/div>\n\t\t\t\t<div class=\"elementor-element elementor-element-7bd8794 elementor-widget elementor-widget-text-editor\" data-id=\"7bd8794\" data-element_type=\"widget\" data-widget_type=\"text-editor.default\">\n\t\t\t\t<div class=\"elementor-widget-container\">\n\t\t\t\t\t\t\t<p>In einer Boutique oder einem Luxus-Hotel ist Feinsteinzeug mit Marmor-Effekt das ideale Material, um die hohe Qualit\u00e4t der angebotenen Dienstleistungen zu vermitteln. <strong>Gro\u00dfformatige Oberfl\u00e4chen, wie die mit 120&#215;280 cm, k\u00f6nnen verwendet werden, um beeindruckende visuelle Koordinationen zu schaffen,<\/strong> beispielsweise in Eingangsbereichen, an Rezeptionen und in Lounge-Zonen, die alle durch eine einheitliche \u00e4sthetische Sprache verbunden sind.<\/p>\n<p>Ein solcher Ansatz <strong>steigert den \u00e4sthetischen Wert der R\u00e4ume<\/strong> und tr\u00e4gt auch zur St\u00e4rkung der Markenidentit\u00e4t bei.<\/p>\n\t\t\t\t\t\t<\/div>\n\t\t\t\t<\/div>\n\t\t\t\t\t<\/div>\n\t\t\t\t<\/div>\n\t\t<div class=\"elementor-element elementor-element-c0506ca e-con-full e-flex e-con e-parent\" data-id=\"c0506ca\" data-element_type=\"container\" data-settings=\"{&quot;content_width&quot;:&quot;full&quot;}\" data-core-v316-plus=\"true\">\n\t\t\t\t<div class=\"elementor-element elementor-element-d90d147 elementor-widget elementor-widget-image\" data-id=\"d90d147\" data-element_type=\"widget\" data-widget_type=\"image.default\">\n\t\t\t\t<div class=\"elementor-widget-container\">\n\t\t\t\t\t\t\t\t\t\t\t\t\t<img loading=\"lazy\" decoding=\"async\" width=\"1440\" height=\"811\" src=\"https:\/\/www.lafabbrica.it\/wp-content\/uploads\/2025\/05\/black-gold.jpg\" class=\"attachment-full size-full wp-image-26902\" alt=\"\" srcset=\"https:\/\/www.lafabbrica.it\/wp-content\/uploads\/2025\/05\/black-gold.jpg 1440w, https:\/\/www.lafabbrica.it\/wp-content\/uploads\/2025\/05\/black-gold-300x169.jpg 300w, https:\/\/www.lafabbrica.it\/wp-content\/uploads\/2025\/05\/black-gold-1024x577.jpg 1024w, https:\/\/www.lafabbrica.it\/wp-content\/uploads\/2025\/05\/black-gold-768x433.jpg 768w\" sizes=\"(max-width: 1440px) 100vw, 1440px\" \/>\t\t\t\t\t\t\t\t\t\t\t\t\t<\/div>\n\t\t\t\t<\/div>\n\t\t\t\t<\/div>\n\t\t<div class=\"elementor-element elementor-element-9838ed7 e-flex e-con-boxed e-con e-parent\" data-id=\"9838ed7\" data-element_type=\"container\" data-settings=\"{&quot;content_width&quot;:&quot;boxed&quot;}\" data-core-v316-plus=\"true\">\n\t\t\t\t\t<div class=\"e-con-inner\">\n\t\t\t\t<div class=\"elementor-element elementor-element-56fa831 elementor-widget elementor-widget-heading\" data-id=\"56fa831\" data-element_type=\"widget\" data-widget_type=\"heading.default\">\n\t\t\t\t<div class=\"elementor-widget-container\">\n\t\t\t<h3 class=\"elementor-heading-title elementor-size-default\">BLACK GOLD: Die Eleganz von Schwarz und der Glanz von Gold<\/h3>\t\t<\/div>\n\t\t\t\t<\/div>\n\t\t\t\t<div class=\"elementor-element elementor-element-5676348 elementor-widget elementor-widget-text-editor\" data-id=\"5676348\" data-element_type=\"widget\" data-widget_type=\"text-editor.default\">\n\t\t\t\t<div class=\"elementor-widget-container\">\n\t\t\t\t\t\t\t<p><strong>Die Serie Black Gold, die auf der letzten Cersaie-Ausstellung pr\u00e4sentiert wurde, ist die perfekte Wahl f\u00fcr alle, die ein Design mit gro\u00dfer Wirkung suchen.<\/strong> Das tiefe Schwarz der Oberfl\u00e4che wird elegant durch schimmernde goldene Adern unterbrochen, wodurch ein au\u00dfergew\u00f6hnlicher Kontrast entsteht, der eine elegante Aussage von Raffinesse trifft.<\/p>\n<p>Die <a href=\"https:\/\/www.lafabbrica.it\/de\/collections\/black-gold\/\"><span style=\"text-decoration: underline;\">Black Gold<\/span><\/a>-Oberfl\u00e4chen sind ideal f\u00fcr prestigetr\u00e4chtige Umgebungen wie <strong>Luxushotels und Boutiquen<\/strong>, in denen der Kontrast zwischen Schwarz und Gold einen Hauch von Klasse verleiht und einen visuellen Effekt erzeugt, der niemals unbemerkt bleibt.<\/p>\n\t\t\t\t\t\t<\/div>\n\t\t\t\t<\/div>\n\t\t\t\t\t<\/div>\n\t\t\t\t<\/div>\n\t\t<div data-dce-background-color=\"#F7F7F8\" class=\"elementor-element elementor-element-2935f73 e-con-full e-flex e-con e-parent\" data-id=\"2935f73\" data-element_type=\"container\" data-settings=\"{&quot;content_width&quot;:&quot;full&quot;,&quot;background_background&quot;:&quot;classic&quot;}\" data-core-v316-plus=\"true\">\n\t\t<div class=\"elementor-element elementor-element-40bfa21 e-flex e-con-boxed e-con e-child\" data-id=\"40bfa21\" data-element_type=\"container\" data-settings=\"{&quot;content_width&quot;:&quot;boxed&quot;}\">\n\t\t\t\t\t<div class=\"e-con-inner\">\n\t\t<div class=\"elementor-element elementor-element-2162709 e-con-full e-flex e-con e-child\" data-id=\"2162709\" data-element_type=\"container\" data-settings=\"{&quot;content_width&quot;:&quot;full&quot;}\">\n\t\t\t\t<div class=\"elementor-element elementor-element-0da3fcd elementor-widget elementor-widget-image\" data-id=\"0da3fcd\" data-element_type=\"widget\" data-widget_type=\"image.default\">\n\t\t\t\t<div class=\"elementor-widget-container\">\n\t\t\t\t\t\t\t\t\t\t\t\t\t<img loading=\"lazy\" decoding=\"async\" width=\"819\" height=\"858\" src=\"https:\/\/www.lafabbrica.it\/wp-content\/uploads\/2025\/05\/breccia-sicilia.jpg\" class=\"attachment-full size-full wp-image-26906\" alt=\"\" srcset=\"https:\/\/www.lafabbrica.it\/wp-content\/uploads\/2025\/05\/breccia-sicilia.jpg 819w, https:\/\/www.lafabbrica.it\/wp-content\/uploads\/2025\/05\/breccia-sicilia-286x300.jpg 286w, https:\/\/www.lafabbrica.it\/wp-content\/uploads\/2025\/05\/breccia-sicilia-768x805.jpg 768w\" sizes=\"(max-width: 819px) 100vw, 819px\" \/>\t\t\t\t\t\t\t\t\t\t\t\t\t<\/div>\n\t\t\t\t<\/div>\n\t\t\t\t<\/div>\n\t\t<div class=\"elementor-element elementor-element-4eace0c e-con-full e-flex e-con e-child\" data-id=\"4eace0c\" data-element_type=\"container\" data-settings=\"{&quot;content_width&quot;:&quot;full&quot;}\">\n\t\t\t\t<div class=\"elementor-element elementor-element-a39667c elementor-widget elementor-widget-heading\" data-id=\"a39667c\" data-element_type=\"widget\" data-widget_type=\"heading.default\">\n\t\t\t\t<div class=\"elementor-widget-container\">\n\t\t\t<h3 class=\"elementor-heading-title elementor-size-default\">BRECCIA SICILIA: Ein Design, das Eindruck hinterl\u00e4sst<\/h3>\t\t<\/div>\n\t\t\t\t<\/div>\n\t\t\t\t<div class=\"elementor-element elementor-element-140a31f elementor-widget elementor-widget-text-editor\" data-id=\"140a31f\" data-element_type=\"widget\" data-widget_type=\"text-editor.default\">\n\t\t\t\t<div class=\"elementor-widget-container\">\n\t\t\t\t\t\t\t<p><strong>Breccia Sicilia ist eine neue Serie, die sich durch eine unglaubliche Verschmelzung von roten, braunen und grauen T\u00f6nen auszeichnet.<\/strong> Diese T\u00f6ne verweben sich in einem Design, das den Blick fesselt und jeden Raum in einen exklusiven Ort mit besonderem Charme verwandelt.<\/p>\n<p>Perfekt f\u00fcr B\u00f6den und Wandverkleidungen bringt <a href=\"https:\/\/www.lafabbrica.it\/de\/collections\/breccia-sicilia\/\"><span style=\"text-decoration: underline;\">Breccia Sicilia<\/span><\/a> einen Hauch von <strong>nat\u00fcrlicher Kunst<\/strong> mit, der zu einem echten Unterscheidungsmerkmal f\u00fcr <strong>moderne<\/strong> und anspruchsvolle Umgebungen wird.<\/p>\n\t\t\t\t\t\t<\/div>\n\t\t\t\t<\/div>\n\t\t\t\t<\/div>\n\t\t\t\t\t<\/div>\n\t\t\t\t<\/div>\n\t\t\t\t<\/div>\n\t\t<div data-dce-background-color=\"#F7F7F8\" class=\"elementor-element elementor-element-7621146 e-flex e-con-boxed e-con e-child\" data-id=\"7621146\" data-element_type=\"container\" data-settings=\"{&quot;background_background&quot;:&quot;classic&quot;,&quot;content_width&quot;:&quot;boxed&quot;}\">\n\t\t\t\t\t<div class=\"e-con-inner\">\n\t\t<div class=\"elementor-element elementor-element-72d86b5 e-con-full e-flex e-con e-child\" data-id=\"72d86b5\" data-element_type=\"container\" data-settings=\"{&quot;content_width&quot;:&quot;full&quot;}\">\n\t\t\t\t<div class=\"elementor-element elementor-element-66a3a6c elementor-widget elementor-widget-heading\" data-id=\"66a3a6c\" data-element_type=\"widget\" data-widget_type=\"heading.default\">\n\t\t\t\t<div class=\"elementor-widget-container\">\n\t\t\t<h3 class=\"elementor-heading-title elementor-size-default\">BRECCIA CAPRAIA: Zarte Adern f\u00fcr einen Hauch von Eleganz<\/h3>\t\t<\/div>\n\t\t\t\t<\/div>\n\t\t\t\t<div class=\"elementor-element elementor-element-6e5736f elementor-widget elementor-widget-text-editor\" data-id=\"6e5736f\" data-element_type=\"widget\" data-widget_type=\"text-editor.default\">\n\t\t\t\t<div class=\"elementor-widget-container\">\n\t\t\t\t\t\t\t<p><strong>Breccia Capraia \u2013 k\u00fcrzlich auf der Cersaie pr\u00e4sentiert \u2013 ist eine Serie aus Feinsteinzeug im Marmoreffekt, die durch zarte violette und gr\u00fcne Adern gekennzeichnet ist,<\/strong> die sich auf einem \u00e4therischen Hintergrund verweben. Das exklusive Design verleiht jeder Oberfl\u00e4che Tiefe und Raffinesse, was es in anspruchsvollen und eleganten Umgebungen besonders faszinierend macht.<\/p>\n<p>Die dezente Sch\u00f6nheit und der elegante Stil von <span style=\"text-decoration: underline;\"><a href=\"https:\/\/www.lafabbrica.it\/de\/collections\/breccia-capraia\/\">Breccia Capraia<\/a><\/span> f\u00fcgen sich m\u00fchelos in jede Art von Raum ein und verleihen ihm einen Hauch von Klasse, der jedes Umfeld aufwertet, ohne es zu \u00fcberw\u00e4ltigen.<\/p>\n\t\t\t\t\t\t<\/div>\n\t\t\t\t<\/div>\n\t\t\t\t<\/div>\n\t\t<div class=\"elementor-element elementor-element-00950c1 e-con-full e-flex e-con e-child\" data-id=\"00950c1\" data-element_type=\"container\" data-settings=\"{&quot;content_width&quot;:&quot;full&quot;}\">\n\t\t\t\t<div class=\"elementor-element elementor-element-5f93246 elementor-widget elementor-widget-image\" data-id=\"5f93246\" data-element_type=\"widget\" data-widget_type=\"image.default\">\n\t\t\t\t<div class=\"elementor-widget-container\">\n\t\t\t\t\t\t\t\t\t\t\t\t\t<img loading=\"lazy\" decoding=\"async\" width=\"819\" height=\"858\" src=\"https:\/\/www.lafabbrica.it\/wp-content\/uploads\/2025\/05\/breccia-capraia.jpg\" class=\"attachment-full size-full wp-image-26910\" alt=\"\" srcset=\"https:\/\/www.lafabbrica.it\/wp-content\/uploads\/2025\/05\/breccia-capraia.jpg 819w, https:\/\/www.lafabbrica.it\/wp-content\/uploads\/2025\/05\/breccia-capraia-286x300.jpg 286w, https:\/\/www.lafabbrica.it\/wp-content\/uploads\/2025\/05\/breccia-capraia-768x805.jpg 768w\" sizes=\"(max-width: 819px) 100vw, 819px\" \/>\t\t\t\t\t\t\t\t\t\t\t\t\t<\/div>\n\t\t\t\t<\/div>\n\t\t\t\t<\/div>\n\t\t\t\t\t<\/div>\n\t\t\t\t<\/div>\n\t\t<div class=\"elementor-element elementor-element-5983d96 e-flex e-con-boxed e-con e-parent\" data-id=\"5983d96\" data-element_type=\"container\" data-settings=\"{&quot;content_width&quot;:&quot;boxed&quot;}\" data-core-v316-plus=\"true\">\n\t\t\t\t\t<div class=\"e-con-inner\">\n\t\t\t\t<div class=\"elementor-element elementor-element-0fda200 elementor-widget elementor-widget-heading\" data-id=\"0fda200\" data-element_type=\"widget\" data-widget_type=\"heading.default\">\n\t\t\t\t<div class=\"elementor-widget-container\">\n\t\t\t<h3 class=\"elementor-heading-title elementor-size-default\">GREEN SKY: Gr\u00fcner Marmor, anspruchsvoll und intensiv<\/h3>\t\t<\/div>\n\t\t\t\t<\/div>\n\t\t\t\t<div class=\"elementor-element elementor-element-f417774 elementor-widget elementor-widget-text-editor\" data-id=\"f417774\" data-element_type=\"widget\" data-widget_type=\"text-editor.default\">\n\t\t\t\t<div class=\"elementor-widget-container\">\n\t\t\t\t\t\t\t<p><strong>Green Sky, ein weiteres Produkt, das auf der Cersaie vorgestellt wurde, ist eine Serie aus Feinsteinzeug im Marmoreffekt mit intensiven T\u00f6nen, die von Gr\u00fcn bis Aqua-Gr\u00fcn reichen,<\/strong> mit Adern, die in Erdt\u00f6ne \u00fcbergehen. Es handelt sich um einen nat\u00fcrlichen Marmoreffekt, der eine tiefe Verbindung mit der Sch\u00f6nheit der Erde ausdr\u00fcckt und ihn ideal f\u00fcr anspruchsvolle Umgebungen macht.<\/p>\n<p>Perfekt f\u00fcr B\u00f6den und Wandverkleidungen, bringt <span style=\"text-decoration: underline;\"><a href=\"https:\/\/www.lafabbrica.it\/de\/collections\/green-sky\/\">Green Sky<\/a><\/span> einen Hauch von zeitgen\u00f6ssischer Eleganz und eine kraftvolle <strong>grafische St\u00e4rke, die jeden Raum verwandelt,<\/strong> und ihm eine authentische und niemals banale Sch\u00f6nheit verleiht.<\/p>\n\t\t\t\t\t\t<\/div>\n\t\t\t\t<\/div>\n\t\t\t\t\t<\/div>\n\t\t\t\t<\/div>\n\t\t<div class=\"elementor-element elementor-element-baf2e5a e-con-full e-flex e-con e-parent\" data-id=\"baf2e5a\" data-element_type=\"container\" data-settings=\"{&quot;content_width&quot;:&quot;full&quot;}\" data-core-v316-plus=\"true\">\n\t\t\t\t<div class=\"elementor-element elementor-element-263c8c6 elementor-widget elementor-widget-image\" data-id=\"263c8c6\" data-element_type=\"widget\" data-widget_type=\"image.default\">\n\t\t\t\t<div class=\"elementor-widget-container\">\n\t\t\t\t\t\t\t\t\t\t\t\t\t<img loading=\"lazy\" decoding=\"async\" width=\"1440\" height=\"811\" src=\"https:\/\/www.lafabbrica.it\/wp-content\/uploads\/2025\/05\/green-sky.jpg\" class=\"attachment-full size-full wp-image-26914\" alt=\"\" srcset=\"https:\/\/www.lafabbrica.it\/wp-content\/uploads\/2025\/05\/green-sky.jpg 1440w, https:\/\/www.lafabbrica.it\/wp-content\/uploads\/2025\/05\/green-sky-300x169.jpg 300w, https:\/\/www.lafabbrica.it\/wp-content\/uploads\/2025\/05\/green-sky-1024x577.jpg 1024w, https:\/\/www.lafabbrica.it\/wp-content\/uploads\/2025\/05\/green-sky-768x433.jpg 768w\" sizes=\"(max-width: 1440px) 100vw, 1440px\" \/>\t\t\t\t\t\t\t\t\t\t\t\t\t<\/div>\n\t\t\t\t<\/div>\n\t\t\t\t<\/div>\n\t\t<div class=\"elementor-element elementor-element-9bbb5ca e-flex e-con-boxed e-con e-parent\" data-id=\"9bbb5ca\" data-element_type=\"container\" data-settings=\"{&quot;content_width&quot;:&quot;boxed&quot;}\" data-core-v316-plus=\"true\">\n\t\t\t\t\t<div class=\"e-con-inner\">\n\t\t\t\t<div class=\"elementor-element elementor-element-3b4599f elementor-widget elementor-widget-heading\" data-id=\"3b4599f\" data-element_type=\"widget\" data-widget_type=\"heading.default\">\n\t\t\t\t<div class=\"elementor-widget-container\">\n\t\t\t<h2 class=\"elementor-heading-title elementor-size-default\">Innenarchitektur: Kombinationen und Tipps zur Aufwertung von Marmor<\/h2>\t\t<\/div>\n\t\t\t\t<\/div>\n\t\t\t\t<div class=\"elementor-element elementor-element-7914cbd elementor-widget elementor-widget-text-editor\" data-id=\"7914cbd\" data-element_type=\"widget\" data-widget_type=\"text-editor.default\">\n\t\t\t\t<div class=\"elementor-widget-container\">\n\t\t\t\t\t\t\t<p><strong>Um den maximalen Effekt aus Feinsteinzeug im Marmoreffekt zu erzielen, ist es entscheidend, es richtig mit anderen Materialien und Farben im Raum zu kombinieren. <\/strong>Da es sich um ein vielseitiges Material handelt, passt es perfekt zu Holz, Metall, Glas und nat\u00fcrlichen Stoffen und schafft Kontraste, die seine nat\u00fcrliche Sch\u00f6nheit hervorheben.<\/p>\n\t\t\t\t\t\t<\/div>\n\t\t\t\t<\/div>\n\t\t\t\t<div class=\"elementor-element elementor-element-bcbcf1f elementor-widget elementor-widget-heading\" data-id=\"bcbcf1f\" data-element_type=\"widget\" data-widget_type=\"heading.default\">\n\t\t\t\t<div class=\"elementor-widget-container\">\n\t\t\t<h3 class=\"elementor-heading-title elementor-size-default\">Wie man Marmor mit anderen Materialien kombiniert<\/h3>\t\t<\/div>\n\t\t\t\t<\/div>\n\t\t\t\t<div class=\"elementor-element elementor-element-51e72d2 elementor-widget elementor-widget-text-editor\" data-id=\"51e72d2\" data-element_type=\"widget\" data-widget_type=\"text-editor.default\">\n\t\t\t\t<div class=\"elementor-widget-container\">\n\t\t\t\t\t\t\t<p><strong>Im Innenarchitektur-Design eignet sich Feinsteinzeug im Marmoreffekt hervorragend f\u00fcr viele Material- und Oberfl\u00e4chenkombinationen.<\/strong> Um ein harmonisches und elegantes Ergebnis zu erzielen, ist es hilfreich, einige praktische Richtlinien zu befolgen.<\/p>\n<p>Hier einige empfohlene Kombinationen mit konkreten Beispielen:<\/p>\n<ul>\n<li><strong>Mit dunklem Holz:<\/strong> Schafft einen warmen und eleganten Kontrast. Ein Beispiel: Fu\u00dfboden aus Feinsteinzeug im Marmoreffekt Bianco Imperiale kombiniert mit einer Wandverkleidung aus Nussbaum oder einer Wohnwand aus moka Eichenholz im Wohnzimmer.<\/li>\n<li><strong>Mit gl\u00e4nzendem Metall:<\/strong> Verleiht einen modernen und gl\u00e4nzenden Touch. Ein Beispiel: K\u00fcchenarbeitsplatte aus Black Gold kombiniert mit St\u00fchlen aus verchromtem Stahl oder Pendelleuchten aus poliertem Messing.<\/li>\n<li><strong>Mit transparentem oder rauchigem Glas:<\/strong> Mildert die visuelle Wirkung und betont die Marmoroberfl\u00e4che. Ein Beispiel: Esstisch mit Basis aus Green Sky und einer rauchigen Glasplatte, um die Adern und Farbnuancen hervorzuheben.<\/li>\n<li><strong>Mit nat\u00fcrlichen Stoffen:<\/strong> F\u00fcgt visuellen und haptischen Komfort hinzu. Ein Beispiel: Badezimmer mit Wandverkleidung aus Breccia Capraia kombiniert mit Vorh\u00e4ngen aus grobem Leinen oder einem Pouf aus altrosafarbenem Samt.<\/li>\n<li><strong>Mit matten Oberfl\u00e4chen und Mikro-Zement:<\/strong> Hebt den Glanz des Marmors hervor und schafft ein Spiel mit materiellen Kontrasten. Ein Beispiel: Wellnessbereich mit W\u00e4nden aus Avorio Segesta und Fu\u00dfboden aus hellgrauem Mikro-Zement f\u00fcr einen modernen SPA-Effekt.<\/li>\n<\/ul>\n<p><strong>Als abschlie\u00dfender Tipp ist es wichtig, nicht zu viele verschiedene Materialien und Farben im gleichen Raum zu verwenden.<\/strong> Feinsteinzeug im Marmoreffekt ist bereits ein visueller Mittelpunkt: Die beste Idee ist es, es mit wenigen, stimmigen Elementen zu kombinieren, die es betonen, ohne es zu \u00fcberladen.<\/p>\n\t\t\t\t\t\t<\/div>\n\t\t\t\t<\/div>\n\t\t\t\t\t<\/div>\n\t\t\t\t<\/div>\n\t\t<div class=\"elementor-element elementor-element-6d02695 e-con-full e-flex e-con e-parent\" data-id=\"6d02695\" data-element_type=\"container\" data-settings=\"{&quot;content_width&quot;:&quot;full&quot;}\" data-core-v316-plus=\"true\">\n\t\t\t\t<div class=\"elementor-element elementor-element-0cfb7cb elementor-align-center elementor-widget elementor-widget-button\" data-id=\"0cfb7cb\" data-element_type=\"widget\" data-widget_type=\"button.default\">\n\t\t\t\t<div class=\"elementor-widget-container\">\n\t\t\t\t\t<div class=\"elementor-button-wrapper\">\n\t\t\t<a class=\"elementor-button elementor-button-link elementor-size-md\" href=\"https:\/\/www.lafabbrica.it\/de\/ein-zimmer-aufwerten-kreative-ideen-fuer-originelle-waende\/\">\n\t\t\t\t\t\t<span class=\"elementor-button-content-wrapper\">\n\t\t\t\t\t\t<span class=\"elementor-button-text\">Entdecken Sie, wie Sie einen Raum aufwerten k\u00f6nnen: Kreative Ideen f\u00fcr originelle Projekte.<\/span>\n\t\t<\/span>\n\t\t\t\t\t<\/a>\n\t\t<\/div>\n\t\t\t\t<\/div>\n\t\t\t\t<\/div>\n\t\t\t\t<\/div>\n\t\t\t\t<\/div>\n\t\t","protected":false},"excerpt":{"rendered":"<p>Marmor ist seit jeher ein Symbol f\u00fcr Luxus, Raffinesse und Haltbarkeit, Eigenschaften, die ihn perfekt machen, um jedes Umfeld in einen exklusiven Raum zu verwandeln.<\/p>\n","protected":false},"author":1,"featured_media":26883,"comment_status":"closed","ping_status":"closed","sticky":false,"template":"","format":"standard","meta":{"_acf_changed":false,"site-sidebar-layout":"default","site-content-layout":"","ast-site-content-layout":"default","site-content-style":"default","site-sidebar-style":"default","ast-global-header-display":"","ast-banner-title-visibility":"","ast-main-header-display":"","ast-hfb-above-header-display":"","ast-hfb-below-header-display":"","ast-hfb-mobile-header-display":"","site-post-title":"","ast-breadcrumbs-content":"","ast-featured-img":"","footer-sml-layout":"","theme-transparent-header-meta":"","adv-header-id-meta":"","stick-header-meta":"","header-above-stick-meta":"","header-main-stick-meta":"","header-below-stick-meta":"","astra-migrate-meta-layouts":"default","ast-page-background-enabled":"default","ast-page-background-meta":{"desktop":{"background-color":"var(--ast-global-color-4)","background-image":"","background-repeat":"repeat","background-position":"center center","background-size":"auto","background-attachment":"scroll","background-type":"","background-media":"","overlay-type":"","overlay-color":"","overlay-gradient":""},"tablet":{"background-color":"","background-image":"","background-repeat":"repeat","background-position":"center center","background-size":"auto","background-attachment":"scroll","background-type":"","background-media":"","overlay-type":"","overlay-color":"","overlay-gradient":""},"mobile":{"background-color":"","background-image":"","background-repeat":"repeat","background-position":"center center","background-size":"auto","background-attachment":"scroll","background-type":"","background-media":"","overlay-type":"","overlay-color":"","overlay-gradient":""}},"ast-content-background-meta":{"desktop":{"background-color":"var(--ast-global-color-5)","background-image":"","background-repeat":"repeat","background-position":"center center","background-size":"auto","background-attachment":"scroll","background-type":"","background-media":"","overlay-type":"","overlay-color":"","overlay-gradient":""},"tablet":{"background-color":"var(--ast-global-color-5)","background-image":"","background-repeat":"repeat","background-position":"center center","background-size":"auto","background-attachment":"scroll","background-type":"","background-media":"","overlay-type":"","overlay-color":"","overlay-gradient":""},"mobile":{"background-color":"var(--ast-global-color-5)","background-image":"","background-repeat":"repeat","background-position":"center center","background-size":"auto","background-attachment":"scroll","background-type":"","background-media":"","overlay-type":"","overlay-color":"","overlay-gradient":""}},"footnotes":""},"categories":[1242],"tags":[],"class_list":["post-26928","post","type-post","status-publish","format-standard","has-post-thumbnail","hentry","category-blog-de"],"acf":[],"yoast_head":"<!-- This site is optimized with the Yoast SEO plugin v22.0 - https:\/\/yoast.com\/wordpress\/plugins\/seo\/ -->\n<title>Marmorm\u00f6bel: Szenografische Eleganz f\u00fcr Wohn- und Gesch\u00e4ftsr\u00e4ume - La Fabbrica AVA<\/title>\n<meta name=\"robots\" content=\"index, follow, max-snippet:-1, max-image-preview:large, max-video-preview:-1\" \/>\n<link rel=\"canonical\" href=\"https:\/\/www.lafabbrica.it\/de\/marmormoebel-szenografische-eleganz-fuer-wohn-und-geschaeftsraeume\/\" \/>\n<meta property=\"og:locale\" content=\"de_DE\" \/>\n<meta property=\"og:type\" content=\"article\" \/>\n<meta property=\"og:title\" content=\"Marmorm\u00f6bel: Szenografische Eleganz f\u00fcr Wohn- und Gesch\u00e4ftsr\u00e4ume - La Fabbrica AVA\" \/>\n<meta property=\"og:description\" content=\"Marmor ist seit jeher ein Symbol f\u00fcr Luxus, Raffinesse und Haltbarkeit, Eigenschaften, die ihn perfekt machen, um jedes Umfeld in einen exklusiven Raum zu verwandeln.\" \/>\n<meta property=\"og:url\" content=\"https:\/\/www.lafabbrica.it\/de\/marmormoebel-szenografische-eleganz-fuer-wohn-und-geschaeftsraeume\/\" \/>\n<meta property=\"og:site_name\" content=\"La Fabbrica AVA\" \/>\n<meta property=\"article:published_time\" content=\"2025-05-05T08:38:08+00:00\" \/>\n<meta property=\"article:modified_time\" content=\"2025-05-05T08:47:09+00:00\" \/>\n<meta property=\"og:image\" content=\"https:\/\/www.lafabbrica.it\/wp-content\/uploads\/2025\/05\/Arredamento-in-marmo-main.jpg\" \/>\n\t<meta property=\"og:image:width\" content=\"880\" \/>\n\t<meta property=\"og:image:height\" content=\"860\" \/>\n\t<meta property=\"og:image:type\" content=\"image\/jpeg\" \/>\n<meta name=\"author\" content=\"admin\" \/>\n<meta name=\"twitter:card\" content=\"summary_large_image\" \/>\n<meta name=\"twitter:label1\" content=\"Verfasst von\" \/>\n\t<meta name=\"twitter:data1\" content=\"admin\" \/>\n\t<meta name=\"twitter:label2\" content=\"Gesch\u00e4tzte Lesezeit\" \/>\n\t<meta name=\"twitter:data2\" content=\"8\u00a0Minuten\" \/>\n<script type=\"application\/ld+json\" class=\"yoast-schema-graph\">{\"@context\":\"https:\/\/schema.org\",\"@graph\":[{\"@type\":\"Article\",\"@id\":\"https:\/\/www.lafabbrica.it\/de\/marmormoebel-szenografische-eleganz-fuer-wohn-und-geschaeftsraeume\/#article\",\"isPartOf\":{\"@id\":\"https:\/\/www.lafabbrica.it\/de\/marmormoebel-szenografische-eleganz-fuer-wohn-und-geschaeftsraeume\/\"},\"author\":{\"name\":\"admin\",\"@id\":\"https:\/\/www.lafabbrica.it\/de\/#\/schema\/person\/9854f3650eab7e4334e66d22de09296a\"},\"headline\":\"Marmorm\u00f6bel: Szenografische Eleganz f\u00fcr Wohn- und Gesch\u00e4ftsr\u00e4ume\",\"datePublished\":\"2025-05-05T08:38:08+00:00\",\"dateModified\":\"2025-05-05T08:47:09+00:00\",\"mainEntityOfPage\":{\"@id\":\"https:\/\/www.lafabbrica.it\/de\/marmormoebel-szenografische-eleganz-fuer-wohn-und-geschaeftsraeume\/\"},\"wordCount\":1648,\"publisher\":{\"@id\":\"https:\/\/www.lafabbrica.it\/de\/#organization\"},\"articleSection\":[\"Blog\"],\"inLanguage\":\"de\"},{\"@type\":\"WebPage\",\"@id\":\"https:\/\/www.lafabbrica.it\/de\/marmormoebel-szenografische-eleganz-fuer-wohn-und-geschaeftsraeume\/\",\"url\":\"https:\/\/www.lafabbrica.it\/de\/marmormoebel-szenografische-eleganz-fuer-wohn-und-geschaeftsraeume\/\",\"name\":\"Marmorm\u00f6bel: Szenografische Eleganz f\u00fcr Wohn- und Gesch\u00e4ftsr\u00e4ume - La Fabbrica AVA\",\"isPartOf\":{\"@id\":\"https:\/\/www.lafabbrica.it\/de\/#website\"},\"datePublished\":\"2025-05-05T08:38:08+00:00\",\"dateModified\":\"2025-05-05T08:47:09+00:00\",\"breadcrumb\":{\"@id\":\"https:\/\/www.lafabbrica.it\/de\/marmormoebel-szenografische-eleganz-fuer-wohn-und-geschaeftsraeume\/#breadcrumb\"},\"inLanguage\":\"de\",\"potentialAction\":[{\"@type\":\"ReadAction\",\"target\":[\"https:\/\/www.lafabbrica.it\/de\/marmormoebel-szenografische-eleganz-fuer-wohn-und-geschaeftsraeume\/\"]}]},{\"@type\":\"BreadcrumbList\",\"@id\":\"https:\/\/www.lafabbrica.it\/de\/marmormoebel-szenografische-eleganz-fuer-wohn-und-geschaeftsraeume\/#breadcrumb\",\"itemListElement\":[{\"@type\":\"ListItem\",\"position\":1,\"name\":\"Home\",\"item\":\"https:\/\/www.lafabbrica.it\/de\/\"},{\"@type\":\"ListItem\",\"position\":2,\"name\":\"Marmorm\u00f6bel: Szenografische Eleganz f\u00fcr Wohn- und Gesch\u00e4ftsr\u00e4ume\"}]},{\"@type\":\"WebSite\",\"@id\":\"https:\/\/www.lafabbrica.it\/de\/#website\",\"url\":\"https:\/\/www.lafabbrica.it\/de\/\",\"name\":\"La Fabbrica AVA\",\"description\":\"\",\"publisher\":{\"@id\":\"https:\/\/www.lafabbrica.it\/de\/#organization\"},\"potentialAction\":[{\"@type\":\"SearchAction\",\"target\":{\"@type\":\"EntryPoint\",\"urlTemplate\":\"https:\/\/www.lafabbrica.it\/de\/?s={search_term_string}\"},\"query-input\":\"required name=search_term_string\"}],\"inLanguage\":\"de\"},{\"@type\":\"Organization\",\"@id\":\"https:\/\/www.lafabbrica.it\/de\/#organization\",\"name\":\"La Fabbrica AVA\",\"url\":\"https:\/\/www.lafabbrica.it\/de\/\",\"logo\":{\"@type\":\"ImageObject\",\"inLanguage\":\"de\",\"@id\":\"https:\/\/www.lafabbrica.it\/de\/#\/schema\/logo\/image\/\",\"url\":\"https:\/\/www.lafabbrica.it\/wp-content\/uploads\/2023\/08\/Senza-titolo-1.png\",\"contentUrl\":\"https:\/\/www.lafabbrica.it\/wp-content\/uploads\/2023\/08\/Senza-titolo-1.png\",\"width\":567,\"height\":240,\"caption\":\"La Fabbrica AVA\"},\"image\":{\"@id\":\"https:\/\/www.lafabbrica.it\/de\/#\/schema\/logo\/image\/\"}},{\"@type\":\"Person\",\"@id\":\"https:\/\/www.lafabbrica.it\/de\/#\/schema\/person\/9854f3650eab7e4334e66d22de09296a\",\"name\":\"admin\",\"sameAs\":[\"http:\/\/www.lafabbrica.it\"],\"url\":\"https:\/\/www.lafabbrica.it\/de\/author\/admin\/\"}]}<\/script>\n<!-- \/ Yoast SEO plugin. -->","yoast_head_json":{"title":"Marmorm\u00f6bel: Szenografische Eleganz f\u00fcr Wohn- und Gesch\u00e4ftsr\u00e4ume - La Fabbrica AVA","robots":{"index":"index","follow":"follow","max-snippet":"max-snippet:-1","max-image-preview":"max-image-preview:large","max-video-preview":"max-video-preview:-1"},"canonical":"https:\/\/www.lafabbrica.it\/de\/marmormoebel-szenografische-eleganz-fuer-wohn-und-geschaeftsraeume\/","og_locale":"de_DE","og_type":"article","og_title":"Marmorm\u00f6bel: Szenografische Eleganz f\u00fcr Wohn- und Gesch\u00e4ftsr\u00e4ume - La Fabbrica AVA","og_description":"Marmor ist seit jeher ein Symbol f\u00fcr Luxus, Raffinesse und Haltbarkeit, Eigenschaften, die ihn perfekt machen, um jedes Umfeld in einen exklusiven Raum zu verwandeln.","og_url":"https:\/\/www.lafabbrica.it\/de\/marmormoebel-szenografische-eleganz-fuer-wohn-und-geschaeftsraeume\/","og_site_name":"La Fabbrica AVA","article_published_time":"2025-05-05T08:38:08+00:00","article_modified_time":"2025-05-05T08:47:09+00:00","og_image":[{"width":880,"height":860,"url":"https:\/\/www.lafabbrica.it\/wp-content\/uploads\/2025\/05\/Arredamento-in-marmo-main.jpg","type":"image\/jpeg"}],"author":"admin","twitter_card":"summary_large_image","twitter_misc":{"Verfasst von":"admin","Gesch\u00e4tzte Lesezeit":"8\u00a0Minuten"},"schema":{"@context":"https:\/\/schema.org","@graph":[{"@type":"Article","@id":"https:\/\/www.lafabbrica.it\/de\/marmormoebel-szenografische-eleganz-fuer-wohn-und-geschaeftsraeume\/#article","isPartOf":{"@id":"https:\/\/www.lafabbrica.it\/de\/marmormoebel-szenografische-eleganz-fuer-wohn-und-geschaeftsraeume\/"},"author":{"name":"admin","@id":"https:\/\/www.lafabbrica.it\/de\/#\/schema\/person\/9854f3650eab7e4334e66d22de09296a"},"headline":"Marmorm\u00f6bel: Szenografische Eleganz f\u00fcr Wohn- und Gesch\u00e4ftsr\u00e4ume","datePublished":"2025-05-05T08:38:08+00:00","dateModified":"2025-05-05T08:47:09+00:00","mainEntityOfPage":{"@id":"https:\/\/www.lafabbrica.it\/de\/marmormoebel-szenografische-eleganz-fuer-wohn-und-geschaeftsraeume\/"},"wordCount":1648,"publisher":{"@id":"https:\/\/www.lafabbrica.it\/de\/#organization"},"articleSection":["Blog"],"inLanguage":"de"},{"@type":"WebPage","@id":"https:\/\/www.lafabbrica.it\/de\/marmormoebel-szenografische-eleganz-fuer-wohn-und-geschaeftsraeume\/","url":"https:\/\/www.lafabbrica.it\/de\/marmormoebel-szenografische-eleganz-fuer-wohn-und-geschaeftsraeume\/","name":"Marmorm\u00f6bel: Szenografische Eleganz f\u00fcr Wohn- und Gesch\u00e4ftsr\u00e4ume - La Fabbrica AVA","isPartOf":{"@id":"https:\/\/www.lafabbrica.it\/de\/#website"},"datePublished":"2025-05-05T08:38:08+00:00","dateModified":"2025-05-05T08:47:09+00:00","breadcrumb":{"@id":"https:\/\/www.lafabbrica.it\/de\/marmormoebel-szenografische-eleganz-fuer-wohn-und-geschaeftsraeume\/#breadcrumb"},"inLanguage":"de","potentialAction":[{"@type":"ReadAction","target":["https:\/\/www.lafabbrica.it\/de\/marmormoebel-szenografische-eleganz-fuer-wohn-und-geschaeftsraeume\/"]}]},{"@type":"BreadcrumbList","@id":"https:\/\/www.lafabbrica.it\/de\/marmormoebel-szenografische-eleganz-fuer-wohn-und-geschaeftsraeume\/#breadcrumb","itemListElement":[{"@type":"ListItem","position":1,"name":"Home","item":"https:\/\/www.lafabbrica.it\/de\/"},{"@type":"ListItem","position":2,"name":"Marmorm\u00f6bel: Szenografische Eleganz f\u00fcr Wohn- und Gesch\u00e4ftsr\u00e4ume"}]},{"@type":"WebSite","@id":"https:\/\/www.lafabbrica.it\/de\/#website","url":"https:\/\/www.lafabbrica.it\/de\/","name":"La Fabbrica AVA","description":"","publisher":{"@id":"https:\/\/www.lafabbrica.it\/de\/#organization"},"potentialAction":[{"@type":"SearchAction","target":{"@type":"EntryPoint","urlTemplate":"https:\/\/www.lafabbrica.it\/de\/?s={search_term_string}"},"query-input":"required name=search_term_string"}],"inLanguage":"de"},{"@type":"Organization","@id":"https:\/\/www.lafabbrica.it\/de\/#organization","name":"La Fabbrica AVA","url":"https:\/\/www.lafabbrica.it\/de\/","logo":{"@type":"ImageObject","inLanguage":"de","@id":"https:\/\/www.lafabbrica.it\/de\/#\/schema\/logo\/image\/","url":"https:\/\/www.lafabbrica.it\/wp-content\/uploads\/2023\/08\/Senza-titolo-1.png","contentUrl":"https:\/\/www.lafabbrica.it\/wp-content\/uploads\/2023\/08\/Senza-titolo-1.png","width":567,"height":240,"caption":"La Fabbrica AVA"},"image":{"@id":"https:\/\/www.lafabbrica.it\/de\/#\/schema\/logo\/image\/"}},{"@type":"Person","@id":"https:\/\/www.lafabbrica.it\/de\/#\/schema\/person\/9854f3650eab7e4334e66d22de09296a","name":"admin","sameAs":["http:\/\/www.lafabbrica.it"],"url":"https:\/\/www.lafabbrica.it\/de\/author\/admin\/"}]}},"_links":{"self":[{"href":"https:\/\/www.lafabbrica.it\/de\/wp-json\/wp\/v2\/posts\/26928","targetHints":{"allow":["GET"]}}],"collection":[{"href":"https:\/\/www.lafabbrica.it\/de\/wp-json\/wp\/v2\/posts"}],"about":[{"href":"https:\/\/www.lafabbrica.it\/de\/wp-json\/wp\/v2\/types\/post"}],"author":[{"embeddable":true,"href":"https:\/\/www.lafabbrica.it\/de\/wp-json\/wp\/v2\/users\/1"}],"replies":[{"embeddable":true,"href":"https:\/\/www.lafabbrica.it\/de\/wp-json\/wp\/v2\/comments?post=26928"}],"version-history":[{"count":0,"href":"https:\/\/www.lafabbrica.it\/de\/wp-json\/wp\/v2\/posts\/26928\/revisions"}],"wp:featuredmedia":[{"embeddable":true,"href":"https:\/\/www.lafabbrica.it\/de\/wp-json\/wp\/v2\/media\/26883"}],"wp:attachment":[{"href":"https:\/\/www.lafabbrica.it\/de\/wp-json\/wp\/v2\/media?parent=26928"}],"wp:term":[{"taxonomy":"category","embeddable":true,"href":"https:\/\/www.lafabbrica.it\/de\/wp-json\/wp\/v2\/categories?post=26928"},{"taxonomy":"post_tag","embeddable":true,"href":"https:\/\/www.lafabbrica.it\/de\/wp-json\/wp\/v2\/tags?post=26928"}],"curies":[{"name":"wp","href":"https:\/\/api.w.org\/{rel}","templated":true}]}}