{"id":26133,"date":"2025-03-31T11:09:04","date_gmt":"2025-03-31T10:09:04","guid":{"rendered":"https:\/\/www.lafabbrica.it\/?p=26133"},"modified":"2025-04-07T09:11:10","modified_gmt":"2025-04-07T08:11:10","slug":"feinsteinzeugplatten-einzigartige-oberflaechen-fuer-integrierte-projekte","status":"publish","type":"post","link":"https:\/\/www.lafabbrica.it\/de\/feinsteinzeugplatten-einzigartige-oberflaechen-fuer-integrierte-projekte\/","title":{"rendered":"Feinsteinzeugplatten: Einzigartige Oberfl\u00e4chen f\u00fcr integrierte Projekte"},"content":{"rendered":"\t\t<div data-elementor-type=\"wp-post\" data-elementor-id=\"26133\" class=\"elementor elementor-26133 elementor-26132\" data-elementor-post-type=\"post\">\n\t\t\t\t<div data-dce-background-color=\"#FFFFFF\" class=\"elementor-element elementor-element-99db600 e-con-full e-flex e-con e-parent\" data-id=\"99db600\" data-element_type=\"container\" data-settings=\"{&quot;content_width&quot;:&quot;full&quot;,&quot;background_background&quot;:&quot;classic&quot;}\" data-core-v316-plus=\"true\">\n\t\t\t\t<div class=\"elementor-element elementor-element-af233c5 elementor-widget elementor-widget-heading\" data-id=\"af233c5\" data-element_type=\"widget\" data-widget_type=\"heading.default\">\n\t\t\t\t<div class=\"elementor-widget-container\">\n\t\t\t<h1 class=\"elementor-heading-title elementor-size-default\">Feinsteinzeugplatten: Einzigartige Oberfl\u00e4chen f\u00fcr integrierte Projekte<\/h1>\t\t<\/div>\n\t\t\t\t<\/div>\n\t\t\t\t<div class=\"elementor-element elementor-element-2399bc4 elementor-widget elementor-widget-text-editor\" data-id=\"2399bc4\" data-element_type=\"widget\" data-widget_type=\"text-editor.default\">\n\t\t\t\t<div class=\"elementor-widget-container\">\n\t\t\t\t\t\t\t<p><strong>Feinsteinzeugplatten sind die ideale L\u00f6sung f\u00fcr alle, die in ihren Innenarchitektur- und Architekturprojekten raffinierte \u00c4sthetik und \u00fcberlegene technische Eigenschaften kombinieren m\u00f6chten<\/strong>. Die \u00e4u\u00dferst vielseitigen Feinsteinzeugoberfl\u00e4chen eignen sich f\u00fcr die Herstellung integrierter Einrichtungsgegenst\u00e4nde und bieten unendliche kreative M\u00f6glichkeiten.<\/p>\n\t\t\t\t\t\t<\/div>\n\t\t\t\t<\/div>\n\t\t\t\t<div class=\"elementor-element elementor-element-3a85176 elementor-widget elementor-widget-image\" data-id=\"3a85176\" data-element_type=\"widget\" data-widget_type=\"image.default\">\n\t\t\t\t<div class=\"elementor-widget-container\">\n\t\t\t\t\t\t\t\t\t\t\t\t\t<img fetchpriority=\"high\" decoding=\"async\" width=\"1440\" height=\"811\" src=\"https:\/\/www.lafabbrica.it\/wp-content\/uploads\/2025\/04\/ambiente3.jpg\" class=\"attachment-full size-full wp-image-26155\" alt=\"\" srcset=\"https:\/\/www.lafabbrica.it\/wp-content\/uploads\/2025\/04\/ambiente3.jpg 1440w, https:\/\/www.lafabbrica.it\/wp-content\/uploads\/2025\/04\/ambiente3-300x169.jpg 300w, https:\/\/www.lafabbrica.it\/wp-content\/uploads\/2025\/04\/ambiente3-1024x577.jpg 1024w, https:\/\/www.lafabbrica.it\/wp-content\/uploads\/2025\/04\/ambiente3-768x433.jpg 768w\" sizes=\"(max-width: 1440px) 100vw, 1440px\" \/>\t\t\t\t\t\t\t\t\t\t\t\t\t<\/div>\n\t\t\t\t<\/div>\n\t\t\t\t<div class=\"elementor-element elementor-element-ace6ad3 elementor-widget elementor-widget-heading\" data-id=\"ace6ad3\" data-element_type=\"widget\" data-widget_type=\"heading.default\">\n\t\t\t\t<div class=\"elementor-widget-container\">\n\t\t\t<h2 class=\"elementor-heading-title elementor-size-default\">Warum Feinsteinzeugplatten w\u00e4hlen?<\/h2>\t\t<\/div>\n\t\t\t\t<\/div>\n\t\t\t\t<div class=\"elementor-element elementor-element-6a5302e elementor-widget elementor-widget-heading\" data-id=\"6a5302e\" data-element_type=\"widget\" data-widget_type=\"heading.default\">\n\t\t\t\t<div class=\"elementor-widget-container\">\n\t\t\t<h3 class=\"elementor-heading-title elementor-size-default\">Technische Eigenschaften: Widerstandsf\u00e4higkeit, Langlebigkeit, Hygiene und Vielseitigkeit<\/h3>\t\t<\/div>\n\t\t\t\t<\/div>\n\t\t\t\t<div class=\"elementor-element elementor-element-6e7f467 elementor-widget elementor-widget-text-editor\" data-id=\"6e7f467\" data-element_type=\"widget\" data-widget_type=\"text-editor.default\">\n\t\t\t\t<div class=\"elementor-widget-container\">\n\t\t\t\t\t\t\t<strong>Feinsteinzeug ist bekannt f\u00fcr seine au\u00dfergew\u00f6hnliche Best\u00e4ndigkeit gegen Kratzer, Flecken und hohe Temperaturen<\/strong>, wodurch es ideal f\u00fcr Umgebungen ist, die allt\u00e4glichen Belastungen ausgesetzt sind, wie K\u00fcchen und B\u00e4der. Die porenfreie Oberfl\u00e4che gew\u00e4hrleistet <strong>hohe Hygiene<\/strong> und verhindert die Aufnahme von Fl\u00fcssigkeiten sowie die Vermehrung von Bakterien.\r\n\r\nDie Vielseitigkeit des Materials erm\u00f6glicht Anwendungen sowohl in Innen- als auch in Au\u00dfenbereichen und passt sich verschiedenen Projektanforderungen an.\t\t\t\t\t\t<\/div>\n\t\t\t\t<\/div>\n\t\t\t\t<div class=\"elementor-element elementor-element-80ac150 elementor-widget elementor-widget-heading\" data-id=\"80ac150\" data-element_type=\"widget\" data-widget_type=\"heading.default\">\n\t\t\t\t<div class=\"elementor-widget-container\">\n\t\t\t<h3 class=\"elementor-heading-title elementor-size-default\">\u00c4sthetik und Vielfalt an Oberfl\u00e4chen: Marmor-, Beton-, Stein-, Holzoptik<\/h3>\t\t<\/div>\n\t\t\t\t<\/div>\n\t\t\t\t<div class=\"elementor-element elementor-element-12be81f elementor-widget elementor-widget-text-editor\" data-id=\"12be81f\" data-element_type=\"widget\" data-widget_type=\"text-editor.default\">\n\t\t\t\t<div class=\"elementor-widget-container\">\n\t\t\t\t\t\t\tFeinsteinzeugplatten\u00a0bieten\u00a0eine\u00a0breite Palette \u00e4sthetischer\u00a0Oberfl\u00e4chen, darunter\u00a0<strong>Marmor<\/strong><strong>-, Beton-, Stein- und <\/strong><strong>Holzoptiken<\/strong>, um so das Aussehen nat\u00fcrlicher Materialien mit den technischen Vorteilen von Keramik nachzubilden.\r\n\r\n<strong>Feinsteinzeugoberfl\u00e4chen<\/strong> sind in drei Hauptausf\u00fchrungen erh\u00e4ltlich:\r\n<ul>\r\n \t<li><strong>Natural<\/strong>: Matte und authentische Oberfl\u00e4che, die an die urspr\u00fcngliche Textur des Materials erinnert.<\/li>\r\n \t<li><strong>Lappato<\/strong>: gl\u00e4nzende Oberfl\u00e4che, die \u00e4sthetische Details hervorhebt und den R\u00e4umen Eleganz verleiht.<\/li>\r\n \t<li><strong>Materic<\/strong><strong> Touch<\/strong>: Leicht strukturierte Oberfl\u00e4che f\u00fcr ein unverwechselbares haptisches Erlebnis und eine raffinierte visuelle Wirkung.<\/li>\r\n<\/ul>\t\t\t\t\t\t<\/div>\n\t\t\t\t<\/div>\n\t\t\t\t<div class=\"elementor-element elementor-element-dde4849 elementor-widget elementor-widget-image\" data-id=\"dde4849\" data-element_type=\"widget\" data-widget_type=\"image.default\">\n\t\t\t\t<div class=\"elementor-widget-container\">\n\t\t\t\t\t\t\t\t\t\t\t\t\t<img decoding=\"async\" width=\"1440\" height=\"811\" src=\"https:\/\/www.lafabbrica.it\/wp-content\/uploads\/2025\/04\/ambiente1.jpg\" class=\"attachment-full size-full wp-image-26147\" alt=\"\" srcset=\"https:\/\/www.lafabbrica.it\/wp-content\/uploads\/2025\/04\/ambiente1.jpg 1440w, https:\/\/www.lafabbrica.it\/wp-content\/uploads\/2025\/04\/ambiente1-300x169.jpg 300w, https:\/\/www.lafabbrica.it\/wp-content\/uploads\/2025\/04\/ambiente1-1024x577.jpg 1024w, https:\/\/www.lafabbrica.it\/wp-content\/uploads\/2025\/04\/ambiente1-768x433.jpg 768w\" sizes=\"(max-width: 1440px) 100vw, 1440px\" \/>\t\t\t\t\t\t\t\t\t\t\t\t\t<\/div>\n\t\t\t\t<\/div>\n\t\t\t\t<div class=\"elementor-element elementor-element-c30e70e elementor-widget elementor-widget-heading\" data-id=\"c30e70e\" data-element_type=\"widget\" data-widget_type=\"heading.default\">\n\t\t\t\t<div class=\"elementor-widget-container\">\n\t\t\t<h3 class=\"elementor-heading-title elementor-size-default\">Anwendungen in Innenarchitektur und Architektur<\/h3>\t\t<\/div>\n\t\t\t\t<\/div>\n\t\t\t\t<div class=\"elementor-element elementor-element-b3fb2ad elementor-widget elementor-widget-text-editor\" data-id=\"b3fb2ad\" data-element_type=\"widget\" data-widget_type=\"text-editor.default\">\n\t\t\t\t<div class=\"elementor-widget-container\">\n\t\t\t\t\t\t\t<strong>Gro\u00dfe<\/strong><strong>\u00a0<\/strong><strong>Feinsteinzeugplatten<\/strong><strong>\u00a0<\/strong><strong>erf\u00fcllen<\/strong><strong> die <\/strong><strong>komplexesten<\/strong><strong>\u00a0<\/strong><strong>technischen<\/strong><strong> und <\/strong><strong>gestalterischen<\/strong><strong>\u00a0<\/strong><strong>Anforderungen<\/strong><strong> von <\/strong><strong>Architektur<\/strong><strong> und <\/strong><strong>Innenarchitektur<\/strong><strong>.<\/strong> Die M\u00f6glichkeit, Einrichtungselemente in jeder Form und Gr\u00f6\u00dfe anzufertigen, kombiniert mit der Verf\u00fcgbarkeit mehrerer Dicken, erm\u00f6glicht es, spezifische technische Einschr\u00e4nkungen in verschiedenen Projektkontexten anzugehen und zu l\u00f6sen.\r\n\r\nBeispielsweise\u00a0k\u00f6nnen\u00a0<strong>die <\/strong><strong>Platten<\/strong><strong>\u00a0<\/strong><strong>verwendet<\/strong><strong>\u00a0<\/strong><strong>werden<\/strong><strong>, <\/strong><strong>um<\/strong><strong>\u00a0<\/strong><strong>K\u00fcchenarbeitsplatten<\/strong><strong>, <\/strong><strong>Spritzschutz<\/strong><strong>, <\/strong><strong>Waschtischplatten<\/strong><strong> und <\/strong><strong>integrierte<\/strong><strong>\u00a0<\/strong><strong>Waschbecken<\/strong><strong>, <\/strong><strong>Arbeitsplatten<\/strong>, Tische und Schreibtische sowie Theken zu gestalten.\t\t\t\t\t\t<\/div>\n\t\t\t\t<\/div>\n\t\t\t\t<div class=\"elementor-element elementor-element-048cb19 elementor-widget elementor-widget-heading\" data-id=\"048cb19\" data-element_type=\"widget\" data-widget_type=\"heading.default\">\n\t\t\t\t<div class=\"elementor-widget-container\">\n\t\t\t<h2 class=\"elementor-heading-title elementor-size-default\">Wie man Platten f\u00fcr ma\u00dfgefertigte Einrichtungsgegenst\u00e4nde verwendet<\/h2>\t\t<\/div>\n\t\t\t\t<\/div>\n\t\t\t\t<\/div>\n\t\t<div data-dce-background-color=\"#F7F7F8\" class=\"elementor-element elementor-element-d3c0ce1 e-con-full e-flex e-con e-parent\" data-id=\"d3c0ce1\" data-element_type=\"container\" data-settings=\"{&quot;content_width&quot;:&quot;full&quot;,&quot;background_background&quot;:&quot;classic&quot;}\" data-core-v316-plus=\"true\">\n\t\t<div class=\"elementor-element elementor-element-1636cdb e-flex e-con-boxed e-con e-child\" data-id=\"1636cdb\" data-element_type=\"container\" data-settings=\"{&quot;content_width&quot;:&quot;boxed&quot;}\">\n\t\t\t\t\t<div class=\"e-con-inner\">\n\t\t<div class=\"elementor-element elementor-element-ad3018d e-con-full e-flex e-con e-child\" data-id=\"ad3018d\" data-element_type=\"container\" data-settings=\"{&quot;content_width&quot;:&quot;full&quot;}\">\n\t\t\t\t<div class=\"elementor-element elementor-element-8f1e566 elementor-widget elementor-widget-image\" data-id=\"8f1e566\" data-element_type=\"widget\" data-widget_type=\"image.default\">\n\t\t\t\t<div class=\"elementor-widget-container\">\n\t\t\t\t\t\t\t\t\t\t\t\t\t<img decoding=\"async\" width=\"819\" height=\"858\" src=\"https:\/\/www.lafabbrica.it\/wp-content\/uploads\/2025\/04\/piano.jpg\" class=\"attachment-full size-full wp-image-26161\" alt=\"\" srcset=\"https:\/\/www.lafabbrica.it\/wp-content\/uploads\/2025\/04\/piano.jpg 819w, https:\/\/www.lafabbrica.it\/wp-content\/uploads\/2025\/04\/piano-286x300.jpg 286w, https:\/\/www.lafabbrica.it\/wp-content\/uploads\/2025\/04\/piano-768x805.jpg 768w\" sizes=\"(max-width: 819px) 100vw, 819px\" \/>\t\t\t\t\t\t\t\t\t\t\t\t\t<\/div>\n\t\t\t\t<\/div>\n\t\t\t\t<\/div>\n\t\t<div class=\"elementor-element elementor-element-bce2513 e-con-full e-flex e-con e-child\" data-id=\"bce2513\" data-element_type=\"container\" data-settings=\"{&quot;content_width&quot;:&quot;full&quot;}\">\n\t\t\t\t<div class=\"elementor-element elementor-element-ff24a59 elementor-widget elementor-widget-heading\" data-id=\"ff24a59\" data-element_type=\"widget\" data-widget_type=\"heading.default\">\n\t\t\t\t<div class=\"elementor-widget-container\">\n\t\t\t<h3 class=\"elementor-heading-title elementor-size-default\">Keramikplatten f\u00fcr Tischplatten und Ablagefl\u00e4chen<\/h3>\t\t<\/div>\n\t\t\t\t<\/div>\n\t\t\t\t<div class=\"elementor-element elementor-element-61b66a4 elementor-widget elementor-widget-text-editor\" data-id=\"61b66a4\" data-element_type=\"widget\" data-widget_type=\"text-editor.default\">\n\t\t\t\t<div class=\"elementor-widget-container\">\n\t\t\t\t\t\t\t<p><strong>Feinsteinzeugplatten sind die ideale L\u00f6sung f\u00fcr die Herstellung von Tischplatten und Ablagefl\u00e4chen<\/strong>, sowohl in Wohn- als auch in Gewerbebereichen. Ihre Best\u00e4ndigkeit gegen Kratzer und Flecken, kombiniert mit der Vielfalt der verf\u00fcgbaren Oberfl\u00e4chen, erm\u00f6glicht die Schaffung \u00e4sthetisch ansprechender und langlebiger Tische.<\/p>\n\t\t\t\t\t\t<\/div>\n\t\t\t\t<\/div>\n\t\t\t\t<\/div>\n\t\t\t\t\t<\/div>\n\t\t\t\t<\/div>\n\t\t<div class=\"elementor-element elementor-element-e3faaaf e-flex e-con-boxed e-con e-child\" data-id=\"e3faaaf\" data-element_type=\"container\" data-settings=\"{&quot;content_width&quot;:&quot;boxed&quot;}\">\n\t\t\t\t\t<div class=\"e-con-inner\">\n\t\t<div class=\"elementor-element elementor-element-492f299 e-con-full e-flex e-con e-child\" data-id=\"492f299\" data-element_type=\"container\" data-settings=\"{&quot;content_width&quot;:&quot;full&quot;}\">\n\t\t\t\t<div class=\"elementor-element elementor-element-451370d elementor-widget elementor-widget-heading\" data-id=\"451370d\" data-element_type=\"widget\" data-widget_type=\"heading.default\">\n\t\t\t\t<div class=\"elementor-widget-container\">\n\t\t\t<h3 class=\"elementor-heading-title elementor-size-default\">Integrierte Waschbecken und ma\u00dfgefertigte L\u00f6sungen<\/h3>\t\t<\/div>\n\t\t\t\t<\/div>\n\t\t\t\t<div class=\"elementor-element elementor-element-c1667bb elementor-widget elementor-widget-text-editor\" data-id=\"c1667bb\" data-element_type=\"widget\" data-widget_type=\"text-editor.default\">\n\t\t\t\t<div class=\"elementor-widget-container\">\n\t\t\t\t\t\t\t<p><strong>Die Integration von Waschbecken aus Feinsteinzeug erm\u00f6glicht die Herstellung durchgehender Oberfl\u00e4chen ohne sichtbare Fugen, was die \u00c4sthetik verbessert und die Reinigung erleichtert<\/strong>. Ma\u00dfgefertigte L\u00f6sungen erm\u00f6glichen es, das Badezimmer nach den spezifischen Bed\u00fcrfnissen des Kunden zu gestalten und gleichzeitig hohe Hygiene- und Widerstandsf\u00e4higkeitsstandards zu gew\u00e4hrleisten.<\/p>\n\t\t\t\t\t\t<\/div>\n\t\t\t\t<\/div>\n\t\t\t\t<\/div>\n\t\t<div class=\"elementor-element elementor-element-1b8be73 e-con-full e-flex e-con e-child\" data-id=\"1b8be73\" data-element_type=\"container\" data-settings=\"{&quot;content_width&quot;:&quot;full&quot;}\">\n\t\t\t\t<div class=\"elementor-element elementor-element-073cdbb elementor-widget elementor-widget-image\" data-id=\"073cdbb\" data-element_type=\"widget\" data-widget_type=\"image.default\">\n\t\t\t\t<div class=\"elementor-widget-container\">\n\t\t\t\t\t\t\t\t\t\t\t\t\t<img loading=\"lazy\" decoding=\"async\" width=\"819\" height=\"858\" src=\"https:\/\/www.lafabbrica.it\/wp-content\/uploads\/2025\/04\/lavabo.jpg\" class=\"attachment-full size-full wp-image-26165\" alt=\"\" srcset=\"https:\/\/www.lafabbrica.it\/wp-content\/uploads\/2025\/04\/lavabo.jpg 819w, https:\/\/www.lafabbrica.it\/wp-content\/uploads\/2025\/04\/lavabo-286x300.jpg 286w, https:\/\/www.lafabbrica.it\/wp-content\/uploads\/2025\/04\/lavabo-768x805.jpg 768w\" sizes=\"(max-width: 819px) 100vw, 819px\" \/>\t\t\t\t\t\t\t\t\t\t\t\t\t<\/div>\n\t\t\t\t<\/div>\n\t\t\t\t<\/div>\n\t\t\t\t\t<\/div>\n\t\t\t\t<\/div>\n\t\t\t\t<\/div>\n\t\t<div class=\"elementor-element elementor-element-1652870 e-con-full e-flex e-con e-parent\" data-id=\"1652870\" data-element_type=\"container\" data-settings=\"{&quot;content_width&quot;:&quot;full&quot;}\" data-core-v316-plus=\"true\">\n\t\t\t\t<div class=\"elementor-element elementor-element-130366a elementor-widget elementor-widget-heading\" data-id=\"130366a\" data-element_type=\"widget\" data-widget_type=\"heading.default\">\n\t\t\t\t<div class=\"elementor-widget-container\">\n\t\t\t<h2 class=\"elementor-heading-title elementor-size-default\">Tipps und Vorschl\u00e4ge f\u00fcr das Badezimmer<\/h2>\t\t<\/div>\n\t\t\t\t<\/div>\n\t\t\t\t<\/div>\n\t\t<div data-dce-background-color=\"#F7F7F8\" class=\"elementor-element elementor-element-b60c86b e-con-full e-flex e-con e-parent\" data-id=\"b60c86b\" data-element_type=\"container\" data-settings=\"{&quot;content_width&quot;:&quot;full&quot;,&quot;background_background&quot;:&quot;classic&quot;}\" data-core-v316-plus=\"true\">\n\t\t<div class=\"elementor-element elementor-element-b533ed3 e-flex e-con-boxed e-con e-child\" data-id=\"b533ed3\" data-element_type=\"container\" data-settings=\"{&quot;content_width&quot;:&quot;boxed&quot;}\">\n\t\t\t\t\t<div class=\"e-con-inner\">\n\t\t<div class=\"elementor-element elementor-element-2a0fab6 e-con-full e-flex e-con e-child\" data-id=\"2a0fab6\" data-element_type=\"container\" data-settings=\"{&quot;content_width&quot;:&quot;full&quot;}\">\n\t\t\t\t<div class=\"elementor-element elementor-element-19964f0 elementor-widget elementor-widget-image\" data-id=\"19964f0\" data-element_type=\"widget\" data-widget_type=\"image.default\">\n\t\t\t\t<div class=\"elementor-widget-container\">\n\t\t\t\t\t\t\t\t\t\t\t\t\t<img loading=\"lazy\" decoding=\"async\" width=\"819\" height=\"858\" src=\"https:\/\/www.lafabbrica.it\/wp-content\/uploads\/2025\/04\/tavolino.jpg\" class=\"attachment-full size-full wp-image-26173\" alt=\"\" srcset=\"https:\/\/www.lafabbrica.it\/wp-content\/uploads\/2025\/04\/tavolino.jpg 819w, https:\/\/www.lafabbrica.it\/wp-content\/uploads\/2025\/04\/tavolino-286x300.jpg 286w, https:\/\/www.lafabbrica.it\/wp-content\/uploads\/2025\/04\/tavolino-768x805.jpg 768w\" sizes=\"(max-width: 819px) 100vw, 819px\" \/>\t\t\t\t\t\t\t\t\t\t\t\t\t<\/div>\n\t\t\t\t<\/div>\n\t\t\t\t<\/div>\n\t\t<div class=\"elementor-element elementor-element-b63a830 e-con-full e-flex e-con e-child\" data-id=\"b63a830\" data-element_type=\"container\" data-settings=\"{&quot;content_width&quot;:&quot;full&quot;}\">\n\t\t\t\t<div class=\"elementor-element elementor-element-e8314c8 elementor-widget elementor-widget-heading\" data-id=\"e8314c8\" data-element_type=\"widget\" data-widget_type=\"heading.default\">\n\t\t\t\t<div class=\"elementor-widget-container\">\n\t\t\t<h3 class=\"elementor-heading-title elementor-size-default\">Waschbecken und Ablagefl\u00e4chen aus Feinsteinzeug sind eine elegante und langlebige L\u00f6sung<\/h3>\t\t<\/div>\n\t\t\t\t<\/div>\n\t\t\t\t<div class=\"elementor-element elementor-element-51b6ce1 elementor-widget elementor-widget-text-editor\" data-id=\"51b6ce1\" data-element_type=\"widget\" data-widget_type=\"text-editor.default\">\n\t\t\t\t<div class=\"elementor-widget-container\">\n\t\t\t\t\t\t\t<p>Im Badezimmer bietet die Verwendung von Waschbecken und Ablagefl\u00e4chen aus Feinsteinzeug zahlreiche Vorteile, darunter <strong>die hohe Best\u00e4ndigkeit gegen Feuchtigkeit und Flecken<\/strong> sowie die M\u00f6glichkeit, <strong>ma\u00dfgefertigte L\u00f6sungen<\/strong> zu schaffen, die sich perfekt in das Design des Raumes einf\u00fcgen.<\/p>\n\t\t\t\t\t\t<\/div>\n\t\t\t\t<\/div>\n\t\t\t\t<\/div>\n\t\t\t\t\t<\/div>\n\t\t\t\t<\/div>\n\t\t<div class=\"elementor-element elementor-element-68f56fa e-flex e-con-boxed e-con e-child\" data-id=\"68f56fa\" data-element_type=\"container\" data-settings=\"{&quot;content_width&quot;:&quot;boxed&quot;}\">\n\t\t\t\t\t<div class=\"e-con-inner\">\n\t\t<div class=\"elementor-element elementor-element-2f21ce2 e-con-full e-flex e-con e-child\" data-id=\"2f21ce2\" data-element_type=\"container\" data-settings=\"{&quot;content_width&quot;:&quot;full&quot;}\">\n\t\t\t\t<div class=\"elementor-element elementor-element-001ba28 elementor-widget elementor-widget-heading\" data-id=\"001ba28\" data-element_type=\"widget\" data-widget_type=\"heading.default\">\n\t\t\t\t<div class=\"elementor-widget-container\">\n\t\t\t<h3 class=\"elementor-heading-title elementor-size-default\">Durchgehende Verkleidungen f\u00fcr einen minimalen und fugenlosen Effekt<\/h3>\t\t<\/div>\n\t\t\t\t<\/div>\n\t\t\t\t<div class=\"elementor-element elementor-element-b18e133 elementor-widget elementor-widget-text-editor\" data-id=\"b18e133\" data-element_type=\"widget\" data-widget_type=\"text-editor.default\">\n\t\t\t\t<div class=\"elementor-widget-container\">\n\t\t\t\t\t\t\t<p><strong>Die Verwendung durchgehender Verkleidungen aus Feinsteinzeug im Badezimmer tr\u00e4gt zu einem minimalistischen und modernen Effekt bei<\/strong>, indem Fugen vermieden und eine bessere Hygiene sowie eine einfachere Reinigung gew\u00e4hrleistet werden. Die Kontinuit\u00e4t des Stils zwischen B\u00f6den und vertikalen Verkleidungen erm\u00f6glicht harmonische und optisch vergr\u00f6\u00dferte R\u00e4ume.<\/p>\n\t\t\t\t\t\t<\/div>\n\t\t\t\t<\/div>\n\t\t\t\t<\/div>\n\t\t<div class=\"elementor-element elementor-element-d5dbb6c e-con-full e-flex e-con e-child\" data-id=\"d5dbb6c\" data-element_type=\"container\" data-settings=\"{&quot;content_width&quot;:&quot;full&quot;}\">\n\t\t\t\t<div class=\"elementor-element elementor-element-7b2c2c3 elementor-widget elementor-widget-image\" data-id=\"7b2c2c3\" data-element_type=\"widget\" data-widget_type=\"image.default\">\n\t\t\t\t<div class=\"elementor-widget-container\">\n\t\t\t\t\t\t\t\t\t\t\t\t\t<img loading=\"lazy\" decoding=\"async\" width=\"819\" height=\"858\" src=\"https:\/\/www.lafabbrica.it\/wp-content\/uploads\/2025\/04\/scale.jpg\" class=\"attachment-full size-full wp-image-26169\" alt=\"\" srcset=\"https:\/\/www.lafabbrica.it\/wp-content\/uploads\/2025\/04\/scale.jpg 819w, https:\/\/www.lafabbrica.it\/wp-content\/uploads\/2025\/04\/scale-286x300.jpg 286w, https:\/\/www.lafabbrica.it\/wp-content\/uploads\/2025\/04\/scale-768x805.jpg 768w\" sizes=\"(max-width: 819px) 100vw, 819px\" \/>\t\t\t\t\t\t\t\t\t\t\t\t\t<\/div>\n\t\t\t\t<\/div>\n\t\t\t\t<\/div>\n\t\t\t\t\t<\/div>\n\t\t\t\t<\/div>\n\t\t<div class=\"elementor-element elementor-element-c2bd522 e-flex e-con-boxed e-con e-child\" data-id=\"c2bd522\" data-element_type=\"container\" data-settings=\"{&quot;content_width&quot;:&quot;boxed&quot;}\">\n\t\t\t\t\t<div class=\"e-con-inner\">\n\t\t<div class=\"elementor-element elementor-element-02e6faa e-con-full e-flex e-con e-child\" data-id=\"02e6faa\" data-element_type=\"container\" data-settings=\"{&quot;content_width&quot;:&quot;full&quot;}\">\n\t\t\t\t<div class=\"elementor-element elementor-element-81d9648 elementor-widget elementor-widget-image\" data-id=\"81d9648\" data-element_type=\"widget\" data-widget_type=\"image.default\">\n\t\t\t\t<div class=\"elementor-widget-container\">\n\t\t\t\t\t\t\t\t\t\t\t\t\t<img loading=\"lazy\" decoding=\"async\" width=\"819\" height=\"858\" src=\"https:\/\/www.lafabbrica.it\/wp-content\/uploads\/2025\/04\/bagno.jpg\" class=\"attachment-full size-full wp-image-26177\" alt=\"\" srcset=\"https:\/\/www.lafabbrica.it\/wp-content\/uploads\/2025\/04\/bagno.jpg 819w, https:\/\/www.lafabbrica.it\/wp-content\/uploads\/2025\/04\/bagno-286x300.jpg 286w, https:\/\/www.lafabbrica.it\/wp-content\/uploads\/2025\/04\/bagno-768x805.jpg 768w\" sizes=\"(max-width: 819px) 100vw, 819px\" \/>\t\t\t\t\t\t\t\t\t\t\t\t\t<\/div>\n\t\t\t\t<\/div>\n\t\t\t\t<\/div>\n\t\t<div class=\"elementor-element elementor-element-c6b5c88 e-con-full e-flex e-con e-child\" data-id=\"c6b5c88\" data-element_type=\"container\" data-settings=\"{&quot;content_width&quot;:&quot;full&quot;}\">\n\t\t\t\t<div class=\"elementor-element elementor-element-688eee5 elementor-widget elementor-widget-heading\" data-id=\"688eee5\" data-element_type=\"widget\" data-widget_type=\"heading.default\">\n\t\t\t\t<div class=\"elementor-widget-container\">\n\t\t\t<h3 class=\"elementor-heading-title elementor-size-default\">Ideen und Inspirationen f\u00fcr das Badezimmer<\/h3>\t\t<\/div>\n\t\t\t\t<\/div>\n\t\t\t\t<div class=\"elementor-element elementor-element-a8d32e0 elementor-widget elementor-widget-text-editor\" data-id=\"a8d32e0\" data-element_type=\"widget\" data-widget_type=\"text-editor.default\">\n\t\t\t\t<div class=\"elementor-widget-container\">\n\t\t\t\t\t\t\t<p><strong>Bei der Suche nach Ideen f\u00fcr die Einrichtung eines einzigartigen und funktionalen Badezimmers ist es entscheidend, Stil, Technologie und Komfort zu kombinieren<\/strong>. Feinsteinzeugplatten bieten Widerstandsf\u00e4higkeit und \u00e4sthetische Vielseitigkeit, indem sie nat\u00fcrliche Materialien wie Holz, Stein und Harz simulieren und die Schaffung moderner Umgebungen mit h\u00e4ngenden M\u00f6beln, platzsparenden L\u00f6sungen und innovativen Accessoires erm\u00f6glichen.<\/p><p><strong>Durch die Integration intelligenter Technologien wie intelligenter Thermostate f\u00fcr die Dusche, einstellbarer LED-Leuchten<\/strong> und Spiegel mit Touchscreen-Displays kann das Badezimmer in eine h\u00e4usliche Oase des Wohlbefindens und der Entspannung verwandelt werden, in der jedes Detail den pers\u00f6nlichen Geschmack widerspiegelt.<\/p><p>Weitere Inspirationen zur <strong>Verwendung von Feinsteinzeugplatten<\/strong> finden Sie in unseren Ideen f\u00fcr das <a href=\"https:\/\/www.lafabbrica.it\/de\/wie-man-das-badezimmer-einrichtetideen-und-inspirationen-fuer-einen-einzigartigen-raum\/\"><span style=\"text-decoration: underline;\">Badezimmer<\/span><\/a>.<\/p>\t\t\t\t\t\t<\/div>\n\t\t\t\t<\/div>\n\t\t\t\t<\/div>\n\t\t\t\t\t<\/div>\n\t\t\t\t<\/div>\n\t\t\t\t<\/div>\n\t\t<div class=\"elementor-element elementor-element-5ebdd55 e-con-full e-flex e-con e-parent\" data-id=\"5ebdd55\" data-element_type=\"container\" data-settings=\"{&quot;content_width&quot;:&quot;full&quot;}\" data-core-v316-plus=\"true\">\n\t\t\t\t<div class=\"elementor-element elementor-element-2195ba3 elementor-widget elementor-widget-heading\" data-id=\"2195ba3\" data-element_type=\"widget\" data-widget_type=\"heading.default\">\n\t\t\t\t<div class=\"elementor-widget-container\">\n\t\t\t<h2 class=\"elementor-heading-title elementor-size-default\">Stil und Funktionalit\u00e4t in der K\u00fcche<\/h2>\t\t<\/div>\n\t\t\t\t<\/div>\n\t\t\t\t<div class=\"elementor-element elementor-element-43a3f47 elementor-widget elementor-widget-image\" data-id=\"43a3f47\" data-element_type=\"widget\" data-widget_type=\"image.default\">\n\t\t\t\t<div class=\"elementor-widget-container\">\n\t\t\t\t\t\t\t\t\t\t\t\t\t<img loading=\"lazy\" decoding=\"async\" width=\"1440\" height=\"811\" src=\"https:\/\/www.lafabbrica.it\/wp-content\/uploads\/2025\/04\/ambiente2.jpg\" class=\"attachment-full size-full wp-image-26151\" alt=\"\" srcset=\"https:\/\/www.lafabbrica.it\/wp-content\/uploads\/2025\/04\/ambiente2.jpg 1440w, https:\/\/www.lafabbrica.it\/wp-content\/uploads\/2025\/04\/ambiente2-300x169.jpg 300w, https:\/\/www.lafabbrica.it\/wp-content\/uploads\/2025\/04\/ambiente2-1024x577.jpg 1024w, https:\/\/www.lafabbrica.it\/wp-content\/uploads\/2025\/04\/ambiente2-768x433.jpg 768w\" sizes=\"(max-width: 1440px) 100vw, 1440px\" \/>\t\t\t\t\t\t\t\t\t\t\t\t\t<\/div>\n\t\t\t\t<\/div>\n\t\t\t\t<\/div>\n\t\t<div class=\"elementor-element elementor-element-9b45e18 e-flex e-con-boxed e-con e-parent\" data-id=\"9b45e18\" data-element_type=\"container\" data-settings=\"{&quot;content_width&quot;:&quot;boxed&quot;}\" data-core-v316-plus=\"true\">\n\t\t\t\t\t<div class=\"e-con-inner\">\n\t\t\t\t<div class=\"elementor-element elementor-element-db27c4c elementor-widget elementor-widget-heading\" data-id=\"db27c4c\" data-element_type=\"widget\" data-widget_type=\"heading.default\">\n\t\t\t\t<div class=\"elementor-widget-container\">\n\t\t\t<h3 class=\"elementor-heading-title elementor-size-default\">Arbeitsplatten und Spritzschutz aus Feinsteinzeug<\/h3>\t\t<\/div>\n\t\t\t\t<\/div>\n\t\t\t\t<div class=\"elementor-element elementor-element-be75bff elementor-widget elementor-widget-text-editor\" data-id=\"be75bff\" data-element_type=\"widget\" data-widget_type=\"text-editor.default\">\n\t\t\t\t<div class=\"elementor-widget-container\">\n\t\t\t\t\t\t\t<p><strong>In der K\u00fcche kombinieren Arbeitsplatten und Spritzschutz aus Feinsteinzeug \u00c4sthetik und Funktionalit\u00e4t<\/strong>. Sie sind hochbest\u00e4ndig gegen Hitze, Flecken und Kratzer, was sie ideal f\u00fcr jedes Zuhause macht. Die Vielfalt der verf\u00fcgbaren Oberfl\u00e4chen erm\u00f6glicht es, die Arbeitsplatten mit dem <a href=\"https:\/\/www.lafabbrica.it\/de\/moderne-kueche-wie-man-sie-funktional-und-einladend-gestaltet\/\"><span style=\"text-decoration: underline;\">K\u00fcchendesign<\/span> <\/a>zu kombinieren und koh\u00e4rente und harmonische Umgebungen zu schaffen.<\/p>\t\t\t\t\t\t<\/div>\n\t\t\t\t<\/div>\n\t\t\t\t<div class=\"elementor-element elementor-element-7ce3123 elementor-widget elementor-widget-heading\" data-id=\"7ce3123\" data-element_type=\"widget\" data-widget_type=\"heading.default\">\n\t\t\t\t<div class=\"elementor-widget-container\">\n\t\t\t<h3 class=\"elementor-heading-title elementor-size-default\">MOCA-Zertifizierung f\u00fcr den Lebensmittelkontakt<\/h3>\t\t<\/div>\n\t\t\t\t<\/div>\n\t\t\t\t<div class=\"elementor-element elementor-element-5044e92 elementor-widget elementor-widget-text-editor\" data-id=\"5044e92\" data-element_type=\"widget\" data-widget_type=\"text-editor.default\">\n\t\t\t\t<div class=\"elementor-widget-container\">\n\t\t\t\t\t\t\t<p><strong>Fabbrica Ava produziert Feinsteinzeugplatten mit MOCA-Zertifizierung (Materialien und Gegenst\u00e4nde, die mit Lebensmitteln in Kontakt kommen)<\/strong>, einer grundlegenden Garantie f\u00fcr Lebensmittelsicherheit und Hygiene f\u00fcr diejenigen, die gesunde, funktionale und praktische Umgebungen w\u00fcnschen. \u00c4sthetisch erm\u00f6glicht die <strong>Vielfalt an Effekten, Farben und Texturen<\/strong> unendliche Kombinationen, von den klassischsten bis zu den innovativsten, <a href=\"https:\/\/www.lafabbrica.it\/de\/ein-zimmer-aufwerten-kreative-ideen-fuer-originelle-waende\/\"><span style=\"text-decoration: underline;\">um jeden Raum je nach gew\u00fcnschtem Stil aufzuwerten<\/span><\/a>.<\/p>\t\t\t\t\t\t<\/div>\n\t\t\t\t<\/div>\n\t\t\t\t<div class=\"elementor-element elementor-element-57e3d84 elementor-widget elementor-widget-heading\" data-id=\"57e3d84\" data-element_type=\"widget\" data-widget_type=\"heading.default\">\n\t\t\t\t<div class=\"elementor-widget-container\">\n\t\t\t<h2 class=\"elementor-heading-title elementor-size-default\">Einzigartige und koordinierte L\u00f6sungen f\u00fcr jeden Raum<\/h2>\t\t<\/div>\n\t\t\t\t<\/div>\n\t\t\t\t<div class=\"elementor-element elementor-element-8aaa89e elementor-widget elementor-widget-text-editor\" data-id=\"8aaa89e\" data-element_type=\"widget\" data-widget_type=\"text-editor.default\">\n\t\t\t\t<div class=\"elementor-widget-container\">\n\t\t\t\t\t\t\t<p><strong>Der Vorteil von Feinsteinzeugplatten liegt auch in der M\u00f6glichkeit, eine \u00e4sthetische Kontinuit\u00e4t zwischen B\u00f6den, Wandverkleidungen und Einrichtungselementen zu schaffen<\/strong>. AVASTONE und LA FABBRICA AVA bieten konsistente \u00e4sthetische L\u00f6sungen, die es erm\u00f6glichen, Oberfl\u00e4chen und M\u00f6bel perfekt an den gew\u00fcnschten Stil anzupassen. Dank der Personalisierung und der ma\u00dfgeschneiderten Planung k\u00f6nnen diese L\u00f6sungen auch den spezifischsten Anforderungen jedes Projekts gerecht werden.<\/p><p><strong>Dank seiner Vielseitigkeit kann Feinsteinzeug sowohl im Innen- als auch im <a href=\"https:\/\/www.lafabbrica.it\/de\/kollektionen\/umwelt-im-freien\/\"><span style=\"text-decoration: underline;\">Au\u00dfenbereich<\/span> <\/a>verwendet werden<\/strong> und somit ein <a href=\"https:\/\/www.lafabbrica.it\/de\/moderne-haeuser-so-verbinden-sie-innen-und-aussenbereich-fuer-ein-nahtloses-design\/\"><span style=\"text-decoration: underline;\">nahtloses Design<\/span><\/a>, ideal f\u00fcr raffinierte und gut koordinierte Atmosph\u00e4ren im ganzen Haus.<\/p>\t\t\t\t\t\t<\/div>\n\t\t\t\t<\/div>\n\t\t\t\t\t<\/div>\n\t\t\t\t<\/div>\n\t\t<div class=\"elementor-element elementor-element-e34f0bb e-con-full e-flex e-con e-parent\" data-id=\"e34f0bb\" data-element_type=\"container\" data-settings=\"{&quot;content_width&quot;:&quot;full&quot;}\" data-core-v316-plus=\"true\">\n\t\t\t\t<div class=\"elementor-element elementor-element-ed90ff5 elementor-align-center elementor-widget elementor-widget-button\" data-id=\"ed90ff5\" data-element_type=\"widget\" data-widget_type=\"button.default\">\n\t\t\t\t<div class=\"elementor-widget-container\">\n\t\t\t\t\t<div class=\"elementor-button-wrapper\">\n\t\t\t<a class=\"elementor-button elementor-button-link elementor-size-md\" href=\"https:\/\/www.lafabbrica.it\/de\/avastone\/\">\n\t\t\t\t\t\t<span class=\"elementor-button-content-wrapper\">\n\t\t\t\t\t\t<span class=\"elementor-button-text\">Erfahren Sie mehr \u00fcber AVASTONE<\/span>\n\t\t<\/span>\n\t\t\t\t\t<\/a>\n\t\t<\/div>\n\t\t\t\t<\/div>\n\t\t\t\t<\/div>\n\t\t\t\t<\/div>\n\t\t\t\t<\/div>\n\t\t","protected":false},"excerpt":{"rendered":"<p>Feinsteinzeugplatten sind die ideale L\u00f6sung f\u00fcr alle, die in ihren Innenarchitektur- und Architekturprojekten raffinierte \u00c4sthetik und \u00fcberlegene technische Eigenschaften kombinieren m\u00f6chten.<\/p>\n","protected":false},"author":1,"featured_media":26142,"comment_status":"closed","ping_status":"closed","sticky":false,"template":"","format":"standard","meta":{"_acf_changed":false,"site-sidebar-layout":"default","site-content-layout":"","ast-site-content-layout":"default","site-content-style":"default","site-sidebar-style":"default","ast-global-header-display":"","ast-banner-title-visibility":"","ast-main-header-display":"","ast-hfb-above-header-display":"","ast-hfb-below-header-display":"","ast-hfb-mobile-header-display":"","site-post-title":"","ast-breadcrumbs-content":"","ast-featured-img":"","footer-sml-layout":"","theme-transparent-header-meta":"","adv-header-id-meta":"","stick-header-meta":"","header-above-stick-meta":"","header-main-stick-meta":"","header-below-stick-meta":"","astra-migrate-meta-layouts":"default","ast-page-background-enabled":"default","ast-page-background-meta":{"desktop":{"background-color":"var(--ast-global-color-4)","background-image":"","background-repeat":"repeat","background-position":"center center","background-size":"auto","background-attachment":"scroll","background-type":"","background-media":"","overlay-type":"","overlay-color":"","overlay-gradient":""},"tablet":{"background-color":"","background-image":"","background-repeat":"repeat","background-position":"center center","background-size":"auto","background-attachment":"scroll","background-type":"","background-media":"","overlay-type":"","overlay-color":"","overlay-gradient":""},"mobile":{"background-color":"","background-image":"","background-repeat":"repeat","background-position":"center center","background-size":"auto","background-attachment":"scroll","background-type":"","background-media":"","overlay-type":"","overlay-color":"","overlay-gradient":""}},"ast-content-background-meta":{"desktop":{"background-color":"var(--ast-global-color-5)","background-image":"","background-repeat":"repeat","background-position":"center center","background-size":"auto","background-attachment":"scroll","background-type":"","background-media":"","overlay-type":"","overlay-color":"","overlay-gradient":""},"tablet":{"background-color":"var(--ast-global-color-5)","background-image":"","background-repeat":"repeat","background-position":"center center","background-size":"auto","background-attachment":"scroll","background-type":"","background-media":"","overlay-type":"","overlay-color":"","overlay-gradient":""},"mobile":{"background-color":"var(--ast-global-color-5)","background-image":"","background-repeat":"repeat","background-position":"center center","background-size":"auto","background-attachment":"scroll","background-type":"","background-media":"","overlay-type":"","overlay-color":"","overlay-gradient":""}},"footnotes":""},"categories":[1242],"tags":[],"class_list":["post-26133","post","type-post","status-publish","format-standard","has-post-thumbnail","hentry","category-blog-de"],"acf":[],"yoast_head":"<!-- This site is optimized with the Yoast SEO plugin v22.0 - https:\/\/yoast.com\/wordpress\/plugins\/seo\/ -->\n<title>Feinsteinzeugplatten: Einzigartige Oberfl\u00e4chen f\u00fcr integrierte Projekte - La Fabbrica AVA<\/title>\n<meta name=\"description\" content=\"Feinsteinzeugplatten sind die ideale L\u00f6sung f\u00fcr alle, die in ihren Innenarchitektur- und Architekturprojekten raffinierte \u00c4sthetik und \u00fcberlegene technische Eigenschaften kombinieren m\u00f6chten.\" \/>\n<meta name=\"robots\" content=\"index, follow, max-snippet:-1, max-image-preview:large, max-video-preview:-1\" \/>\n<link rel=\"canonical\" href=\"https:\/\/www.lafabbrica.it\/de\/feinsteinzeugplatten-einzigartige-oberflaechen-fuer-integrierte-projekte\/\" \/>\n<meta property=\"og:locale\" content=\"de_DE\" \/>\n<meta property=\"og:type\" content=\"article\" \/>\n<meta property=\"og:title\" content=\"Feinsteinzeugplatten: Einzigartige Oberfl\u00e4chen f\u00fcr integrierte Projekte - La Fabbrica AVA\" \/>\n<meta property=\"og:description\" content=\"Feinsteinzeugplatten sind die ideale L\u00f6sung f\u00fcr alle, die in ihren Innenarchitektur- und Architekturprojekten raffinierte \u00c4sthetik und \u00fcberlegene technische Eigenschaften kombinieren m\u00f6chten.\" \/>\n<meta property=\"og:url\" content=\"https:\/\/www.lafabbrica.it\/de\/feinsteinzeugplatten-einzigartige-oberflaechen-fuer-integrierte-projekte\/\" \/>\n<meta property=\"og:site_name\" content=\"La Fabbrica AVA\" \/>\n<meta property=\"article:published_time\" content=\"2025-03-31T10:09:04+00:00\" \/>\n<meta property=\"article:modified_time\" content=\"2025-04-07T08:11:10+00:00\" \/>\n<meta property=\"og:image\" content=\"https:\/\/www.lafabbrica.it\/wp-content\/uploads\/2025\/04\/main-list.jpg\" \/>\n\t<meta property=\"og:image:width\" content=\"880\" \/>\n\t<meta property=\"og:image:height\" content=\"860\" \/>\n\t<meta property=\"og:image:type\" content=\"image\/jpeg\" \/>\n<meta name=\"author\" content=\"admin\" \/>\n<meta name=\"twitter:card\" content=\"summary_large_image\" \/>\n<meta name=\"twitter:label1\" content=\"Verfasst von\" \/>\n\t<meta name=\"twitter:data1\" content=\"admin\" \/>\n\t<meta name=\"twitter:label2\" content=\"Gesch\u00e4tzte Lesezeit\" \/>\n\t<meta name=\"twitter:data2\" content=\"7\u00a0Minuten\" \/>\n<script type=\"application\/ld+json\" class=\"yoast-schema-graph\">{\"@context\":\"https:\/\/schema.org\",\"@graph\":[{\"@type\":\"Article\",\"@id\":\"https:\/\/www.lafabbrica.it\/de\/feinsteinzeugplatten-einzigartige-oberflaechen-fuer-integrierte-projekte\/#article\",\"isPartOf\":{\"@id\":\"https:\/\/www.lafabbrica.it\/de\/feinsteinzeugplatten-einzigartige-oberflaechen-fuer-integrierte-projekte\/\"},\"author\":{\"name\":\"admin\",\"@id\":\"https:\/\/www.lafabbrica.it\/de\/#\/schema\/person\/9854f3650eab7e4334e66d22de09296a\"},\"headline\":\"Feinsteinzeugplatten: Einzigartige Oberfl\u00e4chen f\u00fcr integrierte Projekte\",\"datePublished\":\"2025-03-31T10:09:04+00:00\",\"dateModified\":\"2025-04-07T08:11:10+00:00\",\"mainEntityOfPage\":{\"@id\":\"https:\/\/www.lafabbrica.it\/de\/feinsteinzeugplatten-einzigartige-oberflaechen-fuer-integrierte-projekte\/\"},\"wordCount\":944,\"publisher\":{\"@id\":\"https:\/\/www.lafabbrica.it\/de\/#organization\"},\"articleSection\":[\"Blog\"],\"inLanguage\":\"de\"},{\"@type\":\"WebPage\",\"@id\":\"https:\/\/www.lafabbrica.it\/de\/feinsteinzeugplatten-einzigartige-oberflaechen-fuer-integrierte-projekte\/\",\"url\":\"https:\/\/www.lafabbrica.it\/de\/feinsteinzeugplatten-einzigartige-oberflaechen-fuer-integrierte-projekte\/\",\"name\":\"Feinsteinzeugplatten: Einzigartige Oberfl\u00e4chen f\u00fcr integrierte Projekte - La Fabbrica AVA\",\"isPartOf\":{\"@id\":\"https:\/\/www.lafabbrica.it\/de\/#website\"},\"datePublished\":\"2025-03-31T10:09:04+00:00\",\"dateModified\":\"2025-04-07T08:11:10+00:00\",\"description\":\"Feinsteinzeugplatten sind die ideale L\u00f6sung f\u00fcr alle, die in ihren Innenarchitektur- und Architekturprojekten raffinierte \u00c4sthetik und \u00fcberlegene technische Eigenschaften kombinieren m\u00f6chten.\",\"breadcrumb\":{\"@id\":\"https:\/\/www.lafabbrica.it\/de\/feinsteinzeugplatten-einzigartige-oberflaechen-fuer-integrierte-projekte\/#breadcrumb\"},\"inLanguage\":\"de\",\"potentialAction\":[{\"@type\":\"ReadAction\",\"target\":[\"https:\/\/www.lafabbrica.it\/de\/feinsteinzeugplatten-einzigartige-oberflaechen-fuer-integrierte-projekte\/\"]}]},{\"@type\":\"BreadcrumbList\",\"@id\":\"https:\/\/www.lafabbrica.it\/de\/feinsteinzeugplatten-einzigartige-oberflaechen-fuer-integrierte-projekte\/#breadcrumb\",\"itemListElement\":[{\"@type\":\"ListItem\",\"position\":1,\"name\":\"Home\",\"item\":\"https:\/\/www.lafabbrica.it\/de\/\"},{\"@type\":\"ListItem\",\"position\":2,\"name\":\"Feinsteinzeugplatten: Einzigartige Oberfl\u00e4chen f\u00fcr integrierte Projekte\"}]},{\"@type\":\"WebSite\",\"@id\":\"https:\/\/www.lafabbrica.it\/de\/#website\",\"url\":\"https:\/\/www.lafabbrica.it\/de\/\",\"name\":\"La Fabbrica AVA\",\"description\":\"\",\"publisher\":{\"@id\":\"https:\/\/www.lafabbrica.it\/de\/#organization\"},\"potentialAction\":[{\"@type\":\"SearchAction\",\"target\":{\"@type\":\"EntryPoint\",\"urlTemplate\":\"https:\/\/www.lafabbrica.it\/de\/?s={search_term_string}\"},\"query-input\":\"required name=search_term_string\"}],\"inLanguage\":\"de\"},{\"@type\":\"Organization\",\"@id\":\"https:\/\/www.lafabbrica.it\/de\/#organization\",\"name\":\"La Fabbrica AVA\",\"url\":\"https:\/\/www.lafabbrica.it\/de\/\",\"logo\":{\"@type\":\"ImageObject\",\"inLanguage\":\"de\",\"@id\":\"https:\/\/www.lafabbrica.it\/de\/#\/schema\/logo\/image\/\",\"url\":\"https:\/\/www.lafabbrica.it\/wp-content\/uploads\/2023\/08\/Senza-titolo-1.png\",\"contentUrl\":\"https:\/\/www.lafabbrica.it\/wp-content\/uploads\/2023\/08\/Senza-titolo-1.png\",\"width\":567,\"height\":240,\"caption\":\"La Fabbrica AVA\"},\"image\":{\"@id\":\"https:\/\/www.lafabbrica.it\/de\/#\/schema\/logo\/image\/\"}},{\"@type\":\"Person\",\"@id\":\"https:\/\/www.lafabbrica.it\/de\/#\/schema\/person\/9854f3650eab7e4334e66d22de09296a\",\"name\":\"admin\",\"sameAs\":[\"http:\/\/www.lafabbrica.it\"],\"url\":\"https:\/\/www.lafabbrica.it\/de\/author\/admin\/\"}]}<\/script>\n<!-- \/ Yoast SEO plugin. -->","yoast_head_json":{"title":"Feinsteinzeugplatten: Einzigartige Oberfl\u00e4chen f\u00fcr integrierte Projekte - La Fabbrica AVA","description":"Feinsteinzeugplatten sind die ideale L\u00f6sung f\u00fcr alle, die in ihren Innenarchitektur- und Architekturprojekten raffinierte \u00c4sthetik und \u00fcberlegene technische Eigenschaften kombinieren m\u00f6chten.","robots":{"index":"index","follow":"follow","max-snippet":"max-snippet:-1","max-image-preview":"max-image-preview:large","max-video-preview":"max-video-preview:-1"},"canonical":"https:\/\/www.lafabbrica.it\/de\/feinsteinzeugplatten-einzigartige-oberflaechen-fuer-integrierte-projekte\/","og_locale":"de_DE","og_type":"article","og_title":"Feinsteinzeugplatten: Einzigartige Oberfl\u00e4chen f\u00fcr integrierte Projekte - La Fabbrica AVA","og_description":"Feinsteinzeugplatten sind die ideale L\u00f6sung f\u00fcr alle, die in ihren Innenarchitektur- und Architekturprojekten raffinierte \u00c4sthetik und \u00fcberlegene technische Eigenschaften kombinieren m\u00f6chten.","og_url":"https:\/\/www.lafabbrica.it\/de\/feinsteinzeugplatten-einzigartige-oberflaechen-fuer-integrierte-projekte\/","og_site_name":"La Fabbrica AVA","article_published_time":"2025-03-31T10:09:04+00:00","article_modified_time":"2025-04-07T08:11:10+00:00","og_image":[{"width":880,"height":860,"url":"https:\/\/www.lafabbrica.it\/wp-content\/uploads\/2025\/04\/main-list.jpg","type":"image\/jpeg"}],"author":"admin","twitter_card":"summary_large_image","twitter_misc":{"Verfasst von":"admin","Gesch\u00e4tzte Lesezeit":"7\u00a0Minuten"},"schema":{"@context":"https:\/\/schema.org","@graph":[{"@type":"Article","@id":"https:\/\/www.lafabbrica.it\/de\/feinsteinzeugplatten-einzigartige-oberflaechen-fuer-integrierte-projekte\/#article","isPartOf":{"@id":"https:\/\/www.lafabbrica.it\/de\/feinsteinzeugplatten-einzigartige-oberflaechen-fuer-integrierte-projekte\/"},"author":{"name":"admin","@id":"https:\/\/www.lafabbrica.it\/de\/#\/schema\/person\/9854f3650eab7e4334e66d22de09296a"},"headline":"Feinsteinzeugplatten: Einzigartige Oberfl\u00e4chen f\u00fcr integrierte Projekte","datePublished":"2025-03-31T10:09:04+00:00","dateModified":"2025-04-07T08:11:10+00:00","mainEntityOfPage":{"@id":"https:\/\/www.lafabbrica.it\/de\/feinsteinzeugplatten-einzigartige-oberflaechen-fuer-integrierte-projekte\/"},"wordCount":944,"publisher":{"@id":"https:\/\/www.lafabbrica.it\/de\/#organization"},"articleSection":["Blog"],"inLanguage":"de"},{"@type":"WebPage","@id":"https:\/\/www.lafabbrica.it\/de\/feinsteinzeugplatten-einzigartige-oberflaechen-fuer-integrierte-projekte\/","url":"https:\/\/www.lafabbrica.it\/de\/feinsteinzeugplatten-einzigartige-oberflaechen-fuer-integrierte-projekte\/","name":"Feinsteinzeugplatten: Einzigartige Oberfl\u00e4chen f\u00fcr integrierte Projekte - La Fabbrica AVA","isPartOf":{"@id":"https:\/\/www.lafabbrica.it\/de\/#website"},"datePublished":"2025-03-31T10:09:04+00:00","dateModified":"2025-04-07T08:11:10+00:00","description":"Feinsteinzeugplatten sind die ideale L\u00f6sung f\u00fcr alle, die in ihren Innenarchitektur- und Architekturprojekten raffinierte \u00c4sthetik und \u00fcberlegene technische Eigenschaften kombinieren m\u00f6chten.","breadcrumb":{"@id":"https:\/\/www.lafabbrica.it\/de\/feinsteinzeugplatten-einzigartige-oberflaechen-fuer-integrierte-projekte\/#breadcrumb"},"inLanguage":"de","potentialAction":[{"@type":"ReadAction","target":["https:\/\/www.lafabbrica.it\/de\/feinsteinzeugplatten-einzigartige-oberflaechen-fuer-integrierte-projekte\/"]}]},{"@type":"BreadcrumbList","@id":"https:\/\/www.lafabbrica.it\/de\/feinsteinzeugplatten-einzigartige-oberflaechen-fuer-integrierte-projekte\/#breadcrumb","itemListElement":[{"@type":"ListItem","position":1,"name":"Home","item":"https:\/\/www.lafabbrica.it\/de\/"},{"@type":"ListItem","position":2,"name":"Feinsteinzeugplatten: Einzigartige Oberfl\u00e4chen f\u00fcr integrierte Projekte"}]},{"@type":"WebSite","@id":"https:\/\/www.lafabbrica.it\/de\/#website","url":"https:\/\/www.lafabbrica.it\/de\/","name":"La Fabbrica AVA","description":"","publisher":{"@id":"https:\/\/www.lafabbrica.it\/de\/#organization"},"potentialAction":[{"@type":"SearchAction","target":{"@type":"EntryPoint","urlTemplate":"https:\/\/www.lafabbrica.it\/de\/?s={search_term_string}"},"query-input":"required name=search_term_string"}],"inLanguage":"de"},{"@type":"Organization","@id":"https:\/\/www.lafabbrica.it\/de\/#organization","name":"La Fabbrica AVA","url":"https:\/\/www.lafabbrica.it\/de\/","logo":{"@type":"ImageObject","inLanguage":"de","@id":"https:\/\/www.lafabbrica.it\/de\/#\/schema\/logo\/image\/","url":"https:\/\/www.lafabbrica.it\/wp-content\/uploads\/2023\/08\/Senza-titolo-1.png","contentUrl":"https:\/\/www.lafabbrica.it\/wp-content\/uploads\/2023\/08\/Senza-titolo-1.png","width":567,"height":240,"caption":"La Fabbrica AVA"},"image":{"@id":"https:\/\/www.lafabbrica.it\/de\/#\/schema\/logo\/image\/"}},{"@type":"Person","@id":"https:\/\/www.lafabbrica.it\/de\/#\/schema\/person\/9854f3650eab7e4334e66d22de09296a","name":"admin","sameAs":["http:\/\/www.lafabbrica.it"],"url":"https:\/\/www.lafabbrica.it\/de\/author\/admin\/"}]}},"_links":{"self":[{"href":"https:\/\/www.lafabbrica.it\/de\/wp-json\/wp\/v2\/posts\/26133","targetHints":{"allow":["GET"]}}],"collection":[{"href":"https:\/\/www.lafabbrica.it\/de\/wp-json\/wp\/v2\/posts"}],"about":[{"href":"https:\/\/www.lafabbrica.it\/de\/wp-json\/wp\/v2\/types\/post"}],"author":[{"embeddable":true,"href":"https:\/\/www.lafabbrica.it\/de\/wp-json\/wp\/v2\/users\/1"}],"replies":[{"embeddable":true,"href":"https:\/\/www.lafabbrica.it\/de\/wp-json\/wp\/v2\/comments?post=26133"}],"version-history":[{"count":0,"href":"https:\/\/www.lafabbrica.it\/de\/wp-json\/wp\/v2\/posts\/26133\/revisions"}],"wp:featuredmedia":[{"embeddable":true,"href":"https:\/\/www.lafabbrica.it\/de\/wp-json\/wp\/v2\/media\/26142"}],"wp:attachment":[{"href":"https:\/\/www.lafabbrica.it\/de\/wp-json\/wp\/v2\/media?parent=26133"}],"wp:term":[{"taxonomy":"category","embeddable":true,"href":"https:\/\/www.lafabbrica.it\/de\/wp-json\/wp\/v2\/categories?post=26133"},{"taxonomy":"post_tag","embeddable":true,"href":"https:\/\/www.lafabbrica.it\/de\/wp-json\/wp\/v2\/tags?post=26133"}],"curies":[{"name":"wp","href":"https:\/\/api.w.org\/{rel}","templated":true}]}}