{"id":22635,"date":"2024-10-18T07:43:08","date_gmt":"2024-10-18T07:43:08","guid":{"rendered":"https:\/\/www.lafabbrica.it\/?p=22635"},"modified":"2024-10-18T11:04:10","modified_gmt":"2024-10-18T11:04:10","slug":"moderne-kueche-wie-man-sie-funktional-und-einladend-gestaltet","status":"publish","type":"post","link":"https:\/\/www.lafabbrica.it\/de\/moderne-kueche-wie-man-sie-funktional-und-einladend-gestaltet\/","title":{"rendered":"Moderne K\u00fcche: Wie man sie funktional und einladend gestaltet"},"content":{"rendered":"\t\t<div data-elementor-type=\"wp-post\" data-elementor-id=\"22635\" class=\"elementor elementor-22635 elementor-22634\" data-elementor-post-type=\"post\">\n\t\t\t\t<div data-dce-background-color=\"#FFFFFF\" class=\"elementor-element elementor-element-41f545f e-con-full e-flex e-con e-parent\" data-id=\"41f545f\" data-element_type=\"container\" data-settings=\"{&quot;content_width&quot;:&quot;full&quot;,&quot;background_background&quot;:&quot;classic&quot;}\" data-core-v316-plus=\"true\">\n\t\t\t\t<div class=\"elementor-element elementor-element-11f0209 elementor-widget elementor-widget-heading\" data-id=\"11f0209\" data-element_type=\"widget\" data-widget_type=\"heading.default\">\n\t\t\t\t<div class=\"elementor-widget-container\">\n\t\t\t<h1 class=\"elementor-heading-title elementor-size-default\">Moderne K\u00fcche: Wie man sie funktional und einladend gestaltet<\/h1>\t\t<\/div>\n\t\t\t\t<\/div>\n\t\t\t\t<div class=\"elementor-element elementor-element-6e1eeda elementor-widget elementor-widget-text-editor\" data-id=\"6e1eeda\" data-element_type=\"widget\" data-widget_type=\"text-editor.default\">\n\t\t\t\t<div class=\"elementor-widget-container\">\n\t\t\t\t\t\t\t<p><strong>Eine <\/strong><strong>einladende<\/strong><strong>\u00a0<\/strong><strong>K\u00fcche<\/strong><strong>\u00a0<\/strong><strong>ist<\/strong><strong> das <\/strong><strong>pulsierende<\/strong><strong> Herz des <\/strong><strong>Hauses<\/strong><strong>, <\/strong><strong>ein<\/strong><strong> Ort, <\/strong><strong>an<\/strong><strong> dem Design, <\/strong><strong>Komfort<\/strong><strong> und <\/strong><strong>Funktionalit\u00e4t<\/strong><strong>\u00a0<\/strong><strong>zusammenkommen<\/strong><strong>, um <\/strong><strong>einen<\/strong><strong>\u00a0<\/strong><strong>idealen<\/strong><strong> Raum <\/strong><strong>zu<\/strong><strong>\u00a0<\/strong><strong>schaffen<\/strong><strong>,<\/strong> in dem man kochen, sich\u00a0unterhalten und entspannen\u00a0kann. In diesem Artikel erkunden\u00a0wir, wie du deine\u00a0K\u00fcche in einen Raum verwandelst, der minimalistisches Design, Ergonomie und kreative\u00a0L\u00f6sungen\u00a0kombiniert, selbst\u00a0wenn du nur\u00a0wenig Platz zur\u00a0Verf\u00fcgung hast.<\/p>\n\t\t\t\t\t\t<\/div>\n\t\t\t\t<\/div>\n\t\t\t\t<div class=\"elementor-element elementor-element-63ac007 elementor-widget elementor-widget-heading\" data-id=\"63ac007\" data-element_type=\"widget\" data-widget_type=\"heading.default\">\n\t\t\t\t<div class=\"elementor-widget-container\">\n\t\t\t<h2 class=\"elementor-heading-title elementor-size-default\">Die ideale K\u00fcche: smart, minimalistisch, ergonomisch<\/h2>\t\t<\/div>\n\t\t\t\t<\/div>\n\t\t\t\t<div class=\"elementor-element elementor-element-2bb7905 elementor-widget elementor-widget-text-editor\" data-id=\"2bb7905\" data-element_type=\"widget\" data-widget_type=\"text-editor.default\">\n\t\t\t\t<div class=\"elementor-widget-container\">\n\t\t\t\t\t\t\t<p><strong>Eine <\/strong><strong>ideale<\/strong><strong>\u00a0<\/strong><strong>K\u00fcche<\/strong><strong>\u00a0<\/strong><strong>zeichnet<\/strong><strong>\u00a0<\/strong><strong>sich<\/strong><strong>\u00a0<\/strong><strong>durch<\/strong><strong>\u00a0<\/strong><strong>ihre<\/strong><strong>\u00a0<\/strong><strong>F\u00e4higkeit<\/strong><strong>\u00a0<\/strong><strong>aus<\/strong><strong>, <\/strong><strong>Stil<\/strong><strong> und <\/strong><strong>Effizienz<\/strong><strong>\u00a0<\/strong><strong>zu<\/strong><strong>\u00a0<\/strong><strong>vereinen<\/strong><strong>. <\/strong><strong>Dabei<\/strong><strong>\u00a0<\/strong><strong>spielt<\/strong><strong> das <\/strong><strong>minimalistische<\/strong><strong> Design <\/strong><strong>eine<\/strong><strong>\u00a0<\/strong><strong>entscheidende<\/strong><strong> Rolle,<\/strong>\u00a0gepr\u00e4gt von klaren\u00a0Linien, glatten\u00a0Oberfl\u00e4chen und einer\u00a0durchdachten\u00a0Raumanordnung, um Unordnung auf ein Minimum zu\u00a0reduzieren.<\/p>\n<p>Ergonomie\u00a0ist\u00a0ebenfalls von entscheidender\u00a0Bedeutung: <strong>Eine <\/strong><strong>K\u00fcche<\/strong><strong>\u00a0<\/strong><strong>sollte<\/strong><strong> so <\/strong><strong>gestaltet<\/strong><strong> sein, <\/strong><strong>dass<\/strong><strong>\u00a0<\/strong><strong>sie<\/strong><strong> die <\/strong><strong>Bewegungen<\/strong><strong> und <\/strong><strong>t\u00e4glichen<\/strong><strong>\u00a0<\/strong><strong>Aufgaben<\/strong><strong>\u00a0<\/strong><strong>erleichtert<\/strong><strong>,<\/strong>\u00a0mit\u00a0einer\u00a0optimalen\u00a0Platzierung der wesentlichen\u00a0Elemente (Herd, Sp\u00fcle, K\u00fchlschrank).<\/p>\n\t\t\t\t\t\t<\/div>\n\t\t\t\t<\/div>\n\t\t\t\t<div class=\"elementor-element elementor-element-190954a elementor-widget elementor-widget-image\" data-id=\"190954a\" data-element_type=\"widget\" data-widget_type=\"image.default\">\n\t\t\t\t<div class=\"elementor-widget-container\">\n\t\t\t\t\t\t\t\t\t\t\t\t\t<img fetchpriority=\"high\" decoding=\"async\" width=\"1440\" height=\"811\" src=\"https:\/\/www.lafabbrica.it\/wp-content\/uploads\/2024\/10\/cucina1.jpg\" class=\"attachment-full size-full wp-image-22646\" alt=\"\" srcset=\"https:\/\/www.lafabbrica.it\/wp-content\/uploads\/2024\/10\/cucina1.jpg 1440w, https:\/\/www.lafabbrica.it\/wp-content\/uploads\/2024\/10\/cucina1-300x169.jpg 300w, https:\/\/www.lafabbrica.it\/wp-content\/uploads\/2024\/10\/cucina1-1024x577.jpg 1024w, https:\/\/www.lafabbrica.it\/wp-content\/uploads\/2024\/10\/cucina1-768x433.jpg 768w\" sizes=\"(max-width: 1440px) 100vw, 1440px\" \/>\t\t\t\t\t\t\t\t\t\t\t\t\t<\/div>\n\t\t\t\t<\/div>\n\t\t\t\t<div class=\"elementor-element elementor-element-8a8d82f elementor-widget elementor-widget-heading\" data-id=\"8a8d82f\" data-element_type=\"widget\" data-widget_type=\"heading.default\">\n\t\t\t\t<div class=\"elementor-widget-container\">\n\t\t\t<h3 class=\"elementor-heading-title elementor-size-default\">Ideen und Tipps, um eine einladende K\u00fcche einzurichten<\/h3>\t\t<\/div>\n\t\t\t\t<\/div>\n\t\t\t\t<div class=\"elementor-element elementor-element-1e65886 elementor-widget elementor-widget-text-editor\" data-id=\"1e65886\" data-element_type=\"widget\" data-widget_type=\"text-editor.default\">\n\t\t\t\t<div class=\"elementor-widget-container\">\n\t\t\t\t\t\t\t<p><strong>Eine <\/strong><strong>einladende<\/strong><strong>\u00a0<\/strong><strong>K\u00fcche<\/strong><strong>\u00a0<\/strong><strong>einzurichten<\/strong><strong>\u00a0<\/strong><strong>bedeutet<\/strong><strong>, <\/strong><strong>\u00c4sthetik<\/strong><strong> und <\/strong><strong>Praktikabilit\u00e4t<\/strong><strong>\u00a0<\/strong><strong>gekonnt<\/strong><strong> in <\/strong><strong>Einklang<\/strong><strong>\u00a0<\/strong><strong>zu<\/strong><strong>\u00a0<\/strong><strong>bringen<\/strong><strong>.<\/strong>\u00a0Man\u00a0k\u00f6nnte\u00a0damit\u00a0beginnen, nat\u00fcrliche und warme\u00a0Materialien\u00a0wie Holz oder\u00a0Oberfl\u00e4chen\u00a0zu\u00a0w\u00e4hlen, die dessen\u00a0Wirkung\u00a0nachahmen und gleichzeitig die Leistung\u00a0verbessern. Um dieses Ziel zu\u00a0erreichen, sind die realistischen\u00a0Maserungen und einzigartigen\u00a0Farbt\u00f6ne von <span style=\"text-decoration: underline;\"><a href=\"https:\/\/www.lafabbrica.it\/de\/collections\/honey-wood\/\">HONEY WOOD<\/a><\/span> ideal, um W\u00e4rme und Nat\u00fcrlichkeit\u00a0zu\u00a0vermitteln. Seine Vielseitigkeit\u00a0passt\u00a0sowohl in moderne\u00a0als\u00a0auch in traditionellere\u00a0K\u00fcchen, dank der Vielzahl an verf\u00fcgbaren\u00a0Formaten.<\/p><p><strong>Die <\/strong><strong>M\u00f6glichkeiten<\/strong><strong>\u00a0<\/strong><strong>sind<\/strong><strong>\u00a0<\/strong><strong>vielf\u00e4ltig<\/strong><strong>: von der <\/strong><strong>Gestaltung<\/strong><strong> von <\/strong><strong>Einrichtungsgegenst\u00e4nden<\/strong><strong>\u00a0<\/strong><strong>mit<\/strong><strong>\u00a0<\/strong><strong>Feinsteinzeug<\/strong><strong>\u00a0<\/strong><strong>im<\/strong><strong>\u00a0<\/strong><strong>Eicheffekt<\/strong><strong> von AVASTONE<\/strong> bis hin\u00a0zu den Dekorationen der <a href=\"https:\/\/www.lafabbrica.it\/de\/collections\/honey-wood\/\"><span style=\"text-decoration: underline;\">HONEY WOOD<\/span><\/a>-Kollektion von LA FABBRICA AVA, die durch\u00a0raffinierte\u00a0geometrische Muster gekennzeichnet\u00a0sind und W\u00e4nde, R\u00fcckw\u00e4nde, Theken und Inseln\u00a0bereichern.<\/p><p><strong>Diese<\/strong><strong>\u00a0<\/strong><strong>Elemente<\/strong><strong>\u00a0<\/strong><strong>lassen<\/strong><strong>\u00a0<\/strong><strong>vermuten<\/strong><strong>\u00a0<\/strong><strong>Kombinationsm\u00f6glichkeiten<\/strong><strong>\u00a0<\/strong><strong>mit<\/strong><strong>\u00a0<\/strong><strong>anderen<\/strong><strong>\u00a0<\/strong><strong>Produkten<\/strong><strong> von LA FABBRICA AVA,<\/strong>\u00a0wie dem Marmor <span style=\"text-decoration: underline;\"><a href=\"https:\/\/www.lafabbrica.it\/de\/collections\/statuario\/\">STATUARIO<\/a><\/span> und dem Stein <a href=\"https:\/\/www.lafabbrica.it\/de\/collections\/pierres-des-chateaux\/\"><span style=\"text-decoration: underline;\">PIERRES DES CH\u00c2TEAUX<\/span><\/a>, f\u00fcr raffinierte\u00a0Kombinationen, die Eleganz und Funktionalit\u00e4t\u00a0vereinen. F\u00fcr den Bodenbelag\u00a0runden die Holzoptik-Leisten der <span style=\"text-decoration: underline;\"><a href=\"https:\/\/www.lafabbrica.it\/de\/collections\/honey-wood\/\">HONEY WOOD<\/a><\/span>-Serie, die in verschiedenen\u00a0Gr\u00f6\u00dfen und Holzoptiken\u00a0erh\u00e4ltlich\u00a0sind und das nat\u00fcrliche Holz originalgetreu\u00a0wiedergeben, den Raum mit\u00a0einer\u00a0warmen und organischen Note ab.<\/p><p>Auch die Beleuchtung\u00a0spielt\u00a0eine\u00a0Schl\u00fcsselrolle: Versuche, <strong>LED-<\/strong><strong>Leuchten<\/strong><strong>\u00a0<\/strong><strong>unter<\/strong><strong> den <\/strong><strong>H\u00e4ngeschr\u00e4nken<\/strong>\u00a0zu\u00a0integrieren, um die Arbeitsfl\u00e4che\u00a0zu\u00a0beleuchten, und kombiniere\u00a0sie\u00a0mit\u00a0<strong>Pendelleuchten<\/strong> f\u00fcr eine\u00a0weiche\u00a0Umgebungsbeleuchtung. Schlie\u00dflich\u00a0sollten\u00a0wir die intelligente\u00a0Raumnutzung\u00a0nicht\u00a0vergessen: h\u00e4ngende\u00a0M\u00f6bel, offene Regale und ma\u00dfgeschneiderte\u00a0Staurauml\u00f6sungen\u00a0sind ideal, um Ordnung zu\u00a0halten, ohne auf Stil\u00a0zu\u00a0verzichten.<\/p><p>\u00a0<\/p>\t\t\t\t\t\t<\/div>\n\t\t\t\t<\/div>\n\t\t\t\t<div class=\"elementor-element elementor-element-6cf083c elementor-widget elementor-widget-image\" data-id=\"6cf083c\" data-element_type=\"widget\" data-widget_type=\"image.default\">\n\t\t\t\t<div class=\"elementor-widget-container\">\n\t\t\t\t\t\t\t\t\t\t\t\t\t<img decoding=\"async\" width=\"1440\" height=\"811\" src=\"https:\/\/www.lafabbrica.it\/wp-content\/uploads\/2024\/10\/cucina4.jpg\" class=\"attachment-full size-full wp-image-22658\" alt=\"\" srcset=\"https:\/\/www.lafabbrica.it\/wp-content\/uploads\/2024\/10\/cucina4.jpg 1440w, https:\/\/www.lafabbrica.it\/wp-content\/uploads\/2024\/10\/cucina4-300x169.jpg 300w, https:\/\/www.lafabbrica.it\/wp-content\/uploads\/2024\/10\/cucina4-1024x577.jpg 1024w, https:\/\/www.lafabbrica.it\/wp-content\/uploads\/2024\/10\/cucina4-768x433.jpg 768w\" sizes=\"(max-width: 1440px) 100vw, 1440px\" \/>\t\t\t\t\t\t\t\t\t\t\t\t\t<\/div>\n\t\t\t\t<\/div>\n\t\t\t\t<div class=\"elementor-element elementor-element-3989dd9 elementor-widget elementor-widget-heading\" data-id=\"3989dd9\" data-element_type=\"widget\" data-widget_type=\"heading.default\">\n\t\t\t\t<div class=\"elementor-widget-container\">\n\t\t\t<h3 class=\"elementor-heading-title elementor-size-default\">Kreative und nachhaltige L\u00f6sungen f\u00fcr kleine K\u00fcchen<\/h3>\t\t<\/div>\n\t\t\t\t<\/div>\n\t\t\t\t<div class=\"elementor-element elementor-element-a871e02 elementor-widget elementor-widget-text-editor\" data-id=\"a871e02\" data-element_type=\"widget\" data-widget_type=\"text-editor.default\">\n\t\t\t\t<div class=\"elementor-widget-container\">\n\t\t\t\t\t\t\t<p><strong>F\u00fcr <\/strong><strong>diejenigen<\/strong><strong>, die <\/strong><strong>\u00fcber<\/strong><strong>\u00a0<\/strong><strong>eine<\/strong><strong>\u00a0<\/strong><strong>kleine<\/strong><strong>\u00a0<\/strong><strong>K\u00fcche<\/strong><strong>\u00a0<\/strong><strong>verf\u00fcgen<\/strong><strong>, <\/strong><strong>wird<\/strong><strong> die <\/strong><strong>Optimierung<\/strong><strong> des <\/strong><strong>Raums<\/strong><strong>\u00a0<\/strong><strong>noch<\/strong><strong>\u00a0<\/strong><strong>wichtiger<\/strong><strong>.<\/strong> Eine der effektivsten\u00a0L\u00f6sungen\u00a0ist die Verwendung von multifunktionalen\u00a0M\u00f6beln und vertikalen\u00a0Elementen, um jeden\u00a0verf\u00fcgbaren\u00a0Zentimeter optimal zu\u00a0nutzen.<\/p>\n<p><strong>Nachhaltige<\/strong><strong> und <\/strong><strong>langlebige<\/strong><strong>\u00a0<\/strong><strong>Materialien<\/strong><strong>\u00a0<\/strong><strong>wie<\/strong><strong>\u00a0<\/strong><strong>Feinsteinzeug<\/strong><strong>\u00a0<\/strong><strong>zu<\/strong><strong>\u00a0<\/strong><strong>w\u00e4hlen<\/strong><strong>, <\/strong><strong>tr\u00e4gt<\/strong><strong>\u00a0<\/strong><strong>nicht<\/strong><strong>\u00a0<\/strong><strong>nur<\/strong><strong>\u00a0<\/strong><strong>zu<\/strong><strong>\u00a0<\/strong><strong>einem<\/strong><strong>\u00a0<\/strong><strong>nachhaltigen<\/strong><strong> Design <\/strong><strong>bei<\/strong><strong>,<\/strong>\u00a0sondern\u00a0verleiht\u00a0auch\u00a0Eleganz und erleichtert die langfristige\u00a0Pflege. Um deine\u00a0K\u00fcche\u00a0noch\u00a0einladender\u00a0zu gestalten, vergiss\u00a0schlie\u00dflich\u00a0nicht die Bedeutung des nat\u00fcrlichen Lichts: <strong>leichte<\/strong><strong>\u00a0<\/strong><strong>Vorh\u00e4nge<\/strong> und <strong>reflektierende<\/strong><strong>\u00a0<\/strong><strong>Oberfl\u00e4chen<\/strong>\u00a0k\u00f6nnen in jeder\u00a0K\u00fcche\u00a0wahre Wunder bewirken, besonders in kleinen.<\/p>\n\t\t\t\t\t\t<\/div>\n\t\t\t\t<\/div>\n\t\t\t\t<\/div>\n\t\t<div class=\"elementor-element elementor-element-6b46401 e-con-full e-flex e-con e-parent\" data-id=\"6b46401\" data-element_type=\"container\" data-settings=\"{&quot;content_width&quot;:&quot;full&quot;}\" data-core-v316-plus=\"true\">\n\t\t\t\t<div class=\"elementor-element elementor-element-c46718c elementor-widget elementor-widget-image\" data-id=\"c46718c\" data-element_type=\"widget\" data-widget_type=\"image.default\">\n\t\t\t\t<div class=\"elementor-widget-container\">\n\t\t\t\t\t\t\t\t\t\t\t\t\t<img decoding=\"async\" width=\"1440\" height=\"811\" src=\"https:\/\/www.lafabbrica.it\/wp-content\/uploads\/2024\/10\/cucina2.jpg\" class=\"attachment-full size-full wp-image-22650\" alt=\"\" srcset=\"https:\/\/www.lafabbrica.it\/wp-content\/uploads\/2024\/10\/cucina2.jpg 1440w, https:\/\/www.lafabbrica.it\/wp-content\/uploads\/2024\/10\/cucina2-300x169.jpg 300w, https:\/\/www.lafabbrica.it\/wp-content\/uploads\/2024\/10\/cucina2-1024x577.jpg 1024w, https:\/\/www.lafabbrica.it\/wp-content\/uploads\/2024\/10\/cucina2-768x433.jpg 768w\" sizes=\"(max-width: 1440px) 100vw, 1440px\" \/>\t\t\t\t\t\t\t\t\t\t\t\t\t<\/div>\n\t\t\t\t<\/div>\n\t\t\t\t<\/div>\n\t\t<div class=\"elementor-element elementor-element-33a64a9 e-con-full e-flex e-con e-parent\" data-id=\"33a64a9\" data-element_type=\"container\" data-settings=\"{&quot;content_width&quot;:&quot;full&quot;}\" data-core-v316-plus=\"true\">\n\t\t\t\t<div class=\"elementor-element elementor-element-b1dbab8 elementor-align-center elementor-widget elementor-widget-button\" data-id=\"b1dbab8\" data-element_type=\"widget\" data-widget_type=\"button.default\">\n\t\t\t\t<div class=\"elementor-widget-container\">\n\t\t\t\t\t<div class=\"elementor-button-wrapper\">\n\t\t\t<a class=\"elementor-button elementor-button-link elementor-size-md\" href=\"https:\/\/www.lafabbrica.it\/de\/blog-2024\/\">\n\t\t\t\t\t\t<span class=\"elementor-button-content-wrapper\">\n\t\t\t\t\t\t<span class=\"elementor-button-text\">Entdecke mit LA FABBRICA AVA, wie du deine Designprojekte bereichern kannst.<\/span>\n\t\t<\/span>\n\t\t\t\t\t<\/a>\n\t\t<\/div>\n\t\t\t\t<\/div>\n\t\t\t\t<\/div>\n\t\t\t\t<\/div>\n\t\t\t\t<\/div>\n\t\t","protected":false},"excerpt":{"rendered":"<p>Eine einladende K\u00fcche ist das pulsierende Herz des Hauses, ein Ort, an dem Design, Komfort und Funktionalit\u00e4t zusammenkommen, um einen idealen Raum zu schaffen, in dem man kochen, sich unterhalten und entspannen kann.<\/p>\n","protected":false},"author":1,"featured_media":22689,"comment_status":"closed","ping_status":"closed","sticky":false,"template":"","format":"standard","meta":{"_acf_changed":false,"site-sidebar-layout":"default","site-content-layout":"","ast-site-content-layout":"default","site-content-style":"default","site-sidebar-style":"default","ast-global-header-display":"","ast-banner-title-visibility":"","ast-main-header-display":"","ast-hfb-above-header-display":"","ast-hfb-below-header-display":"","ast-hfb-mobile-header-display":"","site-post-title":"","ast-breadcrumbs-content":"","ast-featured-img":"","footer-sml-layout":"","theme-transparent-header-meta":"","adv-header-id-meta":"","stick-header-meta":"","header-above-stick-meta":"","header-main-stick-meta":"","header-below-stick-meta":"","astra-migrate-meta-layouts":"default","ast-page-background-enabled":"default","ast-page-background-meta":{"desktop":{"background-color":"var(--ast-global-color-4)","background-image":"","background-repeat":"repeat","background-position":"center center","background-size":"auto","background-attachment":"scroll","background-type":"","background-media":"","overlay-type":"","overlay-color":"","overlay-gradient":""},"tablet":{"background-color":"","background-image":"","background-repeat":"repeat","background-position":"center center","background-size":"auto","background-attachment":"scroll","background-type":"","background-media":"","overlay-type":"","overlay-color":"","overlay-gradient":""},"mobile":{"background-color":"","background-image":"","background-repeat":"repeat","background-position":"center center","background-size":"auto","background-attachment":"scroll","background-type":"","background-media":"","overlay-type":"","overlay-color":"","overlay-gradient":""}},"ast-content-background-meta":{"desktop":{"background-color":"var(--ast-global-color-5)","background-image":"","background-repeat":"repeat","background-position":"center center","background-size":"auto","background-attachment":"scroll","background-type":"","background-media":"","overlay-type":"","overlay-color":"","overlay-gradient":""},"tablet":{"background-color":"var(--ast-global-color-5)","background-image":"","background-repeat":"repeat","background-position":"center center","background-size":"auto","background-attachment":"scroll","background-type":"","background-media":"","overlay-type":"","overlay-color":"","overlay-gradient":""},"mobile":{"background-color":"var(--ast-global-color-5)","background-image":"","background-repeat":"repeat","background-position":"center center","background-size":"auto","background-attachment":"scroll","background-type":"","background-media":"","overlay-type":"","overlay-color":"","overlay-gradient":""}},"footnotes":""},"categories":[1242],"tags":[],"class_list":["post-22635","post","type-post","status-publish","format-standard","has-post-thumbnail","hentry","category-blog-de"],"acf":[],"yoast_head":"<!-- This site is optimized with the Yoast SEO plugin v22.0 - https:\/\/yoast.com\/wordpress\/plugins\/seo\/ -->\n<title>Moderne K\u00fcche: Wie man sie funktional und einladend gestaltet - La Fabbrica AVA<\/title>\n<meta name=\"description\" content=\"Eine einladende K\u00fcche ist das pulsierende Herz des Hauses, ein Ort, an dem Design, Komfort und Funktionalit\u00e4t zusammenkommen, um einen idealen Raum zu schaffen, in dem man kochen, sich unterhalten und entspannen kann.\" \/>\n<meta name=\"robots\" content=\"index, follow, max-snippet:-1, max-image-preview:large, max-video-preview:-1\" \/>\n<link rel=\"canonical\" href=\"https:\/\/www.lafabbrica.it\/de\/moderne-kueche-wie-man-sie-funktional-und-einladend-gestaltet\/\" \/>\n<meta property=\"og:locale\" content=\"de_DE\" \/>\n<meta property=\"og:type\" content=\"article\" \/>\n<meta property=\"og:title\" content=\"Moderne K\u00fcche: Wie man sie funktional und einladend gestaltet - La Fabbrica AVA\" \/>\n<meta property=\"og:description\" content=\"Eine einladende K\u00fcche ist das pulsierende Herz des Hauses, ein Ort, an dem Design, Komfort und Funktionalit\u00e4t zusammenkommen, um einen idealen Raum zu schaffen, in dem man kochen, sich unterhalten und entspannen kann.\" \/>\n<meta property=\"og:url\" content=\"https:\/\/www.lafabbrica.it\/de\/moderne-kueche-wie-man-sie-funktional-und-einladend-gestaltet\/\" \/>\n<meta property=\"og:site_name\" content=\"La Fabbrica AVA\" \/>\n<meta property=\"article:published_time\" content=\"2024-10-18T07:43:08+00:00\" \/>\n<meta property=\"article:modified_time\" content=\"2024-10-18T11:04:10+00:00\" \/>\n<meta property=\"og:image\" content=\"https:\/\/www.lafabbrica.it\/wp-content\/uploads\/2024\/10\/PINK.jpg\" \/>\n\t<meta property=\"og:image:width\" content=\"880\" \/>\n\t<meta property=\"og:image:height\" content=\"860\" \/>\n\t<meta property=\"og:image:type\" content=\"image\/jpeg\" \/>\n<meta name=\"author\" content=\"admin\" \/>\n<meta name=\"twitter:card\" content=\"summary_large_image\" \/>\n<meta name=\"twitter:label1\" content=\"Verfasst von\" \/>\n\t<meta name=\"twitter:data1\" content=\"admin\" \/>\n\t<meta name=\"twitter:label2\" content=\"Gesch\u00e4tzte Lesezeit\" \/>\n\t<meta name=\"twitter:data2\" content=\"4\u00a0Minuten\" \/>\n<script type=\"application\/ld+json\" class=\"yoast-schema-graph\">{\"@context\":\"https:\/\/schema.org\",\"@graph\":[{\"@type\":\"Article\",\"@id\":\"https:\/\/www.lafabbrica.it\/de\/moderne-kueche-wie-man-sie-funktional-und-einladend-gestaltet\/#article\",\"isPartOf\":{\"@id\":\"https:\/\/www.lafabbrica.it\/de\/moderne-kueche-wie-man-sie-funktional-und-einladend-gestaltet\/\"},\"author\":{\"name\":\"admin\",\"@id\":\"https:\/\/www.lafabbrica.it\/de\/#\/schema\/person\/9854f3650eab7e4334e66d22de09296a\"},\"headline\":\"Moderne K\u00fcche: Wie man sie funktional und einladend gestaltet\",\"datePublished\":\"2024-10-18T07:43:08+00:00\",\"dateModified\":\"2024-10-18T11:04:10+00:00\",\"mainEntityOfPage\":{\"@id\":\"https:\/\/www.lafabbrica.it\/de\/moderne-kueche-wie-man-sie-funktional-und-einladend-gestaltet\/\"},\"wordCount\":574,\"publisher\":{\"@id\":\"https:\/\/www.lafabbrica.it\/de\/#organization\"},\"articleSection\":[\"Blog\"],\"inLanguage\":\"de\"},{\"@type\":\"WebPage\",\"@id\":\"https:\/\/www.lafabbrica.it\/de\/moderne-kueche-wie-man-sie-funktional-und-einladend-gestaltet\/\",\"url\":\"https:\/\/www.lafabbrica.it\/de\/moderne-kueche-wie-man-sie-funktional-und-einladend-gestaltet\/\",\"name\":\"Moderne K\u00fcche: Wie man sie funktional und einladend gestaltet - La Fabbrica AVA\",\"isPartOf\":{\"@id\":\"https:\/\/www.lafabbrica.it\/de\/#website\"},\"datePublished\":\"2024-10-18T07:43:08+00:00\",\"dateModified\":\"2024-10-18T11:04:10+00:00\",\"description\":\"Eine einladende K\u00fcche ist das pulsierende Herz des Hauses, ein Ort, an dem Design, Komfort und Funktionalit\u00e4t zusammenkommen, um einen idealen Raum zu schaffen, in dem man kochen, sich unterhalten und entspannen kann.\",\"breadcrumb\":{\"@id\":\"https:\/\/www.lafabbrica.it\/de\/moderne-kueche-wie-man-sie-funktional-und-einladend-gestaltet\/#breadcrumb\"},\"inLanguage\":\"de\",\"potentialAction\":[{\"@type\":\"ReadAction\",\"target\":[\"https:\/\/www.lafabbrica.it\/de\/moderne-kueche-wie-man-sie-funktional-und-einladend-gestaltet\/\"]}]},{\"@type\":\"BreadcrumbList\",\"@id\":\"https:\/\/www.lafabbrica.it\/de\/moderne-kueche-wie-man-sie-funktional-und-einladend-gestaltet\/#breadcrumb\",\"itemListElement\":[{\"@type\":\"ListItem\",\"position\":1,\"name\":\"Home\",\"item\":\"https:\/\/www.lafabbrica.it\/de\/\"},{\"@type\":\"ListItem\",\"position\":2,\"name\":\"Moderne K\u00fcche: Wie man sie funktional und einladend gestaltet\"}]},{\"@type\":\"WebSite\",\"@id\":\"https:\/\/www.lafabbrica.it\/de\/#website\",\"url\":\"https:\/\/www.lafabbrica.it\/de\/\",\"name\":\"La Fabbrica AVA\",\"description\":\"\",\"publisher\":{\"@id\":\"https:\/\/www.lafabbrica.it\/de\/#organization\"},\"potentialAction\":[{\"@type\":\"SearchAction\",\"target\":{\"@type\":\"EntryPoint\",\"urlTemplate\":\"https:\/\/www.lafabbrica.it\/de\/?s={search_term_string}\"},\"query-input\":\"required name=search_term_string\"}],\"inLanguage\":\"de\"},{\"@type\":\"Organization\",\"@id\":\"https:\/\/www.lafabbrica.it\/de\/#organization\",\"name\":\"La Fabbrica AVA\",\"url\":\"https:\/\/www.lafabbrica.it\/de\/\",\"logo\":{\"@type\":\"ImageObject\",\"inLanguage\":\"de\",\"@id\":\"https:\/\/www.lafabbrica.it\/de\/#\/schema\/logo\/image\/\",\"url\":\"https:\/\/www.lafabbrica.it\/wp-content\/uploads\/2023\/08\/Senza-titolo-1.png\",\"contentUrl\":\"https:\/\/www.lafabbrica.it\/wp-content\/uploads\/2023\/08\/Senza-titolo-1.png\",\"width\":567,\"height\":240,\"caption\":\"La Fabbrica AVA\"},\"image\":{\"@id\":\"https:\/\/www.lafabbrica.it\/de\/#\/schema\/logo\/image\/\"}},{\"@type\":\"Person\",\"@id\":\"https:\/\/www.lafabbrica.it\/de\/#\/schema\/person\/9854f3650eab7e4334e66d22de09296a\",\"name\":\"admin\",\"sameAs\":[\"http:\/\/www.lafabbrica.it\"],\"url\":\"https:\/\/www.lafabbrica.it\/de\/author\/admin\/\"}]}<\/script>\n<!-- \/ Yoast SEO plugin. -->","yoast_head_json":{"title":"Moderne K\u00fcche: Wie man sie funktional und einladend gestaltet - La Fabbrica AVA","description":"Eine einladende K\u00fcche ist das pulsierende Herz des Hauses, ein Ort, an dem Design, Komfort und Funktionalit\u00e4t zusammenkommen, um einen idealen Raum zu schaffen, in dem man kochen, sich unterhalten und entspannen kann.","robots":{"index":"index","follow":"follow","max-snippet":"max-snippet:-1","max-image-preview":"max-image-preview:large","max-video-preview":"max-video-preview:-1"},"canonical":"https:\/\/www.lafabbrica.it\/de\/moderne-kueche-wie-man-sie-funktional-und-einladend-gestaltet\/","og_locale":"de_DE","og_type":"article","og_title":"Moderne K\u00fcche: Wie man sie funktional und einladend gestaltet - La Fabbrica AVA","og_description":"Eine einladende K\u00fcche ist das pulsierende Herz des Hauses, ein Ort, an dem Design, Komfort und Funktionalit\u00e4t zusammenkommen, um einen idealen Raum zu schaffen, in dem man kochen, sich unterhalten und entspannen kann.","og_url":"https:\/\/www.lafabbrica.it\/de\/moderne-kueche-wie-man-sie-funktional-und-einladend-gestaltet\/","og_site_name":"La Fabbrica AVA","article_published_time":"2024-10-18T07:43:08+00:00","article_modified_time":"2024-10-18T11:04:10+00:00","og_image":[{"width":880,"height":860,"url":"https:\/\/www.lafabbrica.it\/wp-content\/uploads\/2024\/10\/PINK.jpg","type":"image\/jpeg"}],"author":"admin","twitter_card":"summary_large_image","twitter_misc":{"Verfasst von":"admin","Gesch\u00e4tzte Lesezeit":"4\u00a0Minuten"},"schema":{"@context":"https:\/\/schema.org","@graph":[{"@type":"Article","@id":"https:\/\/www.lafabbrica.it\/de\/moderne-kueche-wie-man-sie-funktional-und-einladend-gestaltet\/#article","isPartOf":{"@id":"https:\/\/www.lafabbrica.it\/de\/moderne-kueche-wie-man-sie-funktional-und-einladend-gestaltet\/"},"author":{"name":"admin","@id":"https:\/\/www.lafabbrica.it\/de\/#\/schema\/person\/9854f3650eab7e4334e66d22de09296a"},"headline":"Moderne K\u00fcche: Wie man sie funktional und einladend gestaltet","datePublished":"2024-10-18T07:43:08+00:00","dateModified":"2024-10-18T11:04:10+00:00","mainEntityOfPage":{"@id":"https:\/\/www.lafabbrica.it\/de\/moderne-kueche-wie-man-sie-funktional-und-einladend-gestaltet\/"},"wordCount":574,"publisher":{"@id":"https:\/\/www.lafabbrica.it\/de\/#organization"},"articleSection":["Blog"],"inLanguage":"de"},{"@type":"WebPage","@id":"https:\/\/www.lafabbrica.it\/de\/moderne-kueche-wie-man-sie-funktional-und-einladend-gestaltet\/","url":"https:\/\/www.lafabbrica.it\/de\/moderne-kueche-wie-man-sie-funktional-und-einladend-gestaltet\/","name":"Moderne K\u00fcche: Wie man sie funktional und einladend gestaltet - La Fabbrica AVA","isPartOf":{"@id":"https:\/\/www.lafabbrica.it\/de\/#website"},"datePublished":"2024-10-18T07:43:08+00:00","dateModified":"2024-10-18T11:04:10+00:00","description":"Eine einladende K\u00fcche ist das pulsierende Herz des Hauses, ein Ort, an dem Design, Komfort und Funktionalit\u00e4t zusammenkommen, um einen idealen Raum zu schaffen, in dem man kochen, sich unterhalten und entspannen kann.","breadcrumb":{"@id":"https:\/\/www.lafabbrica.it\/de\/moderne-kueche-wie-man-sie-funktional-und-einladend-gestaltet\/#breadcrumb"},"inLanguage":"de","potentialAction":[{"@type":"ReadAction","target":["https:\/\/www.lafabbrica.it\/de\/moderne-kueche-wie-man-sie-funktional-und-einladend-gestaltet\/"]}]},{"@type":"BreadcrumbList","@id":"https:\/\/www.lafabbrica.it\/de\/moderne-kueche-wie-man-sie-funktional-und-einladend-gestaltet\/#breadcrumb","itemListElement":[{"@type":"ListItem","position":1,"name":"Home","item":"https:\/\/www.lafabbrica.it\/de\/"},{"@type":"ListItem","position":2,"name":"Moderne K\u00fcche: Wie man sie funktional und einladend gestaltet"}]},{"@type":"WebSite","@id":"https:\/\/www.lafabbrica.it\/de\/#website","url":"https:\/\/www.lafabbrica.it\/de\/","name":"La Fabbrica AVA","description":"","publisher":{"@id":"https:\/\/www.lafabbrica.it\/de\/#organization"},"potentialAction":[{"@type":"SearchAction","target":{"@type":"EntryPoint","urlTemplate":"https:\/\/www.lafabbrica.it\/de\/?s={search_term_string}"},"query-input":"required name=search_term_string"}],"inLanguage":"de"},{"@type":"Organization","@id":"https:\/\/www.lafabbrica.it\/de\/#organization","name":"La Fabbrica AVA","url":"https:\/\/www.lafabbrica.it\/de\/","logo":{"@type":"ImageObject","inLanguage":"de","@id":"https:\/\/www.lafabbrica.it\/de\/#\/schema\/logo\/image\/","url":"https:\/\/www.lafabbrica.it\/wp-content\/uploads\/2023\/08\/Senza-titolo-1.png","contentUrl":"https:\/\/www.lafabbrica.it\/wp-content\/uploads\/2023\/08\/Senza-titolo-1.png","width":567,"height":240,"caption":"La Fabbrica AVA"},"image":{"@id":"https:\/\/www.lafabbrica.it\/de\/#\/schema\/logo\/image\/"}},{"@type":"Person","@id":"https:\/\/www.lafabbrica.it\/de\/#\/schema\/person\/9854f3650eab7e4334e66d22de09296a","name":"admin","sameAs":["http:\/\/www.lafabbrica.it"],"url":"https:\/\/www.lafabbrica.it\/de\/author\/admin\/"}]}},"_links":{"self":[{"href":"https:\/\/www.lafabbrica.it\/de\/wp-json\/wp\/v2\/posts\/22635","targetHints":{"allow":["GET"]}}],"collection":[{"href":"https:\/\/www.lafabbrica.it\/de\/wp-json\/wp\/v2\/posts"}],"about":[{"href":"https:\/\/www.lafabbrica.it\/de\/wp-json\/wp\/v2\/types\/post"}],"author":[{"embeddable":true,"href":"https:\/\/www.lafabbrica.it\/de\/wp-json\/wp\/v2\/users\/1"}],"replies":[{"embeddable":true,"href":"https:\/\/www.lafabbrica.it\/de\/wp-json\/wp\/v2\/comments?post=22635"}],"version-history":[{"count":0,"href":"https:\/\/www.lafabbrica.it\/de\/wp-json\/wp\/v2\/posts\/22635\/revisions"}],"wp:featuredmedia":[{"embeddable":true,"href":"https:\/\/www.lafabbrica.it\/de\/wp-json\/wp\/v2\/media\/22689"}],"wp:attachment":[{"href":"https:\/\/www.lafabbrica.it\/de\/wp-json\/wp\/v2\/media?parent=22635"}],"wp:term":[{"taxonomy":"category","embeddable":true,"href":"https:\/\/www.lafabbrica.it\/de\/wp-json\/wp\/v2\/categories?post=22635"},{"taxonomy":"post_tag","embeddable":true,"href":"https:\/\/www.lafabbrica.it\/de\/wp-json\/wp\/v2\/tags?post=22635"}],"curies":[{"name":"wp","href":"https:\/\/api.w.org\/{rel}","templated":true}]}}