{"id":18309,"date":"2024-05-01T08:15:18","date_gmt":"2024-05-01T08:15:18","guid":{"rendered":"https:\/\/www.lafabbrica.it\/klassische-oder-moderne-moebel-den-stil-fuer-ihr-wohnzimmer-finden\/"},"modified":"2024-05-14T10:24:34","modified_gmt":"2024-05-14T10:24:34","slug":"klassische-oder-moderne-moebel-den-stil-fuer-ihr-wohnzimmer-finden","status":"publish","type":"post","link":"https:\/\/www.lafabbrica.it\/de\/klassische-oder-moderne-moebel-den-stil-fuer-ihr-wohnzimmer-finden\/","title":{"rendered":"Klassische oder moderne M\u00f6bel? Den Stil f\u00fcr Ihr Wohnzimmer finden"},"content":{"rendered":"\t\t<div data-elementor-type=\"wp-post\" data-elementor-id=\"18309\" class=\"elementor elementor-18309 elementor-18198\" data-elementor-post-type=\"post\">\n\t\t\t\t<div data-dce-background-color=\"#FFFFFF\" class=\"elementor-element elementor-element-41f545f e-con-full e-flex e-con e-parent\" data-id=\"41f545f\" data-element_type=\"container\" data-settings=\"{&quot;content_width&quot;:&quot;full&quot;,&quot;background_background&quot;:&quot;classic&quot;}\" data-core-v316-plus=\"true\">\n\t\t\t\t<div class=\"elementor-element elementor-element-11f0209 elementor-widget elementor-widget-heading\" data-id=\"11f0209\" data-element_type=\"widget\" data-widget_type=\"heading.default\">\n\t\t\t\t<div class=\"elementor-widget-container\">\n\t\t\t<h1 class=\"elementor-heading-title elementor-size-default\">Klassische oder moderne M\u00f6bel?<br>Den Stil f\u00fcr Ihr Wohnzimmer finden<\/h1>\t\t<\/div>\n\t\t\t\t<\/div>\n\t\t\t\t<div class=\"elementor-element elementor-element-6e1eeda elementor-widget elementor-widget-text-editor\" data-id=\"6e1eeda\" data-element_type=\"widget\" data-widget_type=\"text-editor.default\">\n\t\t\t\t<div class=\"elementor-widget-container\">\n\t\t\t\t\t\t\t<p><strong>Wenn es darum geht, ein Wohnzimmer einzurichten, das sowohl klassisch als auch modern ist, stehen viele Menschen vor einer Entscheidung: Soll man der Tradition folgen oder die Moderne umarmen?<\/strong> Das Wohnzimmer ist das Herzst\u00fcck des Hauses, der Ort, an dem man sich\u00a0entspannt und G\u00e4ste\u00a0empf\u00e4ngt. Daher ist es wichtig, M\u00f6bel zu w\u00e4hlen, die den pers\u00f6nlichen Stil widerspiegeln und den Bed\u00fcrfnissen\u00a0entsprechen.<\/p>\n<p>In diesem Artikel beleuchten\u00a0wir die Merkmale\u00a0klassischer und moderner\u00a0M\u00f6bel und geben\u00a0Inspirationen, wie diese\u00a0beiden Stile miteinander\u00a0kombiniert werden k\u00f6nnen. Dar\u00fcber\u00a0hinaus\u00a0bieten\u00a0wir\u00a0Ratschl\u00e4ge und Denkanst\u00f6\u00dfe, um Ihnen zu helfen, herauszufinden, welcher Stil besser zu Ihrem Lebensraum passt.<\/p>\n\t\t\t\t\t\t<\/div>\n\t\t\t\t<\/div>\n\t\t\t\t<div class=\"elementor-element elementor-element-63ac007 elementor-widget elementor-widget-heading\" data-id=\"63ac007\" data-element_type=\"widget\" data-widget_type=\"heading.default\">\n\t\t\t\t<div class=\"elementor-widget-container\">\n\t\t\t<h2 class=\"elementor-heading-title elementor-size-default\">Klassisch oder modern?<br>So richten Sie ein Wohnzimmer mit Design ein<\/h2>\t\t<\/div>\n\t\t\t\t<\/div>\n\t\t\t\t<div class=\"elementor-element elementor-element-2bb7905 elementor-widget elementor-widget-text-editor\" data-id=\"2bb7905\" data-element_type=\"widget\" data-widget_type=\"text-editor.default\">\n\t\t\t\t<div class=\"elementor-widget-container\">\n\t\t\t\t\t\t\t<p>Die Wahl zwischen klassischen und modernen M\u00f6beln muss unter Ber\u00fccksichtigung mehrerer Faktoren getroffen werden, darunter nat\u00fcrlich der pers\u00f6nliche Geschmack und die gew\u00fcnschte Funktionalit\u00e4t. Klassische und moderne M\u00f6bel k\u00f6nnen harmonisch nebeneinander bestehen oder einzeln dominieren, je nachdem, welche Atmosph\u00e4re gew\u00fcnscht ist.<\/p>\n<p>Jeder\u00a0Ansatz\u00a0im\u00a0Innendesign\u00a0spricht\u00a0jeden\u00a0Menschen\u00a0anders an: W\u00e4hrend\u00a0klassische\u00a0M\u00f6bel ein Gef\u00fchl von Solidit\u00e4t und Best\u00e4ndigkeit\u00a0vermitteln, kann ein modernes Design gew\u00e4hlt werden, um sich an aktuelle Trends und Technologien\u00a0anzupassen.<\/p>\n\t\t\t\t\t\t<\/div>\n\t\t\t\t<\/div>\n\t\t\t\t<div class=\"elementor-element elementor-element-190954a elementor-widget elementor-widget-image\" data-id=\"190954a\" data-element_type=\"widget\" data-widget_type=\"image.default\">\n\t\t\t\t<div class=\"elementor-widget-container\">\n\t\t\t\t\t\t\t\t\t\t\t\t\t<img fetchpriority=\"high\" decoding=\"async\" width=\"1800\" height=\"870\" src=\"https:\/\/www.lafabbrica.it\/wp-content\/uploads\/2024\/05\/full1.jpg\" class=\"attachment-full size-full wp-image-18200\" alt=\"\" srcset=\"https:\/\/www.lafabbrica.it\/wp-content\/uploads\/2024\/05\/full1.jpg 1800w, https:\/\/www.lafabbrica.it\/wp-content\/uploads\/2024\/05\/full1-300x145.jpg 300w, https:\/\/www.lafabbrica.it\/wp-content\/uploads\/2024\/05\/full1-1024x495.jpg 1024w, https:\/\/www.lafabbrica.it\/wp-content\/uploads\/2024\/05\/full1-768x371.jpg 768w, https:\/\/www.lafabbrica.it\/wp-content\/uploads\/2024\/05\/full1-1536x742.jpg 1536w\" sizes=\"(max-width: 1800px) 100vw, 1800px\" \/>\t\t\t\t\t\t\t\t\t\t\t\t\t<\/div>\n\t\t\t\t<\/div>\n\t\t\t\t<div class=\"elementor-element elementor-element-8a8d82f elementor-widget elementor-widget-heading\" data-id=\"8a8d82f\" data-element_type=\"widget\" data-widget_type=\"heading.default\">\n\t\t\t\t<div class=\"elementor-widget-container\">\n\t\t\t<h3 class=\"elementor-heading-title elementor-size-default\">Hauptmerkmale klassischer M\u00f6bel<\/h3>\t\t<\/div>\n\t\t\t\t<\/div>\n\t\t\t\t<div class=\"elementor-element elementor-element-1e65886 elementor-widget elementor-widget-text-editor\" data-id=\"1e65886\" data-element_type=\"widget\" data-widget_type=\"text-editor.default\">\n\t\t\t\t<div class=\"elementor-widget-container\">\n\t\t\t\t\t\t\t<p><strong>Ein klassisches Zuhause einzurichten bedeutet, elegante M\u00f6bel mit geschwungenen Linien und edlen Materialien wie Massivholz zu bevorzugen. <\/strong>Klassische\u00a0Einrichtungselemente\u00a0zeichnen\u00a0sich\u00a0oft durch aufwendige\u00a0Verzierungen, luxuri\u00f6se Stoffe &#8211; vor\u00a0allem\u00a0Seide und Samt &#8211; und eine visuelle\u00a0Ausrichtung\u00a0auf die Erinnerung an Geschichte und Tradition\u00a0aus.<\/p>\n<p><strong>Ein emblematisches Beispiel f\u00fcr diesen Stil sind Vintage-Spiegel mit kunstvoll verzierten Goldrahmen<\/strong>. Diese Spiegel dienen\u00a0nicht\u00a0nur als funktionale\u00a0Elemente, sondern sind auch\u00a0Kunstwerke, die jedem\u00a0Wohnzimmer\u00a0Eleganz und historischen Charme verleihen.<\/p>\n\t\t\t\t\t\t<\/div>\n\t\t\t\t<\/div>\n\t\t\t\t<div class=\"elementor-element elementor-element-6cf083c elementor-widget elementor-widget-image\" data-id=\"6cf083c\" data-element_type=\"widget\" data-widget_type=\"image.default\">\n\t\t\t\t<div class=\"elementor-widget-container\">\n\t\t\t\t\t\t\t\t\t\t\t\t\t<img decoding=\"async\" width=\"1800\" height=\"870\" src=\"https:\/\/www.lafabbrica.it\/wp-content\/uploads\/2024\/05\/full.jpg\" class=\"attachment-full size-full wp-image-18204\" alt=\"\" srcset=\"https:\/\/www.lafabbrica.it\/wp-content\/uploads\/2024\/05\/full.jpg 1800w, https:\/\/www.lafabbrica.it\/wp-content\/uploads\/2024\/05\/full-300x145.jpg 300w, https:\/\/www.lafabbrica.it\/wp-content\/uploads\/2024\/05\/full-1024x495.jpg 1024w, https:\/\/www.lafabbrica.it\/wp-content\/uploads\/2024\/05\/full-768x371.jpg 768w, https:\/\/www.lafabbrica.it\/wp-content\/uploads\/2024\/05\/full-1536x742.jpg 1536w\" sizes=\"(max-width: 1800px) 100vw, 1800px\" \/>\t\t\t\t\t\t\t\t\t\t\t\t\t<\/div>\n\t\t\t\t<\/div>\n\t\t\t\t<div class=\"elementor-element elementor-element-3989dd9 elementor-widget elementor-widget-heading\" data-id=\"3989dd9\" data-element_type=\"widget\" data-widget_type=\"heading.default\">\n\t\t\t\t<div class=\"elementor-widget-container\">\n\t\t\t<h3 class=\"elementor-heading-title elementor-size-default\">Markante Merkmale eines modernen Wohnzimmers<\/h3>\t\t<\/div>\n\t\t\t\t<\/div>\n\t\t\t\t<div class=\"elementor-element elementor-element-a871e02 elementor-widget elementor-widget-text-editor\" data-id=\"a871e02\" data-element_type=\"widget\" data-widget_type=\"text-editor.default\">\n\t\t\t\t<div class=\"elementor-widget-container\">\n\t\t\t\t\t\t\t<p><strong>Ein modernes\u00a0Zuhause\u00a0einzurichten\u00a0bedeutet, klare\u00a0Linien, einfache\u00a0Formen und neutrale Farbpaletten zu bevorzugen, die mit\u00a0lebhaften\u00a0Nuancen\u00a0akzentuiert werden.<\/strong> Moderne M\u00f6bel zeichnen sich daher durch minimalistische Designs aus, mit weniger Details und mehr Bewegungsfreiheit. Materialien wie Metall, Glas und Kunststoff sind in modernen M\u00f6beln \u00fcblich, und die R\u00e4ume sind oft funktional und modular gestaltet.<\/p>\n<p>Ein typisches\u00a0Einrichtungselement\u00a0dieses\u00a0Stils\u00a0k\u00f6nnte ein einteiliges\u00a0Sofa\u00a0aus\u00a0neutralem\u00a0Stoff\u00a0mit\u00a0geraden\u00a0Linien und einer eleganten, kompakten Form sein. Diese Art von Einrichtungselement\u00a0optimiert den Platz und f\u00fcgt\u00a0gleichzeitig eine moderne Note hinzu, perfekt f\u00fcr diejenigen, die sich eine einladende und avantgardistische\u00a0Umgebung\u00a0w\u00fcnschen.<\/p>\n\t\t\t\t\t\t<\/div>\n\t\t\t\t<\/div>\n\t\t\t\t<\/div>\n\t\t<div data-dce-background-color=\"#F7F7F8\" class=\"elementor-element elementor-element-67babd6 e-con-full e-flex e-con e-parent\" data-id=\"67babd6\" data-element_type=\"container\" data-settings=\"{&quot;content_width&quot;:&quot;full&quot;,&quot;background_background&quot;:&quot;classic&quot;}\" data-core-v316-plus=\"true\">\n\t\t\t\t<div class=\"elementor-element elementor-element-5634998 elementor-widget elementor-widget-heading\" data-id=\"5634998\" data-element_type=\"widget\" data-widget_type=\"heading.default\">\n\t\t\t\t<div class=\"elementor-widget-container\">\n\t\t\t<h2 class=\"elementor-heading-title elementor-size-default\">Klassisch und modern zusammen: Geht das?<\/h2>\t\t<\/div>\n\t\t\t\t<\/div>\n\t\t\t\t<div class=\"elementor-element elementor-element-72c2193 elementor-widget elementor-widget-text-editor\" data-id=\"72c2193\" data-element_type=\"widget\" data-widget_type=\"text-editor.default\">\n\t\t\t\t<div class=\"elementor-widget-container\">\n\t\t\t\t\t\t\t<p>Die Kombination von klassischen und modernen\u00a0M\u00f6beln ist nicht\u00a0nur\u00a0m\u00f6glich, sondern kann auch\u00a0sehr\u00a0stilvoll\u00a0sein. Eine der ersten\u00a0Entscheidungen, die bei diesem\u00a0Verschmelzungsprozess zu treffen ist, sind sicherlich die <a href=\"https:\/\/www.lafabbrica.it\/de\/kollektionen\/umgebung-des-wohnzimmers\/\">Bodenfliesen\u00a0im\u00a0Wohnzimmer<\/a>, die den Grundstein f\u00fcr den Rest der Einrichtung\u00a0bilden. Denn Fliesen definieren\u00a0mit\u00a0ihren\u00a0verschiedenen\u00a0Formaten und Oberfl\u00e4chen die Atmosph\u00e4re des Raumes und bieten einen Hintergrund, der M\u00f6bel\u00a0aus\u00a0verschiedenen\u00a0Epochen und Stilrichtungen\u00a0harmonisieren kann.<\/p>\n<p><strong>Boden und W\u00e4nde sind die ersten Elemente, die die Aufmerksamkeit auf sich ziehen, wenn man einen Raum betritt.<\/strong> Die Wahl von Fliesen, die sich sowohl an den klassischen als auch an den modernen Stil anpassen, kann den \u00dcbergang zwischen verschiedenen M\u00f6belst\u00fccken erleichtern und zu einem nat\u00fcrlichen und stimmigen Fluss beitragen. LA FABBRICA AVA bietet als Beispiele drei verschiedene Serien an, die sich perfekt f\u00fcr die Kombination von klassischen und modernen Stilen eignen.<\/p>\n\t\t\t\t\t\t<\/div>\n\t\t\t\t<\/div>\n\t\t<div class=\"elementor-element elementor-element-c91c342 e-flex e-con-boxed e-con e-child\" data-id=\"c91c342\" data-element_type=\"container\" data-settings=\"{&quot;content_width&quot;:&quot;boxed&quot;}\">\n\t\t\t\t\t<div class=\"e-con-inner\">\n\t\t<div class=\"elementor-element elementor-element-bca15ab e-con-full e-flex e-con e-child\" data-id=\"bca15ab\" data-element_type=\"container\" data-settings=\"{&quot;content_width&quot;:&quot;full&quot;}\">\n\t\t\t\t<div class=\"elementor-element elementor-element-4efae69 elementor-widget elementor-widget-image\" data-id=\"4efae69\" data-element_type=\"widget\" data-widget_type=\"image.default\">\n\t\t\t\t<div class=\"elementor-widget-container\">\n\t\t\t\t\t\t\t\t\t\t\t\t\t\t<a href=\"https:\/\/www.lafabbrica.it\/de\/collections\/le-malte\/\">\n\t\t\t\t\t\t\t<img decoding=\"async\" width=\"819\" height=\"1024\" src=\"https:\/\/www.lafabbrica.it\/wp-content\/uploads\/2024\/05\/malte.jpg\" class=\"attachment-large size-large wp-image-18220\" alt=\"\" srcset=\"https:\/\/www.lafabbrica.it\/wp-content\/uploads\/2024\/05\/malte.jpg 819w, https:\/\/www.lafabbrica.it\/wp-content\/uploads\/2024\/05\/malte-240x300.jpg 240w, https:\/\/www.lafabbrica.it\/wp-content\/uploads\/2024\/05\/malte-768x960.jpg 768w\" sizes=\"(max-width: 819px) 100vw, 819px\" \/>\t\t\t\t\t\t\t\t<\/a>\n\t\t\t\t\t\t\t\t\t\t\t\t\t<\/div>\n\t\t\t\t<\/div>\n\t\t\t\t<\/div>\n\t\t<div class=\"elementor-element elementor-element-03c568e e-con-full e-flex e-con e-child\" data-id=\"03c568e\" data-element_type=\"container\" data-settings=\"{&quot;content_width&quot;:&quot;full&quot;}\">\n\t\t\t\t<div class=\"elementor-element elementor-element-6d7f25c elementor-widget elementor-widget-heading\" data-id=\"6d7f25c\" data-element_type=\"widget\" data-widget_type=\"heading.default\">\n\t\t\t\t<div class=\"elementor-widget-container\">\n\t\t\t<h4 class=\"elementor-heading-title elementor-size-default\">Le Malte<\/h4>\t\t<\/div>\n\t\t\t\t<\/div>\n\t\t\t\t<div class=\"elementor-element elementor-element-3a760e0 elementor-widget elementor-widget-text-editor\" data-id=\"3a760e0\" data-element_type=\"widget\" data-widget_type=\"text-editor.default\">\n\t\t\t\t<div class=\"elementor-widget-container\">\n\t\t\t\t\t\t\t<p>Innovativ und trendig in der Welt der Inneneinrichtung\u00a0interpretiert\u00a0diese Serie Harz in seinen\u00a0authentischsten\u00a0\u00e4sthetischen\u00a0Aspekten. Mit\u00a0Lichtspielen, die eine weiche, gespachtelte\u00a0Struktur\u00a0zeichnen, und in Uni-Farben sind diese\u00a0gro\u00dfformatigen Fliesen, wie die 120&#215;120 cm gro\u00dfen\u00a0Feinsteinzeugplatten, perfekt, um die f\u00fcr moderne Designs typische\u00a0visuelle\u00a0Kontinuit\u00e4t und Raumtiefe zu schaffen. Gleichzeitig\u00a0schafft\u00a0sie\u00a0mit\u00a0ihrer\u00a0minimalistischen und vielseitigen\u00a0\u00c4sthetik eine Atmosph\u00e4re\u00a0raffinierter\u00a0Ausgewogenheit\u00a0zwischen den beiden\u00a0unterschiedlichen\u00a0\u00e4sthetischen\u00a0Welten, eine perfekte\u00a0Harmonie\u00a0zwischen\u00a0Minimalismus und Opulenz, die die\u00a0perfekte\u00a0Erg\u00e4nzung f\u00fcr jeden Stil darstellt.<\/p>\n\t\t\t\t\t\t<\/div>\n\t\t\t\t<\/div>\n\t\t\t\t<\/div>\n\t\t\t\t\t<\/div>\n\t\t\t\t<\/div>\n\t\t<div class=\"elementor-element elementor-element-bc91477 e-flex e-con-boxed e-con e-child\" data-id=\"bc91477\" data-element_type=\"container\" data-settings=\"{&quot;content_width&quot;:&quot;boxed&quot;}\">\n\t\t\t\t\t<div class=\"e-con-inner\">\n\t\t<div class=\"elementor-element elementor-element-0c47e79 e-con-full e-flex e-con e-child\" data-id=\"0c47e79\" data-element_type=\"container\" data-settings=\"{&quot;content_width&quot;:&quot;full&quot;}\">\n\t\t\t\t<div class=\"elementor-element elementor-element-7d2ea1a elementor-widget elementor-widget-heading\" data-id=\"7d2ea1a\" data-element_type=\"widget\" data-widget_type=\"heading.default\">\n\t\t\t\t<div class=\"elementor-widget-container\">\n\t\t\t<h4 class=\"elementor-heading-title elementor-size-default\">Noble Stone<\/h4>\t\t<\/div>\n\t\t\t\t<\/div>\n\t\t\t\t<div class=\"elementor-element elementor-element-9c0f9bd elementor-widget elementor-widget-text-editor\" data-id=\"9c0f9bd\" data-element_type=\"widget\" data-widget_type=\"text-editor.default\">\n\t\t\t\t<div class=\"elementor-widget-container\">\n\t\t\t\t\t\t\t<p>Diese Serie zeigt\u00a0mineralische\u00a0Physiognomien\u00a0mit\u00a0feinen\u00a0Maserungen und leichten\u00a0Farbverl\u00e4ufen, eine perfekte\u00a0Interpretation der Kalksteinformationen, die von der Natur in unber\u00fchrten\u00a0Landschaften\u00a0geformt\u00a0wurden. Das Steinzeug\u00a0mit\u00a0Steinoptik Noble Stone wei\u00df\u00a0dank\u00a0seiner\u00a0essentiellen und materiellen\u00a0\u00c4sthetik die Eleganz des Klassikers\u00a0mit der Modernit\u00e4t von Materialien und Oberfl\u00e4chen zu verbinden. Ideal f\u00fcr R\u00e4ume, die einen zeitlosen\u00a0luxuri\u00f6sen\u00a0Eindruck\u00a0erwecken\u00a0m\u00f6chten, mit\u00a0einem\u00a0modernen\u00a0Akzent\u00a0dank der besonderen Hell-Dunkel-Effekte von 3D Stripes, einer dreidimensionalen\u00a0Dekoration, die von welligen\u00a0Geometrien\u00a0durchzogen ist, und den wertvollen\u00a0Reflexen, die auf der satinierten\u00a0Oberfl\u00e4che von 3D Satin eingearbeitet sind, was f\u00fcr ein weiteres\u00a0Ma\u00df an Raffinesse\u00a0sorgt.<\/p>\n\t\t\t\t\t\t<\/div>\n\t\t\t\t<\/div>\n\t\t\t\t<\/div>\n\t\t<div class=\"elementor-element elementor-element-6316c2b e-con-full e-flex e-con e-child\" data-id=\"6316c2b\" data-element_type=\"container\" data-settings=\"{&quot;content_width&quot;:&quot;full&quot;}\">\n\t\t\t\t<div class=\"elementor-element elementor-element-a3d6a8f elementor-widget elementor-widget-image\" data-id=\"a3d6a8f\" data-element_type=\"widget\" data-widget_type=\"image.default\">\n\t\t\t\t<div class=\"elementor-widget-container\">\n\t\t\t\t\t\t\t\t\t\t\t\t\t\t<a href=\"https:\/\/www.lafabbrica.it\/de\/collections\/noble-stone\/\">\n\t\t\t\t\t\t\t<img loading=\"lazy\" decoding=\"async\" width=\"819\" height=\"1024\" src=\"https:\/\/www.lafabbrica.it\/wp-content\/uploads\/2024\/05\/noble.jpg\" class=\"attachment-large size-large wp-image-18216\" alt=\"\" srcset=\"https:\/\/www.lafabbrica.it\/wp-content\/uploads\/2024\/05\/noble.jpg 819w, https:\/\/www.lafabbrica.it\/wp-content\/uploads\/2024\/05\/noble-240x300.jpg 240w, https:\/\/www.lafabbrica.it\/wp-content\/uploads\/2024\/05\/noble-768x960.jpg 768w\" sizes=\"(max-width: 819px) 100vw, 819px\" \/>\t\t\t\t\t\t\t\t<\/a>\n\t\t\t\t\t\t\t\t\t\t\t\t\t<\/div>\n\t\t\t\t<\/div>\n\t\t\t\t<\/div>\n\t\t\t\t\t<\/div>\n\t\t\t\t<\/div>\n\t\t<div class=\"elementor-element elementor-element-3892d69 e-flex e-con-boxed e-con e-child\" data-id=\"3892d69\" data-element_type=\"container\" data-settings=\"{&quot;content_width&quot;:&quot;boxed&quot;}\">\n\t\t\t\t\t<div class=\"e-con-inner\">\n\t\t<div class=\"elementor-element elementor-element-852a062 e-con-full e-flex e-con e-child\" data-id=\"852a062\" data-element_type=\"container\" data-settings=\"{&quot;content_width&quot;:&quot;full&quot;}\">\n\t\t\t\t<div class=\"elementor-element elementor-element-4adc6de elementor-widget elementor-widget-image\" data-id=\"4adc6de\" data-element_type=\"widget\" data-widget_type=\"image.default\">\n\t\t\t\t<div class=\"elementor-widget-container\">\n\t\t\t\t\t\t\t\t\t\t\t\t\t\t<a href=\"https:\/\/www.lafabbrica.it\/de\/collections\/honey-wood\/\">\n\t\t\t\t\t\t\t<img loading=\"lazy\" decoding=\"async\" width=\"819\" height=\"1024\" src=\"https:\/\/www.lafabbrica.it\/wp-content\/uploads\/2024\/05\/honey.jpg\" class=\"attachment-large size-large wp-image-18212\" alt=\"\" srcset=\"https:\/\/www.lafabbrica.it\/wp-content\/uploads\/2024\/05\/honey.jpg 819w, https:\/\/www.lafabbrica.it\/wp-content\/uploads\/2024\/05\/honey-240x300.jpg 240w, https:\/\/www.lafabbrica.it\/wp-content\/uploads\/2024\/05\/honey-768x960.jpg 768w\" sizes=\"(max-width: 819px) 100vw, 819px\" \/>\t\t\t\t\t\t\t\t<\/a>\n\t\t\t\t\t\t\t\t\t\t\t\t\t<\/div>\n\t\t\t\t<\/div>\n\t\t\t\t<\/div>\n\t\t<div class=\"elementor-element elementor-element-282033c e-con-full e-flex e-con e-child\" data-id=\"282033c\" data-element_type=\"container\" data-settings=\"{&quot;content_width&quot;:&quot;full&quot;}\">\n\t\t\t\t<div class=\"elementor-element elementor-element-7827a03 elementor-widget elementor-widget-heading\" data-id=\"7827a03\" data-element_type=\"widget\" data-widget_type=\"heading.default\">\n\t\t\t\t<div class=\"elementor-widget-container\">\n\t\t\t<h4 class=\"elementor-heading-title elementor-size-default\">Honey Wood<\/h4>\t\t<\/div>\n\t\t\t\t<\/div>\n\t\t\t\t<div class=\"elementor-element elementor-element-1f72469 elementor-widget elementor-widget-text-editor\" data-id=\"1f72469\" data-element_type=\"widget\" data-widget_type=\"text-editor.default\">\n\t\t\t\t<div class=\"elementor-widget-container\">\n\t\t\t\t\t\t\t<p>Ideale Wahl f\u00fcr alle, die die\u00a0W\u00e4rme von Holz sch\u00e4tzen, aber die Leistung von Feinsteinzeug w\u00fcnschen. F\u00fcnf\u00a0verschiedene\u00a0Holzessenzen, jede\u00a0mit\u00a0ihrem\u00a0eigenen Design und ihrer\u00a0eigenen\u00a0Textur, eine Kombination\u00a0aus\u00a0Realismus und Funktionalit\u00e4t. In verschiedenen\u00a0Formaten\u00a0erh\u00e4ltlich, bringt\u00a0diese Serie die Essenz von Holz in einen modernen\u00a0Kontext und erm\u00f6glicht die Kombination von klassischen und modernen\u00a0M\u00f6beln.<\/p>\n\t\t\t\t\t\t<\/div>\n\t\t\t\t<\/div>\n\t\t\t\t<\/div>\n\t\t\t\t\t<\/div>\n\t\t\t\t<\/div>\n\t\t\t\t<\/div>\n\t\t<div class=\"elementor-element elementor-element-6b46401 e-con-full e-flex e-con e-parent\" data-id=\"6b46401\" data-element_type=\"container\" data-settings=\"{&quot;content_width&quot;:&quot;full&quot;}\" data-core-v316-plus=\"true\">\n\t\t\t\t<div class=\"elementor-element elementor-element-34d1b40 elementor-widget elementor-widget-heading\" data-id=\"34d1b40\" data-element_type=\"widget\" data-widget_type=\"heading.default\">\n\t\t\t\t<div class=\"elementor-widget-container\">\n\t\t\t<h3 class=\"elementor-heading-title elementor-size-default\">So w\u00e4hlen Sie den Stil, der am besten zu Ihrem Wohnzimmer passt<\/h3>\t\t<\/div>\n\t\t\t\t<\/div>\n\t\t\t\t<div class=\"elementor-element elementor-element-920beb9 elementor-widget elementor-widget-text-editor\" data-id=\"920beb9\" data-element_type=\"widget\" data-widget_type=\"text-editor.default\">\n\t\t\t\t<div class=\"elementor-widget-container\">\n\t\t\t\t\t\t\t<p><strong>Die endg\u00fcltige Entscheidung, wie Sie Ihr Wohnzimmer einrichten m\u00f6chten, h\u00e4ngt von Ihren pers\u00f6nlichen Vorlieben und den spezifischen Raumanforderungen ab.<\/strong> \u00dcberlegen Sie sich, welche Art von Atmosph\u00e4re Sie schaffen\u00a0m\u00f6chten: entspannend, formell, einladend\u00a0oder\u00a0dynamisch. Ber\u00fccksichtigen Sie auch, wie sich\u00a0verschiedene\u00a0Einrichtungsstile\u00a0auf die Raumwahrnehmung\u00a0auswirken\u00a0k\u00f6nnen. Ein modernes\u00a0Wohnzimmer kann offener und heller\u00a0wirken, w\u00e4hrend ein klassisches\u00a0Wohnzimmer\u00a0ideal ist, um W\u00e4rme und Geschichte zu vermitteln.<\/p>\n<p>Das Wichtigste ist also, dass das Endergebnis Ihre Pers\u00f6nlichkeit widerspiegelt und Sie sich in Ihrem Zuhause wohlf\u00fchlen. Mit ein bisschen Kreativit\u00e4t und Planung k\u00f6nnen Sie Ihrem Traumwohnzimmer Gestalt verleihen: \u00e4sthetisch ansprechend, funktional und einladend.<\/p>\n\t\t\t\t\t\t<\/div>\n\t\t\t\t<\/div>\n\t\t\t\t<div class=\"elementor-element elementor-element-c46718c elementor-widget elementor-widget-image\" data-id=\"c46718c\" data-element_type=\"widget\" data-widget_type=\"image.default\">\n\t\t\t\t<div class=\"elementor-widget-container\">\n\t\t\t\t\t\t\t\t\t\t\t\t\t<img loading=\"lazy\" decoding=\"async\" width=\"1800\" height=\"870\" src=\"https:\/\/www.lafabbrica.it\/wp-content\/uploads\/2024\/05\/full2.jpg\" class=\"attachment-full size-full wp-image-18234\" alt=\"\" srcset=\"https:\/\/www.lafabbrica.it\/wp-content\/uploads\/2024\/05\/full2.jpg 1800w, https:\/\/www.lafabbrica.it\/wp-content\/uploads\/2024\/05\/full2-300x145.jpg 300w, https:\/\/www.lafabbrica.it\/wp-content\/uploads\/2024\/05\/full2-1024x495.jpg 1024w, https:\/\/www.lafabbrica.it\/wp-content\/uploads\/2024\/05\/full2-768x371.jpg 768w, https:\/\/www.lafabbrica.it\/wp-content\/uploads\/2024\/05\/full2-1536x742.jpg 1536w\" sizes=\"(max-width: 1800px) 100vw, 1800px\" \/>\t\t\t\t\t\t\t\t\t\t\t\t\t<\/div>\n\t\t\t\t<\/div>\n\t\t\t\t<\/div>\n\t\t<div class=\"elementor-element elementor-element-33a64a9 e-con-full e-flex e-con e-parent\" data-id=\"33a64a9\" data-element_type=\"container\" data-settings=\"{&quot;content_width&quot;:&quot;full&quot;}\" data-core-v316-plus=\"true\">\n\t\t\t\t<div class=\"elementor-element elementor-element-b1dbab8 elementor-align-center elementor-widget elementor-widget-button\" data-id=\"b1dbab8\" data-element_type=\"widget\" data-widget_type=\"button.default\">\n\t\t\t\t<div class=\"elementor-widget-container\">\n\t\t\t\t\t<div class=\"elementor-button-wrapper\">\n\t\t\t<a class=\"elementor-button elementor-button-link elementor-size-md\" href=\"https:\/\/www.lafabbrica.it\/de\/news-blog\/\">\n\t\t\t\t\t\t<span class=\"elementor-button-content-wrapper\">\n\t\t\t\t\t\t<span class=\"elementor-button-text\">Entdecken Sie alle Vorschl\u00e4ge von LA FABBRICA AVA<\/span>\n\t\t<\/span>\n\t\t\t\t\t<\/a>\n\t\t<\/div>\n\t\t\t\t<\/div>\n\t\t\t\t<\/div>\n\t\t\t\t<\/div>\n\t\t\t\t<\/div>\n\t\t","protected":false},"excerpt":{"rendered":"<p>Wenn es darum geht, ein Wohnzimmer einzurichten, das sowohl klassisch als auch modern ist, stehen viele Menschen vor einer Entscheidung: Soll man der Tradition folgen oder die Moderne umarmen? <\/p>\n","protected":false},"author":1,"featured_media":18228,"comment_status":"closed","ping_status":"closed","sticky":false,"template":"","format":"standard","meta":{"_acf_changed":false,"site-sidebar-layout":"default","site-content-layout":"","ast-site-content-layout":"default","site-content-style":"default","site-sidebar-style":"default","ast-global-header-display":"","ast-banner-title-visibility":"","ast-main-header-display":"","ast-hfb-above-header-display":"","ast-hfb-below-header-display":"","ast-hfb-mobile-header-display":"","site-post-title":"","ast-breadcrumbs-content":"","ast-featured-img":"","footer-sml-layout":"","theme-transparent-header-meta":"","adv-header-id-meta":"","stick-header-meta":"","header-above-stick-meta":"","header-main-stick-meta":"","header-below-stick-meta":"","astra-migrate-meta-layouts":"default","ast-page-background-enabled":"default","ast-page-background-meta":{"desktop":{"background-color":"var(--ast-global-color-4)","background-image":"","background-repeat":"repeat","background-position":"center center","background-size":"auto","background-attachment":"scroll","background-type":"","background-media":"","overlay-type":"","overlay-color":"","overlay-gradient":""},"tablet":{"background-color":"","background-image":"","background-repeat":"repeat","background-position":"center center","background-size":"auto","background-attachment":"scroll","background-type":"","background-media":"","overlay-type":"","overlay-color":"","overlay-gradient":""},"mobile":{"background-color":"","background-image":"","background-repeat":"repeat","background-position":"center center","background-size":"auto","background-attachment":"scroll","background-type":"","background-media":"","overlay-type":"","overlay-color":"","overlay-gradient":""}},"ast-content-background-meta":{"desktop":{"background-color":"var(--ast-global-color-5)","background-image":"","background-repeat":"repeat","background-position":"center center","background-size":"auto","background-attachment":"scroll","background-type":"","background-media":"","overlay-type":"","overlay-color":"","overlay-gradient":""},"tablet":{"background-color":"var(--ast-global-color-5)","background-image":"","background-repeat":"repeat","background-position":"center center","background-size":"auto","background-attachment":"scroll","background-type":"","background-media":"","overlay-type":"","overlay-color":"","overlay-gradient":""},"mobile":{"background-color":"var(--ast-global-color-5)","background-image":"","background-repeat":"repeat","background-position":"center center","background-size":"auto","background-attachment":"scroll","background-type":"","background-media":"","overlay-type":"","overlay-color":"","overlay-gradient":""}},"footnotes":""},"categories":[1242],"tags":[],"class_list":["post-18309","post","type-post","status-publish","format-standard","has-post-thumbnail","hentry","category-blog-de"],"acf":[],"yoast_head":"<!-- This site is optimized with the Yoast SEO plugin v22.0 - https:\/\/yoast.com\/wordpress\/plugins\/seo\/ -->\n<title>Klassische oder moderne M\u00f6bel? Den Stil f\u00fcr Ihr Wohnzimmer finden - La Fabbrica AVA<\/title>\n<meta name=\"description\" content=\"Wenn es darum geht, ein Wohnzimmer einzurichten, das sowohl klassisch als auch modern ist, stehen viele Menschen vor einer Entscheidung: Soll man der Tradition folgen oder die Moderne umarmen?\" \/>\n<meta name=\"robots\" content=\"index, follow, max-snippet:-1, max-image-preview:large, max-video-preview:-1\" \/>\n<link rel=\"canonical\" href=\"https:\/\/www.lafabbrica.it\/de\/klassische-oder-moderne-moebel-den-stil-fuer-ihr-wohnzimmer-finden\/\" \/>\n<meta property=\"og:locale\" content=\"de_DE\" \/>\n<meta property=\"og:type\" content=\"article\" \/>\n<meta property=\"og:title\" content=\"Klassische oder moderne M\u00f6bel? Den Stil f\u00fcr Ihr Wohnzimmer finden - La Fabbrica AVA\" \/>\n<meta property=\"og:description\" content=\"Wenn es darum geht, ein Wohnzimmer einzurichten, das sowohl klassisch als auch modern ist, stehen viele Menschen vor einer Entscheidung: Soll man der Tradition folgen oder die Moderne umarmen?\" \/>\n<meta property=\"og:url\" content=\"https:\/\/www.lafabbrica.it\/de\/klassische-oder-moderne-moebel-den-stil-fuer-ihr-wohnzimmer-finden\/\" \/>\n<meta property=\"og:site_name\" content=\"La Fabbrica AVA\" \/>\n<meta property=\"article:published_time\" content=\"2024-05-01T08:15:18+00:00\" \/>\n<meta property=\"article:modified_time\" content=\"2024-05-14T10:24:34+00:00\" \/>\n<meta property=\"og:image\" content=\"https:\/\/www.lafabbrica.it\/wp-content\/uploads\/2024\/05\/list.jpg\" \/>\n\t<meta property=\"og:image:width\" content=\"858\" \/>\n\t<meta property=\"og:image:height\" content=\"811\" \/>\n\t<meta property=\"og:image:type\" content=\"image\/jpeg\" \/>\n<meta name=\"author\" content=\"admin\" \/>\n<meta name=\"twitter:card\" content=\"summary_large_image\" \/>\n<meta name=\"twitter:label1\" content=\"Verfasst von\" \/>\n\t<meta name=\"twitter:data1\" content=\"admin\" \/>\n\t<meta name=\"twitter:label2\" content=\"Gesch\u00e4tzte Lesezeit\" \/>\n\t<meta name=\"twitter:data2\" content=\"7\u00a0Minuten\" \/>\n<script type=\"application\/ld+json\" class=\"yoast-schema-graph\">{\"@context\":\"https:\/\/schema.org\",\"@graph\":[{\"@type\":\"Article\",\"@id\":\"https:\/\/www.lafabbrica.it\/de\/klassische-oder-moderne-moebel-den-stil-fuer-ihr-wohnzimmer-finden\/#article\",\"isPartOf\":{\"@id\":\"https:\/\/www.lafabbrica.it\/de\/klassische-oder-moderne-moebel-den-stil-fuer-ihr-wohnzimmer-finden\/\"},\"author\":{\"name\":\"admin\",\"@id\":\"https:\/\/www.lafabbrica.it\/de\/#\/schema\/person\/9854f3650eab7e4334e66d22de09296a\"},\"headline\":\"Klassische oder moderne M\u00f6bel? Den Stil f\u00fcr Ihr Wohnzimmer finden\",\"datePublished\":\"2024-05-01T08:15:18+00:00\",\"dateModified\":\"2024-05-14T10:24:34+00:00\",\"mainEntityOfPage\":{\"@id\":\"https:\/\/www.lafabbrica.it\/de\/klassische-oder-moderne-moebel-den-stil-fuer-ihr-wohnzimmer-finden\/\"},\"wordCount\":1009,\"publisher\":{\"@id\":\"https:\/\/www.lafabbrica.it\/de\/#organization\"},\"articleSection\":[\"Blog\"],\"inLanguage\":\"de\"},{\"@type\":\"WebPage\",\"@id\":\"https:\/\/www.lafabbrica.it\/de\/klassische-oder-moderne-moebel-den-stil-fuer-ihr-wohnzimmer-finden\/\",\"url\":\"https:\/\/www.lafabbrica.it\/de\/klassische-oder-moderne-moebel-den-stil-fuer-ihr-wohnzimmer-finden\/\",\"name\":\"Klassische oder moderne M\u00f6bel? Den Stil f\u00fcr Ihr Wohnzimmer finden - La Fabbrica AVA\",\"isPartOf\":{\"@id\":\"https:\/\/www.lafabbrica.it\/de\/#website\"},\"datePublished\":\"2024-05-01T08:15:18+00:00\",\"dateModified\":\"2024-05-14T10:24:34+00:00\",\"description\":\"Wenn es darum geht, ein Wohnzimmer einzurichten, das sowohl klassisch als auch modern ist, stehen viele Menschen vor einer Entscheidung: Soll man der Tradition folgen oder die Moderne umarmen?\",\"breadcrumb\":{\"@id\":\"https:\/\/www.lafabbrica.it\/de\/klassische-oder-moderne-moebel-den-stil-fuer-ihr-wohnzimmer-finden\/#breadcrumb\"},\"inLanguage\":\"de\",\"potentialAction\":[{\"@type\":\"ReadAction\",\"target\":[\"https:\/\/www.lafabbrica.it\/de\/klassische-oder-moderne-moebel-den-stil-fuer-ihr-wohnzimmer-finden\/\"]}]},{\"@type\":\"BreadcrumbList\",\"@id\":\"https:\/\/www.lafabbrica.it\/de\/klassische-oder-moderne-moebel-den-stil-fuer-ihr-wohnzimmer-finden\/#breadcrumb\",\"itemListElement\":[{\"@type\":\"ListItem\",\"position\":1,\"name\":\"Home\",\"item\":\"https:\/\/www.lafabbrica.it\/de\/\"},{\"@type\":\"ListItem\",\"position\":2,\"name\":\"Klassische oder moderne M\u00f6bel? Den Stil f\u00fcr Ihr Wohnzimmer finden\"}]},{\"@type\":\"WebSite\",\"@id\":\"https:\/\/www.lafabbrica.it\/de\/#website\",\"url\":\"https:\/\/www.lafabbrica.it\/de\/\",\"name\":\"La Fabbrica AVA\",\"description\":\"\",\"publisher\":{\"@id\":\"https:\/\/www.lafabbrica.it\/de\/#organization\"},\"potentialAction\":[{\"@type\":\"SearchAction\",\"target\":{\"@type\":\"EntryPoint\",\"urlTemplate\":\"https:\/\/www.lafabbrica.it\/de\/?s={search_term_string}\"},\"query-input\":\"required name=search_term_string\"}],\"inLanguage\":\"de\"},{\"@type\":\"Organization\",\"@id\":\"https:\/\/www.lafabbrica.it\/de\/#organization\",\"name\":\"La Fabbrica AVA\",\"url\":\"https:\/\/www.lafabbrica.it\/de\/\",\"logo\":{\"@type\":\"ImageObject\",\"inLanguage\":\"de\",\"@id\":\"https:\/\/www.lafabbrica.it\/de\/#\/schema\/logo\/image\/\",\"url\":\"https:\/\/www.lafabbrica.it\/wp-content\/uploads\/2023\/08\/Senza-titolo-1.png\",\"contentUrl\":\"https:\/\/www.lafabbrica.it\/wp-content\/uploads\/2023\/08\/Senza-titolo-1.png\",\"width\":567,\"height\":240,\"caption\":\"La Fabbrica AVA\"},\"image\":{\"@id\":\"https:\/\/www.lafabbrica.it\/de\/#\/schema\/logo\/image\/\"}},{\"@type\":\"Person\",\"@id\":\"https:\/\/www.lafabbrica.it\/de\/#\/schema\/person\/9854f3650eab7e4334e66d22de09296a\",\"name\":\"admin\",\"sameAs\":[\"http:\/\/www.lafabbrica.it\"],\"url\":\"https:\/\/www.lafabbrica.it\/de\/author\/admin\/\"}]}<\/script>\n<!-- \/ Yoast SEO plugin. -->","yoast_head_json":{"title":"Klassische oder moderne M\u00f6bel? Den Stil f\u00fcr Ihr Wohnzimmer finden - La Fabbrica AVA","description":"Wenn es darum geht, ein Wohnzimmer einzurichten, das sowohl klassisch als auch modern ist, stehen viele Menschen vor einer Entscheidung: Soll man der Tradition folgen oder die Moderne umarmen?","robots":{"index":"index","follow":"follow","max-snippet":"max-snippet:-1","max-image-preview":"max-image-preview:large","max-video-preview":"max-video-preview:-1"},"canonical":"https:\/\/www.lafabbrica.it\/de\/klassische-oder-moderne-moebel-den-stil-fuer-ihr-wohnzimmer-finden\/","og_locale":"de_DE","og_type":"article","og_title":"Klassische oder moderne M\u00f6bel? Den Stil f\u00fcr Ihr Wohnzimmer finden - La Fabbrica AVA","og_description":"Wenn es darum geht, ein Wohnzimmer einzurichten, das sowohl klassisch als auch modern ist, stehen viele Menschen vor einer Entscheidung: Soll man der Tradition folgen oder die Moderne umarmen?","og_url":"https:\/\/www.lafabbrica.it\/de\/klassische-oder-moderne-moebel-den-stil-fuer-ihr-wohnzimmer-finden\/","og_site_name":"La Fabbrica AVA","article_published_time":"2024-05-01T08:15:18+00:00","article_modified_time":"2024-05-14T10:24:34+00:00","og_image":[{"width":858,"height":811,"url":"https:\/\/www.lafabbrica.it\/wp-content\/uploads\/2024\/05\/list.jpg","type":"image\/jpeg"}],"author":"admin","twitter_card":"summary_large_image","twitter_misc":{"Verfasst von":"admin","Gesch\u00e4tzte Lesezeit":"7\u00a0Minuten"},"schema":{"@context":"https:\/\/schema.org","@graph":[{"@type":"Article","@id":"https:\/\/www.lafabbrica.it\/de\/klassische-oder-moderne-moebel-den-stil-fuer-ihr-wohnzimmer-finden\/#article","isPartOf":{"@id":"https:\/\/www.lafabbrica.it\/de\/klassische-oder-moderne-moebel-den-stil-fuer-ihr-wohnzimmer-finden\/"},"author":{"name":"admin","@id":"https:\/\/www.lafabbrica.it\/de\/#\/schema\/person\/9854f3650eab7e4334e66d22de09296a"},"headline":"Klassische oder moderne M\u00f6bel? Den Stil f\u00fcr Ihr Wohnzimmer finden","datePublished":"2024-05-01T08:15:18+00:00","dateModified":"2024-05-14T10:24:34+00:00","mainEntityOfPage":{"@id":"https:\/\/www.lafabbrica.it\/de\/klassische-oder-moderne-moebel-den-stil-fuer-ihr-wohnzimmer-finden\/"},"wordCount":1009,"publisher":{"@id":"https:\/\/www.lafabbrica.it\/de\/#organization"},"articleSection":["Blog"],"inLanguage":"de"},{"@type":"WebPage","@id":"https:\/\/www.lafabbrica.it\/de\/klassische-oder-moderne-moebel-den-stil-fuer-ihr-wohnzimmer-finden\/","url":"https:\/\/www.lafabbrica.it\/de\/klassische-oder-moderne-moebel-den-stil-fuer-ihr-wohnzimmer-finden\/","name":"Klassische oder moderne M\u00f6bel? Den Stil f\u00fcr Ihr Wohnzimmer finden - La Fabbrica AVA","isPartOf":{"@id":"https:\/\/www.lafabbrica.it\/de\/#website"},"datePublished":"2024-05-01T08:15:18+00:00","dateModified":"2024-05-14T10:24:34+00:00","description":"Wenn es darum geht, ein Wohnzimmer einzurichten, das sowohl klassisch als auch modern ist, stehen viele Menschen vor einer Entscheidung: Soll man der Tradition folgen oder die Moderne umarmen?","breadcrumb":{"@id":"https:\/\/www.lafabbrica.it\/de\/klassische-oder-moderne-moebel-den-stil-fuer-ihr-wohnzimmer-finden\/#breadcrumb"},"inLanguage":"de","potentialAction":[{"@type":"ReadAction","target":["https:\/\/www.lafabbrica.it\/de\/klassische-oder-moderne-moebel-den-stil-fuer-ihr-wohnzimmer-finden\/"]}]},{"@type":"BreadcrumbList","@id":"https:\/\/www.lafabbrica.it\/de\/klassische-oder-moderne-moebel-den-stil-fuer-ihr-wohnzimmer-finden\/#breadcrumb","itemListElement":[{"@type":"ListItem","position":1,"name":"Home","item":"https:\/\/www.lafabbrica.it\/de\/"},{"@type":"ListItem","position":2,"name":"Klassische oder moderne M\u00f6bel? Den Stil f\u00fcr Ihr Wohnzimmer finden"}]},{"@type":"WebSite","@id":"https:\/\/www.lafabbrica.it\/de\/#website","url":"https:\/\/www.lafabbrica.it\/de\/","name":"La Fabbrica AVA","description":"","publisher":{"@id":"https:\/\/www.lafabbrica.it\/de\/#organization"},"potentialAction":[{"@type":"SearchAction","target":{"@type":"EntryPoint","urlTemplate":"https:\/\/www.lafabbrica.it\/de\/?s={search_term_string}"},"query-input":"required name=search_term_string"}],"inLanguage":"de"},{"@type":"Organization","@id":"https:\/\/www.lafabbrica.it\/de\/#organization","name":"La Fabbrica AVA","url":"https:\/\/www.lafabbrica.it\/de\/","logo":{"@type":"ImageObject","inLanguage":"de","@id":"https:\/\/www.lafabbrica.it\/de\/#\/schema\/logo\/image\/","url":"https:\/\/www.lafabbrica.it\/wp-content\/uploads\/2023\/08\/Senza-titolo-1.png","contentUrl":"https:\/\/www.lafabbrica.it\/wp-content\/uploads\/2023\/08\/Senza-titolo-1.png","width":567,"height":240,"caption":"La Fabbrica AVA"},"image":{"@id":"https:\/\/www.lafabbrica.it\/de\/#\/schema\/logo\/image\/"}},{"@type":"Person","@id":"https:\/\/www.lafabbrica.it\/de\/#\/schema\/person\/9854f3650eab7e4334e66d22de09296a","name":"admin","sameAs":["http:\/\/www.lafabbrica.it"],"url":"https:\/\/www.lafabbrica.it\/de\/author\/admin\/"}]}},"_links":{"self":[{"href":"https:\/\/www.lafabbrica.it\/de\/wp-json\/wp\/v2\/posts\/18309","targetHints":{"allow":["GET"]}}],"collection":[{"href":"https:\/\/www.lafabbrica.it\/de\/wp-json\/wp\/v2\/posts"}],"about":[{"href":"https:\/\/www.lafabbrica.it\/de\/wp-json\/wp\/v2\/types\/post"}],"author":[{"embeddable":true,"href":"https:\/\/www.lafabbrica.it\/de\/wp-json\/wp\/v2\/users\/1"}],"replies":[{"embeddable":true,"href":"https:\/\/www.lafabbrica.it\/de\/wp-json\/wp\/v2\/comments?post=18309"}],"version-history":[{"count":0,"href":"https:\/\/www.lafabbrica.it\/de\/wp-json\/wp\/v2\/posts\/18309\/revisions"}],"wp:featuredmedia":[{"embeddable":true,"href":"https:\/\/www.lafabbrica.it\/de\/wp-json\/wp\/v2\/media\/18228"}],"wp:attachment":[{"href":"https:\/\/www.lafabbrica.it\/de\/wp-json\/wp\/v2\/media?parent=18309"}],"wp:term":[{"taxonomy":"category","embeddable":true,"href":"https:\/\/www.lafabbrica.it\/de\/wp-json\/wp\/v2\/categories?post=18309"},{"taxonomy":"post_tag","embeddable":true,"href":"https:\/\/www.lafabbrica.it\/de\/wp-json\/wp\/v2\/tags?post=18309"}],"curies":[{"name":"wp","href":"https:\/\/api.w.org\/{rel}","templated":true}]}}